{"id":4445,"date":"2023-05-02T16:55:34","date_gmt":"2023-05-02T14:55:34","guid":{"rendered":"https:\/\/www.france.no\/?p=4445"},"modified":"2023-05-15T16:47:45","modified_gmt":"2023-05-15T14:47:45","slug":"preview-of-the-film-mother-and-son-by-leonor-serraille","status":"publish","type":"post","link":"https:\/\/www.france.no\/no\/2023\/kultur\/preview-of-the-film-mother-and-son-by-leonor-serraille\/","title":{"rendered":"Preview of the film &laquo;Mother and Son&raquo; by L\u00e9onor Serraille"},"content":{"rendered":"\n<p><strong>The preview of the film <em>Mother and Son<\/em> by French director L\u00e9onor Serraille<\/strong>, organized in partnership with the Norwegian distributor arthaus, will take place <strong>on May 2<sup>nd<\/sup>, 2023 at 6:00 PM at Vika kino in Oslo<\/strong>.<\/p>\n\n\n\n<p>Synopsis: <em>In the late 1980s, Rose moves from the Ivory Coast to Paris with her two young sons. Spanning 20 years from their arrival in France to the present day, the film is the moving chronicle of the construction and deconstruction of a family.<\/em><\/p>\n\n\n\n<p>Facebook event: <a href=\"https:\/\/www.facebook.com\/events\/553095570257413\" target=\"_blank\" rel=\"noreferrer noopener\">https:\/\/www.facebook.com\/events\/553095570257413<\/a> <\/p>\n\n\n\n<p>Ticketing: <a href=\"https:\/\/bit.ly\/3UO9501\" target=\"_blank\" rel=\"noreferrer noopener\">https:\/\/bit.ly\/3UO9501<\/a> (chocolate and refreshments are included in the ticket price)<\/p>\n","protected":false},"excerpt":{"rendered":"<p>The preview of the film Mother and Son by French director L\u00e9onor Serraille, organized in partnership with the Norwegian distributor arthaus, will take place on May 2nd, 2023 at 6:00 PM at Vika kino in Oslo. Synopsis: In the late 1980s, Rose moves from the Ivory Coast to Paris with her two young sons. Spanning [&hellip;]<\/p>\n","protected":false},"author":9,"featured_media":4443,"comment_status":"closed","ping_status":"open","sticky":false,"template":"","format":"standard","meta":{"footnotes":""},"categories":[31,5],"tags":[],"class_list":["post-4445","post","type-post","status-publish","format-standard","has-post-thumbnail","hentry","category-film","category-kultur"],"yoast_head":"<!-- This site is optimized with the Yoast SEO plugin v24.2 - https:\/\/yoast.com\/wordpress\/plugins\/seo\/ -->\n<title>Preview of the film &quot;Mother and Son&quot; by L\u00e9onor Serraille - Institut fran\u00e7ais<\/title>\n<meta name=\"robots\" content=\"index, follow, max-snippet:-1, max-image-preview:large, max-video-preview:-1\" \/>\n<link rel=\"canonical\" href=\"https:\/\/www.france.no\/no\/2023\/kultur\/preview-of-the-film-mother-and-son-by-leonor-serraille\/\" \/>\n<meta property=\"og:locale\" content=\"nb_NO\" \/>\n<meta property=\"og:type\" content=\"article\" \/>\n<meta property=\"og:title\" content=\"Preview of the film &quot;Mother and Son&quot; by L\u00e9onor Serraille - Institut fran\u00e7ais\" \/>\n<meta property=\"og:description\" content=\"The preview of the film Mother and Son by French director L\u00e9onor Serraille, organized in partnership with the Norwegian distributor arthaus, will take place on May 2nd, 2023 at 6:00 PM at Vika kino in Oslo. Synopsis: In the late 1980s, Rose moves from the Ivory Coast to Paris with her two young sons. Spanning [&hellip;]\" \/>\n<meta property=\"og:url\" content=\"https:\/\/www.france.no\/no\/2023\/kultur\/preview-of-the-film-mother-and-son-by-leonor-serraille\/\" \/>\n<meta property=\"og:site_name\" content=\"Institut fran\u00e7ais\" \/>\n<meta property=\"article:publisher\" content=\"https:\/\/www.facebook.com\/institutfrancaisoslo\" \/>\n<meta property=\"article:published_time\" content=\"2023-05-02T14:55:34+00:00\" \/>\n<meta property=\"article:modified_time\" content=\"2023-05-15T14:47:45+00:00\" \/>\n<meta property=\"og:image\" content=\"https:\/\/www.france.no\/wp-content\/uploads\/2023\/05\/Photo_Un-petit-frere-1098x617.jpg\" \/>\n\t<meta property=\"og:image:width\" content=\"1708\" \/>\n\t<meta property=\"og:image:height\" content=\"750\" \/>\n\t<meta property=\"og:image:type\" content=\"image\/jpeg\" \/>\n<meta name=\"author\" content=\"J\u00e9r\u00f4me ANDR\u00c9\" \/>\n<meta name=\"twitter:card\" content=\"summary_large_image\" \/>\n<meta name=\"twitter:creator\" content=\"@ifnorvege\" \/>\n<meta name=\"twitter:site\" content=\"@ifnorvege\" \/>\n<meta name=\"twitter:label1\" content=\"Skrevet av\" \/>\n\t<meta name=\"twitter:data1\" content=\"J\u00e9r\u00f4me ANDR\u00c9\" \/>\n\t<meta name=\"twitter:label2\" content=\"Ansl. lesetid\" \/>\n\t<meta name=\"twitter:data2\" content=\"1 minutt\" \/>\n<script type=\"application\/ld+json\" class=\"yoast-schema-graph\">{\"@context\":\"https:\/\/schema.org\",\"@graph\":[{\"@type\":\"Article\",\"@id\":\"https:\/\/www.france.no\/no\/2023\/kultur\/preview-of-the-film-mother-and-son-by-leonor-serraille\/#article\",\"isPartOf\":{\"@id\":\"https:\/\/www.france.no\/no\/2023\/kultur\/preview-of-the-film-mother-and-son-by-leonor-serraille\/\"},\"author\":{\"name\":\"J\u00e9r\u00f4me ANDR\u00c9\",\"@id\":\"https:\/\/www.france.no\/no\/#\/schema\/person\/f2f0bb750bdf17f16994d30050414406\"},\"headline\":\"Preview of the film &laquo;Mother and Son&raquo; by L\u00e9onor Serraille\",\"datePublished\":\"2023-05-02T14:55:34+00:00\",\"dateModified\":\"2023-05-15T14:47:45+00:00\",\"mainEntityOfPage\":{\"@id\":\"https:\/\/www.france.no\/no\/2023\/kultur\/preview-of-the-film-mother-and-son-by-leonor-serraille\/\"},\"wordCount\":110,\"publisher\":{\"@id\":\"https:\/\/www.france.no\/no\/#organization\"},\"image\":{\"@id\":\"https:\/\/www.france.no\/no\/2023\/kultur\/preview-of-the-film-mother-and-son-by-leonor-serraille\/#primaryimage\"},\"thumbnailUrl\":\"https:\/\/www.france.no\/wp-content\/uploads\/2023\/05\/Photo_Un-petit-frere-1098x617.jpg\",\"articleSection\":[\"Film\",\"Kultur\"],\"inLanguage\":\"nb-NO\"},{\"@type\":\"WebPage\",\"@id\":\"https:\/\/www.france.no\/no\/2023\/kultur\/preview-of-the-film-mother-and-son-by-leonor-serraille\/\",\"url\":\"https:\/\/www.france.no\/no\/2023\/kultur\/preview-of-the-film-mother-and-son-by-leonor-serraille\/\",\"name\":\"Preview of the film \\\"Mother and Son\\\" by L\u00e9onor Serraille - Institut fran\u00e7ais\",\"isPartOf\":{\"@id\":\"https:\/\/www.france.no\/no\/#website\"},\"primaryImageOfPage\":{\"@id\":\"https:\/\/www.france.no\/no\/2023\/kultur\/preview-of-the-film-mother-and-son-by-leonor-serraille\/#primaryimage\"},\"image\":{\"@id\":\"https:\/\/www.france.no\/no\/2023\/kultur\/preview-of-the-film-mother-and-son-by-leonor-serraille\/#primaryimage\"},\"thumbnailUrl\":\"https:\/\/www.france.no\/wp-content\/uploads\/2023\/05\/Photo_Un-petit-frere-1098x617.jpg\",\"datePublished\":\"2023-05-02T14:55:34+00:00\",\"dateModified\":\"2023-05-15T14:47:45+00:00\",\"breadcrumb\":{\"@id\":\"https:\/\/www.france.no\/no\/2023\/kultur\/preview-of-the-film-mother-and-son-by-leonor-serraille\/#breadcrumb\"},\"inLanguage\":\"nb-NO\",\"potentialAction\":[{\"@type\":\"ReadAction\",\"target\":[\"https:\/\/www.france.no\/no\/2023\/kultur\/preview-of-the-film-mother-and-son-by-leonor-serraille\/\"]}]},{\"@type\":\"ImageObject\",\"inLanguage\":\"nb-NO\",\"@id\":\"https:\/\/www.france.no\/no\/2023\/kultur\/preview-of-the-film-mother-and-son-by-leonor-serraille\/#primaryimage\",\"url\":\"https:\/\/www.france.no\/wp-content\/uploads\/2023\/05\/Photo_Un-petit-frere-1098x617.jpg\",\"contentUrl\":\"https:\/\/www.france.no\/wp-content\/uploads\/2023\/05\/Photo_Un-petit-frere-1098x617.jpg\",\"width\":1708,\"height\":750},{\"@type\":\"BreadcrumbList\",\"@id\":\"https:\/\/www.france.no\/no\/2023\/kultur\/preview-of-the-film-mother-and-son-by-leonor-serraille\/#breadcrumb\",\"itemListElement\":[{\"@type\":\"ListItem\",\"position\":1,\"name\":\"\",\"item\":\"https:\/\/www.france.no\/no\/\"},{\"@type\":\"ListItem\",\"position\":2,\"name\":\"Kultur\",\"item\":\"https:\/\/www.france.no\/no\/category\/kultur\/\"},{\"@type\":\"ListItem\",\"position\":3,\"name\":\"Preview of the film \u00ab\u00a0Mother and Son\u00a0\u00bb by L\u00e9onor Serraille\"}]},{\"@type\":\"WebSite\",\"@id\":\"https:\/\/www.france.no\/no\/#website\",\"url\":\"https:\/\/www.france.no\/no\/\",\"name\":\"Institut fran\u00e7ais\",\"description\":\"Norv\u00e8ge\",\"publisher\":{\"@id\":\"https:\/\/www.france.no\/no\/#organization\"},\"potentialAction\":[{\"@type\":\"SearchAction\",\"target\":{\"@type\":\"EntryPoint\",\"urlTemplate\":\"https:\/\/www.france.no\/no\/?s={search_term_string}\"},\"query-input\":{\"@type\":\"PropertyValueSpecification\",\"valueRequired\":true,\"valueName\":\"search_term_string\"}}],\"inLanguage\":\"nb-NO\"},{\"@type\":\"Organization\",\"@id\":\"https:\/\/www.france.no\/no\/#organization\",\"name\":\"Institut fran\u00e7ais\",\"url\":\"https:\/\/www.france.no\/no\/\",\"logo\":{\"@type\":\"ImageObject\",\"inLanguage\":\"nb-NO\",\"@id\":\"https:\/\/www.france.no\/no\/#\/schema\/logo\/image\/\",\"url\":\"https:\/\/www.france.no\/wp-content\/uploads\/2022\/11\/IF_Logo_Sans_Bleu_RVB.png\",\"contentUrl\":\"https:\/\/www.france.no\/wp-content\/uploads\/2022\/11\/IF_Logo_Sans_Bleu_RVB.png\",\"width\":852,\"height\":591,\"caption\":\"Institut fran\u00e7ais\"},\"image\":{\"@id\":\"https:\/\/www.france.no\/no\/#\/schema\/logo\/image\/\"},\"sameAs\":[\"https:\/\/www.facebook.com\/institutfrancaisoslo\",\"https:\/\/x.com\/ifnorvege\",\"https:\/\/instagram.com\/ifnorvege\"]},{\"@type\":\"Person\",\"@id\":\"https:\/\/www.france.no\/no\/#\/schema\/person\/f2f0bb750bdf17f16994d30050414406\",\"name\":\"J\u00e9r\u00f4me ANDR\u00c9\",\"image\":{\"@type\":\"ImageObject\",\"inLanguage\":\"nb-NO\",\"@id\":\"https:\/\/www.france.no\/no\/#\/schema\/person\/image\/\",\"url\":\"https:\/\/secure.gravatar.com\/avatar\/ada66540f8b03061c12e46d80aa587607c5364b2eccc62216d08deaf8efc595d?s=96&d=mm&r=g\",\"contentUrl\":\"https:\/\/secure.gravatar.com\/avatar\/ada66540f8b03061c12e46d80aa587607c5364b2eccc62216d08deaf8efc595d?s=96&d=mm&r=g\",\"caption\":\"J\u00e9r\u00f4me ANDR\u00c9\"},\"url\":\"https:\/\/www.france.no\/no\/author\/jerome\/\"}]}<\/script>\n<!-- \/ Yoast SEO plugin. -->","yoast_head_json":{"title":"Preview of the film \"Mother and Son\" by L\u00e9onor Serraille - Institut fran\u00e7ais","robots":{"index":"index","follow":"follow","max-snippet":"max-snippet:-1","max-image-preview":"max-image-preview:large","max-video-preview":"max-video-preview:-1"},"canonical":"https:\/\/www.france.no\/no\/2023\/kultur\/preview-of-the-film-mother-and-son-by-leonor-serraille\/","og_locale":"nb_NO","og_type":"article","og_title":"Preview of the film \"Mother and Son\" by L\u00e9onor Serraille - Institut fran\u00e7ais","og_description":"The preview of the film Mother and Son by French director L\u00e9onor Serraille, organized in partnership with the Norwegian distributor arthaus, will take place on May 2nd, 2023 at 6:00 PM at Vika kino in Oslo. Synopsis: In the late 1980s, Rose moves from the Ivory Coast to Paris with her two young sons. Spanning [&hellip;]","og_url":"https:\/\/www.france.no\/no\/2023\/kultur\/preview-of-the-film-mother-and-son-by-leonor-serraille\/","og_site_name":"Institut fran\u00e7ais","article_publisher":"https:\/\/www.facebook.com\/institutfrancaisoslo","article_published_time":"2023-05-02T14:55:34+00:00","article_modified_time":"2023-05-15T14:47:45+00:00","og_image":[{"width":1708,"height":750,"url":"https:\/\/www.france.no\/wp-content\/uploads\/2023\/05\/Photo_Un-petit-frere-1098x617.jpg","type":"image\/jpeg"}],"author":"J\u00e9r\u00f4me ANDR\u00c9","twitter_card":"summary_large_image","twitter_creator":"@ifnorvege","twitter_site":"@ifnorvege","twitter_misc":{"Skrevet av":"J\u00e9r\u00f4me ANDR\u00c9","Ansl. lesetid":"1 minutt"},"schema":{"@context":"https:\/\/schema.org","@graph":[{"@type":"Article","@id":"https:\/\/www.france.no\/no\/2023\/kultur\/preview-of-the-film-mother-and-son-by-leonor-serraille\/#article","isPartOf":{"@id":"https:\/\/www.france.no\/no\/2023\/kultur\/preview-of-the-film-mother-and-son-by-leonor-serraille\/"},"author":{"name":"J\u00e9r\u00f4me ANDR\u00c9","@id":"https:\/\/www.france.no\/no\/#\/schema\/person\/f2f0bb750bdf17f16994d30050414406"},"headline":"Preview of the film &laquo;Mother and Son&raquo; by L\u00e9onor Serraille","datePublished":"2023-05-02T14:55:34+00:00","dateModified":"2023-05-15T14:47:45+00:00","mainEntityOfPage":{"@id":"https:\/\/www.france.no\/no\/2023\/kultur\/preview-of-the-film-mother-and-son-by-leonor-serraille\/"},"wordCount":110,"publisher":{"@id":"https:\/\/www.france.no\/no\/#organization"},"image":{"@id":"https:\/\/www.france.no\/no\/2023\/kultur\/preview-of-the-film-mother-and-son-by-leonor-serraille\/#primaryimage"},"thumbnailUrl":"https:\/\/www.france.no\/wp-content\/uploads\/2023\/05\/Photo_Un-petit-frere-1098x617.jpg","articleSection":["Film","Kultur"],"inLanguage":"nb-NO"},{"@type":"WebPage","@id":"https:\/\/www.france.no\/no\/2023\/kultur\/preview-of-the-film-mother-and-son-by-leonor-serraille\/","url":"https:\/\/www.france.no\/no\/2023\/kultur\/preview-of-the-film-mother-and-son-by-leonor-serraille\/","name":"Preview of the film \"Mother and Son\" by L\u00e9onor Serraille - Institut fran\u00e7ais","isPartOf":{"@id":"https:\/\/www.france.no\/no\/#website"},"primaryImageOfPage":{"@id":"https:\/\/www.france.no\/no\/2023\/kultur\/preview-of-the-film-mother-and-son-by-leonor-serraille\/#primaryimage"},"image":{"@id":"https:\/\/www.france.no\/no\/2023\/kultur\/preview-of-the-film-mother-and-son-by-leonor-serraille\/#primaryimage"},"thumbnailUrl":"https:\/\/www.france.no\/wp-content\/uploads\/2023\/05\/Photo_Un-petit-frere-1098x617.jpg","datePublished":"2023-05-02T14:55:34+00:00","dateModified":"2023-05-15T14:47:45+00:00","breadcrumb":{"@id":"https:\/\/www.france.no\/no\/2023\/kultur\/preview-of-the-film-mother-and-son-by-leonor-serraille\/#breadcrumb"},"inLanguage":"nb-NO","potentialAction":[{"@type":"ReadAction","target":["https:\/\/www.france.no\/no\/2023\/kultur\/preview-of-the-film-mother-and-son-by-leonor-serraille\/"]}]},{"@type":"ImageObject","inLanguage":"nb-NO","@id":"https:\/\/www.france.no\/no\/2023\/kultur\/preview-of-the-film-mother-and-son-by-leonor-serraille\/#primaryimage","url":"https:\/\/www.france.no\/wp-content\/uploads\/2023\/05\/Photo_Un-petit-frere-1098x617.jpg","contentUrl":"https:\/\/www.france.no\/wp-content\/uploads\/2023\/05\/Photo_Un-petit-frere-1098x617.jpg","width":1708,"height":750},{"@type":"BreadcrumbList","@id":"https:\/\/www.france.no\/no\/2023\/kultur\/preview-of-the-film-mother-and-son-by-leonor-serraille\/#breadcrumb","itemListElement":[{"@type":"ListItem","position":1,"name":"","item":"https:\/\/www.france.no\/no\/"},{"@type":"ListItem","position":2,"name":"Kultur","item":"https:\/\/www.france.no\/no\/category\/kultur\/"},{"@type":"ListItem","position":3,"name":"Preview of the film \u00ab\u00a0Mother and Son\u00a0\u00bb by L\u00e9onor Serraille"}]},{"@type":"WebSite","@id":"https:\/\/www.france.no\/no\/#website","url":"https:\/\/www.france.no\/no\/","name":"Institut fran\u00e7ais","description":"Norv\u00e8ge","publisher":{"@id":"https:\/\/www.france.no\/no\/#organization"},"potentialAction":[{"@type":"SearchAction","target":{"@type":"EntryPoint","urlTemplate":"https:\/\/www.france.no\/no\/?s={search_term_string}"},"query-input":{"@type":"PropertyValueSpecification","valueRequired":true,"valueName":"search_term_string"}}],"inLanguage":"nb-NO"},{"@type":"Organization","@id":"https:\/\/www.france.no\/no\/#organization","name":"Institut fran\u00e7ais","url":"https:\/\/www.france.no\/no\/","logo":{"@type":"ImageObject","inLanguage":"nb-NO","@id":"https:\/\/www.france.no\/no\/#\/schema\/logo\/image\/","url":"https:\/\/www.france.no\/wp-content\/uploads\/2022\/11\/IF_Logo_Sans_Bleu_RVB.png","contentUrl":"https:\/\/www.france.no\/wp-content\/uploads\/2022\/11\/IF_Logo_Sans_Bleu_RVB.png","width":852,"height":591,"caption":"Institut fran\u00e7ais"},"image":{"@id":"https:\/\/www.france.no\/no\/#\/schema\/logo\/image\/"},"sameAs":["https:\/\/www.facebook.com\/institutfrancaisoslo","https:\/\/x.com\/ifnorvege","https:\/\/instagram.com\/ifnorvege"]},{"@type":"Person","@id":"https:\/\/www.france.no\/no\/#\/schema\/person\/f2f0bb750bdf17f16994d30050414406","name":"J\u00e9r\u00f4me ANDR\u00c9","image":{"@type":"ImageObject","inLanguage":"nb-NO","@id":"https:\/\/www.france.no\/no\/#\/schema\/person\/image\/","url":"https:\/\/secure.gravatar.com\/avatar\/ada66540f8b03061c12e46d80aa587607c5364b2eccc62216d08deaf8efc595d?s=96&d=mm&r=g","contentUrl":"https:\/\/secure.gravatar.com\/avatar\/ada66540f8b03061c12e46d80aa587607c5364b2eccc62216d08deaf8efc595d?s=96&d=mm&r=g","caption":"J\u00e9r\u00f4me ANDR\u00c9"},"url":"https:\/\/www.france.no\/no\/author\/jerome\/"}]}},"_links":{"self":[{"href":"https:\/\/www.france.no\/no\/wp-json\/wp\/v2\/posts\/4445","targetHints":{"allow":["GET"]}}],"collection":[{"href":"https:\/\/www.france.no\/no\/wp-json\/wp\/v2\/posts"}],"about":[{"href":"https:\/\/www.france.no\/no\/wp-json\/wp\/v2\/types\/post"}],"author":[{"embeddable":true,"href":"https:\/\/www.france.no\/no\/wp-json\/wp\/v2\/users\/9"}],"replies":[{"embeddable":true,"href":"https:\/\/www.france.no\/no\/wp-json\/wp\/v2\/comments?post=4445"}],"version-history":[{"count":1,"href":"https:\/\/www.france.no\/no\/wp-json\/wp\/v2\/posts\/4445\/revisions"}],"predecessor-version":[{"id":4446,"href":"https:\/\/www.france.no\/no\/wp-json\/wp\/v2\/posts\/4445\/revisions\/4446"}],"wp:featuredmedia":[{"embeddable":true,"href":"https:\/\/www.france.no\/no\/wp-json\/wp\/v2\/media\/4443"}],"wp:attachment":[{"href":"https:\/\/www.france.no\/no\/wp-json\/wp\/v2\/media?parent=4445"}],"wp:term":[{"taxonomy":"category","embeddable":true,"href":"https:\/\/www.france.no\/no\/wp-json\/wp\/v2\/categories?post=4445"},{"taxonomy":"post_tag","embeddable":true,"href":"https:\/\/www.france.no\/no\/wp-json\/wp\/v2\/tags?post=4445"}],"curies":[{"name":"wp","href":"https:\/\/api.w.org\/{rel}","templated":true}]}}