{"id":4462,"date":"2023-05-05T17:32:24","date_gmt":"2023-05-05T15:32:24","guid":{"rendered":"https:\/\/www.france.no\/?p=4462"},"modified":"2023-05-15T16:48:23","modified_gmt":"2023-05-15T14:48:23","slug":"screening-of-the-animation-film-maronas-fantastic-tale-at-oslo-cinematheque","status":"publish","type":"post","link":"https:\/\/www.france.no\/no\/2023\/kultur\/screening-of-the-animation-film-maronas-fantastic-tale-at-oslo-cinematheque\/","title":{"rendered":"Screening of the animation film &laquo;Marona&#8217;s Fantastic Tale&raquo; at Oslo Cinematheque."},"content":{"rendered":"\n<p><strong>The animation film <em>Marona\u2019s Fantastic Tale<\/em> by director Anca Damian<\/strong> will be screened <strong>on May 7<sup>th<\/sup>, 2023 at 2:00 PM at Oslo Cinematheque<\/strong>.<\/p>\n\n\n\n<p>The film follows Marona, a little black and white dog, who after an accident, remembers her different masters she has known and loved throughout her life. Through her unfailing empathy, her life becomes a lesson of love. A superb fable full of color and graphic inventions.<\/p>\n\n\n\n<p>More information: <a href=\"https:\/\/www.cinemateket.no\/filmer\/maronas-fantastiske-reise\" target=\"_blank\" rel=\"noreferrer noopener\">https:\/\/www.cinemateket.no\/filmer\/maronas-fantastiske-reise<\/a><\/p>\n","protected":false},"excerpt":{"rendered":"<p>The animation film Marona\u2019s Fantastic Tale by director Anca Damian will be screened on May 7th, 2023 at 2:00 PM at Oslo Cinematheque. The film follows Marona, a little black and white dog, who after an accident, remembers her different masters she has known and loved throughout her life. Through her unfailing empathy, her life [&hellip;]<\/p>\n","protected":false},"author":9,"featured_media":4465,"comment_status":"closed","ping_status":"open","sticky":false,"template":"","format":"standard","meta":{"footnotes":""},"categories":[31,5],"tags":[],"class_list":["post-4462","post","type-post","status-publish","format-standard","has-post-thumbnail","hentry","category-film","category-kultur"],"yoast_head":"<!-- This site is optimized with the Yoast SEO plugin v24.2 - https:\/\/yoast.com\/wordpress\/plugins\/seo\/ -->\n<title>Screening of the animation film &quot;Marona&#039;s Fantastic Tale&quot; at Oslo Cinematheque. - Institut fran\u00e7ais<\/title>\n<meta name=\"robots\" content=\"index, follow, max-snippet:-1, max-image-preview:large, max-video-preview:-1\" \/>\n<link rel=\"canonical\" href=\"https:\/\/www.france.no\/no\/2023\/kultur\/screening-of-the-animation-film-maronas-fantastic-tale-at-oslo-cinematheque\/\" \/>\n<meta property=\"og:locale\" content=\"nb_NO\" \/>\n<meta property=\"og:type\" content=\"article\" \/>\n<meta property=\"og:title\" content=\"Screening of the animation film &quot;Marona&#039;s Fantastic Tale&quot; at Oslo Cinematheque. - Institut fran\u00e7ais\" \/>\n<meta property=\"og:description\" content=\"The animation film Marona\u2019s Fantastic Tale by director Anca Damian will be screened on May 7th, 2023 at 2:00 PM at Oslo Cinematheque. The film follows Marona, a little black and white dog, who after an accident, remembers her different masters she has known and loved throughout her life. Through her unfailing empathy, her life [&hellip;]\" \/>\n<meta property=\"og:url\" content=\"https:\/\/www.france.no\/no\/2023\/kultur\/screening-of-the-animation-film-maronas-fantastic-tale-at-oslo-cinematheque\/\" \/>\n<meta property=\"og:site_name\" content=\"Institut fran\u00e7ais\" \/>\n<meta property=\"article:publisher\" content=\"https:\/\/www.facebook.com\/institutfrancaisoslo\" \/>\n<meta property=\"article:published_time\" content=\"2023-05-05T15:32:24+00:00\" \/>\n<meta property=\"article:modified_time\" content=\"2023-05-15T14:48:23+00:00\" \/>\n<meta property=\"og:image\" content=\"https:\/\/www.france.no\/wp-content\/uploads\/2023\/05\/Photo_LExtraordinaire-voyage-de-Marona-1024x554.png\" \/>\n\t<meta property=\"og:image:width\" content=\"1024\" \/>\n\t<meta property=\"og:image:height\" content=\"554\" \/>\n\t<meta property=\"og:image:type\" content=\"image\/png\" \/>\n<meta name=\"author\" content=\"J\u00e9r\u00f4me ANDR\u00c9\" \/>\n<meta name=\"twitter:card\" content=\"summary_large_image\" \/>\n<meta name=\"twitter:creator\" content=\"@ifnorvege\" \/>\n<meta name=\"twitter:site\" content=\"@ifnorvege\" \/>\n<meta name=\"twitter:label1\" content=\"Skrevet av\" \/>\n\t<meta name=\"twitter:data1\" content=\"J\u00e9r\u00f4me ANDR\u00c9\" \/>\n\t<meta name=\"twitter:label2\" content=\"Ansl. lesetid\" \/>\n\t<meta name=\"twitter:data2\" content=\"1 minutt\" \/>\n<script type=\"application\/ld+json\" class=\"yoast-schema-graph\">{\"@context\":\"https:\/\/schema.org\",\"@graph\":[{\"@type\":\"Article\",\"@id\":\"https:\/\/www.france.no\/no\/2023\/kultur\/screening-of-the-animation-film-maronas-fantastic-tale-at-oslo-cinematheque\/#article\",\"isPartOf\":{\"@id\":\"https:\/\/www.france.no\/no\/2023\/kultur\/screening-of-the-animation-film-maronas-fantastic-tale-at-oslo-cinematheque\/\"},\"author\":{\"name\":\"J\u00e9r\u00f4me ANDR\u00c9\",\"@id\":\"https:\/\/www.france.no\/no\/#\/schema\/person\/f2f0bb750bdf17f16994d30050414406\"},\"headline\":\"Screening of the animation film &laquo;Marona&#8217;s Fantastic Tale&raquo; at Oslo Cinematheque.\",\"datePublished\":\"2023-05-05T15:32:24+00:00\",\"dateModified\":\"2023-05-15T14:48:23+00:00\",\"mainEntityOfPage\":{\"@id\":\"https:\/\/www.france.no\/no\/2023\/kultur\/screening-of-the-animation-film-maronas-fantastic-tale-at-oslo-cinematheque\/\"},\"wordCount\":88,\"publisher\":{\"@id\":\"https:\/\/www.france.no\/no\/#organization\"},\"image\":{\"@id\":\"https:\/\/www.france.no\/no\/2023\/kultur\/screening-of-the-animation-film-maronas-fantastic-tale-at-oslo-cinematheque\/#primaryimage\"},\"thumbnailUrl\":\"https:\/\/www.france.no\/wp-content\/uploads\/2023\/05\/Photo_LExtraordinaire-voyage-de-Marona-1098x617.png\",\"articleSection\":[\"Film\",\"Kultur\"],\"inLanguage\":\"nb-NO\"},{\"@type\":\"WebPage\",\"@id\":\"https:\/\/www.france.no\/no\/2023\/kultur\/screening-of-the-animation-film-maronas-fantastic-tale-at-oslo-cinematheque\/\",\"url\":\"https:\/\/www.france.no\/no\/2023\/kultur\/screening-of-the-animation-film-maronas-fantastic-tale-at-oslo-cinematheque\/\",\"name\":\"Screening of the animation film \\\"Marona's Fantastic Tale\\\" at Oslo Cinematheque. - Institut fran\u00e7ais\",\"isPartOf\":{\"@id\":\"https:\/\/www.france.no\/no\/#website\"},\"primaryImageOfPage\":{\"@id\":\"https:\/\/www.france.no\/no\/2023\/kultur\/screening-of-the-animation-film-maronas-fantastic-tale-at-oslo-cinematheque\/#primaryimage\"},\"image\":{\"@id\":\"https:\/\/www.france.no\/no\/2023\/kultur\/screening-of-the-animation-film-maronas-fantastic-tale-at-oslo-cinematheque\/#primaryimage\"},\"thumbnailUrl\":\"https:\/\/www.france.no\/wp-content\/uploads\/2023\/05\/Photo_LExtraordinaire-voyage-de-Marona-1098x617.png\",\"datePublished\":\"2023-05-05T15:32:24+00:00\",\"dateModified\":\"2023-05-15T14:48:23+00:00\",\"breadcrumb\":{\"@id\":\"https:\/\/www.france.no\/no\/2023\/kultur\/screening-of-the-animation-film-maronas-fantastic-tale-at-oslo-cinematheque\/#breadcrumb\"},\"inLanguage\":\"nb-NO\",\"potentialAction\":[{\"@type\":\"ReadAction\",\"target\":[\"https:\/\/www.france.no\/no\/2023\/kultur\/screening-of-the-animation-film-maronas-fantastic-tale-at-oslo-cinematheque\/\"]}]},{\"@type\":\"ImageObject\",\"inLanguage\":\"nb-NO\",\"@id\":\"https:\/\/www.france.no\/no\/2023\/kultur\/screening-of-the-animation-film-maronas-fantastic-tale-at-oslo-cinematheque\/#primaryimage\",\"url\":\"https:\/\/www.france.no\/wp-content\/uploads\/2023\/05\/Photo_LExtraordinaire-voyage-de-Marona-1098x617.png\",\"contentUrl\":\"https:\/\/www.france.no\/wp-content\/uploads\/2023\/05\/Photo_LExtraordinaire-voyage-de-Marona-1098x617.png\",\"width\":1920,\"height\":1038},{\"@type\":\"BreadcrumbList\",\"@id\":\"https:\/\/www.france.no\/no\/2023\/kultur\/screening-of-the-animation-film-maronas-fantastic-tale-at-oslo-cinematheque\/#breadcrumb\",\"itemListElement\":[{\"@type\":\"ListItem\",\"position\":1,\"name\":\"\",\"item\":\"https:\/\/www.france.no\/no\/\"},{\"@type\":\"ListItem\",\"position\":2,\"name\":\"Kultur\",\"item\":\"https:\/\/www.france.no\/no\/category\/kultur\/\"},{\"@type\":\"ListItem\",\"position\":3,\"name\":\"Screening of the animation film \u00ab\u00a0Marona&rsquo;s Fantastic Tale\u00a0\u00bb at Oslo Cinematheque.\"}]},{\"@type\":\"WebSite\",\"@id\":\"https:\/\/www.france.no\/no\/#website\",\"url\":\"https:\/\/www.france.no\/no\/\",\"name\":\"Institut fran\u00e7ais\",\"description\":\"Norv\u00e8ge\",\"publisher\":{\"@id\":\"https:\/\/www.france.no\/no\/#organization\"},\"potentialAction\":[{\"@type\":\"SearchAction\",\"target\":{\"@type\":\"EntryPoint\",\"urlTemplate\":\"https:\/\/www.france.no\/no\/?s={search_term_string}\"},\"query-input\":{\"@type\":\"PropertyValueSpecification\",\"valueRequired\":true,\"valueName\":\"search_term_string\"}}],\"inLanguage\":\"nb-NO\"},{\"@type\":\"Organization\",\"@id\":\"https:\/\/www.france.no\/no\/#organization\",\"name\":\"Institut fran\u00e7ais\",\"url\":\"https:\/\/www.france.no\/no\/\",\"logo\":{\"@type\":\"ImageObject\",\"inLanguage\":\"nb-NO\",\"@id\":\"https:\/\/www.france.no\/no\/#\/schema\/logo\/image\/\",\"url\":\"https:\/\/www.france.no\/wp-content\/uploads\/2022\/11\/IF_Logo_Sans_Bleu_RVB.png\",\"contentUrl\":\"https:\/\/www.france.no\/wp-content\/uploads\/2022\/11\/IF_Logo_Sans_Bleu_RVB.png\",\"width\":852,\"height\":591,\"caption\":\"Institut fran\u00e7ais\"},\"image\":{\"@id\":\"https:\/\/www.france.no\/no\/#\/schema\/logo\/image\/\"},\"sameAs\":[\"https:\/\/www.facebook.com\/institutfrancaisoslo\",\"https:\/\/x.com\/ifnorvege\",\"https:\/\/instagram.com\/ifnorvege\"]},{\"@type\":\"Person\",\"@id\":\"https:\/\/www.france.no\/no\/#\/schema\/person\/f2f0bb750bdf17f16994d30050414406\",\"name\":\"J\u00e9r\u00f4me ANDR\u00c9\",\"image\":{\"@type\":\"ImageObject\",\"inLanguage\":\"nb-NO\",\"@id\":\"https:\/\/www.france.no\/no\/#\/schema\/person\/image\/\",\"url\":\"https:\/\/secure.gravatar.com\/avatar\/ada66540f8b03061c12e46d80aa587607c5364b2eccc62216d08deaf8efc595d?s=96&d=mm&r=g\",\"contentUrl\":\"https:\/\/secure.gravatar.com\/avatar\/ada66540f8b03061c12e46d80aa587607c5364b2eccc62216d08deaf8efc595d?s=96&d=mm&r=g\",\"caption\":\"J\u00e9r\u00f4me ANDR\u00c9\"},\"url\":\"https:\/\/www.france.no\/no\/author\/jerome\/\"}]}<\/script>\n<!-- \/ Yoast SEO plugin. -->","yoast_head_json":{"title":"Screening of the animation film \"Marona's Fantastic Tale\" at Oslo Cinematheque. - Institut fran\u00e7ais","robots":{"index":"index","follow":"follow","max-snippet":"max-snippet:-1","max-image-preview":"max-image-preview:large","max-video-preview":"max-video-preview:-1"},"canonical":"https:\/\/www.france.no\/no\/2023\/kultur\/screening-of-the-animation-film-maronas-fantastic-tale-at-oslo-cinematheque\/","og_locale":"nb_NO","og_type":"article","og_title":"Screening of the animation film \"Marona's Fantastic Tale\" at Oslo Cinematheque. - Institut fran\u00e7ais","og_description":"The animation film Marona\u2019s Fantastic Tale by director Anca Damian will be screened on May 7th, 2023 at 2:00 PM at Oslo Cinematheque. The film follows Marona, a little black and white dog, who after an accident, remembers her different masters she has known and loved throughout her life. Through her unfailing empathy, her life [&hellip;]","og_url":"https:\/\/www.france.no\/no\/2023\/kultur\/screening-of-the-animation-film-maronas-fantastic-tale-at-oslo-cinematheque\/","og_site_name":"Institut fran\u00e7ais","article_publisher":"https:\/\/www.facebook.com\/institutfrancaisoslo","article_published_time":"2023-05-05T15:32:24+00:00","article_modified_time":"2023-05-15T14:48:23+00:00","og_image":[{"width":1024,"height":554,"url":"https:\/\/www.france.no\/wp-content\/uploads\/2023\/05\/Photo_LExtraordinaire-voyage-de-Marona-1024x554.png","type":"image\/png"}],"author":"J\u00e9r\u00f4me ANDR\u00c9","twitter_card":"summary_large_image","twitter_creator":"@ifnorvege","twitter_site":"@ifnorvege","twitter_misc":{"Skrevet av":"J\u00e9r\u00f4me ANDR\u00c9","Ansl. lesetid":"1 minutt"},"schema":{"@context":"https:\/\/schema.org","@graph":[{"@type":"Article","@id":"https:\/\/www.france.no\/no\/2023\/kultur\/screening-of-the-animation-film-maronas-fantastic-tale-at-oslo-cinematheque\/#article","isPartOf":{"@id":"https:\/\/www.france.no\/no\/2023\/kultur\/screening-of-the-animation-film-maronas-fantastic-tale-at-oslo-cinematheque\/"},"author":{"name":"J\u00e9r\u00f4me ANDR\u00c9","@id":"https:\/\/www.france.no\/no\/#\/schema\/person\/f2f0bb750bdf17f16994d30050414406"},"headline":"Screening of the animation film &laquo;Marona&#8217;s Fantastic Tale&raquo; at Oslo Cinematheque.","datePublished":"2023-05-05T15:32:24+00:00","dateModified":"2023-05-15T14:48:23+00:00","mainEntityOfPage":{"@id":"https:\/\/www.france.no\/no\/2023\/kultur\/screening-of-the-animation-film-maronas-fantastic-tale-at-oslo-cinematheque\/"},"wordCount":88,"publisher":{"@id":"https:\/\/www.france.no\/no\/#organization"},"image":{"@id":"https:\/\/www.france.no\/no\/2023\/kultur\/screening-of-the-animation-film-maronas-fantastic-tale-at-oslo-cinematheque\/#primaryimage"},"thumbnailUrl":"https:\/\/www.france.no\/wp-content\/uploads\/2023\/05\/Photo_LExtraordinaire-voyage-de-Marona-1098x617.png","articleSection":["Film","Kultur"],"inLanguage":"nb-NO"},{"@type":"WebPage","@id":"https:\/\/www.france.no\/no\/2023\/kultur\/screening-of-the-animation-film-maronas-fantastic-tale-at-oslo-cinematheque\/","url":"https:\/\/www.france.no\/no\/2023\/kultur\/screening-of-the-animation-film-maronas-fantastic-tale-at-oslo-cinematheque\/","name":"Screening of the animation film \"Marona's Fantastic Tale\" at Oslo Cinematheque. - Institut fran\u00e7ais","isPartOf":{"@id":"https:\/\/www.france.no\/no\/#website"},"primaryImageOfPage":{"@id":"https:\/\/www.france.no\/no\/2023\/kultur\/screening-of-the-animation-film-maronas-fantastic-tale-at-oslo-cinematheque\/#primaryimage"},"image":{"@id":"https:\/\/www.france.no\/no\/2023\/kultur\/screening-of-the-animation-film-maronas-fantastic-tale-at-oslo-cinematheque\/#primaryimage"},"thumbnailUrl":"https:\/\/www.france.no\/wp-content\/uploads\/2023\/05\/Photo_LExtraordinaire-voyage-de-Marona-1098x617.png","datePublished":"2023-05-05T15:32:24+00:00","dateModified":"2023-05-15T14:48:23+00:00","breadcrumb":{"@id":"https:\/\/www.france.no\/no\/2023\/kultur\/screening-of-the-animation-film-maronas-fantastic-tale-at-oslo-cinematheque\/#breadcrumb"},"inLanguage":"nb-NO","potentialAction":[{"@type":"ReadAction","target":["https:\/\/www.france.no\/no\/2023\/kultur\/screening-of-the-animation-film-maronas-fantastic-tale-at-oslo-cinematheque\/"]}]},{"@type":"ImageObject","inLanguage":"nb-NO","@id":"https:\/\/www.france.no\/no\/2023\/kultur\/screening-of-the-animation-film-maronas-fantastic-tale-at-oslo-cinematheque\/#primaryimage","url":"https:\/\/www.france.no\/wp-content\/uploads\/2023\/05\/Photo_LExtraordinaire-voyage-de-Marona-1098x617.png","contentUrl":"https:\/\/www.france.no\/wp-content\/uploads\/2023\/05\/Photo_LExtraordinaire-voyage-de-Marona-1098x617.png","width":1920,"height":1038},{"@type":"BreadcrumbList","@id":"https:\/\/www.france.no\/no\/2023\/kultur\/screening-of-the-animation-film-maronas-fantastic-tale-at-oslo-cinematheque\/#breadcrumb","itemListElement":[{"@type":"ListItem","position":1,"name":"","item":"https:\/\/www.france.no\/no\/"},{"@type":"ListItem","position":2,"name":"Kultur","item":"https:\/\/www.france.no\/no\/category\/kultur\/"},{"@type":"ListItem","position":3,"name":"Screening of the animation film \u00ab\u00a0Marona&rsquo;s Fantastic Tale\u00a0\u00bb at Oslo Cinematheque."}]},{"@type":"WebSite","@id":"https:\/\/www.france.no\/no\/#website","url":"https:\/\/www.france.no\/no\/","name":"Institut fran\u00e7ais","description":"Norv\u00e8ge","publisher":{"@id":"https:\/\/www.france.no\/no\/#organization"},"potentialAction":[{"@type":"SearchAction","target":{"@type":"EntryPoint","urlTemplate":"https:\/\/www.france.no\/no\/?s={search_term_string}"},"query-input":{"@type":"PropertyValueSpecification","valueRequired":true,"valueName":"search_term_string"}}],"inLanguage":"nb-NO"},{"@type":"Organization","@id":"https:\/\/www.france.no\/no\/#organization","name":"Institut fran\u00e7ais","url":"https:\/\/www.france.no\/no\/","logo":{"@type":"ImageObject","inLanguage":"nb-NO","@id":"https:\/\/www.france.no\/no\/#\/schema\/logo\/image\/","url":"https:\/\/www.france.no\/wp-content\/uploads\/2022\/11\/IF_Logo_Sans_Bleu_RVB.png","contentUrl":"https:\/\/www.france.no\/wp-content\/uploads\/2022\/11\/IF_Logo_Sans_Bleu_RVB.png","width":852,"height":591,"caption":"Institut fran\u00e7ais"},"image":{"@id":"https:\/\/www.france.no\/no\/#\/schema\/logo\/image\/"},"sameAs":["https:\/\/www.facebook.com\/institutfrancaisoslo","https:\/\/x.com\/ifnorvege","https:\/\/instagram.com\/ifnorvege"]},{"@type":"Person","@id":"https:\/\/www.france.no\/no\/#\/schema\/person\/f2f0bb750bdf17f16994d30050414406","name":"J\u00e9r\u00f4me ANDR\u00c9","image":{"@type":"ImageObject","inLanguage":"nb-NO","@id":"https:\/\/www.france.no\/no\/#\/schema\/person\/image\/","url":"https:\/\/secure.gravatar.com\/avatar\/ada66540f8b03061c12e46d80aa587607c5364b2eccc62216d08deaf8efc595d?s=96&d=mm&r=g","contentUrl":"https:\/\/secure.gravatar.com\/avatar\/ada66540f8b03061c12e46d80aa587607c5364b2eccc62216d08deaf8efc595d?s=96&d=mm&r=g","caption":"J\u00e9r\u00f4me ANDR\u00c9"},"url":"https:\/\/www.france.no\/no\/author\/jerome\/"}]}},"_links":{"self":[{"href":"https:\/\/www.france.no\/no\/wp-json\/wp\/v2\/posts\/4462","targetHints":{"allow":["GET"]}}],"collection":[{"href":"https:\/\/www.france.no\/no\/wp-json\/wp\/v2\/posts"}],"about":[{"href":"https:\/\/www.france.no\/no\/wp-json\/wp\/v2\/types\/post"}],"author":[{"embeddable":true,"href":"https:\/\/www.france.no\/no\/wp-json\/wp\/v2\/users\/9"}],"replies":[{"embeddable":true,"href":"https:\/\/www.france.no\/no\/wp-json\/wp\/v2\/comments?post=4462"}],"version-history":[{"count":2,"href":"https:\/\/www.france.no\/no\/wp-json\/wp\/v2\/posts\/4462\/revisions"}],"predecessor-version":[{"id":4467,"href":"https:\/\/www.france.no\/no\/wp-json\/wp\/v2\/posts\/4462\/revisions\/4467"}],"wp:featuredmedia":[{"embeddable":true,"href":"https:\/\/www.france.no\/no\/wp-json\/wp\/v2\/media\/4465"}],"wp:attachment":[{"href":"https:\/\/www.france.no\/no\/wp-json\/wp\/v2\/media?parent=4462"}],"wp:term":[{"taxonomy":"category","embeddable":true,"href":"https:\/\/www.france.no\/no\/wp-json\/wp\/v2\/categories?post=4462"},{"taxonomy":"post_tag","embeddable":true,"href":"https:\/\/www.france.no\/no\/wp-json\/wp\/v2\/tags?post=4462"}],"curies":[{"name":"wp","href":"https:\/\/api.w.org\/{rel}","templated":true}]}}