{"id":4879,"date":"2023-07-21T10:11:42","date_gmt":"2023-07-21T08:11:42","guid":{"rendered":"https:\/\/www.france.no\/?p=4879"},"modified":"2023-08-18T10:27:15","modified_gmt":"2023-08-18T08:27:15","slug":"kmfest-festival-2","status":"publish","type":"post","link":"https:\/\/www.france.no\/no\/2023\/kultur\/kmfest-festival-2\/","title":{"rendered":"K&amp;Mfest Festival"},"content":{"rendered":"\n<p>The 2023 edition of <strong>Kunst og Musikk (K&amp;Mfest)<\/strong> music festival will take place <strong>from July 28<sup>th<\/sup> to August 3<sup>rd<\/sup><\/strong> in Stavanger.<\/p>\n\n\n\n<p>This week-long festival brings together chamber music artists from all over the world. Closely linked to the Norwegian Youth Chamber Music Festival (NYCMF), K&amp;Mfest showcases musicians and artists in various venues in Stavanger (concert halls, churches, schools, etc.).<\/p>\n\n\n\n<p>French artists <strong>Hortense Fourrier<\/strong> (violist) and <strong>Philippe Graffin<\/strong> (violinist) will be taking part in this year\u2019s festival!<\/p>\n\n\n\n<p>More information: <a href=\"https:\/\/www.stavangerkmfestival.com\/festival-concerts-2\" target=\"_blank\" rel=\"noreferrer noopener\">https:\/\/www.stavangerkmfestival.com\/festival-concerts-2<\/a><\/p>\n","protected":false},"excerpt":{"rendered":"<p>The 2023 edition of Kunst og Musikk (K&amp;Mfest) music festival will take place from July 28th to August 3rd in Stavanger. This week-long festival brings together chamber music artists from all over the world. Closely linked to the Norwegian Youth Chamber Music Festival (NYCMF), K&amp;Mfest showcases musicians and artists in various venues in Stavanger (concert [&hellip;]<\/p>\n","protected":false},"author":9,"featured_media":4874,"comment_status":"closed","ping_status":"open","sticky":false,"template":"","format":"standard","meta":{"footnotes":""},"categories":[5,21],"tags":[],"class_list":["post-4879","post","type-post","status-publish","format-standard","has-post-thumbnail","hentry","category-kultur","category-musikk"],"yoast_head":"<!-- This site is optimized with the Yoast SEO plugin v24.2 - https:\/\/yoast.com\/wordpress\/plugins\/seo\/ -->\n<title>K&amp;Mfest Festival - Institut fran\u00e7ais<\/title>\n<meta name=\"robots\" content=\"index, follow, max-snippet:-1, max-image-preview:large, max-video-preview:-1\" \/>\n<link rel=\"canonical\" href=\"https:\/\/www.france.no\/no\/2023\/kultur\/kmfest-festival-2\/\" \/>\n<meta property=\"og:locale\" content=\"nb_NO\" \/>\n<meta property=\"og:type\" content=\"article\" \/>\n<meta property=\"og:title\" content=\"K&amp;Mfest Festival - Institut fran\u00e7ais\" \/>\n<meta property=\"og:description\" content=\"The 2023 edition of Kunst og Musikk (K&amp;Mfest) music festival will take place from July 28th to August 3rd in Stavanger. This week-long festival brings together chamber music artists from all over the world. Closely linked to the Norwegian Youth Chamber Music Festival (NYCMF), K&amp;Mfest showcases musicians and artists in various venues in Stavanger (concert [&hellip;]\" \/>\n<meta property=\"og:url\" content=\"https:\/\/www.france.no\/no\/2023\/kultur\/kmfest-festival-2\/\" \/>\n<meta property=\"og:site_name\" content=\"Institut fran\u00e7ais\" \/>\n<meta property=\"article:publisher\" content=\"https:\/\/www.facebook.com\/institutfrancaisoslo\" \/>\n<meta property=\"article:published_time\" content=\"2023-07-21T08:11:42+00:00\" \/>\n<meta property=\"article:modified_time\" content=\"2023-08-18T08:27:15+00:00\" \/>\n<meta property=\"og:image\" content=\"https:\/\/www.france.no\/wp-content\/uploads\/2023\/07\/Photo_KMfest-1098x617.jpeg\" \/>\n\t<meta property=\"og:image:width\" content=\"1600\" \/>\n\t<meta property=\"og:image:height\" content=\"901\" \/>\n\t<meta property=\"og:image:type\" content=\"image\/jpeg\" \/>\n<meta name=\"author\" content=\"J\u00e9r\u00f4me ANDR\u00c9\" \/>\n<meta name=\"twitter:card\" content=\"summary_large_image\" \/>\n<meta name=\"twitter:creator\" content=\"@ifnorvege\" \/>\n<meta name=\"twitter:site\" content=\"@ifnorvege\" \/>\n<meta name=\"twitter:label1\" content=\"Skrevet av\" \/>\n\t<meta name=\"twitter:data1\" content=\"J\u00e9r\u00f4me ANDR\u00c9\" \/>\n\t<meta name=\"twitter:label2\" content=\"Ansl. lesetid\" \/>\n\t<meta name=\"twitter:data2\" content=\"1 minutt\" \/>\n<script type=\"application\/ld+json\" class=\"yoast-schema-graph\">{\"@context\":\"https:\/\/schema.org\",\"@graph\":[{\"@type\":\"Article\",\"@id\":\"https:\/\/www.france.no\/no\/2023\/kultur\/kmfest-festival-2\/#article\",\"isPartOf\":{\"@id\":\"https:\/\/www.france.no\/no\/2023\/kultur\/kmfest-festival-2\/\"},\"author\":{\"name\":\"J\u00e9r\u00f4me ANDR\u00c9\",\"@id\":\"https:\/\/www.france.no\/no\/#\/schema\/person\/f2f0bb750bdf17f16994d30050414406\"},\"headline\":\"K&amp;Mfest Festival\",\"datePublished\":\"2023-07-21T08:11:42+00:00\",\"dateModified\":\"2023-08-18T08:27:15+00:00\",\"mainEntityOfPage\":{\"@id\":\"https:\/\/www.france.no\/no\/2023\/kultur\/kmfest-festival-2\/\"},\"wordCount\":91,\"publisher\":{\"@id\":\"https:\/\/www.france.no\/no\/#organization\"},\"image\":{\"@id\":\"https:\/\/www.france.no\/no\/2023\/kultur\/kmfest-festival-2\/#primaryimage\"},\"thumbnailUrl\":\"https:\/\/www.france.no\/wp-content\/uploads\/2023\/07\/Photo_KMfest-1098x617.jpeg\",\"articleSection\":[\"Kultur\",\"Musikk\"],\"inLanguage\":\"nb-NO\"},{\"@type\":\"WebPage\",\"@id\":\"https:\/\/www.france.no\/no\/2023\/kultur\/kmfest-festival-2\/\",\"url\":\"https:\/\/www.france.no\/no\/2023\/kultur\/kmfest-festival-2\/\",\"name\":\"K&amp;Mfest Festival - Institut fran\u00e7ais\",\"isPartOf\":{\"@id\":\"https:\/\/www.france.no\/no\/#website\"},\"primaryImageOfPage\":{\"@id\":\"https:\/\/www.france.no\/no\/2023\/kultur\/kmfest-festival-2\/#primaryimage\"},\"image\":{\"@id\":\"https:\/\/www.france.no\/no\/2023\/kultur\/kmfest-festival-2\/#primaryimage\"},\"thumbnailUrl\":\"https:\/\/www.france.no\/wp-content\/uploads\/2023\/07\/Photo_KMfest-1098x617.jpeg\",\"datePublished\":\"2023-07-21T08:11:42+00:00\",\"dateModified\":\"2023-08-18T08:27:15+00:00\",\"breadcrumb\":{\"@id\":\"https:\/\/www.france.no\/no\/2023\/kultur\/kmfest-festival-2\/#breadcrumb\"},\"inLanguage\":\"nb-NO\",\"potentialAction\":[{\"@type\":\"ReadAction\",\"target\":[\"https:\/\/www.france.no\/no\/2023\/kultur\/kmfest-festival-2\/\"]}]},{\"@type\":\"ImageObject\",\"inLanguage\":\"nb-NO\",\"@id\":\"https:\/\/www.france.no\/no\/2023\/kultur\/kmfest-festival-2\/#primaryimage\",\"url\":\"https:\/\/www.france.no\/wp-content\/uploads\/2023\/07\/Photo_KMfest-1098x617.jpeg\",\"contentUrl\":\"https:\/\/www.france.no\/wp-content\/uploads\/2023\/07\/Photo_KMfest-1098x617.jpeg\",\"width\":1600,\"height\":901},{\"@type\":\"BreadcrumbList\",\"@id\":\"https:\/\/www.france.no\/no\/2023\/kultur\/kmfest-festival-2\/#breadcrumb\",\"itemListElement\":[{\"@type\":\"ListItem\",\"position\":1,\"name\":\"\",\"item\":\"https:\/\/www.france.no\/no\/\"},{\"@type\":\"ListItem\",\"position\":2,\"name\":\"Kultur\",\"item\":\"https:\/\/www.france.no\/no\/category\/kultur\/\"},{\"@type\":\"ListItem\",\"position\":3,\"name\":\"K&amp;Mfest Festival\"}]},{\"@type\":\"WebSite\",\"@id\":\"https:\/\/www.france.no\/no\/#website\",\"url\":\"https:\/\/www.france.no\/no\/\",\"name\":\"Institut fran\u00e7ais\",\"description\":\"Norv\u00e8ge\",\"publisher\":{\"@id\":\"https:\/\/www.france.no\/no\/#organization\"},\"potentialAction\":[{\"@type\":\"SearchAction\",\"target\":{\"@type\":\"EntryPoint\",\"urlTemplate\":\"https:\/\/www.france.no\/no\/?s={search_term_string}\"},\"query-input\":{\"@type\":\"PropertyValueSpecification\",\"valueRequired\":true,\"valueName\":\"search_term_string\"}}],\"inLanguage\":\"nb-NO\"},{\"@type\":\"Organization\",\"@id\":\"https:\/\/www.france.no\/no\/#organization\",\"name\":\"Institut fran\u00e7ais\",\"url\":\"https:\/\/www.france.no\/no\/\",\"logo\":{\"@type\":\"ImageObject\",\"inLanguage\":\"nb-NO\",\"@id\":\"https:\/\/www.france.no\/no\/#\/schema\/logo\/image\/\",\"url\":\"https:\/\/www.france.no\/wp-content\/uploads\/2022\/11\/IF_Logo_Sans_Bleu_RVB.png\",\"contentUrl\":\"https:\/\/www.france.no\/wp-content\/uploads\/2022\/11\/IF_Logo_Sans_Bleu_RVB.png\",\"width\":852,\"height\":591,\"caption\":\"Institut fran\u00e7ais\"},\"image\":{\"@id\":\"https:\/\/www.france.no\/no\/#\/schema\/logo\/image\/\"},\"sameAs\":[\"https:\/\/www.facebook.com\/institutfrancaisoslo\",\"https:\/\/x.com\/ifnorvege\",\"https:\/\/instagram.com\/ifnorvege\"]},{\"@type\":\"Person\",\"@id\":\"https:\/\/www.france.no\/no\/#\/schema\/person\/f2f0bb750bdf17f16994d30050414406\",\"name\":\"J\u00e9r\u00f4me ANDR\u00c9\",\"image\":{\"@type\":\"ImageObject\",\"inLanguage\":\"nb-NO\",\"@id\":\"https:\/\/www.france.no\/no\/#\/schema\/person\/image\/\",\"url\":\"https:\/\/secure.gravatar.com\/avatar\/9bfcfc7aec6dcac0b13fa9fe38496189?s=96&d=mm&r=g\",\"contentUrl\":\"https:\/\/secure.gravatar.com\/avatar\/9bfcfc7aec6dcac0b13fa9fe38496189?s=96&d=mm&r=g\",\"caption\":\"J\u00e9r\u00f4me ANDR\u00c9\"},\"url\":\"https:\/\/www.france.no\/no\/author\/jerome\/\"}]}<\/script>\n<!-- \/ Yoast SEO plugin. -->","yoast_head_json":{"title":"K&amp;Mfest Festival - Institut fran\u00e7ais","robots":{"index":"index","follow":"follow","max-snippet":"max-snippet:-1","max-image-preview":"max-image-preview:large","max-video-preview":"max-video-preview:-1"},"canonical":"https:\/\/www.france.no\/no\/2023\/kultur\/kmfest-festival-2\/","og_locale":"nb_NO","og_type":"article","og_title":"K&amp;Mfest Festival - Institut fran\u00e7ais","og_description":"The 2023 edition of Kunst og Musikk (K&amp;Mfest) music festival will take place from July 28th to August 3rd in Stavanger. This week-long festival brings together chamber music artists from all over the world. Closely linked to the Norwegian Youth Chamber Music Festival (NYCMF), K&amp;Mfest showcases musicians and artists in various venues in Stavanger (concert [&hellip;]","og_url":"https:\/\/www.france.no\/no\/2023\/kultur\/kmfest-festival-2\/","og_site_name":"Institut fran\u00e7ais","article_publisher":"https:\/\/www.facebook.com\/institutfrancaisoslo","article_published_time":"2023-07-21T08:11:42+00:00","article_modified_time":"2023-08-18T08:27:15+00:00","og_image":[{"width":1600,"height":901,"url":"https:\/\/www.france.no\/wp-content\/uploads\/2023\/07\/Photo_KMfest-1098x617.jpeg","type":"image\/jpeg"}],"author":"J\u00e9r\u00f4me ANDR\u00c9","twitter_card":"summary_large_image","twitter_creator":"@ifnorvege","twitter_site":"@ifnorvege","twitter_misc":{"Skrevet av":"J\u00e9r\u00f4me ANDR\u00c9","Ansl. lesetid":"1 minutt"},"schema":{"@context":"https:\/\/schema.org","@graph":[{"@type":"Article","@id":"https:\/\/www.france.no\/no\/2023\/kultur\/kmfest-festival-2\/#article","isPartOf":{"@id":"https:\/\/www.france.no\/no\/2023\/kultur\/kmfest-festival-2\/"},"author":{"name":"J\u00e9r\u00f4me ANDR\u00c9","@id":"https:\/\/www.france.no\/no\/#\/schema\/person\/f2f0bb750bdf17f16994d30050414406"},"headline":"K&amp;Mfest Festival","datePublished":"2023-07-21T08:11:42+00:00","dateModified":"2023-08-18T08:27:15+00:00","mainEntityOfPage":{"@id":"https:\/\/www.france.no\/no\/2023\/kultur\/kmfest-festival-2\/"},"wordCount":91,"publisher":{"@id":"https:\/\/www.france.no\/no\/#organization"},"image":{"@id":"https:\/\/www.france.no\/no\/2023\/kultur\/kmfest-festival-2\/#primaryimage"},"thumbnailUrl":"https:\/\/www.france.no\/wp-content\/uploads\/2023\/07\/Photo_KMfest-1098x617.jpeg","articleSection":["Kultur","Musikk"],"inLanguage":"nb-NO"},{"@type":"WebPage","@id":"https:\/\/www.france.no\/no\/2023\/kultur\/kmfest-festival-2\/","url":"https:\/\/www.france.no\/no\/2023\/kultur\/kmfest-festival-2\/","name":"K&amp;Mfest Festival - Institut fran\u00e7ais","isPartOf":{"@id":"https:\/\/www.france.no\/no\/#website"},"primaryImageOfPage":{"@id":"https:\/\/www.france.no\/no\/2023\/kultur\/kmfest-festival-2\/#primaryimage"},"image":{"@id":"https:\/\/www.france.no\/no\/2023\/kultur\/kmfest-festival-2\/#primaryimage"},"thumbnailUrl":"https:\/\/www.france.no\/wp-content\/uploads\/2023\/07\/Photo_KMfest-1098x617.jpeg","datePublished":"2023-07-21T08:11:42+00:00","dateModified":"2023-08-18T08:27:15+00:00","breadcrumb":{"@id":"https:\/\/www.france.no\/no\/2023\/kultur\/kmfest-festival-2\/#breadcrumb"},"inLanguage":"nb-NO","potentialAction":[{"@type":"ReadAction","target":["https:\/\/www.france.no\/no\/2023\/kultur\/kmfest-festival-2\/"]}]},{"@type":"ImageObject","inLanguage":"nb-NO","@id":"https:\/\/www.france.no\/no\/2023\/kultur\/kmfest-festival-2\/#primaryimage","url":"https:\/\/www.france.no\/wp-content\/uploads\/2023\/07\/Photo_KMfest-1098x617.jpeg","contentUrl":"https:\/\/www.france.no\/wp-content\/uploads\/2023\/07\/Photo_KMfest-1098x617.jpeg","width":1600,"height":901},{"@type":"BreadcrumbList","@id":"https:\/\/www.france.no\/no\/2023\/kultur\/kmfest-festival-2\/#breadcrumb","itemListElement":[{"@type":"ListItem","position":1,"name":"","item":"https:\/\/www.france.no\/no\/"},{"@type":"ListItem","position":2,"name":"Kultur","item":"https:\/\/www.france.no\/no\/category\/kultur\/"},{"@type":"ListItem","position":3,"name":"K&amp;Mfest Festival"}]},{"@type":"WebSite","@id":"https:\/\/www.france.no\/no\/#website","url":"https:\/\/www.france.no\/no\/","name":"Institut fran\u00e7ais","description":"Norv\u00e8ge","publisher":{"@id":"https:\/\/www.france.no\/no\/#organization"},"potentialAction":[{"@type":"SearchAction","target":{"@type":"EntryPoint","urlTemplate":"https:\/\/www.france.no\/no\/?s={search_term_string}"},"query-input":{"@type":"PropertyValueSpecification","valueRequired":true,"valueName":"search_term_string"}}],"inLanguage":"nb-NO"},{"@type":"Organization","@id":"https:\/\/www.france.no\/no\/#organization","name":"Institut fran\u00e7ais","url":"https:\/\/www.france.no\/no\/","logo":{"@type":"ImageObject","inLanguage":"nb-NO","@id":"https:\/\/www.france.no\/no\/#\/schema\/logo\/image\/","url":"https:\/\/www.france.no\/wp-content\/uploads\/2022\/11\/IF_Logo_Sans_Bleu_RVB.png","contentUrl":"https:\/\/www.france.no\/wp-content\/uploads\/2022\/11\/IF_Logo_Sans_Bleu_RVB.png","width":852,"height":591,"caption":"Institut fran\u00e7ais"},"image":{"@id":"https:\/\/www.france.no\/no\/#\/schema\/logo\/image\/"},"sameAs":["https:\/\/www.facebook.com\/institutfrancaisoslo","https:\/\/x.com\/ifnorvege","https:\/\/instagram.com\/ifnorvege"]},{"@type":"Person","@id":"https:\/\/www.france.no\/no\/#\/schema\/person\/f2f0bb750bdf17f16994d30050414406","name":"J\u00e9r\u00f4me ANDR\u00c9","image":{"@type":"ImageObject","inLanguage":"nb-NO","@id":"https:\/\/www.france.no\/no\/#\/schema\/person\/image\/","url":"https:\/\/secure.gravatar.com\/avatar\/9bfcfc7aec6dcac0b13fa9fe38496189?s=96&d=mm&r=g","contentUrl":"https:\/\/secure.gravatar.com\/avatar\/9bfcfc7aec6dcac0b13fa9fe38496189?s=96&d=mm&r=g","caption":"J\u00e9r\u00f4me ANDR\u00c9"},"url":"https:\/\/www.france.no\/no\/author\/jerome\/"}]}},"_links":{"self":[{"href":"https:\/\/www.france.no\/no\/wp-json\/wp\/v2\/posts\/4879","targetHints":{"allow":["GET"]}}],"collection":[{"href":"https:\/\/www.france.no\/no\/wp-json\/wp\/v2\/posts"}],"about":[{"href":"https:\/\/www.france.no\/no\/wp-json\/wp\/v2\/types\/post"}],"author":[{"embeddable":true,"href":"https:\/\/www.france.no\/no\/wp-json\/wp\/v2\/users\/9"}],"replies":[{"embeddable":true,"href":"https:\/\/www.france.no\/no\/wp-json\/wp\/v2\/comments?post=4879"}],"version-history":[{"count":2,"href":"https:\/\/www.france.no\/no\/wp-json\/wp\/v2\/posts\/4879\/revisions"}],"predecessor-version":[{"id":4944,"href":"https:\/\/www.france.no\/no\/wp-json\/wp\/v2\/posts\/4879\/revisions\/4944"}],"wp:featuredmedia":[{"embeddable":true,"href":"https:\/\/www.france.no\/no\/wp-json\/wp\/v2\/media\/4874"}],"wp:attachment":[{"href":"https:\/\/www.france.no\/no\/wp-json\/wp\/v2\/media?parent=4879"}],"wp:term":[{"taxonomy":"category","embeddable":true,"href":"https:\/\/www.france.no\/no\/wp-json\/wp\/v2\/categories?post=4879"},{"taxonomy":"post_tag","embeddable":true,"href":"https:\/\/www.france.no\/no\/wp-json\/wp\/v2\/tags?post=4879"}],"curies":[{"name":"wp","href":"https:\/\/api.w.org\/{rel}","templated":true}]}}