{"id":4888,"date":"2023-07-21T10:12:22","date_gmt":"2023-07-21T08:12:22","guid":{"rendered":"https:\/\/www.france.no\/?p=4888"},"modified":"2023-08-18T10:26:42","modified_gmt":"2023-08-18T08:26:42","slug":"faerderbiennalen","status":"publish","type":"post","link":"https:\/\/www.france.no\/no\/2023\/kultur\/faerderbiennalen\/","title":{"rendered":"F\u00e6rderbiennalen"},"content":{"rendered":"\n<p>The first edition of <strong>F\u00e6rderbiennalen<\/strong>, international festival of in situ dance and architecture will take place <strong>from July 28<sup>th<\/sup> to August 6<sup>th<\/sup> in Br\u00f8ts\u00f8<\/strong>!<\/p>\n\n\n\n<p>On this occasion, the French dance company <strong>Adrien M &amp; Claire B<\/strong> will present their show <em>Hanaka\u00ef<\/em> on August 4<sup>th<\/sup> and 5<sup>th<\/sup>, for which Institut fran\u00e7ais de Norv\u00e8ge is supporting the participation of <strong>Cl\u00e9ment Aubry<\/strong> (technician), <strong>J\u00e9r\u00e9my Chartier<\/strong> (technician), <strong>Akiko Kajihara<\/strong> (dancer) et <strong>Delphine Teypaz<\/strong> (production manager).<\/p>\n\n\n\n<p>More information: <a href=\"https:\/\/www.faerderbiennalen.no\/adrien-m-claire-b-fr\/\" target=\"_blank\" rel=\"noreferrer noopener\">https:\/\/www.faerderbiennalen.no\/adrien-m-claire-b-fr\/<\/a><\/p>\n\n\n\n<p>Discounted tickets: <a href=\"https:\/\/tix.no\/nb\/notteroy\/specialoffer\/tickets\/23324\/\" target=\"_blank\" rel=\"noreferrer noopener\">https:\/\/tix.no\/nb\/notteroy\/specialoffer\/tickets\/23324\/<\/a><\/p>\n\n\n\n<p>Facebook event: <a href=\"https:\/\/www.facebook.com\/events\/941552833827846\" target=\"_blank\" rel=\"noreferrer noopener\">https:\/\/www.facebook.com\/events\/941552833827846<\/a><\/p>\n","protected":false},"excerpt":{"rendered":"<p>The first edition of F\u00e6rderbiennalen, international festival of in situ dance and architecture will take place from July 28th to August 6th in Br\u00f8ts\u00f8! On this occasion, the French dance company Adrien M &amp; Claire B will present their show Hanaka\u00ef on August 4th and 5th, for which Institut fran\u00e7ais de Norv\u00e8ge is supporting the [&hellip;]<\/p>\n","protected":false},"author":9,"featured_media":4883,"comment_status":"closed","ping_status":"open","sticky":false,"template":"","format":"standard","meta":{"footnotes":""},"categories":[29,5,35],"tags":[],"class_list":["post-4888","post","type-post","status-publish","format-standard","has-post-thumbnail","hentry","category-arkitektur","category-kultur","category-scenekunst"],"yoast_head":"<!-- This site is optimized with the Yoast SEO plugin v24.2 - https:\/\/yoast.com\/wordpress\/plugins\/seo\/ -->\n<title>F\u00e6rderbiennalen - Institut fran\u00e7ais<\/title>\n<meta name=\"robots\" content=\"index, follow, max-snippet:-1, max-image-preview:large, max-video-preview:-1\" \/>\n<link rel=\"canonical\" href=\"https:\/\/www.france.no\/no\/2023\/kultur\/faerderbiennalen\/\" \/>\n<meta property=\"og:locale\" content=\"nb_NO\" \/>\n<meta property=\"og:type\" content=\"article\" \/>\n<meta property=\"og:title\" content=\"F\u00e6rderbiennalen - Institut fran\u00e7ais\" \/>\n<meta property=\"og:description\" content=\"The first edition of F\u00e6rderbiennalen, international festival of in situ dance and architecture will take place from July 28th to August 6th in Br\u00f8ts\u00f8! On this occasion, the French dance company Adrien M &amp; Claire B will present their show Hanaka\u00ef on August 4th and 5th, for which Institut fran\u00e7ais de Norv\u00e8ge is supporting the [&hellip;]\" \/>\n<meta property=\"og:url\" content=\"https:\/\/www.france.no\/no\/2023\/kultur\/faerderbiennalen\/\" \/>\n<meta property=\"og:site_name\" content=\"Institut fran\u00e7ais\" \/>\n<meta property=\"article:publisher\" content=\"https:\/\/www.facebook.com\/institutfrancaisoslo\" \/>\n<meta property=\"article:published_time\" content=\"2023-07-21T08:12:22+00:00\" \/>\n<meta property=\"article:modified_time\" content=\"2023-08-18T08:26:42+00:00\" \/>\n<meta property=\"og:image\" content=\"https:\/\/www.france.no\/wp-content\/uploads\/2023\/07\/Photo_Faerderbiennalen-1098x617.jpeg\" \/>\n\t<meta property=\"og:image:width\" content=\"2048\" \/>\n\t<meta property=\"og:image:height\" content=\"1365\" \/>\n\t<meta property=\"og:image:type\" content=\"image\/jpeg\" \/>\n<meta name=\"author\" content=\"J\u00e9r\u00f4me ANDR\u00c9\" \/>\n<meta name=\"twitter:card\" content=\"summary_large_image\" \/>\n<meta name=\"twitter:creator\" content=\"@ifnorvege\" \/>\n<meta name=\"twitter:site\" content=\"@ifnorvege\" \/>\n<meta name=\"twitter:label1\" content=\"Skrevet av\" \/>\n\t<meta name=\"twitter:data1\" content=\"J\u00e9r\u00f4me ANDR\u00c9\" \/>\n\t<meta name=\"twitter:label2\" content=\"Ansl. lesetid\" \/>\n\t<meta name=\"twitter:data2\" content=\"1 minutt\" \/>\n<script type=\"application\/ld+json\" class=\"yoast-schema-graph\">{\"@context\":\"https:\/\/schema.org\",\"@graph\":[{\"@type\":\"Article\",\"@id\":\"https:\/\/www.france.no\/no\/2023\/kultur\/faerderbiennalen\/#article\",\"isPartOf\":{\"@id\":\"https:\/\/www.france.no\/no\/2023\/kultur\/faerderbiennalen\/\"},\"author\":{\"name\":\"J\u00e9r\u00f4me ANDR\u00c9\",\"@id\":\"https:\/\/www.france.no\/no\/#\/schema\/person\/f2f0bb750bdf17f16994d30050414406\"},\"headline\":\"F\u00e6rderbiennalen\",\"datePublished\":\"2023-07-21T08:12:22+00:00\",\"dateModified\":\"2023-08-18T08:26:42+00:00\",\"mainEntityOfPage\":{\"@id\":\"https:\/\/www.france.no\/no\/2023\/kultur\/faerderbiennalen\/\"},\"wordCount\":103,\"publisher\":{\"@id\":\"https:\/\/www.france.no\/no\/#organization\"},\"image\":{\"@id\":\"https:\/\/www.france.no\/no\/2023\/kultur\/faerderbiennalen\/#primaryimage\"},\"thumbnailUrl\":\"https:\/\/www.france.no\/wp-content\/uploads\/2023\/07\/Photo_Faerderbiennalen-1098x617.jpeg\",\"articleSection\":[\"Arkitektur\",\"Kultur\",\"Scenekunst\"],\"inLanguage\":\"nb-NO\"},{\"@type\":\"WebPage\",\"@id\":\"https:\/\/www.france.no\/no\/2023\/kultur\/faerderbiennalen\/\",\"url\":\"https:\/\/www.france.no\/no\/2023\/kultur\/faerderbiennalen\/\",\"name\":\"F\u00e6rderbiennalen - Institut fran\u00e7ais\",\"isPartOf\":{\"@id\":\"https:\/\/www.france.no\/no\/#website\"},\"primaryImageOfPage\":{\"@id\":\"https:\/\/www.france.no\/no\/2023\/kultur\/faerderbiennalen\/#primaryimage\"},\"image\":{\"@id\":\"https:\/\/www.france.no\/no\/2023\/kultur\/faerderbiennalen\/#primaryimage\"},\"thumbnailUrl\":\"https:\/\/www.france.no\/wp-content\/uploads\/2023\/07\/Photo_Faerderbiennalen-1098x617.jpeg\",\"datePublished\":\"2023-07-21T08:12:22+00:00\",\"dateModified\":\"2023-08-18T08:26:42+00:00\",\"breadcrumb\":{\"@id\":\"https:\/\/www.france.no\/no\/2023\/kultur\/faerderbiennalen\/#breadcrumb\"},\"inLanguage\":\"nb-NO\",\"potentialAction\":[{\"@type\":\"ReadAction\",\"target\":[\"https:\/\/www.france.no\/no\/2023\/kultur\/faerderbiennalen\/\"]}]},{\"@type\":\"ImageObject\",\"inLanguage\":\"nb-NO\",\"@id\":\"https:\/\/www.france.no\/no\/2023\/kultur\/faerderbiennalen\/#primaryimage\",\"url\":\"https:\/\/www.france.no\/wp-content\/uploads\/2023\/07\/Photo_Faerderbiennalen-1098x617.jpeg\",\"contentUrl\":\"https:\/\/www.france.no\/wp-content\/uploads\/2023\/07\/Photo_Faerderbiennalen-1098x617.jpeg\",\"width\":2048,\"height\":1365,\"caption\":\"HAKANAI Compagnie AMCB Danseuse AKIKO KAJIHARA THEATRE DE ROANNE MARS 2014\"},{\"@type\":\"BreadcrumbList\",\"@id\":\"https:\/\/www.france.no\/no\/2023\/kultur\/faerderbiennalen\/#breadcrumb\",\"itemListElement\":[{\"@type\":\"ListItem\",\"position\":1,\"name\":\"\",\"item\":\"https:\/\/www.france.no\/no\/\"},{\"@type\":\"ListItem\",\"position\":2,\"name\":\"Kultur\",\"item\":\"https:\/\/www.france.no\/no\/category\/kultur\/\"},{\"@type\":\"ListItem\",\"position\":3,\"name\":\"F\u00e6rderbiennalen\"}]},{\"@type\":\"WebSite\",\"@id\":\"https:\/\/www.france.no\/no\/#website\",\"url\":\"https:\/\/www.france.no\/no\/\",\"name\":\"Institut fran\u00e7ais\",\"description\":\"Norv\u00e8ge\",\"publisher\":{\"@id\":\"https:\/\/www.france.no\/no\/#organization\"},\"potentialAction\":[{\"@type\":\"SearchAction\",\"target\":{\"@type\":\"EntryPoint\",\"urlTemplate\":\"https:\/\/www.france.no\/no\/?s={search_term_string}\"},\"query-input\":{\"@type\":\"PropertyValueSpecification\",\"valueRequired\":true,\"valueName\":\"search_term_string\"}}],\"inLanguage\":\"nb-NO\"},{\"@type\":\"Organization\",\"@id\":\"https:\/\/www.france.no\/no\/#organization\",\"name\":\"Institut fran\u00e7ais\",\"url\":\"https:\/\/www.france.no\/no\/\",\"logo\":{\"@type\":\"ImageObject\",\"inLanguage\":\"nb-NO\",\"@id\":\"https:\/\/www.france.no\/no\/#\/schema\/logo\/image\/\",\"url\":\"https:\/\/www.france.no\/wp-content\/uploads\/2022\/11\/IF_Logo_Sans_Bleu_RVB.png\",\"contentUrl\":\"https:\/\/www.france.no\/wp-content\/uploads\/2022\/11\/IF_Logo_Sans_Bleu_RVB.png\",\"width\":852,\"height\":591,\"caption\":\"Institut fran\u00e7ais\"},\"image\":{\"@id\":\"https:\/\/www.france.no\/no\/#\/schema\/logo\/image\/\"},\"sameAs\":[\"https:\/\/www.facebook.com\/institutfrancaisoslo\",\"https:\/\/x.com\/ifnorvege\",\"https:\/\/instagram.com\/ifnorvege\"]},{\"@type\":\"Person\",\"@id\":\"https:\/\/www.france.no\/no\/#\/schema\/person\/f2f0bb750bdf17f16994d30050414406\",\"name\":\"J\u00e9r\u00f4me ANDR\u00c9\",\"image\":{\"@type\":\"ImageObject\",\"inLanguage\":\"nb-NO\",\"@id\":\"https:\/\/www.france.no\/no\/#\/schema\/person\/image\/\",\"url\":\"https:\/\/secure.gravatar.com\/avatar\/ada66540f8b03061c12e46d80aa587607c5364b2eccc62216d08deaf8efc595d?s=96&d=mm&r=g\",\"contentUrl\":\"https:\/\/secure.gravatar.com\/avatar\/ada66540f8b03061c12e46d80aa587607c5364b2eccc62216d08deaf8efc595d?s=96&d=mm&r=g\",\"caption\":\"J\u00e9r\u00f4me ANDR\u00c9\"},\"url\":\"https:\/\/www.france.no\/no\/author\/jerome\/\"}]}<\/script>\n<!-- \/ Yoast SEO plugin. -->","yoast_head_json":{"title":"F\u00e6rderbiennalen - Institut fran\u00e7ais","robots":{"index":"index","follow":"follow","max-snippet":"max-snippet:-1","max-image-preview":"max-image-preview:large","max-video-preview":"max-video-preview:-1"},"canonical":"https:\/\/www.france.no\/no\/2023\/kultur\/faerderbiennalen\/","og_locale":"nb_NO","og_type":"article","og_title":"F\u00e6rderbiennalen - Institut fran\u00e7ais","og_description":"The first edition of F\u00e6rderbiennalen, international festival of in situ dance and architecture will take place from July 28th to August 6th in Br\u00f8ts\u00f8! On this occasion, the French dance company Adrien M &amp; Claire B will present their show Hanaka\u00ef on August 4th and 5th, for which Institut fran\u00e7ais de Norv\u00e8ge is supporting the [&hellip;]","og_url":"https:\/\/www.france.no\/no\/2023\/kultur\/faerderbiennalen\/","og_site_name":"Institut fran\u00e7ais","article_publisher":"https:\/\/www.facebook.com\/institutfrancaisoslo","article_published_time":"2023-07-21T08:12:22+00:00","article_modified_time":"2023-08-18T08:26:42+00:00","og_image":[{"width":2048,"height":1365,"url":"https:\/\/www.france.no\/wp-content\/uploads\/2023\/07\/Photo_Faerderbiennalen-1098x617.jpeg","type":"image\/jpeg"}],"author":"J\u00e9r\u00f4me ANDR\u00c9","twitter_card":"summary_large_image","twitter_creator":"@ifnorvege","twitter_site":"@ifnorvege","twitter_misc":{"Skrevet av":"J\u00e9r\u00f4me ANDR\u00c9","Ansl. lesetid":"1 minutt"},"schema":{"@context":"https:\/\/schema.org","@graph":[{"@type":"Article","@id":"https:\/\/www.france.no\/no\/2023\/kultur\/faerderbiennalen\/#article","isPartOf":{"@id":"https:\/\/www.france.no\/no\/2023\/kultur\/faerderbiennalen\/"},"author":{"name":"J\u00e9r\u00f4me ANDR\u00c9","@id":"https:\/\/www.france.no\/no\/#\/schema\/person\/f2f0bb750bdf17f16994d30050414406"},"headline":"F\u00e6rderbiennalen","datePublished":"2023-07-21T08:12:22+00:00","dateModified":"2023-08-18T08:26:42+00:00","mainEntityOfPage":{"@id":"https:\/\/www.france.no\/no\/2023\/kultur\/faerderbiennalen\/"},"wordCount":103,"publisher":{"@id":"https:\/\/www.france.no\/no\/#organization"},"image":{"@id":"https:\/\/www.france.no\/no\/2023\/kultur\/faerderbiennalen\/#primaryimage"},"thumbnailUrl":"https:\/\/www.france.no\/wp-content\/uploads\/2023\/07\/Photo_Faerderbiennalen-1098x617.jpeg","articleSection":["Arkitektur","Kultur","Scenekunst"],"inLanguage":"nb-NO"},{"@type":"WebPage","@id":"https:\/\/www.france.no\/no\/2023\/kultur\/faerderbiennalen\/","url":"https:\/\/www.france.no\/no\/2023\/kultur\/faerderbiennalen\/","name":"F\u00e6rderbiennalen - Institut fran\u00e7ais","isPartOf":{"@id":"https:\/\/www.france.no\/no\/#website"},"primaryImageOfPage":{"@id":"https:\/\/www.france.no\/no\/2023\/kultur\/faerderbiennalen\/#primaryimage"},"image":{"@id":"https:\/\/www.france.no\/no\/2023\/kultur\/faerderbiennalen\/#primaryimage"},"thumbnailUrl":"https:\/\/www.france.no\/wp-content\/uploads\/2023\/07\/Photo_Faerderbiennalen-1098x617.jpeg","datePublished":"2023-07-21T08:12:22+00:00","dateModified":"2023-08-18T08:26:42+00:00","breadcrumb":{"@id":"https:\/\/www.france.no\/no\/2023\/kultur\/faerderbiennalen\/#breadcrumb"},"inLanguage":"nb-NO","potentialAction":[{"@type":"ReadAction","target":["https:\/\/www.france.no\/no\/2023\/kultur\/faerderbiennalen\/"]}]},{"@type":"ImageObject","inLanguage":"nb-NO","@id":"https:\/\/www.france.no\/no\/2023\/kultur\/faerderbiennalen\/#primaryimage","url":"https:\/\/www.france.no\/wp-content\/uploads\/2023\/07\/Photo_Faerderbiennalen-1098x617.jpeg","contentUrl":"https:\/\/www.france.no\/wp-content\/uploads\/2023\/07\/Photo_Faerderbiennalen-1098x617.jpeg","width":2048,"height":1365,"caption":"HAKANAI Compagnie AMCB Danseuse AKIKO KAJIHARA THEATRE DE ROANNE MARS 2014"},{"@type":"BreadcrumbList","@id":"https:\/\/www.france.no\/no\/2023\/kultur\/faerderbiennalen\/#breadcrumb","itemListElement":[{"@type":"ListItem","position":1,"name":"","item":"https:\/\/www.france.no\/no\/"},{"@type":"ListItem","position":2,"name":"Kultur","item":"https:\/\/www.france.no\/no\/category\/kultur\/"},{"@type":"ListItem","position":3,"name":"F\u00e6rderbiennalen"}]},{"@type":"WebSite","@id":"https:\/\/www.france.no\/no\/#website","url":"https:\/\/www.france.no\/no\/","name":"Institut fran\u00e7ais","description":"Norv\u00e8ge","publisher":{"@id":"https:\/\/www.france.no\/no\/#organization"},"potentialAction":[{"@type":"SearchAction","target":{"@type":"EntryPoint","urlTemplate":"https:\/\/www.france.no\/no\/?s={search_term_string}"},"query-input":{"@type":"PropertyValueSpecification","valueRequired":true,"valueName":"search_term_string"}}],"inLanguage":"nb-NO"},{"@type":"Organization","@id":"https:\/\/www.france.no\/no\/#organization","name":"Institut fran\u00e7ais","url":"https:\/\/www.france.no\/no\/","logo":{"@type":"ImageObject","inLanguage":"nb-NO","@id":"https:\/\/www.france.no\/no\/#\/schema\/logo\/image\/","url":"https:\/\/www.france.no\/wp-content\/uploads\/2022\/11\/IF_Logo_Sans_Bleu_RVB.png","contentUrl":"https:\/\/www.france.no\/wp-content\/uploads\/2022\/11\/IF_Logo_Sans_Bleu_RVB.png","width":852,"height":591,"caption":"Institut fran\u00e7ais"},"image":{"@id":"https:\/\/www.france.no\/no\/#\/schema\/logo\/image\/"},"sameAs":["https:\/\/www.facebook.com\/institutfrancaisoslo","https:\/\/x.com\/ifnorvege","https:\/\/instagram.com\/ifnorvege"]},{"@type":"Person","@id":"https:\/\/www.france.no\/no\/#\/schema\/person\/f2f0bb750bdf17f16994d30050414406","name":"J\u00e9r\u00f4me ANDR\u00c9","image":{"@type":"ImageObject","inLanguage":"nb-NO","@id":"https:\/\/www.france.no\/no\/#\/schema\/person\/image\/","url":"https:\/\/secure.gravatar.com\/avatar\/ada66540f8b03061c12e46d80aa587607c5364b2eccc62216d08deaf8efc595d?s=96&d=mm&r=g","contentUrl":"https:\/\/secure.gravatar.com\/avatar\/ada66540f8b03061c12e46d80aa587607c5364b2eccc62216d08deaf8efc595d?s=96&d=mm&r=g","caption":"J\u00e9r\u00f4me ANDR\u00c9"},"url":"https:\/\/www.france.no\/no\/author\/jerome\/"}]}},"_links":{"self":[{"href":"https:\/\/www.france.no\/no\/wp-json\/wp\/v2\/posts\/4888","targetHints":{"allow":["GET"]}}],"collection":[{"href":"https:\/\/www.france.no\/no\/wp-json\/wp\/v2\/posts"}],"about":[{"href":"https:\/\/www.france.no\/no\/wp-json\/wp\/v2\/types\/post"}],"author":[{"embeddable":true,"href":"https:\/\/www.france.no\/no\/wp-json\/wp\/v2\/users\/9"}],"replies":[{"embeddable":true,"href":"https:\/\/www.france.no\/no\/wp-json\/wp\/v2\/comments?post=4888"}],"version-history":[{"count":1,"href":"https:\/\/www.france.no\/no\/wp-json\/wp\/v2\/posts\/4888\/revisions"}],"predecessor-version":[{"id":4889,"href":"https:\/\/www.france.no\/no\/wp-json\/wp\/v2\/posts\/4888\/revisions\/4889"}],"wp:featuredmedia":[{"embeddable":true,"href":"https:\/\/www.france.no\/no\/wp-json\/wp\/v2\/media\/4883"}],"wp:attachment":[{"href":"https:\/\/www.france.no\/no\/wp-json\/wp\/v2\/media?parent=4888"}],"wp:term":[{"taxonomy":"category","embeddable":true,"href":"https:\/\/www.france.no\/no\/wp-json\/wp\/v2\/categories?post=4888"},{"taxonomy":"post_tag","embeddable":true,"href":"https:\/\/www.france.no\/no\/wp-json\/wp\/v2\/tags?post=4888"}],"curies":[{"name":"wp","href":"https:\/\/api.w.org\/{rel}","templated":true}]}}