{"id":4894,"date":"2023-08-30T12:47:44","date_gmt":"2023-08-30T10:47:44","guid":{"rendered":"https:\/\/www.france.no\/?p=4894"},"modified":"2023-09-05T14:22:20","modified_gmt":"2023-09-05T12:22:20","slug":"alumni-event-garden-party-cremant","status":"publish","type":"post","link":"https:\/\/www.france.no\/no\/2023\/universitetene\/alumni-event-garden-party-cremant\/","title":{"rendered":"Alumni event \u2013 Garden Party Cr\u00e9mant"},"content":{"rendered":"\n<p class=\"has-text-align-center has-accent-color has-text-color\"><strong>Join us in the garden of the FNCC<\/strong><\/p>\n\n\n\n<p class=\"has-text-align-center has-accent-color has-text-color\"><strong>On&nbsp;August 31st, 2023 from 5pm<\/strong><\/p>\n\n\n\n<p class=\"has-text-align-center has-accent-color has-text-color\"><strong>To combine networking with bubbles!<\/strong><\/p>\n\n\n\n<p class=\"has-text-align-center\">Franco-Norwegian Chamber of Commerce (FNCC)<\/p>\n\n\n\n<p class=\"has-text-align-center\">Oscars gate 27, 0352 Oslo<\/p>\n\n\n\n<p class=\"has-text-align-center\">Alumni event<\/p>\n\n\n\n<p>After a well-deserved summer break, it&#8217;s time to get back together and meet the newcomers.&nbsp;In cooperation with the&nbsp;<strong>Franco-Norwegian Chamber of Commerce<\/strong>, we invite you for our first event of the season to&nbsp;share a moment of conviviality<em>&nbsp;\u00e0 la fran\u00e7aise&nbsp;<\/em>with&nbsp;a glass of Cr\u00e9mant and some macarons.<\/p>\n\n\n\n<p><strong>Provisional schedule:<\/strong><\/p>\n\n\n\n<ul class=\"wp-block-list\">\n<li>17:00 &#8211; Arrival and welcoming words<\/li>\n\n\n\n<li>17:10 &#8211; Introduction to the Cr\u00e9mant (sparkling wine)<\/li>\n\n\n\n<li>17:15 &#8211; Panel discussion on belonging to an alumni network<\/li>\n<\/ul>\n\n\n\n<p>Some former students of France&#8217;s \u201cGrandes \u00e9coles\u201c (ESSEC, HEC, INSEAD and Sciences Po) will share with you&nbsp;<strong>how beneficial it has been for their careers to be part of a professional network<\/strong>. The panel discussion will be moderated by&nbsp;<strong>C\u00e9cile Moroni<\/strong>, Franco-Norwegian comic and head of the ESSEC Alumni network in Norway.<\/p>\n\n\n\n<ul class=\"wp-block-list\">\n<li>17:35 &#8211; Short presentation of the France Alumni Norv\u00e8ge&#8217;s fall programme<\/li>\n\n\n\n<li>17: 40 &#8211; Networking opportunities in a light and informal setting&nbsp;<\/li>\n<\/ul>\n\n\n\n<p><strong>This event is designed for our Alumni public only.<\/strong><\/p>\n\n\n\n<p><strong>Participation is free but places are limited.<\/strong><\/p>\n\n\n\n<p>The <strong>France Alumni Norv\u00e8ge<\/strong> network gathers all former students from the French higher education system, independently of their nationality.<\/p>\n\n\n\n<p><strong>If you wish to attend this event, you need to create a profile on the France Alumni platform: <\/strong><a href=\"https:\/\/www.francealumni.fr\/en\/\" target=\"_blank\" rel=\"noreferrer noopener\">https:\/\/www.francealumni.fr\/en\/<\/a><\/p>\n\n\n\n<p><strong><em>(Please make sure to have a PDF version of your resume ready, because you will need to upload one at the moment of your registration).<\/em><\/strong><strong><em><\/em><\/strong><\/p>\n\n\n\n<p>For any inquiry, please contact&nbsp;<a href=\"mailto:hgoeury@france.no\" target=\"_blank\" rel=\"noreferrer noopener\">hgoeury@france.no<\/a>.&nbsp;<\/p>\n\n\n\n<p class=\"has-text-align-center\"><strong>We look forward to seeing many of you on August 31<sup>st<\/sup>!<\/strong><\/p>\n","protected":false},"excerpt":{"rendered":"<p>Join us in the garden of the FNCC On&nbsp;August 31st, 2023 from 5pm To combine networking with bubbles! Franco-Norwegian Chamber of Commerce (FNCC) Oscars gate 27, 0352 Oslo Alumni event After a well-deserved summer break, it&#8217;s time to get back together and meet the newcomers.&nbsp;In cooperation with the&nbsp;Franco-Norwegian Chamber of Commerce, we invite you for [&hellip;]<\/p>\n","protected":false},"author":9,"featured_media":4892,"comment_status":"closed","ping_status":"open","sticky":false,"template":"","format":"standard","meta":{"footnotes":""},"categories":[15],"tags":[],"class_list":["post-4894","post","type-post","status-publish","format-standard","has-post-thumbnail","hentry","category-universitetene"],"yoast_head":"<!-- This site is optimized with the Yoast SEO plugin v24.2 - https:\/\/yoast.com\/wordpress\/plugins\/seo\/ -->\n<title>Alumni event \u2013 Garden Party Cr\u00e9mant - Institut fran\u00e7ais<\/title>\n<meta name=\"robots\" content=\"index, follow, max-snippet:-1, max-image-preview:large, max-video-preview:-1\" \/>\n<link rel=\"canonical\" href=\"https:\/\/www.france.no\/no\/2023\/universitetene\/alumni-event-garden-party-cremant\/\" \/>\n<meta property=\"og:locale\" content=\"nb_NO\" \/>\n<meta property=\"og:type\" content=\"article\" \/>\n<meta property=\"og:title\" content=\"Alumni event \u2013 Garden Party Cr\u00e9mant - Institut fran\u00e7ais\" \/>\n<meta property=\"og:description\" content=\"Join us in the garden of the FNCC On&nbsp;August 31st, 2023 from 5pm To combine networking with bubbles! Franco-Norwegian Chamber of Commerce (FNCC) Oscars gate 27, 0352 Oslo Alumni event After a well-deserved summer break, it&#8217;s time to get back together and meet the newcomers.&nbsp;In cooperation with the&nbsp;Franco-Norwegian Chamber of Commerce, we invite you for [&hellip;]\" \/>\n<meta property=\"og:url\" content=\"https:\/\/www.france.no\/no\/2023\/universitetene\/alumni-event-garden-party-cremant\/\" \/>\n<meta property=\"og:site_name\" content=\"Institut fran\u00e7ais\" \/>\n<meta property=\"article:publisher\" content=\"https:\/\/www.facebook.com\/institutfrancaisoslo\" \/>\n<meta property=\"article:published_time\" content=\"2023-08-30T10:47:44+00:00\" \/>\n<meta property=\"article:modified_time\" content=\"2023-09-05T12:22:20+00:00\" \/>\n<meta property=\"og:image\" content=\"https:\/\/www.france.no\/wp-content\/uploads\/2023\/07\/Garden-Party-Cremant-1024x577.png\" \/>\n\t<meta property=\"og:image:width\" content=\"1024\" \/>\n\t<meta property=\"og:image:height\" content=\"577\" \/>\n\t<meta property=\"og:image:type\" content=\"image\/png\" \/>\n<meta name=\"author\" content=\"J\u00e9r\u00f4me ANDR\u00c9\" \/>\n<meta name=\"twitter:card\" content=\"summary_large_image\" \/>\n<meta name=\"twitter:creator\" content=\"@ifnorvege\" \/>\n<meta name=\"twitter:site\" content=\"@ifnorvege\" \/>\n<meta name=\"twitter:label1\" content=\"Skrevet av\" \/>\n\t<meta name=\"twitter:data1\" content=\"J\u00e9r\u00f4me ANDR\u00c9\" \/>\n\t<meta name=\"twitter:label2\" content=\"Ansl. lesetid\" \/>\n\t<meta name=\"twitter:data2\" content=\"2 minutter\" \/>\n<script type=\"application\/ld+json\" class=\"yoast-schema-graph\">{\"@context\":\"https:\/\/schema.org\",\"@graph\":[{\"@type\":\"Article\",\"@id\":\"https:\/\/www.france.no\/no\/2023\/universitetene\/alumni-event-garden-party-cremant\/#article\",\"isPartOf\":{\"@id\":\"https:\/\/www.france.no\/no\/2023\/universitetene\/alumni-event-garden-party-cremant\/\"},\"author\":{\"name\":\"J\u00e9r\u00f4me ANDR\u00c9\",\"@id\":\"https:\/\/www.france.no\/no\/#\/schema\/person\/f2f0bb750bdf17f16994d30050414406\"},\"headline\":\"Alumni event \u2013 Garden Party Cr\u00e9mant\",\"datePublished\":\"2023-08-30T10:47:44+00:00\",\"dateModified\":\"2023-09-05T12:22:20+00:00\",\"mainEntityOfPage\":{\"@id\":\"https:\/\/www.france.no\/no\/2023\/universitetene\/alumni-event-garden-party-cremant\/\"},\"wordCount\":300,\"publisher\":{\"@id\":\"https:\/\/www.france.no\/no\/#organization\"},\"image\":{\"@id\":\"https:\/\/www.france.no\/no\/2023\/universitetene\/alumni-event-garden-party-cremant\/#primaryimage\"},\"thumbnailUrl\":\"https:\/\/www.france.no\/wp-content\/uploads\/2023\/07\/Garden-Party-Cremant-1098x617.png\",\"articleSection\":[\"Universiteter\"],\"inLanguage\":\"nb-NO\"},{\"@type\":\"WebPage\",\"@id\":\"https:\/\/www.france.no\/no\/2023\/universitetene\/alumni-event-garden-party-cremant\/\",\"url\":\"https:\/\/www.france.no\/no\/2023\/universitetene\/alumni-event-garden-party-cremant\/\",\"name\":\"Alumni event \u2013 Garden Party Cr\u00e9mant - Institut fran\u00e7ais\",\"isPartOf\":{\"@id\":\"https:\/\/www.france.no\/no\/#website\"},\"primaryImageOfPage\":{\"@id\":\"https:\/\/www.france.no\/no\/2023\/universitetene\/alumni-event-garden-party-cremant\/#primaryimage\"},\"image\":{\"@id\":\"https:\/\/www.france.no\/no\/2023\/universitetene\/alumni-event-garden-party-cremant\/#primaryimage\"},\"thumbnailUrl\":\"https:\/\/www.france.no\/wp-content\/uploads\/2023\/07\/Garden-Party-Cremant-1098x617.png\",\"datePublished\":\"2023-08-30T10:47:44+00:00\",\"dateModified\":\"2023-09-05T12:22:20+00:00\",\"breadcrumb\":{\"@id\":\"https:\/\/www.france.no\/no\/2023\/universitetene\/alumni-event-garden-party-cremant\/#breadcrumb\"},\"inLanguage\":\"nb-NO\",\"potentialAction\":[{\"@type\":\"ReadAction\",\"target\":[\"https:\/\/www.france.no\/no\/2023\/universitetene\/alumni-event-garden-party-cremant\/\"]}]},{\"@type\":\"ImageObject\",\"inLanguage\":\"nb-NO\",\"@id\":\"https:\/\/www.france.no\/no\/2023\/universitetene\/alumni-event-garden-party-cremant\/#primaryimage\",\"url\":\"https:\/\/www.france.no\/wp-content\/uploads\/2023\/07\/Garden-Party-Cremant-1098x617.png\",\"contentUrl\":\"https:\/\/www.france.no\/wp-content\/uploads\/2023\/07\/Garden-Party-Cremant-1098x617.png\",\"width\":2050,\"height\":1155},{\"@type\":\"BreadcrumbList\",\"@id\":\"https:\/\/www.france.no\/no\/2023\/universitetene\/alumni-event-garden-party-cremant\/#breadcrumb\",\"itemListElement\":[{\"@type\":\"ListItem\",\"position\":1,\"name\":\"\",\"item\":\"https:\/\/www.france.no\/no\/\"},{\"@type\":\"ListItem\",\"position\":2,\"name\":\"Universiteter\",\"item\":\"https:\/\/www.france.no\/no\/category\/universitetene\/\"},{\"@type\":\"ListItem\",\"position\":3,\"name\":\"Alumni event \u2013 Garden Party Cr\u00e9mant\"}]},{\"@type\":\"WebSite\",\"@id\":\"https:\/\/www.france.no\/no\/#website\",\"url\":\"https:\/\/www.france.no\/no\/\",\"name\":\"Institut fran\u00e7ais\",\"description\":\"Norv\u00e8ge\",\"publisher\":{\"@id\":\"https:\/\/www.france.no\/no\/#organization\"},\"potentialAction\":[{\"@type\":\"SearchAction\",\"target\":{\"@type\":\"EntryPoint\",\"urlTemplate\":\"https:\/\/www.france.no\/no\/?s={search_term_string}\"},\"query-input\":{\"@type\":\"PropertyValueSpecification\",\"valueRequired\":true,\"valueName\":\"search_term_string\"}}],\"inLanguage\":\"nb-NO\"},{\"@type\":\"Organization\",\"@id\":\"https:\/\/www.france.no\/no\/#organization\",\"name\":\"Institut fran\u00e7ais\",\"url\":\"https:\/\/www.france.no\/no\/\",\"logo\":{\"@type\":\"ImageObject\",\"inLanguage\":\"nb-NO\",\"@id\":\"https:\/\/www.france.no\/no\/#\/schema\/logo\/image\/\",\"url\":\"https:\/\/www.france.no\/wp-content\/uploads\/2022\/11\/IF_Logo_Sans_Bleu_RVB.png\",\"contentUrl\":\"https:\/\/www.france.no\/wp-content\/uploads\/2022\/11\/IF_Logo_Sans_Bleu_RVB.png\",\"width\":852,\"height\":591,\"caption\":\"Institut fran\u00e7ais\"},\"image\":{\"@id\":\"https:\/\/www.france.no\/no\/#\/schema\/logo\/image\/\"},\"sameAs\":[\"https:\/\/www.facebook.com\/institutfrancaisoslo\",\"https:\/\/x.com\/ifnorvege\",\"https:\/\/instagram.com\/ifnorvege\"]},{\"@type\":\"Person\",\"@id\":\"https:\/\/www.france.no\/no\/#\/schema\/person\/f2f0bb750bdf17f16994d30050414406\",\"name\":\"J\u00e9r\u00f4me ANDR\u00c9\",\"image\":{\"@type\":\"ImageObject\",\"inLanguage\":\"nb-NO\",\"@id\":\"https:\/\/www.france.no\/no\/#\/schema\/person\/image\/\",\"url\":\"https:\/\/secure.gravatar.com\/avatar\/ada66540f8b03061c12e46d80aa587607c5364b2eccc62216d08deaf8efc595d?s=96&d=mm&r=g\",\"contentUrl\":\"https:\/\/secure.gravatar.com\/avatar\/ada66540f8b03061c12e46d80aa587607c5364b2eccc62216d08deaf8efc595d?s=96&d=mm&r=g\",\"caption\":\"J\u00e9r\u00f4me ANDR\u00c9\"},\"url\":\"https:\/\/www.france.no\/no\/author\/jerome\/\"}]}<\/script>\n<!-- \/ Yoast SEO plugin. -->","yoast_head_json":{"title":"Alumni event \u2013 Garden Party Cr\u00e9mant - Institut fran\u00e7ais","robots":{"index":"index","follow":"follow","max-snippet":"max-snippet:-1","max-image-preview":"max-image-preview:large","max-video-preview":"max-video-preview:-1"},"canonical":"https:\/\/www.france.no\/no\/2023\/universitetene\/alumni-event-garden-party-cremant\/","og_locale":"nb_NO","og_type":"article","og_title":"Alumni event \u2013 Garden Party Cr\u00e9mant - Institut fran\u00e7ais","og_description":"Join us in the garden of the FNCC On&nbsp;August 31st, 2023 from 5pm To combine networking with bubbles! Franco-Norwegian Chamber of Commerce (FNCC) Oscars gate 27, 0352 Oslo Alumni event After a well-deserved summer break, it&#8217;s time to get back together and meet the newcomers.&nbsp;In cooperation with the&nbsp;Franco-Norwegian Chamber of Commerce, we invite you for [&hellip;]","og_url":"https:\/\/www.france.no\/no\/2023\/universitetene\/alumni-event-garden-party-cremant\/","og_site_name":"Institut fran\u00e7ais","article_publisher":"https:\/\/www.facebook.com\/institutfrancaisoslo","article_published_time":"2023-08-30T10:47:44+00:00","article_modified_time":"2023-09-05T12:22:20+00:00","og_image":[{"width":1024,"height":577,"url":"https:\/\/www.france.no\/wp-content\/uploads\/2023\/07\/Garden-Party-Cremant-1024x577.png","type":"image\/png"}],"author":"J\u00e9r\u00f4me ANDR\u00c9","twitter_card":"summary_large_image","twitter_creator":"@ifnorvege","twitter_site":"@ifnorvege","twitter_misc":{"Skrevet av":"J\u00e9r\u00f4me ANDR\u00c9","Ansl. lesetid":"2 minutter"},"schema":{"@context":"https:\/\/schema.org","@graph":[{"@type":"Article","@id":"https:\/\/www.france.no\/no\/2023\/universitetene\/alumni-event-garden-party-cremant\/#article","isPartOf":{"@id":"https:\/\/www.france.no\/no\/2023\/universitetene\/alumni-event-garden-party-cremant\/"},"author":{"name":"J\u00e9r\u00f4me ANDR\u00c9","@id":"https:\/\/www.france.no\/no\/#\/schema\/person\/f2f0bb750bdf17f16994d30050414406"},"headline":"Alumni event \u2013 Garden Party Cr\u00e9mant","datePublished":"2023-08-30T10:47:44+00:00","dateModified":"2023-09-05T12:22:20+00:00","mainEntityOfPage":{"@id":"https:\/\/www.france.no\/no\/2023\/universitetene\/alumni-event-garden-party-cremant\/"},"wordCount":300,"publisher":{"@id":"https:\/\/www.france.no\/no\/#organization"},"image":{"@id":"https:\/\/www.france.no\/no\/2023\/universitetene\/alumni-event-garden-party-cremant\/#primaryimage"},"thumbnailUrl":"https:\/\/www.france.no\/wp-content\/uploads\/2023\/07\/Garden-Party-Cremant-1098x617.png","articleSection":["Universiteter"],"inLanguage":"nb-NO"},{"@type":"WebPage","@id":"https:\/\/www.france.no\/no\/2023\/universitetene\/alumni-event-garden-party-cremant\/","url":"https:\/\/www.france.no\/no\/2023\/universitetene\/alumni-event-garden-party-cremant\/","name":"Alumni event \u2013 Garden Party Cr\u00e9mant - Institut fran\u00e7ais","isPartOf":{"@id":"https:\/\/www.france.no\/no\/#website"},"primaryImageOfPage":{"@id":"https:\/\/www.france.no\/no\/2023\/universitetene\/alumni-event-garden-party-cremant\/#primaryimage"},"image":{"@id":"https:\/\/www.france.no\/no\/2023\/universitetene\/alumni-event-garden-party-cremant\/#primaryimage"},"thumbnailUrl":"https:\/\/www.france.no\/wp-content\/uploads\/2023\/07\/Garden-Party-Cremant-1098x617.png","datePublished":"2023-08-30T10:47:44+00:00","dateModified":"2023-09-05T12:22:20+00:00","breadcrumb":{"@id":"https:\/\/www.france.no\/no\/2023\/universitetene\/alumni-event-garden-party-cremant\/#breadcrumb"},"inLanguage":"nb-NO","potentialAction":[{"@type":"ReadAction","target":["https:\/\/www.france.no\/no\/2023\/universitetene\/alumni-event-garden-party-cremant\/"]}]},{"@type":"ImageObject","inLanguage":"nb-NO","@id":"https:\/\/www.france.no\/no\/2023\/universitetene\/alumni-event-garden-party-cremant\/#primaryimage","url":"https:\/\/www.france.no\/wp-content\/uploads\/2023\/07\/Garden-Party-Cremant-1098x617.png","contentUrl":"https:\/\/www.france.no\/wp-content\/uploads\/2023\/07\/Garden-Party-Cremant-1098x617.png","width":2050,"height":1155},{"@type":"BreadcrumbList","@id":"https:\/\/www.france.no\/no\/2023\/universitetene\/alumni-event-garden-party-cremant\/#breadcrumb","itemListElement":[{"@type":"ListItem","position":1,"name":"","item":"https:\/\/www.france.no\/no\/"},{"@type":"ListItem","position":2,"name":"Universiteter","item":"https:\/\/www.france.no\/no\/category\/universitetene\/"},{"@type":"ListItem","position":3,"name":"Alumni event \u2013 Garden Party Cr\u00e9mant"}]},{"@type":"WebSite","@id":"https:\/\/www.france.no\/no\/#website","url":"https:\/\/www.france.no\/no\/","name":"Institut fran\u00e7ais","description":"Norv\u00e8ge","publisher":{"@id":"https:\/\/www.france.no\/no\/#organization"},"potentialAction":[{"@type":"SearchAction","target":{"@type":"EntryPoint","urlTemplate":"https:\/\/www.france.no\/no\/?s={search_term_string}"},"query-input":{"@type":"PropertyValueSpecification","valueRequired":true,"valueName":"search_term_string"}}],"inLanguage":"nb-NO"},{"@type":"Organization","@id":"https:\/\/www.france.no\/no\/#organization","name":"Institut fran\u00e7ais","url":"https:\/\/www.france.no\/no\/","logo":{"@type":"ImageObject","inLanguage":"nb-NO","@id":"https:\/\/www.france.no\/no\/#\/schema\/logo\/image\/","url":"https:\/\/www.france.no\/wp-content\/uploads\/2022\/11\/IF_Logo_Sans_Bleu_RVB.png","contentUrl":"https:\/\/www.france.no\/wp-content\/uploads\/2022\/11\/IF_Logo_Sans_Bleu_RVB.png","width":852,"height":591,"caption":"Institut fran\u00e7ais"},"image":{"@id":"https:\/\/www.france.no\/no\/#\/schema\/logo\/image\/"},"sameAs":["https:\/\/www.facebook.com\/institutfrancaisoslo","https:\/\/x.com\/ifnorvege","https:\/\/instagram.com\/ifnorvege"]},{"@type":"Person","@id":"https:\/\/www.france.no\/no\/#\/schema\/person\/f2f0bb750bdf17f16994d30050414406","name":"J\u00e9r\u00f4me ANDR\u00c9","image":{"@type":"ImageObject","inLanguage":"nb-NO","@id":"https:\/\/www.france.no\/no\/#\/schema\/person\/image\/","url":"https:\/\/secure.gravatar.com\/avatar\/ada66540f8b03061c12e46d80aa587607c5364b2eccc62216d08deaf8efc595d?s=96&d=mm&r=g","contentUrl":"https:\/\/secure.gravatar.com\/avatar\/ada66540f8b03061c12e46d80aa587607c5364b2eccc62216d08deaf8efc595d?s=96&d=mm&r=g","caption":"J\u00e9r\u00f4me ANDR\u00c9"},"url":"https:\/\/www.france.no\/no\/author\/jerome\/"}]}},"_links":{"self":[{"href":"https:\/\/www.france.no\/no\/wp-json\/wp\/v2\/posts\/4894","targetHints":{"allow":["GET"]}}],"collection":[{"href":"https:\/\/www.france.no\/no\/wp-json\/wp\/v2\/posts"}],"about":[{"href":"https:\/\/www.france.no\/no\/wp-json\/wp\/v2\/types\/post"}],"author":[{"embeddable":true,"href":"https:\/\/www.france.no\/no\/wp-json\/wp\/v2\/users\/9"}],"replies":[{"embeddable":true,"href":"https:\/\/www.france.no\/no\/wp-json\/wp\/v2\/comments?post=4894"}],"version-history":[{"count":2,"href":"https:\/\/www.france.no\/no\/wp-json\/wp\/v2\/posts\/4894\/revisions"}],"predecessor-version":[{"id":5233,"href":"https:\/\/www.france.no\/no\/wp-json\/wp\/v2\/posts\/4894\/revisions\/5233"}],"wp:featuredmedia":[{"embeddable":true,"href":"https:\/\/www.france.no\/no\/wp-json\/wp\/v2\/media\/4892"}],"wp:attachment":[{"href":"https:\/\/www.france.no\/no\/wp-json\/wp\/v2\/media?parent=4894"}],"wp:term":[{"taxonomy":"category","embeddable":true,"href":"https:\/\/www.france.no\/no\/wp-json\/wp\/v2\/categories?post=4894"},{"taxonomy":"post_tag","embeddable":true,"href":"https:\/\/www.france.no\/no\/wp-json\/wp\/v2\/tags?post=4894"}],"curies":[{"name":"wp","href":"https:\/\/api.w.org\/{rel}","templated":true}]}}