{"id":4922,"date":"2023-07-21T12:37:46","date_gmt":"2023-07-21T10:37:46","guid":{"rendered":"https:\/\/www.france.no\/?p=4922"},"modified":"2023-11-10T09:02:24","modified_gmt":"2023-11-10T08:02:24","slug":"testimonies-from-our-2023-laureates-of-the-arctic-frontiers-scholarships","status":"publish","type":"post","link":"https:\/\/www.france.no\/no\/2023\/vitenskap-og-forskning\/testimonies-from-our-2023-laureates-of-the-arctic-frontiers-scholarships\/","title":{"rendered":"Testimonies from our 2023 laureates of the Arctic Frontiers scholarships"},"content":{"rendered":"\n<p>In 2023, the Institut fran\u00e7ais de Norv\u00e8ge (IFN) supported the participation of two young researchers in the Arctic Frontiers conference and its associated program, Emerging Leaders.<\/p>\n\n\n\n<p><strong>Arctic Frontiers<\/strong> is an annual seminar aimed at fostering dialogue between the scientific, political, and industrial spheres of the Arctic and promoting relations among different nations and ethnic groups from a pan-Arctic perspective. The 2023 event was held in Troms\u00f8 from January 30th to February 2nd under the theme &laquo;<strong>Moving North<\/strong>&laquo;.<\/p>\n\n\n\n<p>Prior to the seminar, the <strong>Emerging Leaders<\/strong> program was organized for doctoral\/post-doctoral students and young professionals. The selected candidates attended conferences, cultural events, and social activities with experts from various fields related to the Arctic&#8217;s environment, security, and economy. This provided them with the opportunity to network and present their work.<\/p>\n\n\n<div class=\"wp-block-image\">\n<figure class=\"aligncenter size-large is-resized\"><img loading=\"lazy\" decoding=\"async\" width=\"1024\" height=\"683\" src=\"https:\/\/www.france.no\/wp-content\/uploads\/2023\/07\/David-Jensen-Arctic-Frontiers-3-1-1024x683.jpg\" alt=\"\" class=\"wp-image-4925\" style=\"width:462px;height:307px\" srcset=\"https:\/\/www.france.no\/wp-content\/uploads\/2023\/07\/David-Jensen-Arctic-Frontiers-3-1-1024x683.jpg 1024w, https:\/\/www.france.no\/wp-content\/uploads\/2023\/07\/David-Jensen-Arctic-Frontiers-3-1-300x200.jpg 300w, https:\/\/www.france.no\/wp-content\/uploads\/2023\/07\/David-Jensen-Arctic-Frontiers-3-1-768x512.jpg 768w, https:\/\/www.france.no\/wp-content\/uploads\/2023\/07\/David-Jensen-Arctic-Frontiers-3-1-1536x1024.jpg 1536w, https:\/\/www.france.no\/wp-content\/uploads\/2023\/07\/David-Jensen-Arctic-Frontiers-3-1-2048x1365.jpg 2048w, https:\/\/www.france.no\/wp-content\/uploads\/2023\/07\/David-Jensen-Arctic-Frontiers-3-1-1200x800.jpg 1200w, https:\/\/www.france.no\/wp-content\/uploads\/2023\/07\/David-Jensen-Arctic-Frontiers-3-1-1980x1320.jpg 1980w\" sizes=\"auto, (max-width: 1024px) 100vw, 1024px\" \/><\/figure>\n<\/div>\n\n\n<p>Our two 2023 laureates, Sophie Hou and L\u00e9a Ricard, shared their experiences of this unique opportunity to meet numerous individuals engaged in Arctic issues from the political, scientific, and non-governmental sectors. Despite their different backgrounds, Sophie and L\u00e9a are sharing a similar interest in the Arctic, and they were able to exchange and confront their viewpoints with many passionate individuals, expanding both their professional and social networks.<\/p>\n\n\n<div class=\"wp-block-image\">\n<figure class=\"aligncenter size-large is-resized\"><img loading=\"lazy\" decoding=\"async\" width=\"1024\" height=\"683\" src=\"https:\/\/www.france.no\/wp-content\/uploads\/2023\/07\/William-JacobsenArctic-Frontiers2-1-1024x683.jpg\" alt=\"\" class=\"wp-image-4929\" style=\"width:529px;height:351px\" srcset=\"https:\/\/www.france.no\/wp-content\/uploads\/2023\/07\/William-JacobsenArctic-Frontiers2-1-1024x683.jpg 1024w, https:\/\/www.france.no\/wp-content\/uploads\/2023\/07\/William-JacobsenArctic-Frontiers2-1-300x200.jpg 300w, https:\/\/www.france.no\/wp-content\/uploads\/2023\/07\/William-JacobsenArctic-Frontiers2-1-768x512.jpg 768w, https:\/\/www.france.no\/wp-content\/uploads\/2023\/07\/William-JacobsenArctic-Frontiers2-1-1536x1024.jpg 1536w, https:\/\/www.france.no\/wp-content\/uploads\/2023\/07\/William-JacobsenArctic-Frontiers2-1-2048x1365.jpg 2048w, https:\/\/www.france.no\/wp-content\/uploads\/2023\/07\/William-JacobsenArctic-Frontiers2-1-1200x800.jpg 1200w, https:\/\/www.france.no\/wp-content\/uploads\/2023\/07\/William-JacobsenArctic-Frontiers2-1-1980x1320.jpg 1980w\" sizes=\"auto, (max-width: 1024px) 100vw, 1024px\" \/><\/figure>\n<\/div>\n\n\n<p>Sophie is an <strong>associate professor in geography<\/strong> at the <strong>University Paris 1 Panth\u00e9on-Sorbonne<\/strong> and <strong>at UMR 8586 PRODIG<\/strong> (which is the Research Center for the Organization and Dissemination of Geographic Information at CNRS). Her master&#8217;s and doctoral research focused on <strong>energy issues<\/strong> in Russia, specifically Eastern Russia (Eastern Siberia and the Russian Far East), using a <strong>political geography<\/strong> approach. Recently, her research has extended to the Arctic regions of Russia and Scandinavia, in connection with the challenges of <strong>energy transition<\/strong>.<\/p>\n\n\n\n<p>Her participation in the Emerging Leaders program and Arctic Frontiers conference was made possible through the scholarship awarded by the Institut fran\u00e7ais de Norv\u00e8ge. This event met all her expectations: to discuss with Arctic specialists, expand her network, and encounter diverse perspectives to develop her research ideas:<\/p>\n\n\n\n<p><em>&laquo;I found this program particularly interesting because it brings together individuals from diverse backgrounds, from both research and non-research world, who are sharing varying degrees of interest in the Arctic. This widens the perspectives on environmental, social, economic, and political issues in the Arctic, as well as research challenges. Additionally, this year&#8217;s central theme was the <strong>&#8216;Green Shift&#8217;<\/strong> in the Arctic, which appealed to me. I was very curious to see how other participants and speakers in the program would approach these topics. I hoped to meet and hear from actors who are sometimes not easily accessible.&raquo;<\/em><\/p>\n\n\n<div class=\"wp-block-image\">\n<figure class=\"aligncenter size-large is-resized\"><img loading=\"lazy\" decoding=\"async\" width=\"1024\" height=\"683\" src=\"https:\/\/www.france.no\/wp-content\/uploads\/2023\/07\/David-Jensen-Arctic-Frontiers2-1024x683.jpg\" alt=\"\" class=\"wp-image-4931\" style=\"width:438px;height:291px\" srcset=\"https:\/\/www.france.no\/wp-content\/uploads\/2023\/07\/David-Jensen-Arctic-Frontiers2-1024x683.jpg 1024w, https:\/\/www.france.no\/wp-content\/uploads\/2023\/07\/David-Jensen-Arctic-Frontiers2-300x200.jpg 300w, https:\/\/www.france.no\/wp-content\/uploads\/2023\/07\/David-Jensen-Arctic-Frontiers2-768x512.jpg 768w, https:\/\/www.france.no\/wp-content\/uploads\/2023\/07\/David-Jensen-Arctic-Frontiers2-1536x1024.jpg 1536w, https:\/\/www.france.no\/wp-content\/uploads\/2023\/07\/David-Jensen-Arctic-Frontiers2-2048x1365.jpg 2048w, https:\/\/www.france.no\/wp-content\/uploads\/2023\/07\/David-Jensen-Arctic-Frontiers2-1200x800.jpg 1200w, https:\/\/www.france.no\/wp-content\/uploads\/2023\/07\/David-Jensen-Arctic-Frontiers2-1980x1320.jpg 1980w\" sizes=\"auto, (max-width: 1024px) 100vw, 1024px\" \/><\/figure>\n<\/div>\n\n\n<p>L\u00e9a is a <strong>Master&#8217;s student in &laquo;Ecological Transition, Risks, and Health&raquo; at Science Po<\/strong> Toulouse, conducting her final internship at the <strong>Arctic Economic Council<\/strong> (CEA). Her interest focuses on the role of scientific expertise in shaping public policies related to the environment \u2013 in short, she is interested <strong>in scientific diplomacy<\/strong>.<\/p>\n\n\n\n<p>Thanks to the IFN\u2019s scholarship, she was able to attend Arctic Frontiers conferences closely related to her thesis subject. L\u00e9a rightly questions the role of scientific research in French Arctic diplomacy and in what way it represents a tool of legitimacy for governing the region. The conferences enriched her theoretical research with the complex reality presented by stakeholders. She observed how dialogues occurred between political and scientific disciplines, which also interested her for her internship at CEA. For L\u00e9a, the key aspect of Arctic Frontiers is the <strong>networking opportunity<\/strong>:<\/p>\n\n\n\n<p><em>&laquo;I believe what I will primarily remember from the conference is the encounters. It is indeed a unique opportunity to meet numerous individuals committed to Arctic issues, coming from political, diplomatic, non-governmental, and scientific spheres.&raquo;<\/em><\/p>\n\n\n\n<p>If you are interested in experiencing Arctic Frontiers in 2024, <strong>applications for the scholarships offered by the Institut fran\u00e7ais de Norv\u00e8ge will open in November 2023<\/strong>! In 2024, the conference will take place from January 29th to February 1st in Troms\u00f8 and will be centered around the theme: &laquo;<strong>Action and Reactions<\/strong>&laquo;<em>.<\/em><\/p>\n\n\n<div class=\"wp-block-image\">\n<figure class=\"aligncenter size-large is-resized\"><img loading=\"lazy\" decoding=\"async\" width=\"1024\" height=\"683\" src=\"https:\/\/www.france.no\/wp-content\/uploads\/2023\/07\/David-Jensen-Arctic-Frontiers-1024x683.jpg\" alt=\"\" class=\"wp-image-4933\" style=\"width:424px;height:282px\" srcset=\"https:\/\/www.france.no\/wp-content\/uploads\/2023\/07\/David-Jensen-Arctic-Frontiers-1024x683.jpg 1024w, https:\/\/www.france.no\/wp-content\/uploads\/2023\/07\/David-Jensen-Arctic-Frontiers-300x200.jpg 300w, https:\/\/www.france.no\/wp-content\/uploads\/2023\/07\/David-Jensen-Arctic-Frontiers-768x512.jpg 768w, https:\/\/www.france.no\/wp-content\/uploads\/2023\/07\/David-Jensen-Arctic-Frontiers-1536x1024.jpg 1536w, https:\/\/www.france.no\/wp-content\/uploads\/2023\/07\/David-Jensen-Arctic-Frontiers-1200x800.jpg 1200w, https:\/\/www.france.no\/wp-content\/uploads\/2023\/07\/David-Jensen-Arctic-Frontiers-1980x1320.jpg 1980w, https:\/\/www.france.no\/wp-content\/uploads\/2023\/07\/David-Jensen-Arctic-Frontiers.jpg 2048w\" sizes=\"auto, (max-width: 1024px) 100vw, 1024px\" \/><\/figure>\n<\/div>","protected":false},"excerpt":{"rendered":"<p>In 2023, the Institut fran\u00e7ais de Norv\u00e8ge (IFN) supported the participation of two young researchers in the Arctic Frontiers conference and its associated program, Emerging Leaders. Arctic Frontiers is an annual seminar aimed at fostering dialogue between the scientific, political, and industrial spheres of the Arctic and promoting relations among different nations and ethnic groups [&hellip;]<\/p>\n","protected":false},"author":9,"featured_media":4935,"comment_status":"closed","ping_status":"open","sticky":false,"template":"","format":"standard","meta":{"footnotes":""},"categories":[17],"tags":[],"class_list":["post-4922","post","type-post","status-publish","format-standard","has-post-thumbnail","hentry","category-vitenskap-og-forskning"],"yoast_head":"<!-- This site is optimized with the Yoast SEO plugin v24.2 - https:\/\/yoast.com\/wordpress\/plugins\/seo\/ -->\n<title>Testimonies from our 2023 laureates of the Arctic Frontiers scholarships - Institut fran\u00e7ais<\/title>\n<meta name=\"robots\" content=\"index, follow, max-snippet:-1, max-image-preview:large, max-video-preview:-1\" \/>\n<link rel=\"canonical\" href=\"https:\/\/www.france.no\/no\/2023\/vitenskap-og-forskning\/testimonies-from-our-2023-laureates-of-the-arctic-frontiers-scholarships\/\" \/>\n<meta property=\"og:locale\" content=\"nb_NO\" \/>\n<meta property=\"og:type\" content=\"article\" \/>\n<meta property=\"og:title\" content=\"Testimonies from our 2023 laureates of the Arctic Frontiers scholarships - Institut fran\u00e7ais\" \/>\n<meta property=\"og:description\" content=\"In 2023, the Institut fran\u00e7ais de Norv\u00e8ge (IFN) supported the participation of two young researchers in the Arctic Frontiers conference and its associated program, Emerging Leaders. Arctic Frontiers is an annual seminar aimed at fostering dialogue between the scientific, political, and industrial spheres of the Arctic and promoting relations among different nations and ethnic groups [&hellip;]\" \/>\n<meta property=\"og:url\" content=\"https:\/\/www.france.no\/no\/2023\/vitenskap-og-forskning\/testimonies-from-our-2023-laureates-of-the-arctic-frontiers-scholarships\/\" \/>\n<meta property=\"og:site_name\" content=\"Institut fran\u00e7ais\" \/>\n<meta property=\"article:publisher\" content=\"https:\/\/www.facebook.com\/institutfrancaisoslo\" \/>\n<meta property=\"article:published_time\" content=\"2023-07-21T10:37:46+00:00\" \/>\n<meta property=\"article:modified_time\" content=\"2023-11-10T08:02:24+00:00\" \/>\n<meta property=\"og:image\" content=\"https:\/\/www.france.no\/wp-content\/uploads\/2023\/07\/William-JacobsenArctic-Frontiers-scaled-e1689936105434-1098x617.jpg\" \/>\n\t<meta property=\"og:image:width\" content=\"2560\" \/>\n\t<meta property=\"og:image:height\" content=\"1420\" \/>\n\t<meta property=\"og:image:type\" content=\"image\/jpeg\" \/>\n<meta name=\"author\" content=\"J\u00e9r\u00f4me ANDR\u00c9\" \/>\n<meta name=\"twitter:card\" content=\"summary_large_image\" \/>\n<meta name=\"twitter:creator\" content=\"@ifnorvege\" \/>\n<meta name=\"twitter:site\" content=\"@ifnorvege\" \/>\n<meta name=\"twitter:label1\" content=\"Skrevet av\" \/>\n\t<meta name=\"twitter:data1\" content=\"J\u00e9r\u00f4me ANDR\u00c9\" \/>\n\t<meta name=\"twitter:label2\" content=\"Ansl. lesetid\" \/>\n\t<meta name=\"twitter:data2\" content=\"5 minutter\" \/>\n<script type=\"application\/ld+json\" class=\"yoast-schema-graph\">{\"@context\":\"https:\/\/schema.org\",\"@graph\":[{\"@type\":\"Article\",\"@id\":\"https:\/\/www.france.no\/no\/2023\/vitenskap-og-forskning\/testimonies-from-our-2023-laureates-of-the-arctic-frontiers-scholarships\/#article\",\"isPartOf\":{\"@id\":\"https:\/\/www.france.no\/no\/2023\/vitenskap-og-forskning\/testimonies-from-our-2023-laureates-of-the-arctic-frontiers-scholarships\/\"},\"author\":{\"name\":\"J\u00e9r\u00f4me ANDR\u00c9\",\"@id\":\"https:\/\/www.france.no\/no\/#\/schema\/person\/f2f0bb750bdf17f16994d30050414406\"},\"headline\":\"Testimonies from our 2023 laureates of the Arctic Frontiers scholarships\",\"datePublished\":\"2023-07-21T10:37:46+00:00\",\"dateModified\":\"2023-11-10T08:02:24+00:00\",\"mainEntityOfPage\":{\"@id\":\"https:\/\/www.france.no\/no\/2023\/vitenskap-og-forskning\/testimonies-from-our-2023-laureates-of-the-arctic-frontiers-scholarships\/\"},\"wordCount\":663,\"publisher\":{\"@id\":\"https:\/\/www.france.no\/no\/#organization\"},\"image\":{\"@id\":\"https:\/\/www.france.no\/no\/2023\/vitenskap-og-forskning\/testimonies-from-our-2023-laureates-of-the-arctic-frontiers-scholarships\/#primaryimage\"},\"thumbnailUrl\":\"https:\/\/www.france.no\/wp-content\/uploads\/2023\/07\/William-JacobsenArctic-Frontiers-scaled-e1689936105434-1098x617.jpg\",\"articleSection\":[\"Vitenskap og forskning\"],\"inLanguage\":\"nb-NO\"},{\"@type\":\"WebPage\",\"@id\":\"https:\/\/www.france.no\/no\/2023\/vitenskap-og-forskning\/testimonies-from-our-2023-laureates-of-the-arctic-frontiers-scholarships\/\",\"url\":\"https:\/\/www.france.no\/no\/2023\/vitenskap-og-forskning\/testimonies-from-our-2023-laureates-of-the-arctic-frontiers-scholarships\/\",\"name\":\"Testimonies from our 2023 laureates of the Arctic Frontiers scholarships - Institut fran\u00e7ais\",\"isPartOf\":{\"@id\":\"https:\/\/www.france.no\/no\/#website\"},\"primaryImageOfPage\":{\"@id\":\"https:\/\/www.france.no\/no\/2023\/vitenskap-og-forskning\/testimonies-from-our-2023-laureates-of-the-arctic-frontiers-scholarships\/#primaryimage\"},\"image\":{\"@id\":\"https:\/\/www.france.no\/no\/2023\/vitenskap-og-forskning\/testimonies-from-our-2023-laureates-of-the-arctic-frontiers-scholarships\/#primaryimage\"},\"thumbnailUrl\":\"https:\/\/www.france.no\/wp-content\/uploads\/2023\/07\/William-JacobsenArctic-Frontiers-scaled-e1689936105434-1098x617.jpg\",\"datePublished\":\"2023-07-21T10:37:46+00:00\",\"dateModified\":\"2023-11-10T08:02:24+00:00\",\"breadcrumb\":{\"@id\":\"https:\/\/www.france.no\/no\/2023\/vitenskap-og-forskning\/testimonies-from-our-2023-laureates-of-the-arctic-frontiers-scholarships\/#breadcrumb\"},\"inLanguage\":\"nb-NO\",\"potentialAction\":[{\"@type\":\"ReadAction\",\"target\":[\"https:\/\/www.france.no\/no\/2023\/vitenskap-og-forskning\/testimonies-from-our-2023-laureates-of-the-arctic-frontiers-scholarships\/\"]}]},{\"@type\":\"ImageObject\",\"inLanguage\":\"nb-NO\",\"@id\":\"https:\/\/www.france.no\/no\/2023\/vitenskap-og-forskning\/testimonies-from-our-2023-laureates-of-the-arctic-frontiers-scholarships\/#primaryimage\",\"url\":\"https:\/\/www.france.no\/wp-content\/uploads\/2023\/07\/William-JacobsenArctic-Frontiers-scaled-e1689936105434-1098x617.jpg\",\"contentUrl\":\"https:\/\/www.france.no\/wp-content\/uploads\/2023\/07\/William-JacobsenArctic-Frontiers-scaled-e1689936105434-1098x617.jpg\",\"width\":2560,\"height\":1420},{\"@type\":\"BreadcrumbList\",\"@id\":\"https:\/\/www.france.no\/no\/2023\/vitenskap-og-forskning\/testimonies-from-our-2023-laureates-of-the-arctic-frontiers-scholarships\/#breadcrumb\",\"itemListElement\":[{\"@type\":\"ListItem\",\"position\":1,\"name\":\"\",\"item\":\"https:\/\/www.france.no\/no\/\"},{\"@type\":\"ListItem\",\"position\":2,\"name\":\"Vitenskap og forskning\",\"item\":\"https:\/\/www.france.no\/no\/category\/vitenskap-og-forskning\/\"},{\"@type\":\"ListItem\",\"position\":3,\"name\":\"Testimonies from our 2023 laureates of the Arctic Frontiers scholarships\"}]},{\"@type\":\"WebSite\",\"@id\":\"https:\/\/www.france.no\/no\/#website\",\"url\":\"https:\/\/www.france.no\/no\/\",\"name\":\"Institut fran\u00e7ais\",\"description\":\"Norv\u00e8ge\",\"publisher\":{\"@id\":\"https:\/\/www.france.no\/no\/#organization\"},\"potentialAction\":[{\"@type\":\"SearchAction\",\"target\":{\"@type\":\"EntryPoint\",\"urlTemplate\":\"https:\/\/www.france.no\/no\/?s={search_term_string}\"},\"query-input\":{\"@type\":\"PropertyValueSpecification\",\"valueRequired\":true,\"valueName\":\"search_term_string\"}}],\"inLanguage\":\"nb-NO\"},{\"@type\":\"Organization\",\"@id\":\"https:\/\/www.france.no\/no\/#organization\",\"name\":\"Institut fran\u00e7ais\",\"url\":\"https:\/\/www.france.no\/no\/\",\"logo\":{\"@type\":\"ImageObject\",\"inLanguage\":\"nb-NO\",\"@id\":\"https:\/\/www.france.no\/no\/#\/schema\/logo\/image\/\",\"url\":\"https:\/\/www.france.no\/wp-content\/uploads\/2022\/11\/IF_Logo_Sans_Bleu_RVB.png\",\"contentUrl\":\"https:\/\/www.france.no\/wp-content\/uploads\/2022\/11\/IF_Logo_Sans_Bleu_RVB.png\",\"width\":852,\"height\":591,\"caption\":\"Institut fran\u00e7ais\"},\"image\":{\"@id\":\"https:\/\/www.france.no\/no\/#\/schema\/logo\/image\/\"},\"sameAs\":[\"https:\/\/www.facebook.com\/institutfrancaisoslo\",\"https:\/\/x.com\/ifnorvege\",\"https:\/\/instagram.com\/ifnorvege\"]},{\"@type\":\"Person\",\"@id\":\"https:\/\/www.france.no\/no\/#\/schema\/person\/f2f0bb750bdf17f16994d30050414406\",\"name\":\"J\u00e9r\u00f4me ANDR\u00c9\",\"image\":{\"@type\":\"ImageObject\",\"inLanguage\":\"nb-NO\",\"@id\":\"https:\/\/www.france.no\/no\/#\/schema\/person\/image\/\",\"url\":\"https:\/\/secure.gravatar.com\/avatar\/ada66540f8b03061c12e46d80aa587607c5364b2eccc62216d08deaf8efc595d?s=96&d=mm&r=g\",\"contentUrl\":\"https:\/\/secure.gravatar.com\/avatar\/ada66540f8b03061c12e46d80aa587607c5364b2eccc62216d08deaf8efc595d?s=96&d=mm&r=g\",\"caption\":\"J\u00e9r\u00f4me ANDR\u00c9\"},\"url\":\"https:\/\/www.france.no\/no\/author\/jerome\/\"}]}<\/script>\n<!-- \/ Yoast SEO plugin. -->","yoast_head_json":{"title":"Testimonies from our 2023 laureates of the Arctic Frontiers scholarships - Institut fran\u00e7ais","robots":{"index":"index","follow":"follow","max-snippet":"max-snippet:-1","max-image-preview":"max-image-preview:large","max-video-preview":"max-video-preview:-1"},"canonical":"https:\/\/www.france.no\/no\/2023\/vitenskap-og-forskning\/testimonies-from-our-2023-laureates-of-the-arctic-frontiers-scholarships\/","og_locale":"nb_NO","og_type":"article","og_title":"Testimonies from our 2023 laureates of the Arctic Frontiers scholarships - Institut fran\u00e7ais","og_description":"In 2023, the Institut fran\u00e7ais de Norv\u00e8ge (IFN) supported the participation of two young researchers in the Arctic Frontiers conference and its associated program, Emerging Leaders. Arctic Frontiers is an annual seminar aimed at fostering dialogue between the scientific, political, and industrial spheres of the Arctic and promoting relations among different nations and ethnic groups [&hellip;]","og_url":"https:\/\/www.france.no\/no\/2023\/vitenskap-og-forskning\/testimonies-from-our-2023-laureates-of-the-arctic-frontiers-scholarships\/","og_site_name":"Institut fran\u00e7ais","article_publisher":"https:\/\/www.facebook.com\/institutfrancaisoslo","article_published_time":"2023-07-21T10:37:46+00:00","article_modified_time":"2023-11-10T08:02:24+00:00","og_image":[{"width":2560,"height":1420,"url":"https:\/\/www.france.no\/wp-content\/uploads\/2023\/07\/William-JacobsenArctic-Frontiers-scaled-e1689936105434-1098x617.jpg","type":"image\/jpeg"}],"author":"J\u00e9r\u00f4me ANDR\u00c9","twitter_card":"summary_large_image","twitter_creator":"@ifnorvege","twitter_site":"@ifnorvege","twitter_misc":{"Skrevet av":"J\u00e9r\u00f4me ANDR\u00c9","Ansl. lesetid":"5 minutter"},"schema":{"@context":"https:\/\/schema.org","@graph":[{"@type":"Article","@id":"https:\/\/www.france.no\/no\/2023\/vitenskap-og-forskning\/testimonies-from-our-2023-laureates-of-the-arctic-frontiers-scholarships\/#article","isPartOf":{"@id":"https:\/\/www.france.no\/no\/2023\/vitenskap-og-forskning\/testimonies-from-our-2023-laureates-of-the-arctic-frontiers-scholarships\/"},"author":{"name":"J\u00e9r\u00f4me ANDR\u00c9","@id":"https:\/\/www.france.no\/no\/#\/schema\/person\/f2f0bb750bdf17f16994d30050414406"},"headline":"Testimonies from our 2023 laureates of the Arctic Frontiers scholarships","datePublished":"2023-07-21T10:37:46+00:00","dateModified":"2023-11-10T08:02:24+00:00","mainEntityOfPage":{"@id":"https:\/\/www.france.no\/no\/2023\/vitenskap-og-forskning\/testimonies-from-our-2023-laureates-of-the-arctic-frontiers-scholarships\/"},"wordCount":663,"publisher":{"@id":"https:\/\/www.france.no\/no\/#organization"},"image":{"@id":"https:\/\/www.france.no\/no\/2023\/vitenskap-og-forskning\/testimonies-from-our-2023-laureates-of-the-arctic-frontiers-scholarships\/#primaryimage"},"thumbnailUrl":"https:\/\/www.france.no\/wp-content\/uploads\/2023\/07\/William-JacobsenArctic-Frontiers-scaled-e1689936105434-1098x617.jpg","articleSection":["Vitenskap og forskning"],"inLanguage":"nb-NO"},{"@type":"WebPage","@id":"https:\/\/www.france.no\/no\/2023\/vitenskap-og-forskning\/testimonies-from-our-2023-laureates-of-the-arctic-frontiers-scholarships\/","url":"https:\/\/www.france.no\/no\/2023\/vitenskap-og-forskning\/testimonies-from-our-2023-laureates-of-the-arctic-frontiers-scholarships\/","name":"Testimonies from our 2023 laureates of the Arctic Frontiers scholarships - Institut fran\u00e7ais","isPartOf":{"@id":"https:\/\/www.france.no\/no\/#website"},"primaryImageOfPage":{"@id":"https:\/\/www.france.no\/no\/2023\/vitenskap-og-forskning\/testimonies-from-our-2023-laureates-of-the-arctic-frontiers-scholarships\/#primaryimage"},"image":{"@id":"https:\/\/www.france.no\/no\/2023\/vitenskap-og-forskning\/testimonies-from-our-2023-laureates-of-the-arctic-frontiers-scholarships\/#primaryimage"},"thumbnailUrl":"https:\/\/www.france.no\/wp-content\/uploads\/2023\/07\/William-JacobsenArctic-Frontiers-scaled-e1689936105434-1098x617.jpg","datePublished":"2023-07-21T10:37:46+00:00","dateModified":"2023-11-10T08:02:24+00:00","breadcrumb":{"@id":"https:\/\/www.france.no\/no\/2023\/vitenskap-og-forskning\/testimonies-from-our-2023-laureates-of-the-arctic-frontiers-scholarships\/#breadcrumb"},"inLanguage":"nb-NO","potentialAction":[{"@type":"ReadAction","target":["https:\/\/www.france.no\/no\/2023\/vitenskap-og-forskning\/testimonies-from-our-2023-laureates-of-the-arctic-frontiers-scholarships\/"]}]},{"@type":"ImageObject","inLanguage":"nb-NO","@id":"https:\/\/www.france.no\/no\/2023\/vitenskap-og-forskning\/testimonies-from-our-2023-laureates-of-the-arctic-frontiers-scholarships\/#primaryimage","url":"https:\/\/www.france.no\/wp-content\/uploads\/2023\/07\/William-JacobsenArctic-Frontiers-scaled-e1689936105434-1098x617.jpg","contentUrl":"https:\/\/www.france.no\/wp-content\/uploads\/2023\/07\/William-JacobsenArctic-Frontiers-scaled-e1689936105434-1098x617.jpg","width":2560,"height":1420},{"@type":"BreadcrumbList","@id":"https:\/\/www.france.no\/no\/2023\/vitenskap-og-forskning\/testimonies-from-our-2023-laureates-of-the-arctic-frontiers-scholarships\/#breadcrumb","itemListElement":[{"@type":"ListItem","position":1,"name":"","item":"https:\/\/www.france.no\/no\/"},{"@type":"ListItem","position":2,"name":"Vitenskap og forskning","item":"https:\/\/www.france.no\/no\/category\/vitenskap-og-forskning\/"},{"@type":"ListItem","position":3,"name":"Testimonies from our 2023 laureates of the Arctic Frontiers scholarships"}]},{"@type":"WebSite","@id":"https:\/\/www.france.no\/no\/#website","url":"https:\/\/www.france.no\/no\/","name":"Institut fran\u00e7ais","description":"Norv\u00e8ge","publisher":{"@id":"https:\/\/www.france.no\/no\/#organization"},"potentialAction":[{"@type":"SearchAction","target":{"@type":"EntryPoint","urlTemplate":"https:\/\/www.france.no\/no\/?s={search_term_string}"},"query-input":{"@type":"PropertyValueSpecification","valueRequired":true,"valueName":"search_term_string"}}],"inLanguage":"nb-NO"},{"@type":"Organization","@id":"https:\/\/www.france.no\/no\/#organization","name":"Institut fran\u00e7ais","url":"https:\/\/www.france.no\/no\/","logo":{"@type":"ImageObject","inLanguage":"nb-NO","@id":"https:\/\/www.france.no\/no\/#\/schema\/logo\/image\/","url":"https:\/\/www.france.no\/wp-content\/uploads\/2022\/11\/IF_Logo_Sans_Bleu_RVB.png","contentUrl":"https:\/\/www.france.no\/wp-content\/uploads\/2022\/11\/IF_Logo_Sans_Bleu_RVB.png","width":852,"height":591,"caption":"Institut fran\u00e7ais"},"image":{"@id":"https:\/\/www.france.no\/no\/#\/schema\/logo\/image\/"},"sameAs":["https:\/\/www.facebook.com\/institutfrancaisoslo","https:\/\/x.com\/ifnorvege","https:\/\/instagram.com\/ifnorvege"]},{"@type":"Person","@id":"https:\/\/www.france.no\/no\/#\/schema\/person\/f2f0bb750bdf17f16994d30050414406","name":"J\u00e9r\u00f4me ANDR\u00c9","image":{"@type":"ImageObject","inLanguage":"nb-NO","@id":"https:\/\/www.france.no\/no\/#\/schema\/person\/image\/","url":"https:\/\/secure.gravatar.com\/avatar\/ada66540f8b03061c12e46d80aa587607c5364b2eccc62216d08deaf8efc595d?s=96&d=mm&r=g","contentUrl":"https:\/\/secure.gravatar.com\/avatar\/ada66540f8b03061c12e46d80aa587607c5364b2eccc62216d08deaf8efc595d?s=96&d=mm&r=g","caption":"J\u00e9r\u00f4me ANDR\u00c9"},"url":"https:\/\/www.france.no\/no\/author\/jerome\/"}]}},"_links":{"self":[{"href":"https:\/\/www.france.no\/no\/wp-json\/wp\/v2\/posts\/4922","targetHints":{"allow":["GET"]}}],"collection":[{"href":"https:\/\/www.france.no\/no\/wp-json\/wp\/v2\/posts"}],"about":[{"href":"https:\/\/www.france.no\/no\/wp-json\/wp\/v2\/types\/post"}],"author":[{"embeddable":true,"href":"https:\/\/www.france.no\/no\/wp-json\/wp\/v2\/users\/9"}],"replies":[{"embeddable":true,"href":"https:\/\/www.france.no\/no\/wp-json\/wp\/v2\/comments?post=4922"}],"version-history":[{"count":4,"href":"https:\/\/www.france.no\/no\/wp-json\/wp\/v2\/posts\/4922\/revisions"}],"predecessor-version":[{"id":6598,"href":"https:\/\/www.france.no\/no\/wp-json\/wp\/v2\/posts\/4922\/revisions\/6598"}],"wp:featuredmedia":[{"embeddable":true,"href":"https:\/\/www.france.no\/no\/wp-json\/wp\/v2\/media\/4935"}],"wp:attachment":[{"href":"https:\/\/www.france.no\/no\/wp-json\/wp\/v2\/media?parent=4922"}],"wp:term":[{"taxonomy":"category","embeddable":true,"href":"https:\/\/www.france.no\/no\/wp-json\/wp\/v2\/categories?post=4922"},{"taxonomy":"post_tag","embeddable":true,"href":"https:\/\/www.france.no\/no\/wp-json\/wp\/v2\/tags?post=4922"}],"curies":[{"name":"wp","href":"https:\/\/api.w.org\/{rel}","templated":true}]}}