{"id":5049,"date":"2023-08-23T09:15:13","date_gmt":"2023-08-23T07:15:13","guid":{"rendered":"https:\/\/www.france.no\/2023\/kultur\/oslo-pix-filmfestival\/"},"modified":"2023-09-08T09:38:41","modified_gmt":"2023-09-08T07:38:41","slug":"oslo-pix-filmfestival","status":"publish","type":"post","link":"https:\/\/www.france.no\/no\/2023\/kultur\/oslo-pix-filmfestival\/","title":{"rendered":"Oslo Pix Filmfestival"},"content":{"rendered":"\n<p><strong>28. august \u2013 3. september<\/strong> arrangeres den sjette utgaven av <strong>Oslo Pix Filmfestival<\/strong>. Festivalprogrammet det omfatter over 100 filmer, utekino, spennende debatter, verdenspremierer og gjester fra inn- og utland.&nbsp;&nbsp;<\/p>\n\n\n\n<p><strong>Oslo Pix Filmfestival<\/strong>, med st\u00f8tte fra Institut fran\u00e7ais de Norv\u00e8ge, skal blant annet vise h\u00f8ydepunktene fra Cannes hvor en rekke franske filmer er p\u00e5 programmet\u202f:&nbsp;<\/p>\n\n\n\n<p>Jeanne de Barry:\u202f<a href=\"https:\/\/www.oslopix.no\/no\/film\/2023\/jeanne-du-barry\" target=\"_blank\" rel=\"noreferrer noopener\">https:\/\/www.oslopix.no\/no\/film\/2023\/jeanne-du-barry<\/a>&nbsp;<\/p>\n\n\n\n<p>\u00c0ma Gloria:\u202f<a href=\"https:\/\/www.oslopix.no\/no\/film\/2023\/%C3%A0ma-gloria\" target=\"_blank\" rel=\"noreferrer noopener\">https:\/\/www.oslopix.no\/no\/film\/2023\/%C3%A0ma-gloria<\/a>&nbsp;<\/p>\n\n\n\n<p>Anatomy of a Fall:\u202f<a href=\"https:\/\/www.oslopix.no\/no\/film\/2023\/anatomy-of-a-fall\" target=\"_blank\" rel=\"noreferrer noopener\">https:\/\/www.oslopix.no\/no\/film\/2023\/anatomy-of-a-fall<\/a>&nbsp;<\/p>\n\n\n\n<p>Midwives:\u202f<a href=\"https:\/\/www.oslopix.no\/no\/film\/2023\/midwives\" target=\"_blank\" rel=\"noreferrer noopener\">https:\/\/www.oslopix.no\/no\/film\/2023\/midwives<\/a>&nbsp;<\/p>\n\n\n\n<p>Mars Express:\u202f<a href=\"https:\/\/www.oslopix.no\/no\/film\/2023\/midwives\" target=\"_blank\" rel=\"noreferrer noopener\">https:\/\/www.oslopix.no\/no\/film\/2023\/midwives<\/a>&nbsp;<\/p>\n\n\n\n<p>Hele festivalprogrammet og mer informasjon finner du her\u202f: <a href=\"https:\/\/www.oslopix.no\/no\/program?\" target=\"_blank\" rel=\"noreferrer noopener\">https:\/\/www.oslopix.no\/no\/program&nbsp;<\/a><\/p>\n","protected":false},"excerpt":{"rendered":"<p>28. august \u2013 3. september arrangeres den sjette utgaven av Oslo Pix Filmfestival. Festivalprogrammet det omfatter over 100 filmer, utekino, spennende debatter, verdenspremierer og gjester fra inn- og utland.&nbsp;&nbsp; Oslo Pix Filmfestival, med st\u00f8tte fra Institut fran\u00e7ais de Norv\u00e8ge, skal blant annet vise h\u00f8ydepunktene fra Cannes hvor en rekke franske filmer er p\u00e5 programmet\u202f:&nbsp; Jeanne [&hellip;]<\/p>\n","protected":false},"author":6,"featured_media":5047,"comment_status":"closed","ping_status":"open","sticky":false,"template":"","format":"standard","meta":{"footnotes":""},"categories":[31,5],"tags":[],"class_list":["post-5049","post","type-post","status-publish","format-standard","has-post-thumbnail","hentry","category-film","category-kultur"],"yoast_head":"<!-- This site is optimized with the Yoast SEO plugin v24.2 - https:\/\/yoast.com\/wordpress\/plugins\/seo\/ -->\n<title>Oslo Pix Filmfestival - Institut fran\u00e7ais<\/title>\n<meta name=\"robots\" content=\"index, follow, max-snippet:-1, max-image-preview:large, max-video-preview:-1\" \/>\n<link rel=\"canonical\" href=\"https:\/\/www.france.no\/no\/2023\/kultur\/oslo-pix-filmfestival\/\" \/>\n<meta property=\"og:locale\" content=\"nb_NO\" \/>\n<meta property=\"og:type\" content=\"article\" \/>\n<meta property=\"og:title\" content=\"Oslo Pix Filmfestival - Institut fran\u00e7ais\" \/>\n<meta property=\"og:description\" content=\"28. august \u2013 3. september arrangeres den sjette utgaven av Oslo Pix Filmfestival. Festivalprogrammet det omfatter over 100 filmer, utekino, spennende debatter, verdenspremierer og gjester fra inn- og utland.&nbsp;&nbsp; Oslo Pix Filmfestival, med st\u00f8tte fra Institut fran\u00e7ais de Norv\u00e8ge, skal blant annet vise h\u00f8ydepunktene fra Cannes hvor en rekke franske filmer er p\u00e5 programmet\u202f:&nbsp; Jeanne [&hellip;]\" \/>\n<meta property=\"og:url\" content=\"https:\/\/www.france.no\/no\/2023\/kultur\/oslo-pix-filmfestival\/\" \/>\n<meta property=\"og:site_name\" content=\"Institut fran\u00e7ais\" \/>\n<meta property=\"article:publisher\" content=\"https:\/\/www.facebook.com\/institutfrancaisoslo\" \/>\n<meta property=\"article:published_time\" content=\"2023-08-23T07:15:13+00:00\" \/>\n<meta property=\"article:modified_time\" content=\"2023-09-08T07:38:41+00:00\" \/>\n<meta property=\"og:image\" content=\"https:\/\/www.france.no\/wp-content\/uploads\/2023\/08\/Jeanne-De-Barry_Bilde_Liggende_OPFF-logo-1024x576.png\" \/>\n\t<meta property=\"og:image:width\" content=\"1024\" \/>\n\t<meta property=\"og:image:height\" content=\"576\" \/>\n\t<meta property=\"og:image:type\" content=\"image\/png\" \/>\n<meta name=\"author\" content=\"P\u00f4le Communication\" \/>\n<meta name=\"twitter:card\" content=\"summary_large_image\" \/>\n<meta name=\"twitter:creator\" content=\"@ifnorvege\" \/>\n<meta name=\"twitter:site\" content=\"@ifnorvege\" \/>\n<meta name=\"twitter:label1\" content=\"Skrevet av\" \/>\n\t<meta name=\"twitter:data1\" content=\"P\u00f4le Communication\" \/>\n\t<meta name=\"twitter:label2\" content=\"Ansl. lesetid\" \/>\n\t<meta name=\"twitter:data2\" content=\"1 minutt\" \/>\n<script type=\"application\/ld+json\" class=\"yoast-schema-graph\">{\"@context\":\"https:\/\/schema.org\",\"@graph\":[{\"@type\":\"Article\",\"@id\":\"https:\/\/www.france.no\/no\/2023\/kultur\/oslo-pix-filmfestival\/#article\",\"isPartOf\":{\"@id\":\"https:\/\/www.france.no\/no\/2023\/kultur\/oslo-pix-filmfestival\/\"},\"author\":{\"name\":\"P\u00f4le Communication\",\"@id\":\"https:\/\/www.france.no\/no\/#\/schema\/person\/e911222e8703f294589a6d80b1c16f97\"},\"headline\":\"Oslo Pix Filmfestival\",\"datePublished\":\"2023-08-23T07:15:13+00:00\",\"dateModified\":\"2023-09-08T07:38:41+00:00\",\"mainEntityOfPage\":{\"@id\":\"https:\/\/www.france.no\/no\/2023\/kultur\/oslo-pix-filmfestival\/\"},\"wordCount\":129,\"publisher\":{\"@id\":\"https:\/\/www.france.no\/no\/#organization\"},\"image\":{\"@id\":\"https:\/\/www.france.no\/no\/2023\/kultur\/oslo-pix-filmfestival\/#primaryimage\"},\"thumbnailUrl\":\"https:\/\/www.france.no\/wp-content\/uploads\/2023\/08\/Jeanne-De-Barry_Bilde_Liggende_OPFF-logo-1098x617.png\",\"articleSection\":[\"Film\",\"Kultur\"],\"inLanguage\":\"nb-NO\"},{\"@type\":\"WebPage\",\"@id\":\"https:\/\/www.france.no\/no\/2023\/kultur\/oslo-pix-filmfestival\/\",\"url\":\"https:\/\/www.france.no\/no\/2023\/kultur\/oslo-pix-filmfestival\/\",\"name\":\"Oslo Pix Filmfestival - Institut fran\u00e7ais\",\"isPartOf\":{\"@id\":\"https:\/\/www.france.no\/no\/#website\"},\"primaryImageOfPage\":{\"@id\":\"https:\/\/www.france.no\/no\/2023\/kultur\/oslo-pix-filmfestival\/#primaryimage\"},\"image\":{\"@id\":\"https:\/\/www.france.no\/no\/2023\/kultur\/oslo-pix-filmfestival\/#primaryimage\"},\"thumbnailUrl\":\"https:\/\/www.france.no\/wp-content\/uploads\/2023\/08\/Jeanne-De-Barry_Bilde_Liggende_OPFF-logo-1098x617.png\",\"datePublished\":\"2023-08-23T07:15:13+00:00\",\"dateModified\":\"2023-09-08T07:38:41+00:00\",\"breadcrumb\":{\"@id\":\"https:\/\/www.france.no\/no\/2023\/kultur\/oslo-pix-filmfestival\/#breadcrumb\"},\"inLanguage\":\"nb-NO\",\"potentialAction\":[{\"@type\":\"ReadAction\",\"target\":[\"https:\/\/www.france.no\/no\/2023\/kultur\/oslo-pix-filmfestival\/\"]}]},{\"@type\":\"ImageObject\",\"inLanguage\":\"nb-NO\",\"@id\":\"https:\/\/www.france.no\/no\/2023\/kultur\/oslo-pix-filmfestival\/#primaryimage\",\"url\":\"https:\/\/www.france.no\/wp-content\/uploads\/2023\/08\/Jeanne-De-Barry_Bilde_Liggende_OPFF-logo-1098x617.png\",\"contentUrl\":\"https:\/\/www.france.no\/wp-content\/uploads\/2023\/08\/Jeanne-De-Barry_Bilde_Liggende_OPFF-logo-1098x617.png\",\"width\":1920,\"height\":1080},{\"@type\":\"BreadcrumbList\",\"@id\":\"https:\/\/www.france.no\/no\/2023\/kultur\/oslo-pix-filmfestival\/#breadcrumb\",\"itemListElement\":[{\"@type\":\"ListItem\",\"position\":1,\"name\":\"\",\"item\":\"https:\/\/www.france.no\/no\/\"},{\"@type\":\"ListItem\",\"position\":2,\"name\":\"Kultur\",\"item\":\"https:\/\/www.france.no\/no\/category\/kultur\/\"},{\"@type\":\"ListItem\",\"position\":3,\"name\":\"Oslo Pix Filmfestival\"}]},{\"@type\":\"WebSite\",\"@id\":\"https:\/\/www.france.no\/no\/#website\",\"url\":\"https:\/\/www.france.no\/no\/\",\"name\":\"Institut fran\u00e7ais\",\"description\":\"Norv\u00e8ge\",\"publisher\":{\"@id\":\"https:\/\/www.france.no\/no\/#organization\"},\"potentialAction\":[{\"@type\":\"SearchAction\",\"target\":{\"@type\":\"EntryPoint\",\"urlTemplate\":\"https:\/\/www.france.no\/no\/?s={search_term_string}\"},\"query-input\":{\"@type\":\"PropertyValueSpecification\",\"valueRequired\":true,\"valueName\":\"search_term_string\"}}],\"inLanguage\":\"nb-NO\"},{\"@type\":\"Organization\",\"@id\":\"https:\/\/www.france.no\/no\/#organization\",\"name\":\"Institut fran\u00e7ais\",\"url\":\"https:\/\/www.france.no\/no\/\",\"logo\":{\"@type\":\"ImageObject\",\"inLanguage\":\"nb-NO\",\"@id\":\"https:\/\/www.france.no\/no\/#\/schema\/logo\/image\/\",\"url\":\"https:\/\/www.france.no\/wp-content\/uploads\/2022\/11\/IF_Logo_Sans_Bleu_RVB.png\",\"contentUrl\":\"https:\/\/www.france.no\/wp-content\/uploads\/2022\/11\/IF_Logo_Sans_Bleu_RVB.png\",\"width\":852,\"height\":591,\"caption\":\"Institut fran\u00e7ais\"},\"image\":{\"@id\":\"https:\/\/www.france.no\/no\/#\/schema\/logo\/image\/\"},\"sameAs\":[\"https:\/\/www.facebook.com\/institutfrancaisoslo\",\"https:\/\/x.com\/ifnorvege\",\"https:\/\/instagram.com\/ifnorvege\"]},{\"@type\":\"Person\",\"@id\":\"https:\/\/www.france.no\/no\/#\/schema\/person\/e911222e8703f294589a6d80b1c16f97\",\"name\":\"P\u00f4le Communication\",\"image\":{\"@type\":\"ImageObject\",\"inLanguage\":\"nb-NO\",\"@id\":\"https:\/\/www.france.no\/no\/#\/schema\/person\/image\/\",\"url\":\"https:\/\/secure.gravatar.com\/avatar\/20ae085a8b5fd613a02d28588389144802d3ba9408c852b2c6c7c4b17cc39660?s=96&d=mm&r=g\",\"contentUrl\":\"https:\/\/secure.gravatar.com\/avatar\/20ae085a8b5fd613a02d28588389144802d3ba9408c852b2c6c7c4b17cc39660?s=96&d=mm&r=g\",\"caption\":\"P\u00f4le Communication\"},\"url\":\"https:\/\/www.france.no\/no\/author\/polecom\/\"}]}<\/script>\n<!-- \/ Yoast SEO plugin. -->","yoast_head_json":{"title":"Oslo Pix Filmfestival - Institut fran\u00e7ais","robots":{"index":"index","follow":"follow","max-snippet":"max-snippet:-1","max-image-preview":"max-image-preview:large","max-video-preview":"max-video-preview:-1"},"canonical":"https:\/\/www.france.no\/no\/2023\/kultur\/oslo-pix-filmfestival\/","og_locale":"nb_NO","og_type":"article","og_title":"Oslo Pix Filmfestival - Institut fran\u00e7ais","og_description":"28. august \u2013 3. september arrangeres den sjette utgaven av Oslo Pix Filmfestival. Festivalprogrammet det omfatter over 100 filmer, utekino, spennende debatter, verdenspremierer og gjester fra inn- og utland.&nbsp;&nbsp; Oslo Pix Filmfestival, med st\u00f8tte fra Institut fran\u00e7ais de Norv\u00e8ge, skal blant annet vise h\u00f8ydepunktene fra Cannes hvor en rekke franske filmer er p\u00e5 programmet\u202f:&nbsp; Jeanne [&hellip;]","og_url":"https:\/\/www.france.no\/no\/2023\/kultur\/oslo-pix-filmfestival\/","og_site_name":"Institut fran\u00e7ais","article_publisher":"https:\/\/www.facebook.com\/institutfrancaisoslo","article_published_time":"2023-08-23T07:15:13+00:00","article_modified_time":"2023-09-08T07:38:41+00:00","og_image":[{"width":1024,"height":576,"url":"https:\/\/www.france.no\/wp-content\/uploads\/2023\/08\/Jeanne-De-Barry_Bilde_Liggende_OPFF-logo-1024x576.png","type":"image\/png"}],"author":"P\u00f4le Communication","twitter_card":"summary_large_image","twitter_creator":"@ifnorvege","twitter_site":"@ifnorvege","twitter_misc":{"Skrevet av":"P\u00f4le Communication","Ansl. lesetid":"1 minutt"},"schema":{"@context":"https:\/\/schema.org","@graph":[{"@type":"Article","@id":"https:\/\/www.france.no\/no\/2023\/kultur\/oslo-pix-filmfestival\/#article","isPartOf":{"@id":"https:\/\/www.france.no\/no\/2023\/kultur\/oslo-pix-filmfestival\/"},"author":{"name":"P\u00f4le Communication","@id":"https:\/\/www.france.no\/no\/#\/schema\/person\/e911222e8703f294589a6d80b1c16f97"},"headline":"Oslo Pix Filmfestival","datePublished":"2023-08-23T07:15:13+00:00","dateModified":"2023-09-08T07:38:41+00:00","mainEntityOfPage":{"@id":"https:\/\/www.france.no\/no\/2023\/kultur\/oslo-pix-filmfestival\/"},"wordCount":129,"publisher":{"@id":"https:\/\/www.france.no\/no\/#organization"},"image":{"@id":"https:\/\/www.france.no\/no\/2023\/kultur\/oslo-pix-filmfestival\/#primaryimage"},"thumbnailUrl":"https:\/\/www.france.no\/wp-content\/uploads\/2023\/08\/Jeanne-De-Barry_Bilde_Liggende_OPFF-logo-1098x617.png","articleSection":["Film","Kultur"],"inLanguage":"nb-NO"},{"@type":"WebPage","@id":"https:\/\/www.france.no\/no\/2023\/kultur\/oslo-pix-filmfestival\/","url":"https:\/\/www.france.no\/no\/2023\/kultur\/oslo-pix-filmfestival\/","name":"Oslo Pix Filmfestival - Institut fran\u00e7ais","isPartOf":{"@id":"https:\/\/www.france.no\/no\/#website"},"primaryImageOfPage":{"@id":"https:\/\/www.france.no\/no\/2023\/kultur\/oslo-pix-filmfestival\/#primaryimage"},"image":{"@id":"https:\/\/www.france.no\/no\/2023\/kultur\/oslo-pix-filmfestival\/#primaryimage"},"thumbnailUrl":"https:\/\/www.france.no\/wp-content\/uploads\/2023\/08\/Jeanne-De-Barry_Bilde_Liggende_OPFF-logo-1098x617.png","datePublished":"2023-08-23T07:15:13+00:00","dateModified":"2023-09-08T07:38:41+00:00","breadcrumb":{"@id":"https:\/\/www.france.no\/no\/2023\/kultur\/oslo-pix-filmfestival\/#breadcrumb"},"inLanguage":"nb-NO","potentialAction":[{"@type":"ReadAction","target":["https:\/\/www.france.no\/no\/2023\/kultur\/oslo-pix-filmfestival\/"]}]},{"@type":"ImageObject","inLanguage":"nb-NO","@id":"https:\/\/www.france.no\/no\/2023\/kultur\/oslo-pix-filmfestival\/#primaryimage","url":"https:\/\/www.france.no\/wp-content\/uploads\/2023\/08\/Jeanne-De-Barry_Bilde_Liggende_OPFF-logo-1098x617.png","contentUrl":"https:\/\/www.france.no\/wp-content\/uploads\/2023\/08\/Jeanne-De-Barry_Bilde_Liggende_OPFF-logo-1098x617.png","width":1920,"height":1080},{"@type":"BreadcrumbList","@id":"https:\/\/www.france.no\/no\/2023\/kultur\/oslo-pix-filmfestival\/#breadcrumb","itemListElement":[{"@type":"ListItem","position":1,"name":"","item":"https:\/\/www.france.no\/no\/"},{"@type":"ListItem","position":2,"name":"Kultur","item":"https:\/\/www.france.no\/no\/category\/kultur\/"},{"@type":"ListItem","position":3,"name":"Oslo Pix Filmfestival"}]},{"@type":"WebSite","@id":"https:\/\/www.france.no\/no\/#website","url":"https:\/\/www.france.no\/no\/","name":"Institut fran\u00e7ais","description":"Norv\u00e8ge","publisher":{"@id":"https:\/\/www.france.no\/no\/#organization"},"potentialAction":[{"@type":"SearchAction","target":{"@type":"EntryPoint","urlTemplate":"https:\/\/www.france.no\/no\/?s={search_term_string}"},"query-input":{"@type":"PropertyValueSpecification","valueRequired":true,"valueName":"search_term_string"}}],"inLanguage":"nb-NO"},{"@type":"Organization","@id":"https:\/\/www.france.no\/no\/#organization","name":"Institut fran\u00e7ais","url":"https:\/\/www.france.no\/no\/","logo":{"@type":"ImageObject","inLanguage":"nb-NO","@id":"https:\/\/www.france.no\/no\/#\/schema\/logo\/image\/","url":"https:\/\/www.france.no\/wp-content\/uploads\/2022\/11\/IF_Logo_Sans_Bleu_RVB.png","contentUrl":"https:\/\/www.france.no\/wp-content\/uploads\/2022\/11\/IF_Logo_Sans_Bleu_RVB.png","width":852,"height":591,"caption":"Institut fran\u00e7ais"},"image":{"@id":"https:\/\/www.france.no\/no\/#\/schema\/logo\/image\/"},"sameAs":["https:\/\/www.facebook.com\/institutfrancaisoslo","https:\/\/x.com\/ifnorvege","https:\/\/instagram.com\/ifnorvege"]},{"@type":"Person","@id":"https:\/\/www.france.no\/no\/#\/schema\/person\/e911222e8703f294589a6d80b1c16f97","name":"P\u00f4le Communication","image":{"@type":"ImageObject","inLanguage":"nb-NO","@id":"https:\/\/www.france.no\/no\/#\/schema\/person\/image\/","url":"https:\/\/secure.gravatar.com\/avatar\/20ae085a8b5fd613a02d28588389144802d3ba9408c852b2c6c7c4b17cc39660?s=96&d=mm&r=g","contentUrl":"https:\/\/secure.gravatar.com\/avatar\/20ae085a8b5fd613a02d28588389144802d3ba9408c852b2c6c7c4b17cc39660?s=96&d=mm&r=g","caption":"P\u00f4le Communication"},"url":"https:\/\/www.france.no\/no\/author\/polecom\/"}]}},"_links":{"self":[{"href":"https:\/\/www.france.no\/no\/wp-json\/wp\/v2\/posts\/5049","targetHints":{"allow":["GET"]}}],"collection":[{"href":"https:\/\/www.france.no\/no\/wp-json\/wp\/v2\/posts"}],"about":[{"href":"https:\/\/www.france.no\/no\/wp-json\/wp\/v2\/types\/post"}],"author":[{"embeddable":true,"href":"https:\/\/www.france.no\/no\/wp-json\/wp\/v2\/users\/6"}],"replies":[{"embeddable":true,"href":"https:\/\/www.france.no\/no\/wp-json\/wp\/v2\/comments?post=5049"}],"version-history":[{"count":6,"href":"https:\/\/www.france.no\/no\/wp-json\/wp\/v2\/posts\/5049\/revisions"}],"predecessor-version":[{"id":5232,"href":"https:\/\/www.france.no\/no\/wp-json\/wp\/v2\/posts\/5049\/revisions\/5232"}],"wp:featuredmedia":[{"embeddable":true,"href":"https:\/\/www.france.no\/no\/wp-json\/wp\/v2\/media\/5047"}],"wp:attachment":[{"href":"https:\/\/www.france.no\/no\/wp-json\/wp\/v2\/media?parent=5049"}],"wp:term":[{"taxonomy":"category","embeddable":true,"href":"https:\/\/www.france.no\/no\/wp-json\/wp\/v2\/categories?post=5049"},{"taxonomy":"post_tag","embeddable":true,"href":"https:\/\/www.france.no\/no\/wp-json\/wp\/v2\/tags?post=5049"}],"curies":[{"name":"wp","href":"https:\/\/api.w.org\/{rel}","templated":true}]}}