{"id":5221,"date":"2023-08-29T16:41:54","date_gmt":"2023-08-29T14:41:54","guid":{"rendered":"https:\/\/www.france.no\/?p=5221"},"modified":"2023-09-14T09:05:02","modified_gmt":"2023-09-14T07:05:02","slug":"oslo-internasjonale-kirkemusikkfestival-2","status":"publish","type":"post","link":"https:\/\/www.france.no\/no\/2023\/kultur\/oslo-internasjonale-kirkemusikkfestival-2\/","title":{"rendered":"Oslo Internasjonale Kirkemusikkfestival"},"content":{"rendered":"\n<p><strong>I anledning 2023 utgaven av kammermusikkfestivalen<em> Oslo Internasjonale Kirkemusikkfestival<\/em> som finner sted fra 2. til 10. september i Oslo domkirke, opptrer Jordi Savall og musikerne i Hesp\u00e8rion XXI-ensemblet p\u00e5 \u00e5pningskonserten 2. september kl 19.00 i Oslo domkirke.<\/strong><\/p>\n\n\n\n<p>Denne gangen er de tilbake med Orpheus 21-prosjektet, sammen med profesjonelle musikere som har blitt tvunget til \u00e5 flykte fra sine hjemland p\u00e5 grunn av krig og konflikt, og som har blitt forfulgt p\u00e5 grunn av sitt kunstneriske arbeid. Med st\u00f8tte fra den franske organisasjonen Saline Royale d&#8217;Arc-et-Senans, har de v\u00e6rt i stand til \u00e5 opprettholde, utveksle og presentere sine musikalske ferdigheter gjennom workshops og konserter, noe som har v\u00e6rt mulig fordi at administrative prosedyrer har v\u00e6rt knyttet til flyktningstatus.<\/p>\n\n\n\n<p>Den spanske fiolinisten Jordi Savall, p\u00e5 initiativ av Orpheus 21, har som m\u00e5l \u00e5 forene ulike kulturer basert p\u00e5 kunst og historie. Musikerne kommer fra land som Syria, Iran og Tyrkia. I tillegg til konsertene, deler musikerne ogs\u00e5 sin kunnskap med unge flyktninger, for \u00e5 sikre at deres tradisjoner ikke forsvinner. I mange regioner preget av krig og konflikt st\u00e5r en rik kulturarv i fare for \u00e5 bli utslettet.<\/p>\n\n\n\n<p>M\u00e5let med denne konserten er \u00e5 presentere musikk for samhold med m\u00e5l om ikke \u00e5 bli glemt. I gresk mytologi er Orfeus musikkens mester. Med sin praktfulle sang forhekser han hele verden. Han temmer ville dyr, forener folk i konflikt og skaper koblinger mellom \u00f8st og vest. Orient-Occident-programmet presenterer tradisjonell musikk fra flere land, inkludert Syria, Afghanistan, Tyrkia, Marokko og Hellas. Det blir vokal og instrumental musikk med instrumenter fra respektive regioner, som fremf\u00f8res av noen av de st\u00f8rste artistene disse tradisjonene representerer.<\/p>\n\n\n\n<p>Konserten introduseres av Ingeborg Kv\u00e6rne fra PEN Norge som vil fortelle om barri\u00e8rene for ytringsfrihet musikere og artister over hele verden st\u00e5r overfor. Hun vil ogs\u00e5 forklare hvordan PEN Norge arbeidr p\u00e5 vegne av musikere, artister, forfattere og andre forfulgte som ikke kan uttrykke seg fritt. Nettverket Cities of Refuge er en viktig del av dette arbeidet.<\/p>\n\n\n\n<p><\/p>\n\n\n\n<p>Mer informasjon: <a href=\"https:\/\/www.oicmf.no\/concerts-1\/2023\/orientoccident\" target=\"_blank\" rel=\"noreferrer noopener\">https:\/\/www.oicmf.no\/concerts-1\/2023\/orientoccident<\/a><\/p>\n\n\n\n<p>Facebook: <a href=\"https:\/\/www.facebook.com\/events\/963488558310669\/\" target=\"_blank\" rel=\"noreferrer noopener\">https:\/\/www.facebook.com\/events\/963488558310669\/<\/a><\/p>\n\n\n\n<pre class=\"wp-block-preformatted\"><\/pre>\n","protected":false},"excerpt":{"rendered":"<p>I anledning 2023 utgaven av kammermusikkfestivalen Oslo Internasjonale Kirkemusikkfestival som finner sted fra 2. til 10. september i Oslo domkirke, opptrer Jordi Savall og musikerne i Hesp\u00e8rion XXI-ensemblet p\u00e5 \u00e5pningskonserten 2. september kl 19.00 i Oslo domkirke. Denne gangen er de tilbake med Orpheus 21-prosjektet, sammen med profesjonelle musikere som har blitt tvunget til \u00e5 [&hellip;]<\/p>\n","protected":false},"author":6,"featured_media":5217,"comment_status":"closed","ping_status":"open","sticky":false,"template":"","format":"standard","meta":{"footnotes":""},"categories":[5,21],"tags":[],"class_list":["post-5221","post","type-post","status-publish","format-standard","has-post-thumbnail","hentry","category-kultur","category-musikk"],"yoast_head":"<!-- This site is optimized with the Yoast SEO plugin v24.2 - https:\/\/yoast.com\/wordpress\/plugins\/seo\/ -->\n<title>Oslo Internasjonale Kirkemusikkfestival - Institut fran\u00e7ais<\/title>\n<meta name=\"robots\" content=\"index, follow, max-snippet:-1, max-image-preview:large, max-video-preview:-1\" \/>\n<link rel=\"canonical\" href=\"https:\/\/www.france.no\/no\/2023\/kultur\/oslo-internasjonale-kirkemusikkfestival-2\/\" \/>\n<meta property=\"og:locale\" content=\"nb_NO\" \/>\n<meta property=\"og:type\" content=\"article\" \/>\n<meta property=\"og:title\" content=\"Oslo Internasjonale Kirkemusikkfestival - Institut fran\u00e7ais\" \/>\n<meta property=\"og:description\" content=\"I anledning 2023 utgaven av kammermusikkfestivalen Oslo Internasjonale Kirkemusikkfestival som finner sted fra 2. til 10. september i Oslo domkirke, opptrer Jordi Savall og musikerne i Hesp\u00e8rion XXI-ensemblet p\u00e5 \u00e5pningskonserten 2. september kl 19.00 i Oslo domkirke. Denne gangen er de tilbake med Orpheus 21-prosjektet, sammen med profesjonelle musikere som har blitt tvunget til \u00e5 [&hellip;]\" \/>\n<meta property=\"og:url\" content=\"https:\/\/www.france.no\/no\/2023\/kultur\/oslo-internasjonale-kirkemusikkfestival-2\/\" \/>\n<meta property=\"og:site_name\" content=\"Institut fran\u00e7ais\" \/>\n<meta property=\"article:publisher\" content=\"https:\/\/www.facebook.com\/institutfrancaisoslo\" \/>\n<meta property=\"article:published_time\" content=\"2023-08-29T14:41:54+00:00\" \/>\n<meta property=\"article:modified_time\" content=\"2023-09-14T07:05:02+00:00\" \/>\n<meta property=\"og:image\" content=\"https:\/\/www.france.no\/wp-content\/uploads\/2023\/08\/Photo_Oslo-Internasjonale-Kirkemusikkfestival-1098x617.jpg\" \/>\n\t<meta property=\"og:image:width\" content=\"2048\" \/>\n\t<meta property=\"og:image:height\" content=\"1106\" \/>\n\t<meta property=\"og:image:type\" content=\"image\/jpeg\" \/>\n<meta name=\"author\" content=\"P\u00f4le Communication\" \/>\n<meta name=\"twitter:card\" content=\"summary_large_image\" \/>\n<meta name=\"twitter:creator\" content=\"@ifnorvege\" \/>\n<meta name=\"twitter:site\" content=\"@ifnorvege\" \/>\n<meta name=\"twitter:label1\" content=\"Skrevet av\" \/>\n\t<meta name=\"twitter:data1\" content=\"P\u00f4le Communication\" \/>\n\t<meta name=\"twitter:label2\" content=\"Ansl. lesetid\" \/>\n\t<meta name=\"twitter:data2\" content=\"2 minutter\" \/>\n<script type=\"application\/ld+json\" class=\"yoast-schema-graph\">{\"@context\":\"https:\/\/schema.org\",\"@graph\":[{\"@type\":\"Article\",\"@id\":\"https:\/\/www.france.no\/no\/2023\/kultur\/oslo-internasjonale-kirkemusikkfestival-2\/#article\",\"isPartOf\":{\"@id\":\"https:\/\/www.france.no\/no\/2023\/kultur\/oslo-internasjonale-kirkemusikkfestival-2\/\"},\"author\":{\"name\":\"P\u00f4le Communication\",\"@id\":\"https:\/\/www.france.no\/no\/#\/schema\/person\/e911222e8703f294589a6d80b1c16f97\"},\"headline\":\"Oslo Internasjonale Kirkemusikkfestival\",\"datePublished\":\"2023-08-29T14:41:54+00:00\",\"dateModified\":\"2023-09-14T07:05:02+00:00\",\"mainEntityOfPage\":{\"@id\":\"https:\/\/www.france.no\/no\/2023\/kultur\/oslo-internasjonale-kirkemusikkfestival-2\/\"},\"wordCount\":345,\"publisher\":{\"@id\":\"https:\/\/www.france.no\/no\/#organization\"},\"image\":{\"@id\":\"https:\/\/www.france.no\/no\/2023\/kultur\/oslo-internasjonale-kirkemusikkfestival-2\/#primaryimage\"},\"thumbnailUrl\":\"https:\/\/www.france.no\/wp-content\/uploads\/2023\/08\/Photo_Oslo-Internasjonale-Kirkemusikkfestival-1098x617.jpg\",\"articleSection\":[\"Kultur\",\"Musikk\"],\"inLanguage\":\"nb-NO\"},{\"@type\":\"WebPage\",\"@id\":\"https:\/\/www.france.no\/no\/2023\/kultur\/oslo-internasjonale-kirkemusikkfestival-2\/\",\"url\":\"https:\/\/www.france.no\/no\/2023\/kultur\/oslo-internasjonale-kirkemusikkfestival-2\/\",\"name\":\"Oslo Internasjonale Kirkemusikkfestival - Institut fran\u00e7ais\",\"isPartOf\":{\"@id\":\"https:\/\/www.france.no\/no\/#website\"},\"primaryImageOfPage\":{\"@id\":\"https:\/\/www.france.no\/no\/2023\/kultur\/oslo-internasjonale-kirkemusikkfestival-2\/#primaryimage\"},\"image\":{\"@id\":\"https:\/\/www.france.no\/no\/2023\/kultur\/oslo-internasjonale-kirkemusikkfestival-2\/#primaryimage\"},\"thumbnailUrl\":\"https:\/\/www.france.no\/wp-content\/uploads\/2023\/08\/Photo_Oslo-Internasjonale-Kirkemusikkfestival-1098x617.jpg\",\"datePublished\":\"2023-08-29T14:41:54+00:00\",\"dateModified\":\"2023-09-14T07:05:02+00:00\",\"breadcrumb\":{\"@id\":\"https:\/\/www.france.no\/no\/2023\/kultur\/oslo-internasjonale-kirkemusikkfestival-2\/#breadcrumb\"},\"inLanguage\":\"nb-NO\",\"potentialAction\":[{\"@type\":\"ReadAction\",\"target\":[\"https:\/\/www.france.no\/no\/2023\/kultur\/oslo-internasjonale-kirkemusikkfestival-2\/\"]}]},{\"@type\":\"ImageObject\",\"inLanguage\":\"nb-NO\",\"@id\":\"https:\/\/www.france.no\/no\/2023\/kultur\/oslo-internasjonale-kirkemusikkfestival-2\/#primaryimage\",\"url\":\"https:\/\/www.france.no\/wp-content\/uploads\/2023\/08\/Photo_Oslo-Internasjonale-Kirkemusikkfestival-1098x617.jpg\",\"contentUrl\":\"https:\/\/www.france.no\/wp-content\/uploads\/2023\/08\/Photo_Oslo-Internasjonale-Kirkemusikkfestival-1098x617.jpg\",\"width\":2048,\"height\":1106},{\"@type\":\"BreadcrumbList\",\"@id\":\"https:\/\/www.france.no\/no\/2023\/kultur\/oslo-internasjonale-kirkemusikkfestival-2\/#breadcrumb\",\"itemListElement\":[{\"@type\":\"ListItem\",\"position\":1,\"name\":\"\",\"item\":\"https:\/\/www.france.no\/no\/\"},{\"@type\":\"ListItem\",\"position\":2,\"name\":\"Kultur\",\"item\":\"https:\/\/www.france.no\/no\/category\/kultur\/\"},{\"@type\":\"ListItem\",\"position\":3,\"name\":\"Oslo Internasjonale Kirkemusikkfestival\"}]},{\"@type\":\"WebSite\",\"@id\":\"https:\/\/www.france.no\/no\/#website\",\"url\":\"https:\/\/www.france.no\/no\/\",\"name\":\"Institut fran\u00e7ais\",\"description\":\"Norv\u00e8ge\",\"publisher\":{\"@id\":\"https:\/\/www.france.no\/no\/#organization\"},\"potentialAction\":[{\"@type\":\"SearchAction\",\"target\":{\"@type\":\"EntryPoint\",\"urlTemplate\":\"https:\/\/www.france.no\/no\/?s={search_term_string}\"},\"query-input\":{\"@type\":\"PropertyValueSpecification\",\"valueRequired\":true,\"valueName\":\"search_term_string\"}}],\"inLanguage\":\"nb-NO\"},{\"@type\":\"Organization\",\"@id\":\"https:\/\/www.france.no\/no\/#organization\",\"name\":\"Institut fran\u00e7ais\",\"url\":\"https:\/\/www.france.no\/no\/\",\"logo\":{\"@type\":\"ImageObject\",\"inLanguage\":\"nb-NO\",\"@id\":\"https:\/\/www.france.no\/no\/#\/schema\/logo\/image\/\",\"url\":\"https:\/\/www.france.no\/wp-content\/uploads\/2022\/11\/IF_Logo_Sans_Bleu_RVB.png\",\"contentUrl\":\"https:\/\/www.france.no\/wp-content\/uploads\/2022\/11\/IF_Logo_Sans_Bleu_RVB.png\",\"width\":852,\"height\":591,\"caption\":\"Institut fran\u00e7ais\"},\"image\":{\"@id\":\"https:\/\/www.france.no\/no\/#\/schema\/logo\/image\/\"},\"sameAs\":[\"https:\/\/www.facebook.com\/institutfrancaisoslo\",\"https:\/\/x.com\/ifnorvege\",\"https:\/\/instagram.com\/ifnorvege\"]},{\"@type\":\"Person\",\"@id\":\"https:\/\/www.france.no\/no\/#\/schema\/person\/e911222e8703f294589a6d80b1c16f97\",\"name\":\"P\u00f4le Communication\",\"image\":{\"@type\":\"ImageObject\",\"inLanguage\":\"nb-NO\",\"@id\":\"https:\/\/www.france.no\/no\/#\/schema\/person\/image\/\",\"url\":\"https:\/\/secure.gravatar.com\/avatar\/aef2f98e57d39e8c3d6d57b6b4f580f8?s=96&d=mm&r=g\",\"contentUrl\":\"https:\/\/secure.gravatar.com\/avatar\/aef2f98e57d39e8c3d6d57b6b4f580f8?s=96&d=mm&r=g\",\"caption\":\"P\u00f4le Communication\"},\"url\":\"https:\/\/www.france.no\/no\/author\/polecom\/\"}]}<\/script>\n<!-- \/ Yoast SEO plugin. -->","yoast_head_json":{"title":"Oslo Internasjonale Kirkemusikkfestival - Institut fran\u00e7ais","robots":{"index":"index","follow":"follow","max-snippet":"max-snippet:-1","max-image-preview":"max-image-preview:large","max-video-preview":"max-video-preview:-1"},"canonical":"https:\/\/www.france.no\/no\/2023\/kultur\/oslo-internasjonale-kirkemusikkfestival-2\/","og_locale":"nb_NO","og_type":"article","og_title":"Oslo Internasjonale Kirkemusikkfestival - Institut fran\u00e7ais","og_description":"I anledning 2023 utgaven av kammermusikkfestivalen Oslo Internasjonale Kirkemusikkfestival som finner sted fra 2. til 10. september i Oslo domkirke, opptrer Jordi Savall og musikerne i Hesp\u00e8rion XXI-ensemblet p\u00e5 \u00e5pningskonserten 2. september kl 19.00 i Oslo domkirke. Denne gangen er de tilbake med Orpheus 21-prosjektet, sammen med profesjonelle musikere som har blitt tvunget til \u00e5 [&hellip;]","og_url":"https:\/\/www.france.no\/no\/2023\/kultur\/oslo-internasjonale-kirkemusikkfestival-2\/","og_site_name":"Institut fran\u00e7ais","article_publisher":"https:\/\/www.facebook.com\/institutfrancaisoslo","article_published_time":"2023-08-29T14:41:54+00:00","article_modified_time":"2023-09-14T07:05:02+00:00","og_image":[{"width":2048,"height":1106,"url":"https:\/\/www.france.no\/wp-content\/uploads\/2023\/08\/Photo_Oslo-Internasjonale-Kirkemusikkfestival-1098x617.jpg","type":"image\/jpeg"}],"author":"P\u00f4le Communication","twitter_card":"summary_large_image","twitter_creator":"@ifnorvege","twitter_site":"@ifnorvege","twitter_misc":{"Skrevet av":"P\u00f4le Communication","Ansl. lesetid":"2 minutter"},"schema":{"@context":"https:\/\/schema.org","@graph":[{"@type":"Article","@id":"https:\/\/www.france.no\/no\/2023\/kultur\/oslo-internasjonale-kirkemusikkfestival-2\/#article","isPartOf":{"@id":"https:\/\/www.france.no\/no\/2023\/kultur\/oslo-internasjonale-kirkemusikkfestival-2\/"},"author":{"name":"P\u00f4le Communication","@id":"https:\/\/www.france.no\/no\/#\/schema\/person\/e911222e8703f294589a6d80b1c16f97"},"headline":"Oslo Internasjonale Kirkemusikkfestival","datePublished":"2023-08-29T14:41:54+00:00","dateModified":"2023-09-14T07:05:02+00:00","mainEntityOfPage":{"@id":"https:\/\/www.france.no\/no\/2023\/kultur\/oslo-internasjonale-kirkemusikkfestival-2\/"},"wordCount":345,"publisher":{"@id":"https:\/\/www.france.no\/no\/#organization"},"image":{"@id":"https:\/\/www.france.no\/no\/2023\/kultur\/oslo-internasjonale-kirkemusikkfestival-2\/#primaryimage"},"thumbnailUrl":"https:\/\/www.france.no\/wp-content\/uploads\/2023\/08\/Photo_Oslo-Internasjonale-Kirkemusikkfestival-1098x617.jpg","articleSection":["Kultur","Musikk"],"inLanguage":"nb-NO"},{"@type":"WebPage","@id":"https:\/\/www.france.no\/no\/2023\/kultur\/oslo-internasjonale-kirkemusikkfestival-2\/","url":"https:\/\/www.france.no\/no\/2023\/kultur\/oslo-internasjonale-kirkemusikkfestival-2\/","name":"Oslo Internasjonale Kirkemusikkfestival - Institut fran\u00e7ais","isPartOf":{"@id":"https:\/\/www.france.no\/no\/#website"},"primaryImageOfPage":{"@id":"https:\/\/www.france.no\/no\/2023\/kultur\/oslo-internasjonale-kirkemusikkfestival-2\/#primaryimage"},"image":{"@id":"https:\/\/www.france.no\/no\/2023\/kultur\/oslo-internasjonale-kirkemusikkfestival-2\/#primaryimage"},"thumbnailUrl":"https:\/\/www.france.no\/wp-content\/uploads\/2023\/08\/Photo_Oslo-Internasjonale-Kirkemusikkfestival-1098x617.jpg","datePublished":"2023-08-29T14:41:54+00:00","dateModified":"2023-09-14T07:05:02+00:00","breadcrumb":{"@id":"https:\/\/www.france.no\/no\/2023\/kultur\/oslo-internasjonale-kirkemusikkfestival-2\/#breadcrumb"},"inLanguage":"nb-NO","potentialAction":[{"@type":"ReadAction","target":["https:\/\/www.france.no\/no\/2023\/kultur\/oslo-internasjonale-kirkemusikkfestival-2\/"]}]},{"@type":"ImageObject","inLanguage":"nb-NO","@id":"https:\/\/www.france.no\/no\/2023\/kultur\/oslo-internasjonale-kirkemusikkfestival-2\/#primaryimage","url":"https:\/\/www.france.no\/wp-content\/uploads\/2023\/08\/Photo_Oslo-Internasjonale-Kirkemusikkfestival-1098x617.jpg","contentUrl":"https:\/\/www.france.no\/wp-content\/uploads\/2023\/08\/Photo_Oslo-Internasjonale-Kirkemusikkfestival-1098x617.jpg","width":2048,"height":1106},{"@type":"BreadcrumbList","@id":"https:\/\/www.france.no\/no\/2023\/kultur\/oslo-internasjonale-kirkemusikkfestival-2\/#breadcrumb","itemListElement":[{"@type":"ListItem","position":1,"name":"","item":"https:\/\/www.france.no\/no\/"},{"@type":"ListItem","position":2,"name":"Kultur","item":"https:\/\/www.france.no\/no\/category\/kultur\/"},{"@type":"ListItem","position":3,"name":"Oslo Internasjonale Kirkemusikkfestival"}]},{"@type":"WebSite","@id":"https:\/\/www.france.no\/no\/#website","url":"https:\/\/www.france.no\/no\/","name":"Institut fran\u00e7ais","description":"Norv\u00e8ge","publisher":{"@id":"https:\/\/www.france.no\/no\/#organization"},"potentialAction":[{"@type":"SearchAction","target":{"@type":"EntryPoint","urlTemplate":"https:\/\/www.france.no\/no\/?s={search_term_string}"},"query-input":{"@type":"PropertyValueSpecification","valueRequired":true,"valueName":"search_term_string"}}],"inLanguage":"nb-NO"},{"@type":"Organization","@id":"https:\/\/www.france.no\/no\/#organization","name":"Institut fran\u00e7ais","url":"https:\/\/www.france.no\/no\/","logo":{"@type":"ImageObject","inLanguage":"nb-NO","@id":"https:\/\/www.france.no\/no\/#\/schema\/logo\/image\/","url":"https:\/\/www.france.no\/wp-content\/uploads\/2022\/11\/IF_Logo_Sans_Bleu_RVB.png","contentUrl":"https:\/\/www.france.no\/wp-content\/uploads\/2022\/11\/IF_Logo_Sans_Bleu_RVB.png","width":852,"height":591,"caption":"Institut fran\u00e7ais"},"image":{"@id":"https:\/\/www.france.no\/no\/#\/schema\/logo\/image\/"},"sameAs":["https:\/\/www.facebook.com\/institutfrancaisoslo","https:\/\/x.com\/ifnorvege","https:\/\/instagram.com\/ifnorvege"]},{"@type":"Person","@id":"https:\/\/www.france.no\/no\/#\/schema\/person\/e911222e8703f294589a6d80b1c16f97","name":"P\u00f4le Communication","image":{"@type":"ImageObject","inLanguage":"nb-NO","@id":"https:\/\/www.france.no\/no\/#\/schema\/person\/image\/","url":"https:\/\/secure.gravatar.com\/avatar\/aef2f98e57d39e8c3d6d57b6b4f580f8?s=96&d=mm&r=g","contentUrl":"https:\/\/secure.gravatar.com\/avatar\/aef2f98e57d39e8c3d6d57b6b4f580f8?s=96&d=mm&r=g","caption":"P\u00f4le Communication"},"url":"https:\/\/www.france.no\/no\/author\/polecom\/"}]}},"_links":{"self":[{"href":"https:\/\/www.france.no\/no\/wp-json\/wp\/v2\/posts\/5221","targetHints":{"allow":["GET"]}}],"collection":[{"href":"https:\/\/www.france.no\/no\/wp-json\/wp\/v2\/posts"}],"about":[{"href":"https:\/\/www.france.no\/no\/wp-json\/wp\/v2\/types\/post"}],"author":[{"embeddable":true,"href":"https:\/\/www.france.no\/no\/wp-json\/wp\/v2\/users\/6"}],"replies":[{"embeddable":true,"href":"https:\/\/www.france.no\/no\/wp-json\/wp\/v2\/comments?post=5221"}],"version-history":[{"count":6,"href":"https:\/\/www.france.no\/no\/wp-json\/wp\/v2\/posts\/5221\/revisions"}],"predecessor-version":[{"id":5230,"href":"https:\/\/www.france.no\/no\/wp-json\/wp\/v2\/posts\/5221\/revisions\/5230"}],"wp:featuredmedia":[{"embeddable":true,"href":"https:\/\/www.france.no\/no\/wp-json\/wp\/v2\/media\/5217"}],"wp:attachment":[{"href":"https:\/\/www.france.no\/no\/wp-json\/wp\/v2\/media?parent=5221"}],"wp:term":[{"taxonomy":"category","embeddable":true,"href":"https:\/\/www.france.no\/no\/wp-json\/wp\/v2\/categories?post=5221"},{"taxonomy":"post_tag","embeddable":true,"href":"https:\/\/www.france.no\/no\/wp-json\/wp\/v2\/tags?post=5221"}],"curies":[{"name":"wp","href":"https:\/\/api.w.org\/{rel}","templated":true}]}}