{"id":5329,"date":"2023-09-05T16:25:50","date_gmt":"2023-09-05T14:25:50","guid":{"rendered":"https:\/\/www.france.no\/?p=5329"},"modified":"2023-09-25T13:56:13","modified_gmt":"2023-09-25T11:56:13","slug":"pop-up-institut-francais-i-bergen","status":"publish","type":"post","link":"https:\/\/www.france.no\/no\/2023\/universitetene\/pop-up-institut-francais-i-bergen\/","title":{"rendered":"\u00abPop-up Institut fran\u00e7ais\u00bb i Bergen!"},"content":{"rendered":"\n<p><strong>L\u2019Institut fran\u00e7ais de Norv\u00e8ge m\u00f8ter deg der du er!<\/strong><\/p>\n\n\n\n<p>\u00ab<strong>Pop-up Institut fran\u00e7ais<\/strong>\u00bb er instituttet p\u00e5 turn\u00e9. Vi er i hver by i flere dager, deltar p\u00e5&nbsp;m\u00f8ter og organiserer arrangementer. De ulike seksjonene p\u00e5 instituttet deltar for \u00e5 fremme det franske spr\u00e5ket, utveksling og studier i Frankrike. Vi \u00f8nsker ogs\u00e5 \u00e5 styrke samarbeid innen forskning og ECIU-universiteter.<\/p>\n\n\n\n<p>Fra 12. til 17. september var vi i Bergen. Onsdag 13. september kl. 18 inviterte vi til gratis filmvisning for alle i samarbeid med l\u2019Alliance Fran\u00e7aise de Bergen:&nbsp;<em>Les hirondelles de Kaboul<\/em>.<\/p>\n\n\n\n<p><strong>\u00c0 tr\u00e8s bient\u00f4t!<\/strong><\/p>\n\n\n\n<figure class=\"wp-block-image size-large\"><img loading=\"lazy\" decoding=\"async\" width=\"1024\" height=\"819\" src=\"https:\/\/www.france.no\/wp-content\/uploads\/2023\/09\/Bergen-2-1024x819.png\" alt=\"\" class=\"wp-image-5643\" srcset=\"https:\/\/www.france.no\/wp-content\/uploads\/2023\/09\/Bergen-2-1024x819.png 1024w, https:\/\/www.france.no\/wp-content\/uploads\/2023\/09\/Bergen-2-300x240.png 300w, https:\/\/www.france.no\/wp-content\/uploads\/2023\/09\/Bergen-2-768x614.png 768w, https:\/\/www.france.no\/wp-content\/uploads\/2023\/09\/Bergen-2-1536x1229.png 1536w, https:\/\/www.france.no\/wp-content\/uploads\/2023\/09\/Bergen-2-1200x960.png 1200w, https:\/\/www.france.no\/wp-content\/uploads\/2023\/09\/Bergen-2-1980x1584.png 1980w, https:\/\/www.france.no\/wp-content\/uploads\/2023\/09\/Bergen-2.png 2000w\" sizes=\"auto, (max-width: 1024px) 100vw, 1024px\" \/><\/figure>\n\n\n\n<p><strong>\u00d8nsker du mer informasjon? Kontakt oss gjerne: <a href=\"mailto:info@france.no\">info@france.no<\/a><\/strong><\/p>\n","protected":false},"excerpt":{"rendered":"<p>L\u2019Institut fran\u00e7ais de Norv\u00e8ge m\u00f8ter deg der du er! \u00abPop-up Institut fran\u00e7ais\u00bb er instituttet p\u00e5 turn\u00e9. Vi er i hver by i flere dager, deltar p\u00e5&nbsp;m\u00f8ter og organiserer arrangementer. De ulike seksjonene p\u00e5 instituttet deltar for \u00e5 fremme det franske spr\u00e5ket, utveksling og studier i Frankrike. Vi \u00f8nsker ogs\u00e5 \u00e5 styrke samarbeid innen forskning og [&hellip;]<\/p>\n","protected":false},"author":6,"featured_media":5379,"comment_status":"closed","ping_status":"open","sticky":false,"template":"","format":"standard","meta":{"footnotes":""},"categories":[5,15,13,17],"tags":[],"class_list":["post-5329","post","type-post","status-publish","format-standard","has-post-thumbnail","hentry","category-kultur","category-universitetene","category-utdanning-og-fransk-sprak","category-vitenskap-og-forskning"],"yoast_head":"<!-- This site is optimized with the Yoast SEO plugin v24.2 - https:\/\/yoast.com\/wordpress\/plugins\/seo\/ -->\n<title>\u00abPop-up Institut fran\u00e7ais\u00bb i Bergen! - Institut fran\u00e7ais<\/title>\n<meta name=\"robots\" content=\"index, follow, max-snippet:-1, max-image-preview:large, max-video-preview:-1\" \/>\n<link rel=\"canonical\" href=\"https:\/\/www.france.no\/no\/2023\/universitetene\/pop-up-institut-francais-i-bergen\/\" \/>\n<meta property=\"og:locale\" content=\"nb_NO\" \/>\n<meta property=\"og:type\" content=\"article\" \/>\n<meta property=\"og:title\" content=\"\u00abPop-up Institut fran\u00e7ais\u00bb i Bergen! - Institut fran\u00e7ais\" \/>\n<meta property=\"og:description\" content=\"L\u2019Institut fran\u00e7ais de Norv\u00e8ge m\u00f8ter deg der du er! \u00abPop-up Institut fran\u00e7ais\u00bb er instituttet p\u00e5 turn\u00e9. Vi er i hver by i flere dager, deltar p\u00e5&nbsp;m\u00f8ter og organiserer arrangementer. De ulike seksjonene p\u00e5 instituttet deltar for \u00e5 fremme det franske spr\u00e5ket, utveksling og studier i Frankrike. Vi \u00f8nsker ogs\u00e5 \u00e5 styrke samarbeid innen forskning og [&hellip;]\" \/>\n<meta property=\"og:url\" content=\"https:\/\/www.france.no\/no\/2023\/universitetene\/pop-up-institut-francais-i-bergen\/\" \/>\n<meta property=\"og:site_name\" content=\"Institut fran\u00e7ais\" \/>\n<meta property=\"article:publisher\" content=\"https:\/\/www.facebook.com\/institutfrancaisoslo\" \/>\n<meta property=\"article:published_time\" content=\"2023-09-05T14:25:50+00:00\" \/>\n<meta property=\"article:modified_time\" content=\"2023-09-25T11:56:13+00:00\" \/>\n<meta property=\"og:image\" content=\"https:\/\/www.france.no\/wp-content\/uploads\/2023\/09\/Bergen-1.png\" \/>\n\t<meta property=\"og:image:width\" content=\"939\" \/>\n\t<meta property=\"og:image:height\" content=\"615\" \/>\n\t<meta property=\"og:image:type\" content=\"image\/png\" \/>\n<meta name=\"author\" content=\"P\u00f4le Communication\" \/>\n<meta name=\"twitter:card\" content=\"summary_large_image\" \/>\n<meta name=\"twitter:creator\" content=\"@ifnorvege\" \/>\n<meta name=\"twitter:site\" content=\"@ifnorvege\" \/>\n<meta name=\"twitter:label1\" content=\"Skrevet av\" \/>\n\t<meta name=\"twitter:data1\" content=\"P\u00f4le Communication\" \/>\n\t<meta name=\"twitter:label2\" content=\"Ansl. lesetid\" \/>\n\t<meta name=\"twitter:data2\" content=\"1 minutt\" \/>\n<script type=\"application\/ld+json\" class=\"yoast-schema-graph\">{\"@context\":\"https:\/\/schema.org\",\"@graph\":[{\"@type\":\"Article\",\"@id\":\"https:\/\/www.france.no\/no\/2023\/universitetene\/pop-up-institut-francais-i-bergen\/#article\",\"isPartOf\":{\"@id\":\"https:\/\/www.france.no\/no\/2023\/universitetene\/pop-up-institut-francais-i-bergen\/\"},\"author\":{\"name\":\"P\u00f4le Communication\",\"@id\":\"https:\/\/www.france.no\/no\/#\/schema\/person\/e911222e8703f294589a6d80b1c16f97\"},\"headline\":\"\u00abPop-up Institut fran\u00e7ais\u00bb i Bergen!\",\"datePublished\":\"2023-09-05T14:25:50+00:00\",\"dateModified\":\"2023-09-25T11:56:13+00:00\",\"mainEntityOfPage\":{\"@id\":\"https:\/\/www.france.no\/no\/2023\/universitetene\/pop-up-institut-francais-i-bergen\/\"},\"wordCount\":114,\"publisher\":{\"@id\":\"https:\/\/www.france.no\/no\/#organization\"},\"image\":{\"@id\":\"https:\/\/www.france.no\/no\/2023\/universitetene\/pop-up-institut-francais-i-bergen\/#primaryimage\"},\"thumbnailUrl\":\"https:\/\/www.france.no\/wp-content\/uploads\/2023\/09\/Bergen-1.png\",\"articleSection\":[\"Kultur\",\"Universiteter\",\"Utdannelse og Fransk spr\u00e5ksamarbeid\",\"Vitenskap og forskning\"],\"inLanguage\":\"nb-NO\"},{\"@type\":\"WebPage\",\"@id\":\"https:\/\/www.france.no\/no\/2023\/universitetene\/pop-up-institut-francais-i-bergen\/\",\"url\":\"https:\/\/www.france.no\/no\/2023\/universitetene\/pop-up-institut-francais-i-bergen\/\",\"name\":\"\u00abPop-up Institut fran\u00e7ais\u00bb i Bergen! - Institut fran\u00e7ais\",\"isPartOf\":{\"@id\":\"https:\/\/www.france.no\/no\/#website\"},\"primaryImageOfPage\":{\"@id\":\"https:\/\/www.france.no\/no\/2023\/universitetene\/pop-up-institut-francais-i-bergen\/#primaryimage\"},\"image\":{\"@id\":\"https:\/\/www.france.no\/no\/2023\/universitetene\/pop-up-institut-francais-i-bergen\/#primaryimage\"},\"thumbnailUrl\":\"https:\/\/www.france.no\/wp-content\/uploads\/2023\/09\/Bergen-1.png\",\"datePublished\":\"2023-09-05T14:25:50+00:00\",\"dateModified\":\"2023-09-25T11:56:13+00:00\",\"breadcrumb\":{\"@id\":\"https:\/\/www.france.no\/no\/2023\/universitetene\/pop-up-institut-francais-i-bergen\/#breadcrumb\"},\"inLanguage\":\"nb-NO\",\"potentialAction\":[{\"@type\":\"ReadAction\",\"target\":[\"https:\/\/www.france.no\/no\/2023\/universitetene\/pop-up-institut-francais-i-bergen\/\"]}]},{\"@type\":\"ImageObject\",\"inLanguage\":\"nb-NO\",\"@id\":\"https:\/\/www.france.no\/no\/2023\/universitetene\/pop-up-institut-francais-i-bergen\/#primaryimage\",\"url\":\"https:\/\/www.france.no\/wp-content\/uploads\/2023\/09\/Bergen-1.png\",\"contentUrl\":\"https:\/\/www.france.no\/wp-content\/uploads\/2023\/09\/Bergen-1.png\",\"width\":939,\"height\":615},{\"@type\":\"BreadcrumbList\",\"@id\":\"https:\/\/www.france.no\/no\/2023\/universitetene\/pop-up-institut-francais-i-bergen\/#breadcrumb\",\"itemListElement\":[{\"@type\":\"ListItem\",\"position\":1,\"name\":\"\",\"item\":\"https:\/\/www.france.no\/no\/\"},{\"@type\":\"ListItem\",\"position\":2,\"name\":\"Universiteter\",\"item\":\"https:\/\/www.france.no\/no\/category\/universitetene\/\"},{\"@type\":\"ListItem\",\"position\":3,\"name\":\"\u00abPop-up Institut fran\u00e7ais\u00bb i Bergen!\"}]},{\"@type\":\"WebSite\",\"@id\":\"https:\/\/www.france.no\/no\/#website\",\"url\":\"https:\/\/www.france.no\/no\/\",\"name\":\"Institut fran\u00e7ais\",\"description\":\"Norv\u00e8ge\",\"publisher\":{\"@id\":\"https:\/\/www.france.no\/no\/#organization\"},\"potentialAction\":[{\"@type\":\"SearchAction\",\"target\":{\"@type\":\"EntryPoint\",\"urlTemplate\":\"https:\/\/www.france.no\/no\/?s={search_term_string}\"},\"query-input\":{\"@type\":\"PropertyValueSpecification\",\"valueRequired\":true,\"valueName\":\"search_term_string\"}}],\"inLanguage\":\"nb-NO\"},{\"@type\":\"Organization\",\"@id\":\"https:\/\/www.france.no\/no\/#organization\",\"name\":\"Institut fran\u00e7ais\",\"url\":\"https:\/\/www.france.no\/no\/\",\"logo\":{\"@type\":\"ImageObject\",\"inLanguage\":\"nb-NO\",\"@id\":\"https:\/\/www.france.no\/no\/#\/schema\/logo\/image\/\",\"url\":\"https:\/\/www.france.no\/wp-content\/uploads\/2022\/11\/IF_Logo_Sans_Bleu_RVB.png\",\"contentUrl\":\"https:\/\/www.france.no\/wp-content\/uploads\/2022\/11\/IF_Logo_Sans_Bleu_RVB.png\",\"width\":852,\"height\":591,\"caption\":\"Institut fran\u00e7ais\"},\"image\":{\"@id\":\"https:\/\/www.france.no\/no\/#\/schema\/logo\/image\/\"},\"sameAs\":[\"https:\/\/www.facebook.com\/institutfrancaisoslo\",\"https:\/\/x.com\/ifnorvege\",\"https:\/\/instagram.com\/ifnorvege\"]},{\"@type\":\"Person\",\"@id\":\"https:\/\/www.france.no\/no\/#\/schema\/person\/e911222e8703f294589a6d80b1c16f97\",\"name\":\"P\u00f4le Communication\",\"image\":{\"@type\":\"ImageObject\",\"inLanguage\":\"nb-NO\",\"@id\":\"https:\/\/www.france.no\/no\/#\/schema\/person\/image\/\",\"url\":\"https:\/\/secure.gravatar.com\/avatar\/20ae085a8b5fd613a02d28588389144802d3ba9408c852b2c6c7c4b17cc39660?s=96&d=mm&r=g\",\"contentUrl\":\"https:\/\/secure.gravatar.com\/avatar\/20ae085a8b5fd613a02d28588389144802d3ba9408c852b2c6c7c4b17cc39660?s=96&d=mm&r=g\",\"caption\":\"P\u00f4le Communication\"},\"url\":\"https:\/\/www.france.no\/no\/author\/polecom\/\"}]}<\/script>\n<!-- \/ Yoast SEO plugin. -->","yoast_head_json":{"title":"\u00abPop-up Institut fran\u00e7ais\u00bb i Bergen! - Institut fran\u00e7ais","robots":{"index":"index","follow":"follow","max-snippet":"max-snippet:-1","max-image-preview":"max-image-preview:large","max-video-preview":"max-video-preview:-1"},"canonical":"https:\/\/www.france.no\/no\/2023\/universitetene\/pop-up-institut-francais-i-bergen\/","og_locale":"nb_NO","og_type":"article","og_title":"\u00abPop-up Institut fran\u00e7ais\u00bb i Bergen! - Institut fran\u00e7ais","og_description":"L\u2019Institut fran\u00e7ais de Norv\u00e8ge m\u00f8ter deg der du er! \u00abPop-up Institut fran\u00e7ais\u00bb er instituttet p\u00e5 turn\u00e9. Vi er i hver by i flere dager, deltar p\u00e5&nbsp;m\u00f8ter og organiserer arrangementer. De ulike seksjonene p\u00e5 instituttet deltar for \u00e5 fremme det franske spr\u00e5ket, utveksling og studier i Frankrike. Vi \u00f8nsker ogs\u00e5 \u00e5 styrke samarbeid innen forskning og [&hellip;]","og_url":"https:\/\/www.france.no\/no\/2023\/universitetene\/pop-up-institut-francais-i-bergen\/","og_site_name":"Institut fran\u00e7ais","article_publisher":"https:\/\/www.facebook.com\/institutfrancaisoslo","article_published_time":"2023-09-05T14:25:50+00:00","article_modified_time":"2023-09-25T11:56:13+00:00","og_image":[{"width":939,"height":615,"url":"https:\/\/www.france.no\/wp-content\/uploads\/2023\/09\/Bergen-1.png","type":"image\/png"}],"author":"P\u00f4le Communication","twitter_card":"summary_large_image","twitter_creator":"@ifnorvege","twitter_site":"@ifnorvege","twitter_misc":{"Skrevet av":"P\u00f4le Communication","Ansl. lesetid":"1 minutt"},"schema":{"@context":"https:\/\/schema.org","@graph":[{"@type":"Article","@id":"https:\/\/www.france.no\/no\/2023\/universitetene\/pop-up-institut-francais-i-bergen\/#article","isPartOf":{"@id":"https:\/\/www.france.no\/no\/2023\/universitetene\/pop-up-institut-francais-i-bergen\/"},"author":{"name":"P\u00f4le Communication","@id":"https:\/\/www.france.no\/no\/#\/schema\/person\/e911222e8703f294589a6d80b1c16f97"},"headline":"\u00abPop-up Institut fran\u00e7ais\u00bb i Bergen!","datePublished":"2023-09-05T14:25:50+00:00","dateModified":"2023-09-25T11:56:13+00:00","mainEntityOfPage":{"@id":"https:\/\/www.france.no\/no\/2023\/universitetene\/pop-up-institut-francais-i-bergen\/"},"wordCount":114,"publisher":{"@id":"https:\/\/www.france.no\/no\/#organization"},"image":{"@id":"https:\/\/www.france.no\/no\/2023\/universitetene\/pop-up-institut-francais-i-bergen\/#primaryimage"},"thumbnailUrl":"https:\/\/www.france.no\/wp-content\/uploads\/2023\/09\/Bergen-1.png","articleSection":["Kultur","Universiteter","Utdannelse og Fransk spr\u00e5ksamarbeid","Vitenskap og forskning"],"inLanguage":"nb-NO"},{"@type":"WebPage","@id":"https:\/\/www.france.no\/no\/2023\/universitetene\/pop-up-institut-francais-i-bergen\/","url":"https:\/\/www.france.no\/no\/2023\/universitetene\/pop-up-institut-francais-i-bergen\/","name":"\u00abPop-up Institut fran\u00e7ais\u00bb i Bergen! - Institut fran\u00e7ais","isPartOf":{"@id":"https:\/\/www.france.no\/no\/#website"},"primaryImageOfPage":{"@id":"https:\/\/www.france.no\/no\/2023\/universitetene\/pop-up-institut-francais-i-bergen\/#primaryimage"},"image":{"@id":"https:\/\/www.france.no\/no\/2023\/universitetene\/pop-up-institut-francais-i-bergen\/#primaryimage"},"thumbnailUrl":"https:\/\/www.france.no\/wp-content\/uploads\/2023\/09\/Bergen-1.png","datePublished":"2023-09-05T14:25:50+00:00","dateModified":"2023-09-25T11:56:13+00:00","breadcrumb":{"@id":"https:\/\/www.france.no\/no\/2023\/universitetene\/pop-up-institut-francais-i-bergen\/#breadcrumb"},"inLanguage":"nb-NO","potentialAction":[{"@type":"ReadAction","target":["https:\/\/www.france.no\/no\/2023\/universitetene\/pop-up-institut-francais-i-bergen\/"]}]},{"@type":"ImageObject","inLanguage":"nb-NO","@id":"https:\/\/www.france.no\/no\/2023\/universitetene\/pop-up-institut-francais-i-bergen\/#primaryimage","url":"https:\/\/www.france.no\/wp-content\/uploads\/2023\/09\/Bergen-1.png","contentUrl":"https:\/\/www.france.no\/wp-content\/uploads\/2023\/09\/Bergen-1.png","width":939,"height":615},{"@type":"BreadcrumbList","@id":"https:\/\/www.france.no\/no\/2023\/universitetene\/pop-up-institut-francais-i-bergen\/#breadcrumb","itemListElement":[{"@type":"ListItem","position":1,"name":"","item":"https:\/\/www.france.no\/no\/"},{"@type":"ListItem","position":2,"name":"Universiteter","item":"https:\/\/www.france.no\/no\/category\/universitetene\/"},{"@type":"ListItem","position":3,"name":"\u00abPop-up Institut fran\u00e7ais\u00bb i Bergen!"}]},{"@type":"WebSite","@id":"https:\/\/www.france.no\/no\/#website","url":"https:\/\/www.france.no\/no\/","name":"Institut fran\u00e7ais","description":"Norv\u00e8ge","publisher":{"@id":"https:\/\/www.france.no\/no\/#organization"},"potentialAction":[{"@type":"SearchAction","target":{"@type":"EntryPoint","urlTemplate":"https:\/\/www.france.no\/no\/?s={search_term_string}"},"query-input":{"@type":"PropertyValueSpecification","valueRequired":true,"valueName":"search_term_string"}}],"inLanguage":"nb-NO"},{"@type":"Organization","@id":"https:\/\/www.france.no\/no\/#organization","name":"Institut fran\u00e7ais","url":"https:\/\/www.france.no\/no\/","logo":{"@type":"ImageObject","inLanguage":"nb-NO","@id":"https:\/\/www.france.no\/no\/#\/schema\/logo\/image\/","url":"https:\/\/www.france.no\/wp-content\/uploads\/2022\/11\/IF_Logo_Sans_Bleu_RVB.png","contentUrl":"https:\/\/www.france.no\/wp-content\/uploads\/2022\/11\/IF_Logo_Sans_Bleu_RVB.png","width":852,"height":591,"caption":"Institut fran\u00e7ais"},"image":{"@id":"https:\/\/www.france.no\/no\/#\/schema\/logo\/image\/"},"sameAs":["https:\/\/www.facebook.com\/institutfrancaisoslo","https:\/\/x.com\/ifnorvege","https:\/\/instagram.com\/ifnorvege"]},{"@type":"Person","@id":"https:\/\/www.france.no\/no\/#\/schema\/person\/e911222e8703f294589a6d80b1c16f97","name":"P\u00f4le Communication","image":{"@type":"ImageObject","inLanguage":"nb-NO","@id":"https:\/\/www.france.no\/no\/#\/schema\/person\/image\/","url":"https:\/\/secure.gravatar.com\/avatar\/20ae085a8b5fd613a02d28588389144802d3ba9408c852b2c6c7c4b17cc39660?s=96&d=mm&r=g","contentUrl":"https:\/\/secure.gravatar.com\/avatar\/20ae085a8b5fd613a02d28588389144802d3ba9408c852b2c6c7c4b17cc39660?s=96&d=mm&r=g","caption":"P\u00f4le Communication"},"url":"https:\/\/www.france.no\/no\/author\/polecom\/"}]}},"_links":{"self":[{"href":"https:\/\/www.france.no\/no\/wp-json\/wp\/v2\/posts\/5329","targetHints":{"allow":["GET"]}}],"collection":[{"href":"https:\/\/www.france.no\/no\/wp-json\/wp\/v2\/posts"}],"about":[{"href":"https:\/\/www.france.no\/no\/wp-json\/wp\/v2\/types\/post"}],"author":[{"embeddable":true,"href":"https:\/\/www.france.no\/no\/wp-json\/wp\/v2\/users\/6"}],"replies":[{"embeddable":true,"href":"https:\/\/www.france.no\/no\/wp-json\/wp\/v2\/comments?post=5329"}],"version-history":[{"count":9,"href":"https:\/\/www.france.no\/no\/wp-json\/wp\/v2\/posts\/5329\/revisions"}],"predecessor-version":[{"id":5681,"href":"https:\/\/www.france.no\/no\/wp-json\/wp\/v2\/posts\/5329\/revisions\/5681"}],"wp:featuredmedia":[{"embeddable":true,"href":"https:\/\/www.france.no\/no\/wp-json\/wp\/v2\/media\/5379"}],"wp:attachment":[{"href":"https:\/\/www.france.no\/no\/wp-json\/wp\/v2\/media?parent=5329"}],"wp:term":[{"taxonomy":"category","embeddable":true,"href":"https:\/\/www.france.no\/no\/wp-json\/wp\/v2\/categories?post=5329"},{"taxonomy":"post_tag","embeddable":true,"href":"https:\/\/www.france.no\/no\/wp-json\/wp\/v2\/tags?post=5329"}],"curies":[{"name":"wp","href":"https:\/\/api.w.org\/{rel}","templated":true}]}}