{"id":5446,"date":"2023-09-12T13:11:58","date_gmt":"2023-09-12T11:11:58","guid":{"rendered":"https:\/\/www.france.no\/?p=5446"},"modified":"2025-01-29T14:17:03","modified_gmt":"2025-01-29T13:17:03","slug":"den-franske-pris-2023","status":"publish","type":"post","link":"https:\/\/www.france.no\/no\/2023\/kultur\/den-franske-pris-2023\/","title":{"rendered":"Den franske pris 2023"},"content":{"rendered":"\n<p>Hvert annet \u00e5r deler den franske ambassaden og Institut fran\u00e7ais de Norv\u00e8ge (ambassadens kulturseksjon) ut Den franske pris (\u00abLe\u00a0Prix fran\u00e7ais\u00bb) i anledning \u00e5pningen av\u00a0<a href=\"https:\/\/kunstnerneshus.no\/program\/utstillinger\/hostutstillingen-2023\" target=\"_blank\" rel=\"noreferrer noopener\">H\u00f8stutstillingen<\/a>\u00a0p\u00e5 Kunstnernes Hus.<\/p>\n\n\n\n<p><strong>Vi \u00f8nsker \u00e5 gratulere vinneren av Den franske pris 2023, <a href=\"https:\/\/www.jonastislevoll.no\/\" target=\"_blank\" rel=\"noreferrer noopener\">Jonas Tislevoll<\/a>!<\/strong><\/p>\n\n\n\n<p>Med denne prisen, som opprettet i 1998, \u00f8nsker <a href=\"https:\/\/no.ambafrance.org\/-Norsk-\" target=\"_blank\" rel=\"noreferrer noopener\">den franske ambassaden i Norge<\/a>, Institut fran\u00e7ais de Norv\u00e8ge, Cit\u00e9 inernationale des Arts&nbsp;og <a href=\"https:\/\/www.institutfrancais.com\/en\" target=\"_blank\" rel=\"noreferrer noopener\">Institut fran\u00e7ais<\/a> i Paris \u00e5 knytte tettere b\u00e5nd mellom kunstnere i begge land og belyse deres kreativitet.<\/p>\n\n\n\n<p>Kunster Hanan Benammar&nbsp;og den uavhengige kuratoren&nbsp;Th\u00e9o-Mario Coppola utgj\u00f8r \u00e5rets jury for prisen i 2023. <\/p>\n\n\n\n<blockquote class=\"wp-block-quote is-layout-flow wp-block-quote-is-layout-flow\">\n<p><em>\u00abJonas Tislevoll har skapt et verk som klokt og subtilt tar for seg foreldreskap, overf\u00f8ringer, minne og tilh\u00f8righet dette gj\u00f8r han gjennom \u00e5 utforske en personlig historie gjennom tid og rom &#8211; langt utover landegrensene\u00bb.<\/em><\/p>\n<\/blockquote>\n\n\n\n<p>Prisen ble overbrakt Jonas Tislevoll av den franske ambassad\u00f8ren til Norge, Mme Florence Robine og Kultur -og likestillingsminister Lubna Jaffery.<\/p>\n\n\n\n<p>Prisvinneren f\u00e5r et tre m\u00e5neders opphold i <a href=\"https:\/\/www.citedesartsparis.net\/\" target=\"_blank\" rel=\"noreferrer noopener\">Cit\u00e9 internationale des Arts<\/a> i Paris. F\u00f8r avreise til Frankrike, f\u00e5r Jonas Tislevoll et tre m\u00e5neders intensivkurs i fransk ved <a href=\"https:\/\/franskkulturhus.no\/no\/franskkurs-oslo\/\" target=\"_blank\" rel=\"noreferrer noopener\">Fransk Kulturhus<\/a>.<\/p>\n\n\n\n<p><strong>Gratulerer s\u00e5 mye!<\/strong><\/p>\n\n\n\n<p><\/p>\n\n\n\n<p><strong>De siste vinnerne av Den franske pris<\/strong>:<\/p>\n\n\n\n<p>2023: <a href=\"https:\/\/www.jonastislevoll.no\/\" target=\"_blank\" rel=\"noreferrer noopener\">Jonas Yang Tislevoll <\/a><\/p>\n\n\n\n<p>2021: <a href=\"https:\/\/www.meeramanjitkaur.com\/\" target=\"_blank\" rel=\"noreferrer noopener\">Meera Manjit Kaur <\/a><\/p>\n\n\n\n<p>2019:&nbsp;<a href=\"https:\/\/www.hostutstillingen.no\/2019\/siri-bratveit\/\" target=\"_blank\" rel=\"noreferrer noopener\">Siri Br\u00e5tveit <\/a><\/p>\n\n\n\n<p>2017:&nbsp;<a href=\"https:\/\/www.nasjonalmuseet.no\/utstillinger-og-arrangementer\/nasjonalmuseet\/utstillinger\/2021\/jeg-kaller-det-kunst\/5\/daisuke-kosugi\/\" target=\"_blank\" rel=\"noreferrer noopener\">Daisuke Kosugi <\/a><\/p>\n\n\n\n<p>2015:&nbsp;<a href=\"http:\/\/kjersti.andvig.free.fr\/spip.php?rubrique1\" target=\"_blank\" rel=\"noreferrer noopener\">Kjersti G. Andvig<\/a> <\/p>\n\n\n\n<p>2013:&nbsp;<a href=\"https:\/\/www.bjarre.org\/\" target=\"_blank\" rel=\"noreferrer noopener\">Bj\u00f8rn Bjarre<\/a> <\/p>\n\n\n\n<p>2011: <a href=\"https:\/\/www.100norwegianphotographers.no\/crispin-gurholt\" target=\"_blank\" rel=\"noreferrer noopener\">Crispin Gurholt<\/a> <\/p>\n","protected":false},"excerpt":{"rendered":"<p>Hvert annet \u00e5r deler den franske ambassaden og Institut fran\u00e7ais de Norv\u00e8ge (ambassadens kulturseksjon) ut Den franske pris (\u00abLe\u00a0Prix fran\u00e7ais\u00bb) i anledning \u00e5pningen av\u00a0H\u00f8stutstillingen\u00a0p\u00e5 Kunstnernes Hus. Vi \u00f8nsker \u00e5 gratulere vinneren av Den franske pris 2023, Jonas Tislevoll! Med denne prisen, som opprettet i 1998, \u00f8nsker den franske ambassaden i Norge, Institut fran\u00e7ais de Norv\u00e8ge, [&hellip;]<\/p>\n","protected":false},"author":6,"featured_media":5461,"comment_status":"closed","ping_status":"open","sticky":false,"template":"","format":"standard","meta":{"footnotes":""},"categories":[5,30],"tags":[],"class_list":["post-5446","post","type-post","status-publish","format-standard","has-post-thumbnail","hentry","category-kultur","category-visuell-kunst"],"yoast_head":"<!-- This site is optimized with the Yoast SEO plugin v24.2 - https:\/\/yoast.com\/wordpress\/plugins\/seo\/ -->\n<title>Den franske pris 2023 - Institut fran\u00e7ais Kultur<\/title>\n<meta name=\"description\" content=\"Hvert annet \u00e5r deler den franske ambassaden og Institut fran\u00e7ais de Norv\u00e8ge (ambassadens kulturseksjon) ut Den franske pris (\u00abLe\u00a0Prix fran\u00e7ais\u00bb) i h\u00f8stutstillingen 2023 Den franske pris 2023 Kultur Institut fran\u00e7ais\" \/>\n<meta name=\"robots\" content=\"index, follow, max-snippet:-1, max-image-preview:large, max-video-preview:-1\" \/>\n<link rel=\"canonical\" href=\"https:\/\/www.france.no\/no\/2023\/kultur\/den-franske-pris-2023\/\" \/>\n<meta property=\"og:locale\" content=\"nb_NO\" \/>\n<meta property=\"og:type\" content=\"article\" \/>\n<meta property=\"og:title\" content=\"Den franske pris 2023 - Institut fran\u00e7ais Kultur\" \/>\n<meta property=\"og:description\" content=\"Hvert annet \u00e5r deler den franske ambassaden og Institut fran\u00e7ais de Norv\u00e8ge (ambassadens kulturseksjon) ut Den franske pris (\u00abLe\u00a0Prix fran\u00e7ais\u00bb) i h\u00f8stutstillingen 2023 Den franske pris 2023 Kultur Institut fran\u00e7ais\" \/>\n<meta property=\"og:url\" content=\"https:\/\/www.france.no\/no\/2023\/kultur\/den-franske-pris-2023\/\" \/>\n<meta property=\"og:site_name\" content=\"Institut fran\u00e7ais\" \/>\n<meta property=\"article:publisher\" content=\"https:\/\/www.facebook.com\/institutfrancaisoslo\" \/>\n<meta property=\"article:published_time\" content=\"2023-09-12T11:11:58+00:00\" \/>\n<meta property=\"article:modified_time\" content=\"2025-01-29T13:17:03+00:00\" \/>\n<meta property=\"og:image\" content=\"https:\/\/www.france.no\/wp-content\/uploads\/2023\/09\/PrixFrancais-1098x617.jpg\" \/>\n\t<meta property=\"og:image:width\" content=\"2560\" \/>\n\t<meta property=\"og:image:height\" content=\"2028\" \/>\n\t<meta property=\"og:image:type\" content=\"image\/jpeg\" \/>\n<meta name=\"author\" content=\"P\u00f4le Communication\" \/>\n<meta name=\"twitter:card\" content=\"summary_large_image\" \/>\n<meta name=\"twitter:creator\" content=\"@ifnorvege\" \/>\n<meta name=\"twitter:site\" content=\"@ifnorvege\" \/>\n<meta name=\"twitter:label1\" content=\"Skrevet av\" \/>\n\t<meta name=\"twitter:data1\" content=\"P\u00f4le Communication\" \/>\n\t<meta name=\"twitter:label2\" content=\"Ansl. lesetid\" \/>\n\t<meta name=\"twitter:data2\" content=\"2 minutter\" \/>\n<script type=\"application\/ld+json\" class=\"yoast-schema-graph\">{\"@context\":\"https:\/\/schema.org\",\"@graph\":[{\"@type\":\"Article\",\"@id\":\"https:\/\/www.france.no\/no\/2023\/kultur\/den-franske-pris-2023\/#article\",\"isPartOf\":{\"@id\":\"https:\/\/www.france.no\/no\/2023\/kultur\/den-franske-pris-2023\/\"},\"author\":{\"name\":\"P\u00f4le Communication\",\"@id\":\"https:\/\/www.france.no\/no\/#\/schema\/person\/e911222e8703f294589a6d80b1c16f97\"},\"headline\":\"Den franske pris 2023\",\"datePublished\":\"2023-09-12T11:11:58+00:00\",\"dateModified\":\"2025-01-29T13:17:03+00:00\",\"mainEntityOfPage\":{\"@id\":\"https:\/\/www.france.no\/no\/2023\/kultur\/den-franske-pris-2023\/\"},\"wordCount\":232,\"publisher\":{\"@id\":\"https:\/\/www.france.no\/no\/#organization\"},\"image\":{\"@id\":\"https:\/\/www.france.no\/no\/2023\/kultur\/den-franske-pris-2023\/#primaryimage\"},\"thumbnailUrl\":\"https:\/\/www.france.no\/wp-content\/uploads\/2023\/09\/PrixFrancais-1098x617.jpg\",\"articleSection\":[\"Kultur\",\"Visuell kunst\"],\"inLanguage\":\"nb-NO\"},{\"@type\":\"WebPage\",\"@id\":\"https:\/\/www.france.no\/no\/2023\/kultur\/den-franske-pris-2023\/\",\"url\":\"https:\/\/www.france.no\/no\/2023\/kultur\/den-franske-pris-2023\/\",\"name\":\"Den franske pris 2023 - Institut fran\u00e7ais Kultur\",\"isPartOf\":{\"@id\":\"https:\/\/www.france.no\/no\/#website\"},\"primaryImageOfPage\":{\"@id\":\"https:\/\/www.france.no\/no\/2023\/kultur\/den-franske-pris-2023\/#primaryimage\"},\"image\":{\"@id\":\"https:\/\/www.france.no\/no\/2023\/kultur\/den-franske-pris-2023\/#primaryimage\"},\"thumbnailUrl\":\"https:\/\/www.france.no\/wp-content\/uploads\/2023\/09\/PrixFrancais-1098x617.jpg\",\"datePublished\":\"2023-09-12T11:11:58+00:00\",\"dateModified\":\"2025-01-29T13:17:03+00:00\",\"description\":\"Hvert annet \u00e5r deler den franske ambassaden og Institut fran\u00e7ais de Norv\u00e8ge (ambassadens kulturseksjon) ut Den franske pris (\u00abLe\u00a0Prix fran\u00e7ais\u00bb) i h\u00f8stutstillingen 2023 Den franske pris 2023 Kultur Institut fran\u00e7ais\",\"breadcrumb\":{\"@id\":\"https:\/\/www.france.no\/no\/2023\/kultur\/den-franske-pris-2023\/#breadcrumb\"},\"inLanguage\":\"nb-NO\",\"potentialAction\":[{\"@type\":\"ReadAction\",\"target\":[\"https:\/\/www.france.no\/no\/2023\/kultur\/den-franske-pris-2023\/\"]}]},{\"@type\":\"ImageObject\",\"inLanguage\":\"nb-NO\",\"@id\":\"https:\/\/www.france.no\/no\/2023\/kultur\/den-franske-pris-2023\/#primaryimage\",\"url\":\"https:\/\/www.france.no\/wp-content\/uploads\/2023\/09\/PrixFrancais-1098x617.jpg\",\"contentUrl\":\"https:\/\/www.france.no\/wp-content\/uploads\/2023\/09\/PrixFrancais-1098x617.jpg\",\"width\":2560,\"height\":2028},{\"@type\":\"BreadcrumbList\",\"@id\":\"https:\/\/www.france.no\/no\/2023\/kultur\/den-franske-pris-2023\/#breadcrumb\",\"itemListElement\":[{\"@type\":\"ListItem\",\"position\":1,\"name\":\"\",\"item\":\"https:\/\/www.france.no\/no\/\"},{\"@type\":\"ListItem\",\"position\":2,\"name\":\"Den franske pris 2023\"}]},{\"@type\":\"WebSite\",\"@id\":\"https:\/\/www.france.no\/no\/#website\",\"url\":\"https:\/\/www.france.no\/no\/\",\"name\":\"Institut fran\u00e7ais\",\"description\":\"Norv\u00e8ge\",\"publisher\":{\"@id\":\"https:\/\/www.france.no\/no\/#organization\"},\"potentialAction\":[{\"@type\":\"SearchAction\",\"target\":{\"@type\":\"EntryPoint\",\"urlTemplate\":\"https:\/\/www.france.no\/no\/?s={search_term_string}\"},\"query-input\":{\"@type\":\"PropertyValueSpecification\",\"valueRequired\":true,\"valueName\":\"search_term_string\"}}],\"inLanguage\":\"nb-NO\"},{\"@type\":\"Organization\",\"@id\":\"https:\/\/www.france.no\/no\/#organization\",\"name\":\"Institut fran\u00e7ais\",\"url\":\"https:\/\/www.france.no\/no\/\",\"logo\":{\"@type\":\"ImageObject\",\"inLanguage\":\"nb-NO\",\"@id\":\"https:\/\/www.france.no\/no\/#\/schema\/logo\/image\/\",\"url\":\"https:\/\/www.france.no\/wp-content\/uploads\/2022\/11\/IF_Logo_Sans_Bleu_RVB.png\",\"contentUrl\":\"https:\/\/www.france.no\/wp-content\/uploads\/2022\/11\/IF_Logo_Sans_Bleu_RVB.png\",\"width\":852,\"height\":591,\"caption\":\"Institut fran\u00e7ais\"},\"image\":{\"@id\":\"https:\/\/www.france.no\/no\/#\/schema\/logo\/image\/\"},\"sameAs\":[\"https:\/\/www.facebook.com\/institutfrancaisoslo\",\"https:\/\/x.com\/ifnorvege\",\"https:\/\/instagram.com\/ifnorvege\"]},{\"@type\":\"Person\",\"@id\":\"https:\/\/www.france.no\/no\/#\/schema\/person\/e911222e8703f294589a6d80b1c16f97\",\"name\":\"P\u00f4le Communication\",\"image\":{\"@type\":\"ImageObject\",\"inLanguage\":\"nb-NO\",\"@id\":\"https:\/\/www.france.no\/no\/#\/schema\/person\/image\/\",\"url\":\"https:\/\/secure.gravatar.com\/avatar\/20ae085a8b5fd613a02d28588389144802d3ba9408c852b2c6c7c4b17cc39660?s=96&d=mm&r=g\",\"contentUrl\":\"https:\/\/secure.gravatar.com\/avatar\/20ae085a8b5fd613a02d28588389144802d3ba9408c852b2c6c7c4b17cc39660?s=96&d=mm&r=g\",\"caption\":\"P\u00f4le Communication\"},\"url\":\"https:\/\/www.france.no\/no\/author\/polecom\/\"}]}<\/script>\n<!-- \/ Yoast SEO plugin. -->","yoast_head_json":{"title":"Den franske pris 2023 - Institut fran\u00e7ais Kultur","description":"Hvert annet \u00e5r deler den franske ambassaden og Institut fran\u00e7ais de Norv\u00e8ge (ambassadens kulturseksjon) ut Den franske pris (\u00abLe\u00a0Prix fran\u00e7ais\u00bb) i h\u00f8stutstillingen 2023 Den franske pris 2023 Kultur Institut fran\u00e7ais","robots":{"index":"index","follow":"follow","max-snippet":"max-snippet:-1","max-image-preview":"max-image-preview:large","max-video-preview":"max-video-preview:-1"},"canonical":"https:\/\/www.france.no\/no\/2023\/kultur\/den-franske-pris-2023\/","og_locale":"nb_NO","og_type":"article","og_title":"Den franske pris 2023 - Institut fran\u00e7ais Kultur","og_description":"Hvert annet \u00e5r deler den franske ambassaden og Institut fran\u00e7ais de Norv\u00e8ge (ambassadens kulturseksjon) ut Den franske pris (\u00abLe\u00a0Prix fran\u00e7ais\u00bb) i h\u00f8stutstillingen 2023 Den franske pris 2023 Kultur Institut fran\u00e7ais","og_url":"https:\/\/www.france.no\/no\/2023\/kultur\/den-franske-pris-2023\/","og_site_name":"Institut fran\u00e7ais","article_publisher":"https:\/\/www.facebook.com\/institutfrancaisoslo","article_published_time":"2023-09-12T11:11:58+00:00","article_modified_time":"2025-01-29T13:17:03+00:00","og_image":[{"width":2560,"height":2028,"url":"https:\/\/www.france.no\/wp-content\/uploads\/2023\/09\/PrixFrancais-1098x617.jpg","type":"image\/jpeg"}],"author":"P\u00f4le Communication","twitter_card":"summary_large_image","twitter_creator":"@ifnorvege","twitter_site":"@ifnorvege","twitter_misc":{"Skrevet av":"P\u00f4le Communication","Ansl. lesetid":"2 minutter"},"schema":{"@context":"https:\/\/schema.org","@graph":[{"@type":"Article","@id":"https:\/\/www.france.no\/no\/2023\/kultur\/den-franske-pris-2023\/#article","isPartOf":{"@id":"https:\/\/www.france.no\/no\/2023\/kultur\/den-franske-pris-2023\/"},"author":{"name":"P\u00f4le Communication","@id":"https:\/\/www.france.no\/no\/#\/schema\/person\/e911222e8703f294589a6d80b1c16f97"},"headline":"Den franske pris 2023","datePublished":"2023-09-12T11:11:58+00:00","dateModified":"2025-01-29T13:17:03+00:00","mainEntityOfPage":{"@id":"https:\/\/www.france.no\/no\/2023\/kultur\/den-franske-pris-2023\/"},"wordCount":232,"publisher":{"@id":"https:\/\/www.france.no\/no\/#organization"},"image":{"@id":"https:\/\/www.france.no\/no\/2023\/kultur\/den-franske-pris-2023\/#primaryimage"},"thumbnailUrl":"https:\/\/www.france.no\/wp-content\/uploads\/2023\/09\/PrixFrancais-1098x617.jpg","articleSection":["Kultur","Visuell kunst"],"inLanguage":"nb-NO"},{"@type":"WebPage","@id":"https:\/\/www.france.no\/no\/2023\/kultur\/den-franske-pris-2023\/","url":"https:\/\/www.france.no\/no\/2023\/kultur\/den-franske-pris-2023\/","name":"Den franske pris 2023 - Institut fran\u00e7ais Kultur","isPartOf":{"@id":"https:\/\/www.france.no\/no\/#website"},"primaryImageOfPage":{"@id":"https:\/\/www.france.no\/no\/2023\/kultur\/den-franske-pris-2023\/#primaryimage"},"image":{"@id":"https:\/\/www.france.no\/no\/2023\/kultur\/den-franske-pris-2023\/#primaryimage"},"thumbnailUrl":"https:\/\/www.france.no\/wp-content\/uploads\/2023\/09\/PrixFrancais-1098x617.jpg","datePublished":"2023-09-12T11:11:58+00:00","dateModified":"2025-01-29T13:17:03+00:00","description":"Hvert annet \u00e5r deler den franske ambassaden og Institut fran\u00e7ais de Norv\u00e8ge (ambassadens kulturseksjon) ut Den franske pris (\u00abLe\u00a0Prix fran\u00e7ais\u00bb) i h\u00f8stutstillingen 2023 Den franske pris 2023 Kultur Institut fran\u00e7ais","breadcrumb":{"@id":"https:\/\/www.france.no\/no\/2023\/kultur\/den-franske-pris-2023\/#breadcrumb"},"inLanguage":"nb-NO","potentialAction":[{"@type":"ReadAction","target":["https:\/\/www.france.no\/no\/2023\/kultur\/den-franske-pris-2023\/"]}]},{"@type":"ImageObject","inLanguage":"nb-NO","@id":"https:\/\/www.france.no\/no\/2023\/kultur\/den-franske-pris-2023\/#primaryimage","url":"https:\/\/www.france.no\/wp-content\/uploads\/2023\/09\/PrixFrancais-1098x617.jpg","contentUrl":"https:\/\/www.france.no\/wp-content\/uploads\/2023\/09\/PrixFrancais-1098x617.jpg","width":2560,"height":2028},{"@type":"BreadcrumbList","@id":"https:\/\/www.france.no\/no\/2023\/kultur\/den-franske-pris-2023\/#breadcrumb","itemListElement":[{"@type":"ListItem","position":1,"name":"","item":"https:\/\/www.france.no\/no\/"},{"@type":"ListItem","position":2,"name":"Den franske pris 2023"}]},{"@type":"WebSite","@id":"https:\/\/www.france.no\/no\/#website","url":"https:\/\/www.france.no\/no\/","name":"Institut fran\u00e7ais","description":"Norv\u00e8ge","publisher":{"@id":"https:\/\/www.france.no\/no\/#organization"},"potentialAction":[{"@type":"SearchAction","target":{"@type":"EntryPoint","urlTemplate":"https:\/\/www.france.no\/no\/?s={search_term_string}"},"query-input":{"@type":"PropertyValueSpecification","valueRequired":true,"valueName":"search_term_string"}}],"inLanguage":"nb-NO"},{"@type":"Organization","@id":"https:\/\/www.france.no\/no\/#organization","name":"Institut fran\u00e7ais","url":"https:\/\/www.france.no\/no\/","logo":{"@type":"ImageObject","inLanguage":"nb-NO","@id":"https:\/\/www.france.no\/no\/#\/schema\/logo\/image\/","url":"https:\/\/www.france.no\/wp-content\/uploads\/2022\/11\/IF_Logo_Sans_Bleu_RVB.png","contentUrl":"https:\/\/www.france.no\/wp-content\/uploads\/2022\/11\/IF_Logo_Sans_Bleu_RVB.png","width":852,"height":591,"caption":"Institut fran\u00e7ais"},"image":{"@id":"https:\/\/www.france.no\/no\/#\/schema\/logo\/image\/"},"sameAs":["https:\/\/www.facebook.com\/institutfrancaisoslo","https:\/\/x.com\/ifnorvege","https:\/\/instagram.com\/ifnorvege"]},{"@type":"Person","@id":"https:\/\/www.france.no\/no\/#\/schema\/person\/e911222e8703f294589a6d80b1c16f97","name":"P\u00f4le Communication","image":{"@type":"ImageObject","inLanguage":"nb-NO","@id":"https:\/\/www.france.no\/no\/#\/schema\/person\/image\/","url":"https:\/\/secure.gravatar.com\/avatar\/20ae085a8b5fd613a02d28588389144802d3ba9408c852b2c6c7c4b17cc39660?s=96&d=mm&r=g","contentUrl":"https:\/\/secure.gravatar.com\/avatar\/20ae085a8b5fd613a02d28588389144802d3ba9408c852b2c6c7c4b17cc39660?s=96&d=mm&r=g","caption":"P\u00f4le Communication"},"url":"https:\/\/www.france.no\/no\/author\/polecom\/"}]}},"_links":{"self":[{"href":"https:\/\/www.france.no\/no\/wp-json\/wp\/v2\/posts\/5446","targetHints":{"allow":["GET"]}}],"collection":[{"href":"https:\/\/www.france.no\/no\/wp-json\/wp\/v2\/posts"}],"about":[{"href":"https:\/\/www.france.no\/no\/wp-json\/wp\/v2\/types\/post"}],"author":[{"embeddable":true,"href":"https:\/\/www.france.no\/no\/wp-json\/wp\/v2\/users\/6"}],"replies":[{"embeddable":true,"href":"https:\/\/www.france.no\/no\/wp-json\/wp\/v2\/comments?post=5446"}],"version-history":[{"count":28,"href":"https:\/\/www.france.no\/no\/wp-json\/wp\/v2\/posts\/5446\/revisions"}],"predecessor-version":[{"id":9571,"href":"https:\/\/www.france.no\/no\/wp-json\/wp\/v2\/posts\/5446\/revisions\/9571"}],"wp:featuredmedia":[{"embeddable":true,"href":"https:\/\/www.france.no\/no\/wp-json\/wp\/v2\/media\/5461"}],"wp:attachment":[{"href":"https:\/\/www.france.no\/no\/wp-json\/wp\/v2\/media?parent=5446"}],"wp:term":[{"taxonomy":"category","embeddable":true,"href":"https:\/\/www.france.no\/no\/wp-json\/wp\/v2\/categories?post=5446"},{"taxonomy":"post_tag","embeddable":true,"href":"https:\/\/www.france.no\/no\/wp-json\/wp\/v2\/tags?post=5446"}],"curies":[{"name":"wp","href":"https:\/\/api.w.org\/{rel}","templated":true}]}}