{"id":5834,"date":"2023-10-04T09:05:06","date_gmt":"2023-10-04T07:05:06","guid":{"rendered":"https:\/\/www.france.no\/?p=5834"},"modified":"2023-11-03T14:02:15","modified_gmt":"2023-11-03T13:02:15","slug":"kunstner-marianne-heske-har-blitt-utnevnt-til-offiser-av-den-franske-ordenen-for-kunst-og-litteratur","status":"publish","type":"post","link":"https:\/\/www.france.no\/no\/2023\/kultur\/kunstner-marianne-heske-har-blitt-utnevnt-til-offiser-av-den-franske-ordenen-for-kunst-og-litteratur\/","title":{"rendered":"Kunstner Marianne Heske har blitt utnevnt til Offiser av den franske Ordenen for kunst og litteratur."},"content":{"rendered":"\n<p><strong>Marianne Heske, f\u00f8dt i \u00c5lesund i 1946, har blitt tildelt denne h\u00f8ye utmerkelsen for sitt mange\u00e5rige arbeid som toneangivende billedkunstner og viktig bindeledd mellom Norge og Frankrike med flere kunstutstillinger siden hun var fransk statsstipendiat i 1972-73, og studerte ved den ber\u00f8mte <a href=\"https:\/\/www.beauxartsparis.fr\/fr\" target=\"_blank\" rel=\"noreferrer noopener\">\u00c9cole Nationale Superieure des Beaux-Arts<\/a> i Paris i perioden 1971-1975. <\/strong><\/p>\n\n\n\n<p>Hun har gjennom hele sitt kunstneriske liv hatt n\u00e6r tilh\u00f8righet til Frankrike ikke bare gjennom en rekke utstillinger, men ogs\u00e5 intellektuelt og som kilde til inspirasjon. Hennes verk vitner om en aktiv interesse for ulike kunstneriske bevegelser, i forgrunnen av samtidskunsten, en kunst som protesterer, som provoserer, som er grensesprengende.<\/p>\n\n\n\n<p>Marianne Heskes verk er utstilt bl.a. p\u00e5 Nasjonalbiblioteket i Paris og <a href=\"https:\/\/www.centrepompidou.fr\/fr\/\" target=\"_blank\" rel=\"noreferrer noopener\">Centre Georges Pompidou<\/a>. Et av Heskes hovedverk <a href=\"https:\/\/kunstsilo.no\/gjerdeloa-fra-tafjord-til-pompidou\/\" target=\"_blank\" rel=\"noreferrer noopener\"><em>Prosjekt<\/em> <em>Gjerdel\u00f8a<\/em><\/a><em> <\/em>som senere er blitt et n\u00f8kkelverk i norsk kunsthistorie, var utstilt p\u00e5 Centre Georges Pompidou i 1980. Marianne Heske har hatt en lang rekke <a href=\"https:\/\/www.marianneheske.no\/biography\" target=\"_blank\" rel=\"noreferrer noopener\">separatutstillinger<\/a> i inn &#8211; og utland.<\/p>\n\n\n\n<p>Frankrikes ambassad\u00f8r til Norge, Florence Robine, overrakte p\u00e5 vegne av den franske kulturministeren utmerkelsen til Marianne Heske 3. oktober i Den franske ambassad\u00f8rboligen i Oslo.<\/p>\n\n\n\n<p><strong>Vi gratulerer!<\/strong><\/p>\n\n\n\n<figure class=\"wp-block-image size-medium\"><img loading=\"lazy\" decoding=\"async\" width=\"234\" height=\"300\" src=\"https:\/\/www.france.no\/wp-content\/uploads\/2023\/10\/HeskeMed-234x300.jpg\" alt=\"\" class=\"wp-image-5900\" srcset=\"https:\/\/www.france.no\/wp-content\/uploads\/2023\/10\/HeskeMed-234x300.jpg 234w, https:\/\/www.france.no\/wp-content\/uploads\/2023\/10\/HeskeMed-798x1024.jpg 798w, https:\/\/www.france.no\/wp-content\/uploads\/2023\/10\/HeskeMed-768x985.jpg 768w, https:\/\/www.france.no\/wp-content\/uploads\/2023\/10\/HeskeMed.jpg 803w\" sizes=\"auto, (max-width: 234px) 100vw, 234px\" \/><figcaption class=\"wp-element-caption\"><em><u>Om Ordenen for kunst og litteratur:<\/u><\/em> <em><strong>L\u2019Ordre des Arts et des Lettres<\/strong> er en fransk orden som tildeles av det franske kulturdepartementet for \u00e5 bel\u00f8nne \u00abde som har utmerket seg gjennom kreativitet innen kunst eller litteratur eller gjennom bidrag som har spredt fransk kunst og litteratur i verden\u00bb. Den tildeles personer som, i eller utenfor Frankrike, har utmerket seg med sitt kunstneriske virke eller ved sitt forfatterskap. Den ble innstiftet 2. mai 1957. Den er inndelt i tre grader: kommand\u00f8r (commandeur), offiser (officier), ridder (chevalier).<\/em><\/figcaption><\/figure>\n\n\n\n<figure class=\"wp-block-image size-full\"><img loading=\"lazy\" decoding=\"async\" width=\"1098\" height=\"617\" src=\"https:\/\/www.france.no\/wp-content\/uploads\/2023\/10\/download-1098x617.png\" alt=\"\" class=\"wp-image-5893\" srcset=\"https:\/\/www.france.no\/wp-content\/uploads\/2023\/10\/download-1098x617.png 1098w, https:\/\/www.france.no\/wp-content\/uploads\/2023\/10\/download-730x411.png 730w, https:\/\/www.france.no\/wp-content\/uploads\/2023\/10\/download-355x200.png 355w\" sizes=\"auto, (max-width: 1098px) 100vw, 1098px\" \/><figcaption class=\"wp-element-caption\">Prosjekt Gjerdel\u00f8a \/\/ Nasjonalmuseet \/\/ <em>\u00a9 Marianne Heske \/ BONO<\/em><\/figcaption><\/figure>\n","protected":false},"excerpt":{"rendered":"<p>Marianne Heske, f\u00f8dt i \u00c5lesund i 1946, har blitt tildelt denne h\u00f8ye utmerkelsen for sitt mange\u00e5rige arbeid som toneangivende billedkunstner og viktig bindeledd mellom Norge og Frankrike med flere kunstutstillinger siden hun var fransk statsstipendiat i 1972-73, og studerte ved den ber\u00f8mte \u00c9cole Nationale Superieure des Beaux-Arts i Paris i perioden 1971-1975. Hun har gjennom [&hellip;]<\/p>\n","protected":false},"author":6,"featured_media":5909,"comment_status":"closed","ping_status":"closed","sticky":false,"template":"","format":"standard","meta":{"footnotes":""},"categories":[5],"tags":[],"class_list":["post-5834","post","type-post","status-publish","format-standard","has-post-thumbnail","hentry","category-kultur"],"yoast_head":"<!-- This site is optimized with the Yoast SEO plugin v24.2 - https:\/\/yoast.com\/wordpress\/plugins\/seo\/ -->\n<title>Kunstner Marianne Heske har blitt utnevnt til Offiser av den franske Ordenen for kunst og litteratur. - Institut fran\u00e7ais<\/title>\n<meta name=\"robots\" content=\"index, follow, max-snippet:-1, max-image-preview:large, max-video-preview:-1\" \/>\n<link rel=\"canonical\" href=\"https:\/\/www.france.no\/no\/2023\/kultur\/kunstner-marianne-heske-har-blitt-utnevnt-til-offiser-av-den-franske-ordenen-for-kunst-og-litteratur\/\" \/>\n<meta property=\"og:locale\" content=\"nb_NO\" \/>\n<meta property=\"og:type\" content=\"article\" \/>\n<meta property=\"og:title\" content=\"Kunstner Marianne Heske har blitt utnevnt til Offiser av den franske Ordenen for kunst og litteratur. - Institut fran\u00e7ais\" \/>\n<meta property=\"og:description\" content=\"Marianne Heske, f\u00f8dt i \u00c5lesund i 1946, har blitt tildelt denne h\u00f8ye utmerkelsen for sitt mange\u00e5rige arbeid som toneangivende billedkunstner og viktig bindeledd mellom Norge og Frankrike med flere kunstutstillinger siden hun var fransk statsstipendiat i 1972-73, og studerte ved den ber\u00f8mte \u00c9cole Nationale Superieure des Beaux-Arts i Paris i perioden 1971-1975. Hun har gjennom [&hellip;]\" \/>\n<meta property=\"og:url\" content=\"https:\/\/www.france.no\/no\/2023\/kultur\/kunstner-marianne-heske-har-blitt-utnevnt-til-offiser-av-den-franske-ordenen-for-kunst-og-litteratur\/\" \/>\n<meta property=\"og:site_name\" content=\"Institut fran\u00e7ais\" \/>\n<meta property=\"article:publisher\" content=\"https:\/\/www.facebook.com\/institutfrancaisoslo\" \/>\n<meta property=\"article:published_time\" content=\"2023-10-04T07:05:06+00:00\" \/>\n<meta property=\"article:modified_time\" content=\"2023-11-03T13:02:15+00:00\" \/>\n<meta property=\"og:image\" content=\"https:\/\/www.france.no\/wp-content\/uploads\/2023\/10\/IMG-20231004-WA0001-1098x617.jpg\" \/>\n\t<meta property=\"og:image:width\" content=\"2000\" \/>\n\t<meta property=\"og:image:height\" content=\"1500\" \/>\n\t<meta property=\"og:image:type\" content=\"image\/jpeg\" \/>\n<meta name=\"author\" content=\"P\u00f4le Communication\" \/>\n<meta name=\"twitter:card\" content=\"summary_large_image\" \/>\n<meta name=\"twitter:creator\" content=\"@ifnorvege\" \/>\n<meta name=\"twitter:site\" content=\"@ifnorvege\" \/>\n<meta name=\"twitter:label1\" content=\"Skrevet av\" \/>\n\t<meta name=\"twitter:data1\" content=\"P\u00f4le Communication\" \/>\n\t<meta name=\"twitter:label2\" content=\"Ansl. lesetid\" \/>\n\t<meta name=\"twitter:data2\" content=\"2 minutter\" \/>\n<script type=\"application\/ld+json\" class=\"yoast-schema-graph\">{\"@context\":\"https:\/\/schema.org\",\"@graph\":[{\"@type\":\"Article\",\"@id\":\"https:\/\/www.france.no\/no\/2023\/kultur\/kunstner-marianne-heske-har-blitt-utnevnt-til-offiser-av-den-franske-ordenen-for-kunst-og-litteratur\/#article\",\"isPartOf\":{\"@id\":\"https:\/\/www.france.no\/no\/2023\/kultur\/kunstner-marianne-heske-har-blitt-utnevnt-til-offiser-av-den-franske-ordenen-for-kunst-og-litteratur\/\"},\"author\":{\"name\":\"P\u00f4le Communication\",\"@id\":\"https:\/\/www.france.no\/no\/#\/schema\/person\/e911222e8703f294589a6d80b1c16f97\"},\"headline\":\"Kunstner Marianne Heske har blitt utnevnt til Offiser av den franske Ordenen for kunst og litteratur.\",\"datePublished\":\"2023-10-04T07:05:06+00:00\",\"dateModified\":\"2023-11-03T13:02:15+00:00\",\"mainEntityOfPage\":{\"@id\":\"https:\/\/www.france.no\/no\/2023\/kultur\/kunstner-marianne-heske-har-blitt-utnevnt-til-offiser-av-den-franske-ordenen-for-kunst-og-litteratur\/\"},\"wordCount\":295,\"publisher\":{\"@id\":\"https:\/\/www.france.no\/no\/#organization\"},\"image\":{\"@id\":\"https:\/\/www.france.no\/no\/2023\/kultur\/kunstner-marianne-heske-har-blitt-utnevnt-til-offiser-av-den-franske-ordenen-for-kunst-og-litteratur\/#primaryimage\"},\"thumbnailUrl\":\"https:\/\/www.france.no\/wp-content\/uploads\/2023\/10\/IMG-20231004-WA0001-1098x617.jpg\",\"articleSection\":[\"Kultur\"],\"inLanguage\":\"nb-NO\"},{\"@type\":\"WebPage\",\"@id\":\"https:\/\/www.france.no\/no\/2023\/kultur\/kunstner-marianne-heske-har-blitt-utnevnt-til-offiser-av-den-franske-ordenen-for-kunst-og-litteratur\/\",\"url\":\"https:\/\/www.france.no\/no\/2023\/kultur\/kunstner-marianne-heske-har-blitt-utnevnt-til-offiser-av-den-franske-ordenen-for-kunst-og-litteratur\/\",\"name\":\"Kunstner Marianne Heske har blitt utnevnt til Offiser av den franske Ordenen for kunst og litteratur. - Institut fran\u00e7ais\",\"isPartOf\":{\"@id\":\"https:\/\/www.france.no\/no\/#website\"},\"primaryImageOfPage\":{\"@id\":\"https:\/\/www.france.no\/no\/2023\/kultur\/kunstner-marianne-heske-har-blitt-utnevnt-til-offiser-av-den-franske-ordenen-for-kunst-og-litteratur\/#primaryimage\"},\"image\":{\"@id\":\"https:\/\/www.france.no\/no\/2023\/kultur\/kunstner-marianne-heske-har-blitt-utnevnt-til-offiser-av-den-franske-ordenen-for-kunst-og-litteratur\/#primaryimage\"},\"thumbnailUrl\":\"https:\/\/www.france.no\/wp-content\/uploads\/2023\/10\/IMG-20231004-WA0001-1098x617.jpg\",\"datePublished\":\"2023-10-04T07:05:06+00:00\",\"dateModified\":\"2023-11-03T13:02:15+00:00\",\"breadcrumb\":{\"@id\":\"https:\/\/www.france.no\/no\/2023\/kultur\/kunstner-marianne-heske-har-blitt-utnevnt-til-offiser-av-den-franske-ordenen-for-kunst-og-litteratur\/#breadcrumb\"},\"inLanguage\":\"nb-NO\",\"potentialAction\":[{\"@type\":\"ReadAction\",\"target\":[\"https:\/\/www.france.no\/no\/2023\/kultur\/kunstner-marianne-heske-har-blitt-utnevnt-til-offiser-av-den-franske-ordenen-for-kunst-og-litteratur\/\"]}]},{\"@type\":\"ImageObject\",\"inLanguage\":\"nb-NO\",\"@id\":\"https:\/\/www.france.no\/no\/2023\/kultur\/kunstner-marianne-heske-har-blitt-utnevnt-til-offiser-av-den-franske-ordenen-for-kunst-og-litteratur\/#primaryimage\",\"url\":\"https:\/\/www.france.no\/wp-content\/uploads\/2023\/10\/IMG-20231004-WA0001-1098x617.jpg\",\"contentUrl\":\"https:\/\/www.france.no\/wp-content\/uploads\/2023\/10\/IMG-20231004-WA0001-1098x617.jpg\",\"width\":2000,\"height\":1500},{\"@type\":\"BreadcrumbList\",\"@id\":\"https:\/\/www.france.no\/no\/2023\/kultur\/kunstner-marianne-heske-har-blitt-utnevnt-til-offiser-av-den-franske-ordenen-for-kunst-og-litteratur\/#breadcrumb\",\"itemListElement\":[{\"@type\":\"ListItem\",\"position\":1,\"name\":\"\",\"item\":\"https:\/\/www.france.no\/no\/\"},{\"@type\":\"ListItem\",\"position\":2,\"name\":\"Kultur\",\"item\":\"https:\/\/www.france.no\/no\/category\/kultur\/\"},{\"@type\":\"ListItem\",\"position\":3,\"name\":\"Kunstner Marianne Heske har blitt utnevnt til Offiser av den franske Ordenen for kunst og litteratur.\"}]},{\"@type\":\"WebSite\",\"@id\":\"https:\/\/www.france.no\/no\/#website\",\"url\":\"https:\/\/www.france.no\/no\/\",\"name\":\"Institut fran\u00e7ais\",\"description\":\"Norv\u00e8ge\",\"publisher\":{\"@id\":\"https:\/\/www.france.no\/no\/#organization\"},\"potentialAction\":[{\"@type\":\"SearchAction\",\"target\":{\"@type\":\"EntryPoint\",\"urlTemplate\":\"https:\/\/www.france.no\/no\/?s={search_term_string}\"},\"query-input\":{\"@type\":\"PropertyValueSpecification\",\"valueRequired\":true,\"valueName\":\"search_term_string\"}}],\"inLanguage\":\"nb-NO\"},{\"@type\":\"Organization\",\"@id\":\"https:\/\/www.france.no\/no\/#organization\",\"name\":\"Institut fran\u00e7ais\",\"url\":\"https:\/\/www.france.no\/no\/\",\"logo\":{\"@type\":\"ImageObject\",\"inLanguage\":\"nb-NO\",\"@id\":\"https:\/\/www.france.no\/no\/#\/schema\/logo\/image\/\",\"url\":\"https:\/\/www.france.no\/wp-content\/uploads\/2022\/11\/IF_Logo_Sans_Bleu_RVB.png\",\"contentUrl\":\"https:\/\/www.france.no\/wp-content\/uploads\/2022\/11\/IF_Logo_Sans_Bleu_RVB.png\",\"width\":852,\"height\":591,\"caption\":\"Institut fran\u00e7ais\"},\"image\":{\"@id\":\"https:\/\/www.france.no\/no\/#\/schema\/logo\/image\/\"},\"sameAs\":[\"https:\/\/www.facebook.com\/institutfrancaisoslo\",\"https:\/\/x.com\/ifnorvege\",\"https:\/\/instagram.com\/ifnorvege\"]},{\"@type\":\"Person\",\"@id\":\"https:\/\/www.france.no\/no\/#\/schema\/person\/e911222e8703f294589a6d80b1c16f97\",\"name\":\"P\u00f4le Communication\",\"image\":{\"@type\":\"ImageObject\",\"inLanguage\":\"nb-NO\",\"@id\":\"https:\/\/www.france.no\/no\/#\/schema\/person\/image\/\",\"url\":\"https:\/\/secure.gravatar.com\/avatar\/20ae085a8b5fd613a02d28588389144802d3ba9408c852b2c6c7c4b17cc39660?s=96&d=mm&r=g\",\"contentUrl\":\"https:\/\/secure.gravatar.com\/avatar\/20ae085a8b5fd613a02d28588389144802d3ba9408c852b2c6c7c4b17cc39660?s=96&d=mm&r=g\",\"caption\":\"P\u00f4le Communication\"},\"url\":\"https:\/\/www.france.no\/no\/author\/polecom\/\"}]}<\/script>\n<!-- \/ Yoast SEO plugin. -->","yoast_head_json":{"title":"Kunstner Marianne Heske har blitt utnevnt til Offiser av den franske Ordenen for kunst og litteratur. - Institut fran\u00e7ais","robots":{"index":"index","follow":"follow","max-snippet":"max-snippet:-1","max-image-preview":"max-image-preview:large","max-video-preview":"max-video-preview:-1"},"canonical":"https:\/\/www.france.no\/no\/2023\/kultur\/kunstner-marianne-heske-har-blitt-utnevnt-til-offiser-av-den-franske-ordenen-for-kunst-og-litteratur\/","og_locale":"nb_NO","og_type":"article","og_title":"Kunstner Marianne Heske har blitt utnevnt til Offiser av den franske Ordenen for kunst og litteratur. - Institut fran\u00e7ais","og_description":"Marianne Heske, f\u00f8dt i \u00c5lesund i 1946, har blitt tildelt denne h\u00f8ye utmerkelsen for sitt mange\u00e5rige arbeid som toneangivende billedkunstner og viktig bindeledd mellom Norge og Frankrike med flere kunstutstillinger siden hun var fransk statsstipendiat i 1972-73, og studerte ved den ber\u00f8mte \u00c9cole Nationale Superieure des Beaux-Arts i Paris i perioden 1971-1975. Hun har gjennom [&hellip;]","og_url":"https:\/\/www.france.no\/no\/2023\/kultur\/kunstner-marianne-heske-har-blitt-utnevnt-til-offiser-av-den-franske-ordenen-for-kunst-og-litteratur\/","og_site_name":"Institut fran\u00e7ais","article_publisher":"https:\/\/www.facebook.com\/institutfrancaisoslo","article_published_time":"2023-10-04T07:05:06+00:00","article_modified_time":"2023-11-03T13:02:15+00:00","og_image":[{"width":2000,"height":1500,"url":"https:\/\/www.france.no\/wp-content\/uploads\/2023\/10\/IMG-20231004-WA0001-1098x617.jpg","type":"image\/jpeg"}],"author":"P\u00f4le Communication","twitter_card":"summary_large_image","twitter_creator":"@ifnorvege","twitter_site":"@ifnorvege","twitter_misc":{"Skrevet av":"P\u00f4le Communication","Ansl. lesetid":"2 minutter"},"schema":{"@context":"https:\/\/schema.org","@graph":[{"@type":"Article","@id":"https:\/\/www.france.no\/no\/2023\/kultur\/kunstner-marianne-heske-har-blitt-utnevnt-til-offiser-av-den-franske-ordenen-for-kunst-og-litteratur\/#article","isPartOf":{"@id":"https:\/\/www.france.no\/no\/2023\/kultur\/kunstner-marianne-heske-har-blitt-utnevnt-til-offiser-av-den-franske-ordenen-for-kunst-og-litteratur\/"},"author":{"name":"P\u00f4le Communication","@id":"https:\/\/www.france.no\/no\/#\/schema\/person\/e911222e8703f294589a6d80b1c16f97"},"headline":"Kunstner Marianne Heske har blitt utnevnt til Offiser av den franske Ordenen for kunst og litteratur.","datePublished":"2023-10-04T07:05:06+00:00","dateModified":"2023-11-03T13:02:15+00:00","mainEntityOfPage":{"@id":"https:\/\/www.france.no\/no\/2023\/kultur\/kunstner-marianne-heske-har-blitt-utnevnt-til-offiser-av-den-franske-ordenen-for-kunst-og-litteratur\/"},"wordCount":295,"publisher":{"@id":"https:\/\/www.france.no\/no\/#organization"},"image":{"@id":"https:\/\/www.france.no\/no\/2023\/kultur\/kunstner-marianne-heske-har-blitt-utnevnt-til-offiser-av-den-franske-ordenen-for-kunst-og-litteratur\/#primaryimage"},"thumbnailUrl":"https:\/\/www.france.no\/wp-content\/uploads\/2023\/10\/IMG-20231004-WA0001-1098x617.jpg","articleSection":["Kultur"],"inLanguage":"nb-NO"},{"@type":"WebPage","@id":"https:\/\/www.france.no\/no\/2023\/kultur\/kunstner-marianne-heske-har-blitt-utnevnt-til-offiser-av-den-franske-ordenen-for-kunst-og-litteratur\/","url":"https:\/\/www.france.no\/no\/2023\/kultur\/kunstner-marianne-heske-har-blitt-utnevnt-til-offiser-av-den-franske-ordenen-for-kunst-og-litteratur\/","name":"Kunstner Marianne Heske har blitt utnevnt til Offiser av den franske Ordenen for kunst og litteratur. - Institut fran\u00e7ais","isPartOf":{"@id":"https:\/\/www.france.no\/no\/#website"},"primaryImageOfPage":{"@id":"https:\/\/www.france.no\/no\/2023\/kultur\/kunstner-marianne-heske-har-blitt-utnevnt-til-offiser-av-den-franske-ordenen-for-kunst-og-litteratur\/#primaryimage"},"image":{"@id":"https:\/\/www.france.no\/no\/2023\/kultur\/kunstner-marianne-heske-har-blitt-utnevnt-til-offiser-av-den-franske-ordenen-for-kunst-og-litteratur\/#primaryimage"},"thumbnailUrl":"https:\/\/www.france.no\/wp-content\/uploads\/2023\/10\/IMG-20231004-WA0001-1098x617.jpg","datePublished":"2023-10-04T07:05:06+00:00","dateModified":"2023-11-03T13:02:15+00:00","breadcrumb":{"@id":"https:\/\/www.france.no\/no\/2023\/kultur\/kunstner-marianne-heske-har-blitt-utnevnt-til-offiser-av-den-franske-ordenen-for-kunst-og-litteratur\/#breadcrumb"},"inLanguage":"nb-NO","potentialAction":[{"@type":"ReadAction","target":["https:\/\/www.france.no\/no\/2023\/kultur\/kunstner-marianne-heske-har-blitt-utnevnt-til-offiser-av-den-franske-ordenen-for-kunst-og-litteratur\/"]}]},{"@type":"ImageObject","inLanguage":"nb-NO","@id":"https:\/\/www.france.no\/no\/2023\/kultur\/kunstner-marianne-heske-har-blitt-utnevnt-til-offiser-av-den-franske-ordenen-for-kunst-og-litteratur\/#primaryimage","url":"https:\/\/www.france.no\/wp-content\/uploads\/2023\/10\/IMG-20231004-WA0001-1098x617.jpg","contentUrl":"https:\/\/www.france.no\/wp-content\/uploads\/2023\/10\/IMG-20231004-WA0001-1098x617.jpg","width":2000,"height":1500},{"@type":"BreadcrumbList","@id":"https:\/\/www.france.no\/no\/2023\/kultur\/kunstner-marianne-heske-har-blitt-utnevnt-til-offiser-av-den-franske-ordenen-for-kunst-og-litteratur\/#breadcrumb","itemListElement":[{"@type":"ListItem","position":1,"name":"","item":"https:\/\/www.france.no\/no\/"},{"@type":"ListItem","position":2,"name":"Kultur","item":"https:\/\/www.france.no\/no\/category\/kultur\/"},{"@type":"ListItem","position":3,"name":"Kunstner Marianne Heske har blitt utnevnt til Offiser av den franske Ordenen for kunst og litteratur."}]},{"@type":"WebSite","@id":"https:\/\/www.france.no\/no\/#website","url":"https:\/\/www.france.no\/no\/","name":"Institut fran\u00e7ais","description":"Norv\u00e8ge","publisher":{"@id":"https:\/\/www.france.no\/no\/#organization"},"potentialAction":[{"@type":"SearchAction","target":{"@type":"EntryPoint","urlTemplate":"https:\/\/www.france.no\/no\/?s={search_term_string}"},"query-input":{"@type":"PropertyValueSpecification","valueRequired":true,"valueName":"search_term_string"}}],"inLanguage":"nb-NO"},{"@type":"Organization","@id":"https:\/\/www.france.no\/no\/#organization","name":"Institut fran\u00e7ais","url":"https:\/\/www.france.no\/no\/","logo":{"@type":"ImageObject","inLanguage":"nb-NO","@id":"https:\/\/www.france.no\/no\/#\/schema\/logo\/image\/","url":"https:\/\/www.france.no\/wp-content\/uploads\/2022\/11\/IF_Logo_Sans_Bleu_RVB.png","contentUrl":"https:\/\/www.france.no\/wp-content\/uploads\/2022\/11\/IF_Logo_Sans_Bleu_RVB.png","width":852,"height":591,"caption":"Institut fran\u00e7ais"},"image":{"@id":"https:\/\/www.france.no\/no\/#\/schema\/logo\/image\/"},"sameAs":["https:\/\/www.facebook.com\/institutfrancaisoslo","https:\/\/x.com\/ifnorvege","https:\/\/instagram.com\/ifnorvege"]},{"@type":"Person","@id":"https:\/\/www.france.no\/no\/#\/schema\/person\/e911222e8703f294589a6d80b1c16f97","name":"P\u00f4le Communication","image":{"@type":"ImageObject","inLanguage":"nb-NO","@id":"https:\/\/www.france.no\/no\/#\/schema\/person\/image\/","url":"https:\/\/secure.gravatar.com\/avatar\/20ae085a8b5fd613a02d28588389144802d3ba9408c852b2c6c7c4b17cc39660?s=96&d=mm&r=g","contentUrl":"https:\/\/secure.gravatar.com\/avatar\/20ae085a8b5fd613a02d28588389144802d3ba9408c852b2c6c7c4b17cc39660?s=96&d=mm&r=g","caption":"P\u00f4le Communication"},"url":"https:\/\/www.france.no\/no\/author\/polecom\/"}]}},"_links":{"self":[{"href":"https:\/\/www.france.no\/no\/wp-json\/wp\/v2\/posts\/5834","targetHints":{"allow":["GET"]}}],"collection":[{"href":"https:\/\/www.france.no\/no\/wp-json\/wp\/v2\/posts"}],"about":[{"href":"https:\/\/www.france.no\/no\/wp-json\/wp\/v2\/types\/post"}],"author":[{"embeddable":true,"href":"https:\/\/www.france.no\/no\/wp-json\/wp\/v2\/users\/6"}],"replies":[{"embeddable":true,"href":"https:\/\/www.france.no\/no\/wp-json\/wp\/v2\/comments?post=5834"}],"version-history":[{"count":4,"href":"https:\/\/www.france.no\/no\/wp-json\/wp\/v2\/posts\/5834\/revisions"}],"predecessor-version":[{"id":5914,"href":"https:\/\/www.france.no\/no\/wp-json\/wp\/v2\/posts\/5834\/revisions\/5914"}],"wp:featuredmedia":[{"embeddable":true,"href":"https:\/\/www.france.no\/no\/wp-json\/wp\/v2\/media\/5909"}],"wp:attachment":[{"href":"https:\/\/www.france.no\/no\/wp-json\/wp\/v2\/media?parent=5834"}],"wp:term":[{"taxonomy":"category","embeddable":true,"href":"https:\/\/www.france.no\/no\/wp-json\/wp\/v2\/categories?post=5834"},{"taxonomy":"post_tag","embeddable":true,"href":"https:\/\/www.france.no\/no\/wp-json\/wp\/v2\/tags?post=5834"}],"curies":[{"name":"wp","href":"https:\/\/api.w.org\/{rel}","templated":true}]}}