{"id":5976,"date":"2023-10-10T08:56:54","date_gmt":"2023-10-10T06:56:54","guid":{"rendered":"https:\/\/www.france.no\/?p=5976"},"modified":"2023-10-25T13:36:15","modified_gmt":"2023-10-25T11:36:15","slug":"fredrikstad-animation-festival","status":"publish","type":"post","link":"https:\/\/www.france.no\/no\/2023\/kultur\/fredrikstad-animation-festival\/","title":{"rendered":"Fredrikstad Animation festival"},"content":{"rendered":"\n<p>As a partner to <a href=\"https:\/\/animationfestival.no\/\" target=\"_blank\" rel=\"noreferrer noopener\">Fredrikstad Animation Festival<\/a> Institut fran\u00e7ais de Norv\u00e8ge is very excited to present the program of the fourth edition of the Production Day, which this year will focus on French Animation!<\/p>\n\n\n\n<p>Speakers from different areas of the industry will be on hand to talk about their experiences, developments in their professions \u2013 studio, film &amp; TV production, theatrical distribution \u2013 and even share their experience of working with Nordic partners.<\/p>\n\n\n\n<p>The Production Day is organized by Animasjon Norge, a subdivision of Virke Produsentforeningen with Frank Mosvold and Thomas Malmonte as project managers, and in collaboration with Fredrikstad Animation Festival.<\/p>\n\n\n\n<p>This event is supported by The Norwegian Film Institute, Virke Produsentforeningen and Viken Filmsenter.<\/p>\n\n\n\n<p>French Focus takes place Friday October 20st, more info: <a href=\"https:\/\/animationfestival.no\/production-day-program-french-focus\/\" target=\"_blank\" rel=\"noreferrer noopener\">https:\/\/animationfestival.no\/production-day-program-french-focus\/<\/a><\/p>\n\n\n\n<div class=\"wp-block-columns is-layout-flex wp-container-core-columns-is-layout-9d6595d7 wp-block-columns-is-layout-flex\">\n<div class=\"wp-block-column is-layout-flow wp-block-column-is-layout-flow\">\n<p><strong>IN SEARCH OF EXCELLENCE <\/strong>J\u00e9r\u00f4me Combe &#8211; Fortiche Masterclass from the studio behind the Netflix success Arcane, and how its founders have managed on setting Fortiche as a reference as an animation studio at a global level, since its creation in 2009.<\/p>\n\n\n\n<p><strong>SHOW ME THE MONEY<\/strong> Franck Samuel &#8211; La Station Animation Masterclass from one of the most prolific producers in France. How do French film and TV projects get financed? Learn everything about financing opportunities in France.<\/p>\n\n\n\n<p><\/p>\n<\/div>\n\n\n\n<div class=\"wp-block-column is-layout-flow wp-block-column-is-layout-flow\">\n<p><strong>NORDIC FRENCH CO-PRO <\/strong>Charlotte de la Gournerie &#8211; Sun Creature Masterclass from the co-producer and studio behind 2022 Oscar nominee Flee, and how to make a Nordic-French co-production a success.<\/p>\n\n\n\n<p><strong>NORDIC FILMS IN FRANCE <\/strong>Vladimir Kokh \u2013 KMBO Masterclass from one of the best theatrical distributors for animated feature films. Thanks to their experience of releasing Nordic animated features, let\u2019s learn how to make a French box office hit! <\/p>\n<\/div>\n<\/div>\n\n\n\n<p><\/p>\n\n\n\n<p><\/p>\n","protected":false},"excerpt":{"rendered":"<p>As a partner to Fredrikstad Animation Festival Institut fran\u00e7ais de Norv\u00e8ge is very excited to present the program of the fourth edition of the Production Day, which this year will focus on French Animation! Speakers from different areas of the industry will be on hand to talk about their experiences, developments in their professions \u2013 [&hellip;]<\/p>\n","protected":false},"author":6,"featured_media":5982,"comment_status":"closed","ping_status":"open","sticky":false,"template":"","format":"standard","meta":{"footnotes":""},"categories":[5],"tags":[],"class_list":["post-5976","post","type-post","status-publish","format-standard","has-post-thumbnail","hentry","category-kultur"],"yoast_head":"<!-- This site is optimized with the Yoast SEO plugin v24.2 - https:\/\/yoast.com\/wordpress\/plugins\/seo\/ -->\n<title>Fredrikstad Animation festival - Institut fran\u00e7ais<\/title>\n<meta name=\"robots\" content=\"index, follow, max-snippet:-1, max-image-preview:large, max-video-preview:-1\" \/>\n<link rel=\"canonical\" href=\"https:\/\/www.france.no\/no\/2023\/kultur\/fredrikstad-animation-festival\/\" \/>\n<meta property=\"og:locale\" content=\"nb_NO\" \/>\n<meta property=\"og:type\" content=\"article\" \/>\n<meta property=\"og:title\" content=\"Fredrikstad Animation festival - Institut fran\u00e7ais\" \/>\n<meta property=\"og:description\" content=\"As a partner to Fredrikstad Animation Festival Institut fran\u00e7ais de Norv\u00e8ge is very excited to present the program of the fourth edition of the Production Day, which this year will focus on French Animation! Speakers from different areas of the industry will be on hand to talk about their experiences, developments in their professions \u2013 [&hellip;]\" \/>\n<meta property=\"og:url\" content=\"https:\/\/www.france.no\/no\/2023\/kultur\/fredrikstad-animation-festival\/\" \/>\n<meta property=\"og:site_name\" content=\"Institut fran\u00e7ais\" \/>\n<meta property=\"article:publisher\" content=\"https:\/\/www.facebook.com\/institutfrancaisoslo\" \/>\n<meta property=\"article:published_time\" content=\"2023-10-10T06:56:54+00:00\" \/>\n<meta property=\"article:modified_time\" content=\"2023-10-25T11:36:15+00:00\" \/>\n<meta property=\"og:image\" content=\"https:\/\/www.france.no\/wp-content\/uploads\/2023\/10\/faf23-logo-1-2-846x617.png\" \/>\n\t<meta property=\"og:image:width\" content=\"846\" \/>\n\t<meta property=\"og:image:height\" content=\"644\" \/>\n\t<meta property=\"og:image:type\" content=\"image\/png\" \/>\n<meta name=\"author\" content=\"P\u00f4le Communication\" \/>\n<meta name=\"twitter:card\" content=\"summary_large_image\" \/>\n<meta name=\"twitter:creator\" content=\"@ifnorvege\" \/>\n<meta name=\"twitter:site\" content=\"@ifnorvege\" \/>\n<meta name=\"twitter:label1\" content=\"Skrevet av\" \/>\n\t<meta name=\"twitter:data1\" content=\"P\u00f4le Communication\" \/>\n\t<meta name=\"twitter:label2\" content=\"Ansl. lesetid\" \/>\n\t<meta name=\"twitter:data2\" content=\"2 minutter\" \/>\n<script type=\"application\/ld+json\" class=\"yoast-schema-graph\">{\"@context\":\"https:\/\/schema.org\",\"@graph\":[{\"@type\":\"Article\",\"@id\":\"https:\/\/www.france.no\/no\/2023\/kultur\/fredrikstad-animation-festival\/#article\",\"isPartOf\":{\"@id\":\"https:\/\/www.france.no\/no\/2023\/kultur\/fredrikstad-animation-festival\/\"},\"author\":{\"name\":\"P\u00f4le Communication\",\"@id\":\"https:\/\/www.france.no\/no\/#\/schema\/person\/e911222e8703f294589a6d80b1c16f97\"},\"headline\":\"Fredrikstad Animation festival\",\"datePublished\":\"2023-10-10T06:56:54+00:00\",\"dateModified\":\"2023-10-25T11:36:15+00:00\",\"mainEntityOfPage\":{\"@id\":\"https:\/\/www.france.no\/no\/2023\/kultur\/fredrikstad-animation-festival\/\"},\"wordCount\":279,\"publisher\":{\"@id\":\"https:\/\/www.france.no\/no\/#organization\"},\"image\":{\"@id\":\"https:\/\/www.france.no\/no\/2023\/kultur\/fredrikstad-animation-festival\/#primaryimage\"},\"thumbnailUrl\":\"https:\/\/www.france.no\/wp-content\/uploads\/2023\/10\/faf23-logo-1-2-846x617.png\",\"articleSection\":[\"Kultur\"],\"inLanguage\":\"nb-NO\"},{\"@type\":\"WebPage\",\"@id\":\"https:\/\/www.france.no\/no\/2023\/kultur\/fredrikstad-animation-festival\/\",\"url\":\"https:\/\/www.france.no\/no\/2023\/kultur\/fredrikstad-animation-festival\/\",\"name\":\"Fredrikstad Animation festival - Institut fran\u00e7ais\",\"isPartOf\":{\"@id\":\"https:\/\/www.france.no\/no\/#website\"},\"primaryImageOfPage\":{\"@id\":\"https:\/\/www.france.no\/no\/2023\/kultur\/fredrikstad-animation-festival\/#primaryimage\"},\"image\":{\"@id\":\"https:\/\/www.france.no\/no\/2023\/kultur\/fredrikstad-animation-festival\/#primaryimage\"},\"thumbnailUrl\":\"https:\/\/www.france.no\/wp-content\/uploads\/2023\/10\/faf23-logo-1-2-846x617.png\",\"datePublished\":\"2023-10-10T06:56:54+00:00\",\"dateModified\":\"2023-10-25T11:36:15+00:00\",\"breadcrumb\":{\"@id\":\"https:\/\/www.france.no\/no\/2023\/kultur\/fredrikstad-animation-festival\/#breadcrumb\"},\"inLanguage\":\"nb-NO\",\"potentialAction\":[{\"@type\":\"ReadAction\",\"target\":[\"https:\/\/www.france.no\/no\/2023\/kultur\/fredrikstad-animation-festival\/\"]}]},{\"@type\":\"ImageObject\",\"inLanguage\":\"nb-NO\",\"@id\":\"https:\/\/www.france.no\/no\/2023\/kultur\/fredrikstad-animation-festival\/#primaryimage\",\"url\":\"https:\/\/www.france.no\/wp-content\/uploads\/2023\/10\/faf23-logo-1-2-846x617.png\",\"contentUrl\":\"https:\/\/www.france.no\/wp-content\/uploads\/2023\/10\/faf23-logo-1-2-846x617.png\",\"width\":846,\"height\":644},{\"@type\":\"BreadcrumbList\",\"@id\":\"https:\/\/www.france.no\/no\/2023\/kultur\/fredrikstad-animation-festival\/#breadcrumb\",\"itemListElement\":[{\"@type\":\"ListItem\",\"position\":1,\"name\":\"\",\"item\":\"https:\/\/www.france.no\/no\/\"},{\"@type\":\"ListItem\",\"position\":2,\"name\":\"Kultur\",\"item\":\"https:\/\/www.france.no\/no\/category\/kultur\/\"},{\"@type\":\"ListItem\",\"position\":3,\"name\":\"Fredrikstad Animation festival\"}]},{\"@type\":\"WebSite\",\"@id\":\"https:\/\/www.france.no\/no\/#website\",\"url\":\"https:\/\/www.france.no\/no\/\",\"name\":\"Institut fran\u00e7ais\",\"description\":\"Norv\u00e8ge\",\"publisher\":{\"@id\":\"https:\/\/www.france.no\/no\/#organization\"},\"potentialAction\":[{\"@type\":\"SearchAction\",\"target\":{\"@type\":\"EntryPoint\",\"urlTemplate\":\"https:\/\/www.france.no\/no\/?s={search_term_string}\"},\"query-input\":{\"@type\":\"PropertyValueSpecification\",\"valueRequired\":true,\"valueName\":\"search_term_string\"}}],\"inLanguage\":\"nb-NO\"},{\"@type\":\"Organization\",\"@id\":\"https:\/\/www.france.no\/no\/#organization\",\"name\":\"Institut fran\u00e7ais\",\"url\":\"https:\/\/www.france.no\/no\/\",\"logo\":{\"@type\":\"ImageObject\",\"inLanguage\":\"nb-NO\",\"@id\":\"https:\/\/www.france.no\/no\/#\/schema\/logo\/image\/\",\"url\":\"https:\/\/www.france.no\/wp-content\/uploads\/2022\/11\/IF_Logo_Sans_Bleu_RVB.png\",\"contentUrl\":\"https:\/\/www.france.no\/wp-content\/uploads\/2022\/11\/IF_Logo_Sans_Bleu_RVB.png\",\"width\":852,\"height\":591,\"caption\":\"Institut fran\u00e7ais\"},\"image\":{\"@id\":\"https:\/\/www.france.no\/no\/#\/schema\/logo\/image\/\"},\"sameAs\":[\"https:\/\/www.facebook.com\/institutfrancaisoslo\",\"https:\/\/x.com\/ifnorvege\",\"https:\/\/instagram.com\/ifnorvege\"]},{\"@type\":\"Person\",\"@id\":\"https:\/\/www.france.no\/no\/#\/schema\/person\/e911222e8703f294589a6d80b1c16f97\",\"name\":\"P\u00f4le Communication\",\"image\":{\"@type\":\"ImageObject\",\"inLanguage\":\"nb-NO\",\"@id\":\"https:\/\/www.france.no\/no\/#\/schema\/person\/image\/\",\"url\":\"https:\/\/secure.gravatar.com\/avatar\/20ae085a8b5fd613a02d28588389144802d3ba9408c852b2c6c7c4b17cc39660?s=96&d=mm&r=g\",\"contentUrl\":\"https:\/\/secure.gravatar.com\/avatar\/20ae085a8b5fd613a02d28588389144802d3ba9408c852b2c6c7c4b17cc39660?s=96&d=mm&r=g\",\"caption\":\"P\u00f4le Communication\"},\"url\":\"https:\/\/www.france.no\/no\/author\/polecom\/\"}]}<\/script>\n<!-- \/ Yoast SEO plugin. -->","yoast_head_json":{"title":"Fredrikstad Animation festival - Institut fran\u00e7ais","robots":{"index":"index","follow":"follow","max-snippet":"max-snippet:-1","max-image-preview":"max-image-preview:large","max-video-preview":"max-video-preview:-1"},"canonical":"https:\/\/www.france.no\/no\/2023\/kultur\/fredrikstad-animation-festival\/","og_locale":"nb_NO","og_type":"article","og_title":"Fredrikstad Animation festival - Institut fran\u00e7ais","og_description":"As a partner to Fredrikstad Animation Festival Institut fran\u00e7ais de Norv\u00e8ge is very excited to present the program of the fourth edition of the Production Day, which this year will focus on French Animation! Speakers from different areas of the industry will be on hand to talk about their experiences, developments in their professions \u2013 [&hellip;]","og_url":"https:\/\/www.france.no\/no\/2023\/kultur\/fredrikstad-animation-festival\/","og_site_name":"Institut fran\u00e7ais","article_publisher":"https:\/\/www.facebook.com\/institutfrancaisoslo","article_published_time":"2023-10-10T06:56:54+00:00","article_modified_time":"2023-10-25T11:36:15+00:00","og_image":[{"width":846,"height":644,"url":"https:\/\/www.france.no\/wp-content\/uploads\/2023\/10\/faf23-logo-1-2-846x617.png","type":"image\/png"}],"author":"P\u00f4le Communication","twitter_card":"summary_large_image","twitter_creator":"@ifnorvege","twitter_site":"@ifnorvege","twitter_misc":{"Skrevet av":"P\u00f4le Communication","Ansl. lesetid":"2 minutter"},"schema":{"@context":"https:\/\/schema.org","@graph":[{"@type":"Article","@id":"https:\/\/www.france.no\/no\/2023\/kultur\/fredrikstad-animation-festival\/#article","isPartOf":{"@id":"https:\/\/www.france.no\/no\/2023\/kultur\/fredrikstad-animation-festival\/"},"author":{"name":"P\u00f4le Communication","@id":"https:\/\/www.france.no\/no\/#\/schema\/person\/e911222e8703f294589a6d80b1c16f97"},"headline":"Fredrikstad Animation festival","datePublished":"2023-10-10T06:56:54+00:00","dateModified":"2023-10-25T11:36:15+00:00","mainEntityOfPage":{"@id":"https:\/\/www.france.no\/no\/2023\/kultur\/fredrikstad-animation-festival\/"},"wordCount":279,"publisher":{"@id":"https:\/\/www.france.no\/no\/#organization"},"image":{"@id":"https:\/\/www.france.no\/no\/2023\/kultur\/fredrikstad-animation-festival\/#primaryimage"},"thumbnailUrl":"https:\/\/www.france.no\/wp-content\/uploads\/2023\/10\/faf23-logo-1-2-846x617.png","articleSection":["Kultur"],"inLanguage":"nb-NO"},{"@type":"WebPage","@id":"https:\/\/www.france.no\/no\/2023\/kultur\/fredrikstad-animation-festival\/","url":"https:\/\/www.france.no\/no\/2023\/kultur\/fredrikstad-animation-festival\/","name":"Fredrikstad Animation festival - Institut fran\u00e7ais","isPartOf":{"@id":"https:\/\/www.france.no\/no\/#website"},"primaryImageOfPage":{"@id":"https:\/\/www.france.no\/no\/2023\/kultur\/fredrikstad-animation-festival\/#primaryimage"},"image":{"@id":"https:\/\/www.france.no\/no\/2023\/kultur\/fredrikstad-animation-festival\/#primaryimage"},"thumbnailUrl":"https:\/\/www.france.no\/wp-content\/uploads\/2023\/10\/faf23-logo-1-2-846x617.png","datePublished":"2023-10-10T06:56:54+00:00","dateModified":"2023-10-25T11:36:15+00:00","breadcrumb":{"@id":"https:\/\/www.france.no\/no\/2023\/kultur\/fredrikstad-animation-festival\/#breadcrumb"},"inLanguage":"nb-NO","potentialAction":[{"@type":"ReadAction","target":["https:\/\/www.france.no\/no\/2023\/kultur\/fredrikstad-animation-festival\/"]}]},{"@type":"ImageObject","inLanguage":"nb-NO","@id":"https:\/\/www.france.no\/no\/2023\/kultur\/fredrikstad-animation-festival\/#primaryimage","url":"https:\/\/www.france.no\/wp-content\/uploads\/2023\/10\/faf23-logo-1-2-846x617.png","contentUrl":"https:\/\/www.france.no\/wp-content\/uploads\/2023\/10\/faf23-logo-1-2-846x617.png","width":846,"height":644},{"@type":"BreadcrumbList","@id":"https:\/\/www.france.no\/no\/2023\/kultur\/fredrikstad-animation-festival\/#breadcrumb","itemListElement":[{"@type":"ListItem","position":1,"name":"","item":"https:\/\/www.france.no\/no\/"},{"@type":"ListItem","position":2,"name":"Kultur","item":"https:\/\/www.france.no\/no\/category\/kultur\/"},{"@type":"ListItem","position":3,"name":"Fredrikstad Animation festival"}]},{"@type":"WebSite","@id":"https:\/\/www.france.no\/no\/#website","url":"https:\/\/www.france.no\/no\/","name":"Institut fran\u00e7ais","description":"Norv\u00e8ge","publisher":{"@id":"https:\/\/www.france.no\/no\/#organization"},"potentialAction":[{"@type":"SearchAction","target":{"@type":"EntryPoint","urlTemplate":"https:\/\/www.france.no\/no\/?s={search_term_string}"},"query-input":{"@type":"PropertyValueSpecification","valueRequired":true,"valueName":"search_term_string"}}],"inLanguage":"nb-NO"},{"@type":"Organization","@id":"https:\/\/www.france.no\/no\/#organization","name":"Institut fran\u00e7ais","url":"https:\/\/www.france.no\/no\/","logo":{"@type":"ImageObject","inLanguage":"nb-NO","@id":"https:\/\/www.france.no\/no\/#\/schema\/logo\/image\/","url":"https:\/\/www.france.no\/wp-content\/uploads\/2022\/11\/IF_Logo_Sans_Bleu_RVB.png","contentUrl":"https:\/\/www.france.no\/wp-content\/uploads\/2022\/11\/IF_Logo_Sans_Bleu_RVB.png","width":852,"height":591,"caption":"Institut fran\u00e7ais"},"image":{"@id":"https:\/\/www.france.no\/no\/#\/schema\/logo\/image\/"},"sameAs":["https:\/\/www.facebook.com\/institutfrancaisoslo","https:\/\/x.com\/ifnorvege","https:\/\/instagram.com\/ifnorvege"]},{"@type":"Person","@id":"https:\/\/www.france.no\/no\/#\/schema\/person\/e911222e8703f294589a6d80b1c16f97","name":"P\u00f4le Communication","image":{"@type":"ImageObject","inLanguage":"nb-NO","@id":"https:\/\/www.france.no\/no\/#\/schema\/person\/image\/","url":"https:\/\/secure.gravatar.com\/avatar\/20ae085a8b5fd613a02d28588389144802d3ba9408c852b2c6c7c4b17cc39660?s=96&d=mm&r=g","contentUrl":"https:\/\/secure.gravatar.com\/avatar\/20ae085a8b5fd613a02d28588389144802d3ba9408c852b2c6c7c4b17cc39660?s=96&d=mm&r=g","caption":"P\u00f4le Communication"},"url":"https:\/\/www.france.no\/no\/author\/polecom\/"}]}},"_links":{"self":[{"href":"https:\/\/www.france.no\/no\/wp-json\/wp\/v2\/posts\/5976","targetHints":{"allow":["GET"]}}],"collection":[{"href":"https:\/\/www.france.no\/no\/wp-json\/wp\/v2\/posts"}],"about":[{"href":"https:\/\/www.france.no\/no\/wp-json\/wp\/v2\/types\/post"}],"author":[{"embeddable":true,"href":"https:\/\/www.france.no\/no\/wp-json\/wp\/v2\/users\/6"}],"replies":[{"embeddable":true,"href":"https:\/\/www.france.no\/no\/wp-json\/wp\/v2\/comments?post=5976"}],"version-history":[{"count":2,"href":"https:\/\/www.france.no\/no\/wp-json\/wp\/v2\/posts\/5976\/revisions"}],"predecessor-version":[{"id":5993,"href":"https:\/\/www.france.no\/no\/wp-json\/wp\/v2\/posts\/5976\/revisions\/5993"}],"wp:featuredmedia":[{"embeddable":true,"href":"https:\/\/www.france.no\/no\/wp-json\/wp\/v2\/media\/5982"}],"wp:attachment":[{"href":"https:\/\/www.france.no\/no\/wp-json\/wp\/v2\/media?parent=5976"}],"wp:term":[{"taxonomy":"category","embeddable":true,"href":"https:\/\/www.france.no\/no\/wp-json\/wp\/v2\/categories?post=5976"},{"taxonomy":"post_tag","embeddable":true,"href":"https:\/\/www.france.no\/no\/wp-json\/wp\/v2\/tags?post=5976"}],"curies":[{"name":"wp","href":"https:\/\/api.w.org\/{rel}","templated":true}]}}