{"id":6037,"date":"2023-10-18T08:59:08","date_gmt":"2023-10-18T06:59:08","guid":{"rendered":"https:\/\/www.france.no\/?p=6037"},"modified":"2024-04-17T09:53:51","modified_gmt":"2024-04-17T07:53:51","slug":"velkommen-til-apningen-av-det-internasjonale-senteret-for-fransk-sprak","status":"publish","type":"post","link":"https:\/\/www.france.no\/no\/2023\/utdanning-og-fransk-sprak\/velkommen-til-apningen-av-det-internasjonale-senteret-for-fransk-sprak\/","title":{"rendered":"Velkommen til \u00e5pningen av Det internasjonale senteret for fransk spr\u00e5k"},"content":{"rendered":"\n<p><strong>Torsdag 19. oktober innvies Det internasjonale senteret for  fransk spr\u00e5k (CILF) av president Emmanuel Macron. Slottet Villers-Cotter\u00eats som huser senteret, \u00e5pner etter 4 \u00e5r med totalrenovering &#8211; et kolossalt prosjekt betrodd Nasjonalt senter for monumenter.<\/strong><\/p>\n\n\n\n<p>CILF er det f\u00f8rste kulturelle stedet som helt og holdent er dedikert for \u00e5 fremme det franske spr\u00e5k og frankofoni. Det vil v\u00e6re et tverrfaglig sted for utveksling og forskning, og som tilbyr show, opphold, oppl\u00e6ring og utstillinger.<\/p>\n\n\n\n<p>Spr\u00e5k, historie, arkitektur, store personligheter og anekdoter&#8230; La deg engasjere av det internasjonale senteret for fransk spr\u00e5k og <em>Ch\u00e2teau de Villers-Cotter\u00eats<\/em>!<\/p>\n\n\n\n<figure class=\"wp-block-image size-full is-resized\"><img loading=\"lazy\" decoding=\"async\" width=\"525\" height=\"596\" src=\"https:\/\/www.france.no\/wp-content\/uploads\/2023\/10\/Cite1-1-edited.png\" alt=\"\" class=\"wp-image-6031\" style=\"width:525px;height:596px\" srcset=\"https:\/\/www.france.no\/wp-content\/uploads\/2023\/10\/Cite1-1-edited.png 525w, https:\/\/www.france.no\/wp-content\/uploads\/2023\/10\/Cite1-1-edited-264x300.png 264w\" sizes=\"auto, (max-width: 525px) 100vw, 525px\" \/><figcaption class=\"wp-element-caption\">Foto: \u00a9 Pierre-Olivier Deschamps \u2013 Agence Vu\u2019 \/ Centre des monuments nationaux<\/figcaption><\/figure>\n\n\n\n<p>Mer informasjon p\u00e5 <a href=\"https:\/\/www.cite-langue-francaise.fr\/en\" target=\"_blank\" rel=\"noreferrer noopener\">de offisielle hjemmesidene<\/a>.<\/p>\n","protected":false},"excerpt":{"rendered":"<p>Torsdag 19. oktober innvies Det internasjonale senteret for fransk spr\u00e5k (CILF) av president Emmanuel Macron. Slottet Villers-Cotter\u00eats som huser senteret, \u00e5pner etter 4 \u00e5r med totalrenovering &#8211; et kolossalt prosjekt betrodd Nasjonalt senter for monumenter. CILF er det f\u00f8rste kulturelle stedet som helt og holdent er dedikert for \u00e5 fremme det franske spr\u00e5k og frankofoni. [&hellip;]<\/p>\n","protected":false},"author":6,"featured_media":6036,"comment_status":"closed","ping_status":"closed","sticky":false,"template":"","format":"standard","meta":{"footnotes":""},"categories":[5,13],"tags":[],"class_list":["post-6037","post","type-post","status-publish","format-standard","has-post-thumbnail","hentry","category-kultur","category-utdanning-og-fransk-sprak"],"yoast_head":"<!-- This site is optimized with the Yoast SEO plugin v24.2 - https:\/\/yoast.com\/wordpress\/plugins\/seo\/ -->\n<title>Velkommen til \u00e5pningen av Det internasjonale senteret for fransk spr\u00e5k - Institut fran\u00e7ais<\/title>\n<meta name=\"robots\" content=\"index, follow, max-snippet:-1, max-image-preview:large, max-video-preview:-1\" \/>\n<link rel=\"canonical\" href=\"https:\/\/www.france.no\/no\/2023\/utdanning-og-fransk-sprak\/velkommen-til-apningen-av-det-internasjonale-senteret-for-fransk-sprak\/\" \/>\n<meta property=\"og:locale\" content=\"nb_NO\" \/>\n<meta property=\"og:type\" content=\"article\" \/>\n<meta property=\"og:title\" content=\"Velkommen til \u00e5pningen av Det internasjonale senteret for fransk spr\u00e5k - Institut fran\u00e7ais\" \/>\n<meta property=\"og:description\" content=\"Torsdag 19. oktober innvies Det internasjonale senteret for fransk spr\u00e5k (CILF) av president Emmanuel Macron. Slottet Villers-Cotter\u00eats som huser senteret, \u00e5pner etter 4 \u00e5r med totalrenovering &#8211; et kolossalt prosjekt betrodd Nasjonalt senter for monumenter. CILF er det f\u00f8rste kulturelle stedet som helt og holdent er dedikert for \u00e5 fremme det franske spr\u00e5k og frankofoni. [&hellip;]\" \/>\n<meta property=\"og:url\" content=\"https:\/\/www.france.no\/no\/2023\/utdanning-og-fransk-sprak\/velkommen-til-apningen-av-det-internasjonale-senteret-for-fransk-sprak\/\" \/>\n<meta property=\"og:site_name\" content=\"Institut fran\u00e7ais\" \/>\n<meta property=\"article:publisher\" content=\"https:\/\/www.facebook.com\/institutfrancaisoslo\" \/>\n<meta property=\"article:published_time\" content=\"2023-10-18T06:59:08+00:00\" \/>\n<meta property=\"article:modified_time\" content=\"2024-04-17T07:53:51+00:00\" \/>\n<meta property=\"og:image\" content=\"https:\/\/www.france.no\/wp-content\/uploads\/2023\/10\/Cite-2.png\" \/>\n\t<meta property=\"og:image:width\" content=\"700\" \/>\n\t<meta property=\"og:image:height\" content=\"410\" \/>\n\t<meta property=\"og:image:type\" content=\"image\/png\" \/>\n<meta name=\"author\" content=\"P\u00f4le Communication\" \/>\n<meta name=\"twitter:card\" content=\"summary_large_image\" \/>\n<meta name=\"twitter:creator\" content=\"@ifnorvege\" \/>\n<meta name=\"twitter:site\" content=\"@ifnorvege\" \/>\n<meta name=\"twitter:label1\" content=\"Skrevet av\" \/>\n\t<meta name=\"twitter:data1\" content=\"P\u00f4le Communication\" \/>\n\t<meta name=\"twitter:label2\" content=\"Ansl. lesetid\" \/>\n\t<meta name=\"twitter:data2\" content=\"1 minutt\" \/>\n<script type=\"application\/ld+json\" class=\"yoast-schema-graph\">{\"@context\":\"https:\/\/schema.org\",\"@graph\":[{\"@type\":\"Article\",\"@id\":\"https:\/\/www.france.no\/no\/2023\/utdanning-og-fransk-sprak\/velkommen-til-apningen-av-det-internasjonale-senteret-for-fransk-sprak\/#article\",\"isPartOf\":{\"@id\":\"https:\/\/www.france.no\/no\/2023\/utdanning-og-fransk-sprak\/velkommen-til-apningen-av-det-internasjonale-senteret-for-fransk-sprak\/\"},\"author\":{\"name\":\"P\u00f4le Communication\",\"@id\":\"https:\/\/www.france.no\/no\/#\/schema\/person\/e911222e8703f294589a6d80b1c16f97\"},\"headline\":\"Velkommen til \u00e5pningen av Det internasjonale senteret for fransk spr\u00e5k\",\"datePublished\":\"2023-10-18T06:59:08+00:00\",\"dateModified\":\"2024-04-17T07:53:51+00:00\",\"mainEntityOfPage\":{\"@id\":\"https:\/\/www.france.no\/no\/2023\/utdanning-og-fransk-sprak\/velkommen-til-apningen-av-det-internasjonale-senteret-for-fransk-sprak\/\"},\"wordCount\":127,\"publisher\":{\"@id\":\"https:\/\/www.france.no\/no\/#organization\"},\"image\":{\"@id\":\"https:\/\/www.france.no\/no\/2023\/utdanning-og-fransk-sprak\/velkommen-til-apningen-av-det-internasjonale-senteret-for-fransk-sprak\/#primaryimage\"},\"thumbnailUrl\":\"https:\/\/www.france.no\/wp-content\/uploads\/2023\/10\/Cite-2.png\",\"articleSection\":[\"Kultur\",\"Utdannelse og Fransk spr\u00e5ksamarbeid\"],\"inLanguage\":\"nb-NO\"},{\"@type\":\"WebPage\",\"@id\":\"https:\/\/www.france.no\/no\/2023\/utdanning-og-fransk-sprak\/velkommen-til-apningen-av-det-internasjonale-senteret-for-fransk-sprak\/\",\"url\":\"https:\/\/www.france.no\/no\/2023\/utdanning-og-fransk-sprak\/velkommen-til-apningen-av-det-internasjonale-senteret-for-fransk-sprak\/\",\"name\":\"Velkommen til \u00e5pningen av Det internasjonale senteret for fransk spr\u00e5k - Institut fran\u00e7ais\",\"isPartOf\":{\"@id\":\"https:\/\/www.france.no\/no\/#website\"},\"primaryImageOfPage\":{\"@id\":\"https:\/\/www.france.no\/no\/2023\/utdanning-og-fransk-sprak\/velkommen-til-apningen-av-det-internasjonale-senteret-for-fransk-sprak\/#primaryimage\"},\"image\":{\"@id\":\"https:\/\/www.france.no\/no\/2023\/utdanning-og-fransk-sprak\/velkommen-til-apningen-av-det-internasjonale-senteret-for-fransk-sprak\/#primaryimage\"},\"thumbnailUrl\":\"https:\/\/www.france.no\/wp-content\/uploads\/2023\/10\/Cite-2.png\",\"datePublished\":\"2023-10-18T06:59:08+00:00\",\"dateModified\":\"2024-04-17T07:53:51+00:00\",\"breadcrumb\":{\"@id\":\"https:\/\/www.france.no\/no\/2023\/utdanning-og-fransk-sprak\/velkommen-til-apningen-av-det-internasjonale-senteret-for-fransk-sprak\/#breadcrumb\"},\"inLanguage\":\"nb-NO\",\"potentialAction\":[{\"@type\":\"ReadAction\",\"target\":[\"https:\/\/www.france.no\/no\/2023\/utdanning-og-fransk-sprak\/velkommen-til-apningen-av-det-internasjonale-senteret-for-fransk-sprak\/\"]}]},{\"@type\":\"ImageObject\",\"inLanguage\":\"nb-NO\",\"@id\":\"https:\/\/www.france.no\/no\/2023\/utdanning-og-fransk-sprak\/velkommen-til-apningen-av-det-internasjonale-senteret-for-fransk-sprak\/#primaryimage\",\"url\":\"https:\/\/www.france.no\/wp-content\/uploads\/2023\/10\/Cite-2.png\",\"contentUrl\":\"https:\/\/www.france.no\/wp-content\/uploads\/2023\/10\/Cite-2.png\",\"width\":700,\"height\":410},{\"@type\":\"BreadcrumbList\",\"@id\":\"https:\/\/www.france.no\/no\/2023\/utdanning-og-fransk-sprak\/velkommen-til-apningen-av-det-internasjonale-senteret-for-fransk-sprak\/#breadcrumb\",\"itemListElement\":[{\"@type\":\"ListItem\",\"position\":1,\"name\":\"\",\"item\":\"https:\/\/www.france.no\/no\/\"},{\"@type\":\"ListItem\",\"position\":2,\"name\":\"Utdannelse og Fransk spr\u00e5ksamarbeid\",\"item\":\"https:\/\/www.france.no\/no\/category\/utdanning-og-fransk-sprak\/\"},{\"@type\":\"ListItem\",\"position\":3,\"name\":\"Velkommen til \u00e5pningen av Det internasjonale senteret for fransk spr\u00e5k\"}]},{\"@type\":\"WebSite\",\"@id\":\"https:\/\/www.france.no\/no\/#website\",\"url\":\"https:\/\/www.france.no\/no\/\",\"name\":\"Institut fran\u00e7ais\",\"description\":\"Norv\u00e8ge\",\"publisher\":{\"@id\":\"https:\/\/www.france.no\/no\/#organization\"},\"potentialAction\":[{\"@type\":\"SearchAction\",\"target\":{\"@type\":\"EntryPoint\",\"urlTemplate\":\"https:\/\/www.france.no\/no\/?s={search_term_string}\"},\"query-input\":{\"@type\":\"PropertyValueSpecification\",\"valueRequired\":true,\"valueName\":\"search_term_string\"}}],\"inLanguage\":\"nb-NO\"},{\"@type\":\"Organization\",\"@id\":\"https:\/\/www.france.no\/no\/#organization\",\"name\":\"Institut fran\u00e7ais\",\"url\":\"https:\/\/www.france.no\/no\/\",\"logo\":{\"@type\":\"ImageObject\",\"inLanguage\":\"nb-NO\",\"@id\":\"https:\/\/www.france.no\/no\/#\/schema\/logo\/image\/\",\"url\":\"https:\/\/www.france.no\/wp-content\/uploads\/2022\/11\/IF_Logo_Sans_Bleu_RVB.png\",\"contentUrl\":\"https:\/\/www.france.no\/wp-content\/uploads\/2022\/11\/IF_Logo_Sans_Bleu_RVB.png\",\"width\":852,\"height\":591,\"caption\":\"Institut fran\u00e7ais\"},\"image\":{\"@id\":\"https:\/\/www.france.no\/no\/#\/schema\/logo\/image\/\"},\"sameAs\":[\"https:\/\/www.facebook.com\/institutfrancaisoslo\",\"https:\/\/x.com\/ifnorvege\",\"https:\/\/instagram.com\/ifnorvege\"]},{\"@type\":\"Person\",\"@id\":\"https:\/\/www.france.no\/no\/#\/schema\/person\/e911222e8703f294589a6d80b1c16f97\",\"name\":\"P\u00f4le Communication\",\"image\":{\"@type\":\"ImageObject\",\"inLanguage\":\"nb-NO\",\"@id\":\"https:\/\/www.france.no\/no\/#\/schema\/person\/image\/\",\"url\":\"https:\/\/secure.gravatar.com\/avatar\/20ae085a8b5fd613a02d28588389144802d3ba9408c852b2c6c7c4b17cc39660?s=96&d=mm&r=g\",\"contentUrl\":\"https:\/\/secure.gravatar.com\/avatar\/20ae085a8b5fd613a02d28588389144802d3ba9408c852b2c6c7c4b17cc39660?s=96&d=mm&r=g\",\"caption\":\"P\u00f4le Communication\"},\"url\":\"https:\/\/www.france.no\/no\/author\/polecom\/\"}]}<\/script>\n<!-- \/ Yoast SEO plugin. -->","yoast_head_json":{"title":"Velkommen til \u00e5pningen av Det internasjonale senteret for fransk spr\u00e5k - Institut fran\u00e7ais","robots":{"index":"index","follow":"follow","max-snippet":"max-snippet:-1","max-image-preview":"max-image-preview:large","max-video-preview":"max-video-preview:-1"},"canonical":"https:\/\/www.france.no\/no\/2023\/utdanning-og-fransk-sprak\/velkommen-til-apningen-av-det-internasjonale-senteret-for-fransk-sprak\/","og_locale":"nb_NO","og_type":"article","og_title":"Velkommen til \u00e5pningen av Det internasjonale senteret for fransk spr\u00e5k - Institut fran\u00e7ais","og_description":"Torsdag 19. oktober innvies Det internasjonale senteret for fransk spr\u00e5k (CILF) av president Emmanuel Macron. Slottet Villers-Cotter\u00eats som huser senteret, \u00e5pner etter 4 \u00e5r med totalrenovering &#8211; et kolossalt prosjekt betrodd Nasjonalt senter for monumenter. CILF er det f\u00f8rste kulturelle stedet som helt og holdent er dedikert for \u00e5 fremme det franske spr\u00e5k og frankofoni. [&hellip;]","og_url":"https:\/\/www.france.no\/no\/2023\/utdanning-og-fransk-sprak\/velkommen-til-apningen-av-det-internasjonale-senteret-for-fransk-sprak\/","og_site_name":"Institut fran\u00e7ais","article_publisher":"https:\/\/www.facebook.com\/institutfrancaisoslo","article_published_time":"2023-10-18T06:59:08+00:00","article_modified_time":"2024-04-17T07:53:51+00:00","og_image":[{"width":700,"height":410,"url":"https:\/\/www.france.no\/wp-content\/uploads\/2023\/10\/Cite-2.png","type":"image\/png"}],"author":"P\u00f4le Communication","twitter_card":"summary_large_image","twitter_creator":"@ifnorvege","twitter_site":"@ifnorvege","twitter_misc":{"Skrevet av":"P\u00f4le Communication","Ansl. lesetid":"1 minutt"},"schema":{"@context":"https:\/\/schema.org","@graph":[{"@type":"Article","@id":"https:\/\/www.france.no\/no\/2023\/utdanning-og-fransk-sprak\/velkommen-til-apningen-av-det-internasjonale-senteret-for-fransk-sprak\/#article","isPartOf":{"@id":"https:\/\/www.france.no\/no\/2023\/utdanning-og-fransk-sprak\/velkommen-til-apningen-av-det-internasjonale-senteret-for-fransk-sprak\/"},"author":{"name":"P\u00f4le Communication","@id":"https:\/\/www.france.no\/no\/#\/schema\/person\/e911222e8703f294589a6d80b1c16f97"},"headline":"Velkommen til \u00e5pningen av Det internasjonale senteret for fransk spr\u00e5k","datePublished":"2023-10-18T06:59:08+00:00","dateModified":"2024-04-17T07:53:51+00:00","mainEntityOfPage":{"@id":"https:\/\/www.france.no\/no\/2023\/utdanning-og-fransk-sprak\/velkommen-til-apningen-av-det-internasjonale-senteret-for-fransk-sprak\/"},"wordCount":127,"publisher":{"@id":"https:\/\/www.france.no\/no\/#organization"},"image":{"@id":"https:\/\/www.france.no\/no\/2023\/utdanning-og-fransk-sprak\/velkommen-til-apningen-av-det-internasjonale-senteret-for-fransk-sprak\/#primaryimage"},"thumbnailUrl":"https:\/\/www.france.no\/wp-content\/uploads\/2023\/10\/Cite-2.png","articleSection":["Kultur","Utdannelse og Fransk spr\u00e5ksamarbeid"],"inLanguage":"nb-NO"},{"@type":"WebPage","@id":"https:\/\/www.france.no\/no\/2023\/utdanning-og-fransk-sprak\/velkommen-til-apningen-av-det-internasjonale-senteret-for-fransk-sprak\/","url":"https:\/\/www.france.no\/no\/2023\/utdanning-og-fransk-sprak\/velkommen-til-apningen-av-det-internasjonale-senteret-for-fransk-sprak\/","name":"Velkommen til \u00e5pningen av Det internasjonale senteret for fransk spr\u00e5k - Institut fran\u00e7ais","isPartOf":{"@id":"https:\/\/www.france.no\/no\/#website"},"primaryImageOfPage":{"@id":"https:\/\/www.france.no\/no\/2023\/utdanning-og-fransk-sprak\/velkommen-til-apningen-av-det-internasjonale-senteret-for-fransk-sprak\/#primaryimage"},"image":{"@id":"https:\/\/www.france.no\/no\/2023\/utdanning-og-fransk-sprak\/velkommen-til-apningen-av-det-internasjonale-senteret-for-fransk-sprak\/#primaryimage"},"thumbnailUrl":"https:\/\/www.france.no\/wp-content\/uploads\/2023\/10\/Cite-2.png","datePublished":"2023-10-18T06:59:08+00:00","dateModified":"2024-04-17T07:53:51+00:00","breadcrumb":{"@id":"https:\/\/www.france.no\/no\/2023\/utdanning-og-fransk-sprak\/velkommen-til-apningen-av-det-internasjonale-senteret-for-fransk-sprak\/#breadcrumb"},"inLanguage":"nb-NO","potentialAction":[{"@type":"ReadAction","target":["https:\/\/www.france.no\/no\/2023\/utdanning-og-fransk-sprak\/velkommen-til-apningen-av-det-internasjonale-senteret-for-fransk-sprak\/"]}]},{"@type":"ImageObject","inLanguage":"nb-NO","@id":"https:\/\/www.france.no\/no\/2023\/utdanning-og-fransk-sprak\/velkommen-til-apningen-av-det-internasjonale-senteret-for-fransk-sprak\/#primaryimage","url":"https:\/\/www.france.no\/wp-content\/uploads\/2023\/10\/Cite-2.png","contentUrl":"https:\/\/www.france.no\/wp-content\/uploads\/2023\/10\/Cite-2.png","width":700,"height":410},{"@type":"BreadcrumbList","@id":"https:\/\/www.france.no\/no\/2023\/utdanning-og-fransk-sprak\/velkommen-til-apningen-av-det-internasjonale-senteret-for-fransk-sprak\/#breadcrumb","itemListElement":[{"@type":"ListItem","position":1,"name":"","item":"https:\/\/www.france.no\/no\/"},{"@type":"ListItem","position":2,"name":"Utdannelse og Fransk spr\u00e5ksamarbeid","item":"https:\/\/www.france.no\/no\/category\/utdanning-og-fransk-sprak\/"},{"@type":"ListItem","position":3,"name":"Velkommen til \u00e5pningen av Det internasjonale senteret for fransk spr\u00e5k"}]},{"@type":"WebSite","@id":"https:\/\/www.france.no\/no\/#website","url":"https:\/\/www.france.no\/no\/","name":"Institut fran\u00e7ais","description":"Norv\u00e8ge","publisher":{"@id":"https:\/\/www.france.no\/no\/#organization"},"potentialAction":[{"@type":"SearchAction","target":{"@type":"EntryPoint","urlTemplate":"https:\/\/www.france.no\/no\/?s={search_term_string}"},"query-input":{"@type":"PropertyValueSpecification","valueRequired":true,"valueName":"search_term_string"}}],"inLanguage":"nb-NO"},{"@type":"Organization","@id":"https:\/\/www.france.no\/no\/#organization","name":"Institut fran\u00e7ais","url":"https:\/\/www.france.no\/no\/","logo":{"@type":"ImageObject","inLanguage":"nb-NO","@id":"https:\/\/www.france.no\/no\/#\/schema\/logo\/image\/","url":"https:\/\/www.france.no\/wp-content\/uploads\/2022\/11\/IF_Logo_Sans_Bleu_RVB.png","contentUrl":"https:\/\/www.france.no\/wp-content\/uploads\/2022\/11\/IF_Logo_Sans_Bleu_RVB.png","width":852,"height":591,"caption":"Institut fran\u00e7ais"},"image":{"@id":"https:\/\/www.france.no\/no\/#\/schema\/logo\/image\/"},"sameAs":["https:\/\/www.facebook.com\/institutfrancaisoslo","https:\/\/x.com\/ifnorvege","https:\/\/instagram.com\/ifnorvege"]},{"@type":"Person","@id":"https:\/\/www.france.no\/no\/#\/schema\/person\/e911222e8703f294589a6d80b1c16f97","name":"P\u00f4le Communication","image":{"@type":"ImageObject","inLanguage":"nb-NO","@id":"https:\/\/www.france.no\/no\/#\/schema\/person\/image\/","url":"https:\/\/secure.gravatar.com\/avatar\/20ae085a8b5fd613a02d28588389144802d3ba9408c852b2c6c7c4b17cc39660?s=96&d=mm&r=g","contentUrl":"https:\/\/secure.gravatar.com\/avatar\/20ae085a8b5fd613a02d28588389144802d3ba9408c852b2c6c7c4b17cc39660?s=96&d=mm&r=g","caption":"P\u00f4le Communication"},"url":"https:\/\/www.france.no\/no\/author\/polecom\/"}]}},"_links":{"self":[{"href":"https:\/\/www.france.no\/no\/wp-json\/wp\/v2\/posts\/6037","targetHints":{"allow":["GET"]}}],"collection":[{"href":"https:\/\/www.france.no\/no\/wp-json\/wp\/v2\/posts"}],"about":[{"href":"https:\/\/www.france.no\/no\/wp-json\/wp\/v2\/types\/post"}],"author":[{"embeddable":true,"href":"https:\/\/www.france.no\/no\/wp-json\/wp\/v2\/users\/6"}],"replies":[{"embeddable":true,"href":"https:\/\/www.france.no\/no\/wp-json\/wp\/v2\/comments?post=6037"}],"version-history":[{"count":6,"href":"https:\/\/www.france.no\/no\/wp-json\/wp\/v2\/posts\/6037\/revisions"}],"predecessor-version":[{"id":6254,"href":"https:\/\/www.france.no\/no\/wp-json\/wp\/v2\/posts\/6037\/revisions\/6254"}],"wp:featuredmedia":[{"embeddable":true,"href":"https:\/\/www.france.no\/no\/wp-json\/wp\/v2\/media\/6036"}],"wp:attachment":[{"href":"https:\/\/www.france.no\/no\/wp-json\/wp\/v2\/media?parent=6037"}],"wp:term":[{"taxonomy":"category","embeddable":true,"href":"https:\/\/www.france.no\/no\/wp-json\/wp\/v2\/categories?post=6037"},{"taxonomy":"post_tag","embeddable":true,"href":"https:\/\/www.france.no\/no\/wp-json\/wp\/v2\/tags?post=6037"}],"curies":[{"name":"wp","href":"https:\/\/api.w.org\/{rel}","templated":true}]}}