{"id":625,"date":"2022-09-14T00:00:00","date_gmt":"2022-09-13T22:00:00","guid":{"rendered":"https:\/\/www.france.no\/2022\/kultur\/lofoten-international-art-festival\/"},"modified":"2022-12-18T14:36:05","modified_gmt":"2022-12-18T13:36:05","slug":"lofoten-international-art-festival","status":"publish","type":"post","link":"https:\/\/www.france.no\/no\/2022\/kultur\/lofoten-international-art-festival\/","title":{"rendered":"Lofoten International Art Festival"},"content":{"rendered":"<p><span style=\"font-size: 12pt;\">Institut fran\u00e7ais de Norv\u00e8ge is pleased to support the contemporary art biennial<\/span><span style=\"font-size: 12pt;\">&nbsp;<strong>Lofoten International Art Festival (LIAF)<\/strong>, which will take place <strong>from September 3rd to October 2nd, 2022 in Kabelv\u00e5g<\/strong>!<\/span><\/p>\n<p>LIAF, the longest-running contemporary art biennial in Scandinavia, celebrates its 30th anniversary this year. The North Norwegian Art Centre has been responsible for LIAF since 2009. The festival has a nomadic character and is held every two years at different venues in the Lofoten islands, an archipelago above the Arctic Circle. The extreme context in which LIAF operates has always dictated a sustainable production system that integrates with the complex natural and cultural ecosystem of the area.<\/p>\n<p>LIAF 2022 is curated by the duo Francesco Urbano Ragazzi and is entitled Fantasmagoriana. It&nbsp;runs from September 3 to October 2 of 2022, at five sites in the city of Kabelv\u00e5g. The city was chosen because it\u2019s both the place where Dada artist Kurt Schwitters was confined during the Nazi occupation of Norway, and because it\u2019s now home to the film school Nordland kunst- og filmh\u00f8gskole, which offers an excellence in moving image education.<\/p>\n<p><span style=\"font-size: 12pt;\">The participating artists to LIAF 2022 &#8211; Fantasmagoriana are: Nora Al-Badri, Bassam Al-Sabah, Marianne Berenhaut, Alessandra Cianchetta, Kirstine Colban Aas, <strong>Pauline Curnier Jardin<\/strong>, Tomaso De Luca, Nolan Oswald Dennis, Cheryl Donegan, Kaare Espolin Johnson, Gaia Fugazza, Aage Gaup, Kenneth Goldsmith, Shadi Habib Allah, Auriea Harvey, Susan Te Kahurangi King, Tom\u00e1\u0161 Kaj\u00e1nek, Lars Laumann, Sonia Leimer, Olof Marsja, Mary Haugen, Jonas Mekas, Haroon Mirza, Raffaela Naldi Rossano, Eivind H. Natvig, New Mineral Collective, Thebe Phetogo, <strong>Christine Rebet<\/strong>, Sille Storihle, Tine Surel Lange, Emma Talbot, Tsai Ming-liang, Stan VanDerBeek, Rimaldas Vik\u0161raitis, Elina Waage Mikalsen, Jennifer West, plus artworks, objects, documents and curiosities from different collections in Lofoten.<\/span><\/p>\n<p><span style=\"font-size: 12pt;\">Find more information on <a href=\"https:\/\/info.liaf.no\/\">the festival website<\/a>.<\/span><\/p>\n","protected":false},"excerpt":{"rendered":"<p>Institut fran\u00e7ais de Norv\u00e8ge is pleased to support the contemporary art biennial&nbsp;Lofoten International Art Festival (LIAF), which will take place from September 3rd to October 2nd, 2022 in Kabelv\u00e5g! LIAF, the longest-running contemporary art biennial in Scandinavia, celebrates its 30th anniversary this year. The North Norwegian Art Centre has been responsible for LIAF since 2009. [&hellip;]<\/p>\n","protected":false},"author":1,"featured_media":623,"comment_status":"closed","ping_status":"closed","sticky":false,"template":"","format":"standard","meta":{"footnotes":""},"categories":[5],"tags":[],"class_list":["post-625","post","type-post","status-publish","format-standard","has-post-thumbnail","hentry","category-kultur"],"yoast_head":"<!-- This site is optimized with the Yoast SEO plugin v24.2 - https:\/\/yoast.com\/wordpress\/plugins\/seo\/ -->\n<title>Lofoten International Art Festival - Institut fran\u00e7ais<\/title>\n<meta name=\"robots\" content=\"index, follow, max-snippet:-1, max-image-preview:large, max-video-preview:-1\" \/>\n<link rel=\"canonical\" href=\"https:\/\/www.france.no\/no\/2022\/kultur\/lofoten-international-art-festival\/\" \/>\n<meta property=\"og:locale\" content=\"nb_NO\" \/>\n<meta property=\"og:type\" content=\"article\" \/>\n<meta property=\"og:title\" content=\"Lofoten International Art Festival - Institut fran\u00e7ais\" \/>\n<meta property=\"og:description\" content=\"Institut fran\u00e7ais de Norv\u00e8ge is pleased to support the contemporary art biennial&nbsp;Lofoten International Art Festival (LIAF), which will take place from September 3rd to October 2nd, 2022 in Kabelv\u00e5g! LIAF, the longest-running contemporary art biennial in Scandinavia, celebrates its 30th anniversary this year. The North Norwegian Art Centre has been responsible for LIAF since 2009. [&hellip;]\" \/>\n<meta property=\"og:url\" content=\"https:\/\/www.france.no\/no\/2022\/kultur\/lofoten-international-art-festival\/\" \/>\n<meta property=\"og:site_name\" content=\"Institut fran\u00e7ais\" \/>\n<meta property=\"article:publisher\" content=\"https:\/\/www.facebook.com\/institutfrancaisoslo\" \/>\n<meta property=\"article:published_time\" content=\"2022-09-13T22:00:00+00:00\" \/>\n<meta property=\"article:modified_time\" content=\"2022-12-18T13:36:05+00:00\" \/>\n<meta property=\"og:image\" content=\"https:\/\/www.france.no\/wp-content\/uploads\/2022\/09\/220812_liaf_eflux-dimen-1098x617.png\" \/>\n\t<meta property=\"og:image:width\" content=\"2500\" \/>\n\t<meta property=\"og:image:height\" content=\"1406\" \/>\n\t<meta property=\"og:image:type\" content=\"image\/png\" \/>\n<meta name=\"author\" content=\"admin_ifno\" \/>\n<meta name=\"twitter:card\" content=\"summary_large_image\" \/>\n<meta name=\"twitter:creator\" content=\"@ifnorvege\" \/>\n<meta name=\"twitter:site\" content=\"@ifnorvege\" \/>\n<meta name=\"twitter:label1\" content=\"Skrevet av\" \/>\n\t<meta name=\"twitter:data1\" content=\"admin_ifno\" \/>\n\t<meta name=\"twitter:label2\" content=\"Ansl. lesetid\" \/>\n\t<meta name=\"twitter:data2\" content=\"2 minutter\" \/>\n<script type=\"application\/ld+json\" class=\"yoast-schema-graph\">{\"@context\":\"https:\/\/schema.org\",\"@graph\":[{\"@type\":\"Article\",\"@id\":\"https:\/\/www.france.no\/no\/2022\/kultur\/lofoten-international-art-festival\/#article\",\"isPartOf\":{\"@id\":\"https:\/\/www.france.no\/no\/2022\/kultur\/lofoten-international-art-festival\/\"},\"author\":{\"name\":\"admin_ifno\",\"@id\":\"https:\/\/www.france.no\/no\/#\/schema\/person\/4fdc0b263d8f27bb00a55f55d2fa3ab0\"},\"headline\":\"Lofoten International Art Festival\",\"datePublished\":\"2022-09-13T22:00:00+00:00\",\"dateModified\":\"2022-12-18T13:36:05+00:00\",\"mainEntityOfPage\":{\"@id\":\"https:\/\/www.france.no\/no\/2022\/kultur\/lofoten-international-art-festival\/\"},\"wordCount\":302,\"publisher\":{\"@id\":\"https:\/\/www.france.no\/no\/#organization\"},\"image\":{\"@id\":\"https:\/\/www.france.no\/no\/2022\/kultur\/lofoten-international-art-festival\/#primaryimage\"},\"thumbnailUrl\":\"https:\/\/www.france.no\/wp-content\/uploads\/2022\/09\/220812_liaf_eflux-dimen-1098x617.png\",\"articleSection\":[\"Kultur\"],\"inLanguage\":\"nb-NO\"},{\"@type\":\"WebPage\",\"@id\":\"https:\/\/www.france.no\/no\/2022\/kultur\/lofoten-international-art-festival\/\",\"url\":\"https:\/\/www.france.no\/no\/2022\/kultur\/lofoten-international-art-festival\/\",\"name\":\"Lofoten International Art Festival - Institut fran\u00e7ais\",\"isPartOf\":{\"@id\":\"https:\/\/www.france.no\/no\/#website\"},\"primaryImageOfPage\":{\"@id\":\"https:\/\/www.france.no\/no\/2022\/kultur\/lofoten-international-art-festival\/#primaryimage\"},\"image\":{\"@id\":\"https:\/\/www.france.no\/no\/2022\/kultur\/lofoten-international-art-festival\/#primaryimage\"},\"thumbnailUrl\":\"https:\/\/www.france.no\/wp-content\/uploads\/2022\/09\/220812_liaf_eflux-dimen-1098x617.png\",\"datePublished\":\"2022-09-13T22:00:00+00:00\",\"dateModified\":\"2022-12-18T13:36:05+00:00\",\"breadcrumb\":{\"@id\":\"https:\/\/www.france.no\/no\/2022\/kultur\/lofoten-international-art-festival\/#breadcrumb\"},\"inLanguage\":\"nb-NO\",\"potentialAction\":[{\"@type\":\"ReadAction\",\"target\":[\"https:\/\/www.france.no\/no\/2022\/kultur\/lofoten-international-art-festival\/\"]}]},{\"@type\":\"ImageObject\",\"inLanguage\":\"nb-NO\",\"@id\":\"https:\/\/www.france.no\/no\/2022\/kultur\/lofoten-international-art-festival\/#primaryimage\",\"url\":\"https:\/\/www.france.no\/wp-content\/uploads\/2022\/09\/220812_liaf_eflux-dimen-1098x617.png\",\"contentUrl\":\"https:\/\/www.france.no\/wp-content\/uploads\/2022\/09\/220812_liaf_eflux-dimen-1098x617.png\",\"width\":2500,\"height\":1406},{\"@type\":\"BreadcrumbList\",\"@id\":\"https:\/\/www.france.no\/no\/2022\/kultur\/lofoten-international-art-festival\/#breadcrumb\",\"itemListElement\":[{\"@type\":\"ListItem\",\"position\":1,\"name\":\"\",\"item\":\"https:\/\/www.france.no\/no\/\"},{\"@type\":\"ListItem\",\"position\":2,\"name\":\"Kultur\",\"item\":\"https:\/\/www.france.no\/no\/category\/kultur\/\"},{\"@type\":\"ListItem\",\"position\":3,\"name\":\"Lofoten International Art Festival\"}]},{\"@type\":\"WebSite\",\"@id\":\"https:\/\/www.france.no\/no\/#website\",\"url\":\"https:\/\/www.france.no\/no\/\",\"name\":\"Institut fran\u00e7ais\",\"description\":\"Norv\u00e8ge\",\"publisher\":{\"@id\":\"https:\/\/www.france.no\/no\/#organization\"},\"potentialAction\":[{\"@type\":\"SearchAction\",\"target\":{\"@type\":\"EntryPoint\",\"urlTemplate\":\"https:\/\/www.france.no\/no\/?s={search_term_string}\"},\"query-input\":{\"@type\":\"PropertyValueSpecification\",\"valueRequired\":true,\"valueName\":\"search_term_string\"}}],\"inLanguage\":\"nb-NO\"},{\"@type\":\"Organization\",\"@id\":\"https:\/\/www.france.no\/no\/#organization\",\"name\":\"Institut fran\u00e7ais\",\"url\":\"https:\/\/www.france.no\/no\/\",\"logo\":{\"@type\":\"ImageObject\",\"inLanguage\":\"nb-NO\",\"@id\":\"https:\/\/www.france.no\/no\/#\/schema\/logo\/image\/\",\"url\":\"https:\/\/www.france.no\/wp-content\/uploads\/2022\/11\/IF_Logo_Sans_Bleu_RVB.png\",\"contentUrl\":\"https:\/\/www.france.no\/wp-content\/uploads\/2022\/11\/IF_Logo_Sans_Bleu_RVB.png\",\"width\":852,\"height\":591,\"caption\":\"Institut fran\u00e7ais\"},\"image\":{\"@id\":\"https:\/\/www.france.no\/no\/#\/schema\/logo\/image\/\"},\"sameAs\":[\"https:\/\/www.facebook.com\/institutfrancaisoslo\",\"https:\/\/x.com\/ifnorvege\",\"https:\/\/instagram.com\/ifnorvege\"]},{\"@type\":\"Person\",\"@id\":\"https:\/\/www.france.no\/no\/#\/schema\/person\/4fdc0b263d8f27bb00a55f55d2fa3ab0\",\"name\":\"admin_ifno\",\"image\":{\"@type\":\"ImageObject\",\"inLanguage\":\"nb-NO\",\"@id\":\"https:\/\/www.france.no\/no\/#\/schema\/person\/image\/\",\"url\":\"https:\/\/secure.gravatar.com\/avatar\/20f70e61054e6ae673edda3c0dc13670e46e51786443041c70a7eb2da859ae2a?s=96&d=mm&r=g\",\"contentUrl\":\"https:\/\/secure.gravatar.com\/avatar\/20f70e61054e6ae673edda3c0dc13670e46e51786443041c70a7eb2da859ae2a?s=96&d=mm&r=g\",\"caption\":\"admin_ifno\"},\"sameAs\":[\"https:\/\/www.france.no\"],\"url\":\"https:\/\/www.france.no\/no\/author\/admin_ifno\/\"}]}<\/script>\n<!-- \/ Yoast SEO plugin. -->","yoast_head_json":{"title":"Lofoten International Art Festival - Institut fran\u00e7ais","robots":{"index":"index","follow":"follow","max-snippet":"max-snippet:-1","max-image-preview":"max-image-preview:large","max-video-preview":"max-video-preview:-1"},"canonical":"https:\/\/www.france.no\/no\/2022\/kultur\/lofoten-international-art-festival\/","og_locale":"nb_NO","og_type":"article","og_title":"Lofoten International Art Festival - Institut fran\u00e7ais","og_description":"Institut fran\u00e7ais de Norv\u00e8ge is pleased to support the contemporary art biennial&nbsp;Lofoten International Art Festival (LIAF), which will take place from September 3rd to October 2nd, 2022 in Kabelv\u00e5g! LIAF, the longest-running contemporary art biennial in Scandinavia, celebrates its 30th anniversary this year. The North Norwegian Art Centre has been responsible for LIAF since 2009. [&hellip;]","og_url":"https:\/\/www.france.no\/no\/2022\/kultur\/lofoten-international-art-festival\/","og_site_name":"Institut fran\u00e7ais","article_publisher":"https:\/\/www.facebook.com\/institutfrancaisoslo","article_published_time":"2022-09-13T22:00:00+00:00","article_modified_time":"2022-12-18T13:36:05+00:00","og_image":[{"width":2500,"height":1406,"url":"https:\/\/www.france.no\/wp-content\/uploads\/2022\/09\/220812_liaf_eflux-dimen-1098x617.png","type":"image\/png"}],"author":"admin_ifno","twitter_card":"summary_large_image","twitter_creator":"@ifnorvege","twitter_site":"@ifnorvege","twitter_misc":{"Skrevet av":"admin_ifno","Ansl. lesetid":"2 minutter"},"schema":{"@context":"https:\/\/schema.org","@graph":[{"@type":"Article","@id":"https:\/\/www.france.no\/no\/2022\/kultur\/lofoten-international-art-festival\/#article","isPartOf":{"@id":"https:\/\/www.france.no\/no\/2022\/kultur\/lofoten-international-art-festival\/"},"author":{"name":"admin_ifno","@id":"https:\/\/www.france.no\/no\/#\/schema\/person\/4fdc0b263d8f27bb00a55f55d2fa3ab0"},"headline":"Lofoten International Art Festival","datePublished":"2022-09-13T22:00:00+00:00","dateModified":"2022-12-18T13:36:05+00:00","mainEntityOfPage":{"@id":"https:\/\/www.france.no\/no\/2022\/kultur\/lofoten-international-art-festival\/"},"wordCount":302,"publisher":{"@id":"https:\/\/www.france.no\/no\/#organization"},"image":{"@id":"https:\/\/www.france.no\/no\/2022\/kultur\/lofoten-international-art-festival\/#primaryimage"},"thumbnailUrl":"https:\/\/www.france.no\/wp-content\/uploads\/2022\/09\/220812_liaf_eflux-dimen-1098x617.png","articleSection":["Kultur"],"inLanguage":"nb-NO"},{"@type":"WebPage","@id":"https:\/\/www.france.no\/no\/2022\/kultur\/lofoten-international-art-festival\/","url":"https:\/\/www.france.no\/no\/2022\/kultur\/lofoten-international-art-festival\/","name":"Lofoten International Art Festival - Institut fran\u00e7ais","isPartOf":{"@id":"https:\/\/www.france.no\/no\/#website"},"primaryImageOfPage":{"@id":"https:\/\/www.france.no\/no\/2022\/kultur\/lofoten-international-art-festival\/#primaryimage"},"image":{"@id":"https:\/\/www.france.no\/no\/2022\/kultur\/lofoten-international-art-festival\/#primaryimage"},"thumbnailUrl":"https:\/\/www.france.no\/wp-content\/uploads\/2022\/09\/220812_liaf_eflux-dimen-1098x617.png","datePublished":"2022-09-13T22:00:00+00:00","dateModified":"2022-12-18T13:36:05+00:00","breadcrumb":{"@id":"https:\/\/www.france.no\/no\/2022\/kultur\/lofoten-international-art-festival\/#breadcrumb"},"inLanguage":"nb-NO","potentialAction":[{"@type":"ReadAction","target":["https:\/\/www.france.no\/no\/2022\/kultur\/lofoten-international-art-festival\/"]}]},{"@type":"ImageObject","inLanguage":"nb-NO","@id":"https:\/\/www.france.no\/no\/2022\/kultur\/lofoten-international-art-festival\/#primaryimage","url":"https:\/\/www.france.no\/wp-content\/uploads\/2022\/09\/220812_liaf_eflux-dimen-1098x617.png","contentUrl":"https:\/\/www.france.no\/wp-content\/uploads\/2022\/09\/220812_liaf_eflux-dimen-1098x617.png","width":2500,"height":1406},{"@type":"BreadcrumbList","@id":"https:\/\/www.france.no\/no\/2022\/kultur\/lofoten-international-art-festival\/#breadcrumb","itemListElement":[{"@type":"ListItem","position":1,"name":"","item":"https:\/\/www.france.no\/no\/"},{"@type":"ListItem","position":2,"name":"Kultur","item":"https:\/\/www.france.no\/no\/category\/kultur\/"},{"@type":"ListItem","position":3,"name":"Lofoten International Art Festival"}]},{"@type":"WebSite","@id":"https:\/\/www.france.no\/no\/#website","url":"https:\/\/www.france.no\/no\/","name":"Institut fran\u00e7ais","description":"Norv\u00e8ge","publisher":{"@id":"https:\/\/www.france.no\/no\/#organization"},"potentialAction":[{"@type":"SearchAction","target":{"@type":"EntryPoint","urlTemplate":"https:\/\/www.france.no\/no\/?s={search_term_string}"},"query-input":{"@type":"PropertyValueSpecification","valueRequired":true,"valueName":"search_term_string"}}],"inLanguage":"nb-NO"},{"@type":"Organization","@id":"https:\/\/www.france.no\/no\/#organization","name":"Institut fran\u00e7ais","url":"https:\/\/www.france.no\/no\/","logo":{"@type":"ImageObject","inLanguage":"nb-NO","@id":"https:\/\/www.france.no\/no\/#\/schema\/logo\/image\/","url":"https:\/\/www.france.no\/wp-content\/uploads\/2022\/11\/IF_Logo_Sans_Bleu_RVB.png","contentUrl":"https:\/\/www.france.no\/wp-content\/uploads\/2022\/11\/IF_Logo_Sans_Bleu_RVB.png","width":852,"height":591,"caption":"Institut fran\u00e7ais"},"image":{"@id":"https:\/\/www.france.no\/no\/#\/schema\/logo\/image\/"},"sameAs":["https:\/\/www.facebook.com\/institutfrancaisoslo","https:\/\/x.com\/ifnorvege","https:\/\/instagram.com\/ifnorvege"]},{"@type":"Person","@id":"https:\/\/www.france.no\/no\/#\/schema\/person\/4fdc0b263d8f27bb00a55f55d2fa3ab0","name":"admin_ifno","image":{"@type":"ImageObject","inLanguage":"nb-NO","@id":"https:\/\/www.france.no\/no\/#\/schema\/person\/image\/","url":"https:\/\/secure.gravatar.com\/avatar\/20f70e61054e6ae673edda3c0dc13670e46e51786443041c70a7eb2da859ae2a?s=96&d=mm&r=g","contentUrl":"https:\/\/secure.gravatar.com\/avatar\/20f70e61054e6ae673edda3c0dc13670e46e51786443041c70a7eb2da859ae2a?s=96&d=mm&r=g","caption":"admin_ifno"},"sameAs":["https:\/\/www.france.no"],"url":"https:\/\/www.france.no\/no\/author\/admin_ifno\/"}]}},"_links":{"self":[{"href":"https:\/\/www.france.no\/no\/wp-json\/wp\/v2\/posts\/625","targetHints":{"allow":["GET"]}}],"collection":[{"href":"https:\/\/www.france.no\/no\/wp-json\/wp\/v2\/posts"}],"about":[{"href":"https:\/\/www.france.no\/no\/wp-json\/wp\/v2\/types\/post"}],"author":[{"embeddable":true,"href":"https:\/\/www.france.no\/no\/wp-json\/wp\/v2\/users\/1"}],"replies":[{"embeddable":true,"href":"https:\/\/www.france.no\/no\/wp-json\/wp\/v2\/comments?post=625"}],"version-history":[{"count":2,"href":"https:\/\/www.france.no\/no\/wp-json\/wp\/v2\/posts\/625\/revisions"}],"predecessor-version":[{"id":727,"href":"https:\/\/www.france.no\/no\/wp-json\/wp\/v2\/posts\/625\/revisions\/727"}],"wp:featuredmedia":[{"embeddable":true,"href":"https:\/\/www.france.no\/no\/wp-json\/wp\/v2\/media\/623"}],"wp:attachment":[{"href":"https:\/\/www.france.no\/no\/wp-json\/wp\/v2\/media?parent=625"}],"wp:term":[{"taxonomy":"category","embeddable":true,"href":"https:\/\/www.france.no\/no\/wp-json\/wp\/v2\/categories?post=625"},{"taxonomy":"post_tag","embeddable":true,"href":"https:\/\/www.france.no\/no\/wp-json\/wp\/v2\/tags?post=625"}],"curies":[{"name":"wp","href":"https:\/\/api.w.org\/{rel}","templated":true}]}}