{"id":6269,"date":"2023-10-19T14:18:13","date_gmt":"2023-10-19T12:18:13","guid":{"rendered":"https:\/\/www.france.no\/?p=6269"},"modified":"2023-12-01T10:15:08","modified_gmt":"2023-12-01T09:15:08","slug":"novembre-numerique-digital-november","status":"publish","type":"post","link":"https:\/\/www.france.no\/no\/2023\/kultur\/novembre-numerique-digital-november\/","title":{"rendered":"Novembre Num\u00e9rique (digital november)"},"content":{"rendered":"\n<p>Som en del av <em><a href=\"https:\/\/www.institutfrancais.com\/en\/node\/7436\" target=\"_blank\" rel=\"noreferrer noopener\">Novembre Num\u00e9rique<\/a><\/em> (digital november) har de franske instituttene i Danmark, Finland, Norge og Sverige samt den franske ambassaden p\u00e5 Island planlagt en arrangementer rundt digital kultur.<\/p>\n\n\n\n<p><em>Novembre Num\u00e9rique<\/em> er en festival organisert over hele verden av det franske kulturnettverket og dets partnere. M\u00e5let er \u00e5 fremme franske digitale kreat\u00f8rer, dets ekstraordin\u00e6re mangfold og aktivitet.<\/p>\n\n\n\n<p>Her kan du se hva som skjer i l\u00f8pet av <em>Novembre Num\u00e9rique<\/em>:<\/p>\n\n\n\n<ul class=\"wp-block-list\">\n<li><a href=\"https:\/\/www.facebook.com\/events\/874060364351379\" target=\"_blank\" rel=\"noreferrer noopener\">Trackmania<\/a>: Meld deg p\u00e5 innen 6. november. Spillet foreg\u00e5r fra 7. &#8211; 16. november.<\/li>\n<\/ul>\n\n\n\n<ul class=\"wp-block-list\">\n<li><a href=\"https:\/\/www.france.no\/no\/2023\/kultur\/live-paintmapping-konsert\/\">Live Paintmapping konsert<\/a> den 22. november p\u00e5 Gamle Munch (reserver plass!)<\/li>\n<\/ul>\n","protected":false},"excerpt":{"rendered":"<p>Som en del av Novembre Num\u00e9rique (digital november) har de franske instituttene i Danmark, Finland, Norge og Sverige samt den franske ambassaden p\u00e5 Island planlagt en arrangementer rundt digital kultur. Novembre Num\u00e9rique er en festival organisert over hele verden av det franske kulturnettverket og dets partnere. M\u00e5let er \u00e5 fremme franske digitale kreat\u00f8rer, dets ekstraordin\u00e6re [&hellip;]<\/p>\n","protected":false},"author":6,"featured_media":6265,"comment_status":"closed","ping_status":"closed","sticky":false,"template":"","format":"standard","meta":{"footnotes":""},"categories":[34,5],"tags":[],"class_list":["post-6269","post","type-post","status-publish","format-standard","has-post-thumbnail","hentry","category-digital","category-kultur"],"yoast_head":"<!-- This site is optimized with the Yoast SEO plugin v24.2 - https:\/\/yoast.com\/wordpress\/plugins\/seo\/ -->\n<title>Novembre Num\u00e9rique (digital november) - Institut fran\u00e7ais<\/title>\n<meta name=\"robots\" content=\"index, follow, max-snippet:-1, max-image-preview:large, max-video-preview:-1\" \/>\n<link rel=\"canonical\" href=\"https:\/\/www.france.no\/no\/2023\/kultur\/novembre-numerique-digital-november\/\" \/>\n<meta property=\"og:locale\" content=\"nb_NO\" \/>\n<meta property=\"og:type\" content=\"article\" \/>\n<meta property=\"og:title\" content=\"Novembre Num\u00e9rique (digital november) - Institut fran\u00e7ais\" \/>\n<meta property=\"og:description\" content=\"Som en del av Novembre Num\u00e9rique (digital november) har de franske instituttene i Danmark, Finland, Norge og Sverige samt den franske ambassaden p\u00e5 Island planlagt en arrangementer rundt digital kultur. Novembre Num\u00e9rique er en festival organisert over hele verden av det franske kulturnettverket og dets partnere. M\u00e5let er \u00e5 fremme franske digitale kreat\u00f8rer, dets ekstraordin\u00e6re [&hellip;]\" \/>\n<meta property=\"og:url\" content=\"https:\/\/www.france.no\/no\/2023\/kultur\/novembre-numerique-digital-november\/\" \/>\n<meta property=\"og:site_name\" content=\"Institut fran\u00e7ais\" \/>\n<meta property=\"article:publisher\" content=\"https:\/\/www.facebook.com\/institutfrancaisoslo\" \/>\n<meta property=\"article:published_time\" content=\"2023-10-19T12:18:13+00:00\" \/>\n<meta property=\"article:modified_time\" content=\"2023-12-01T09:15:08+00:00\" \/>\n<meta property=\"og:image\" content=\"https:\/\/www.france.no\/wp-content\/uploads\/2023\/10\/KIT-COM-_FACEBOOK-1200x630-px-bleu-1098x617.png\" \/>\n\t<meta property=\"og:image:width\" content=\"5001\" \/>\n\t<meta property=\"og:image:height\" content=\"2626\" \/>\n\t<meta property=\"og:image:type\" content=\"image\/png\" \/>\n<meta name=\"author\" content=\"P\u00f4le Communication\" \/>\n<meta name=\"twitter:card\" content=\"summary_large_image\" \/>\n<meta name=\"twitter:creator\" content=\"@ifnorvege\" \/>\n<meta name=\"twitter:site\" content=\"@ifnorvege\" \/>\n<meta name=\"twitter:label1\" content=\"Skrevet av\" \/>\n\t<meta name=\"twitter:data1\" content=\"P\u00f4le Communication\" \/>\n\t<meta name=\"twitter:label2\" content=\"Ansl. lesetid\" \/>\n\t<meta name=\"twitter:data2\" content=\"1 minutt\" \/>\n<script type=\"application\/ld+json\" class=\"yoast-schema-graph\">{\"@context\":\"https:\/\/schema.org\",\"@graph\":[{\"@type\":\"Article\",\"@id\":\"https:\/\/www.france.no\/no\/2023\/kultur\/novembre-numerique-digital-november\/#article\",\"isPartOf\":{\"@id\":\"https:\/\/www.france.no\/no\/2023\/kultur\/novembre-numerique-digital-november\/\"},\"author\":{\"name\":\"P\u00f4le Communication\",\"@id\":\"https:\/\/www.france.no\/no\/#\/schema\/person\/e911222e8703f294589a6d80b1c16f97\"},\"headline\":\"Novembre Num\u00e9rique (digital november)\",\"datePublished\":\"2023-10-19T12:18:13+00:00\",\"dateModified\":\"2023-12-01T09:15:08+00:00\",\"mainEntityOfPage\":{\"@id\":\"https:\/\/www.france.no\/no\/2023\/kultur\/novembre-numerique-digital-november\/\"},\"wordCount\":103,\"publisher\":{\"@id\":\"https:\/\/www.france.no\/no\/#organization\"},\"image\":{\"@id\":\"https:\/\/www.france.no\/no\/2023\/kultur\/novembre-numerique-digital-november\/#primaryimage\"},\"thumbnailUrl\":\"https:\/\/www.france.no\/wp-content\/uploads\/2023\/10\/KIT-COM-_FACEBOOK-1200x630-px-bleu-1098x617.png\",\"articleSection\":[\"Digital\",\"Kultur\"],\"inLanguage\":\"nb-NO\"},{\"@type\":\"WebPage\",\"@id\":\"https:\/\/www.france.no\/no\/2023\/kultur\/novembre-numerique-digital-november\/\",\"url\":\"https:\/\/www.france.no\/no\/2023\/kultur\/novembre-numerique-digital-november\/\",\"name\":\"Novembre Num\u00e9rique (digital november) - Institut fran\u00e7ais\",\"isPartOf\":{\"@id\":\"https:\/\/www.france.no\/no\/#website\"},\"primaryImageOfPage\":{\"@id\":\"https:\/\/www.france.no\/no\/2023\/kultur\/novembre-numerique-digital-november\/#primaryimage\"},\"image\":{\"@id\":\"https:\/\/www.france.no\/no\/2023\/kultur\/novembre-numerique-digital-november\/#primaryimage\"},\"thumbnailUrl\":\"https:\/\/www.france.no\/wp-content\/uploads\/2023\/10\/KIT-COM-_FACEBOOK-1200x630-px-bleu-1098x617.png\",\"datePublished\":\"2023-10-19T12:18:13+00:00\",\"dateModified\":\"2023-12-01T09:15:08+00:00\",\"breadcrumb\":{\"@id\":\"https:\/\/www.france.no\/no\/2023\/kultur\/novembre-numerique-digital-november\/#breadcrumb\"},\"inLanguage\":\"nb-NO\",\"potentialAction\":[{\"@type\":\"ReadAction\",\"target\":[\"https:\/\/www.france.no\/no\/2023\/kultur\/novembre-numerique-digital-november\/\"]}]},{\"@type\":\"ImageObject\",\"inLanguage\":\"nb-NO\",\"@id\":\"https:\/\/www.france.no\/no\/2023\/kultur\/novembre-numerique-digital-november\/#primaryimage\",\"url\":\"https:\/\/www.france.no\/wp-content\/uploads\/2023\/10\/KIT-COM-_FACEBOOK-1200x630-px-bleu-1098x617.png\",\"contentUrl\":\"https:\/\/www.france.no\/wp-content\/uploads\/2023\/10\/KIT-COM-_FACEBOOK-1200x630-px-bleu-1098x617.png\",\"width\":5001,\"height\":2626},{\"@type\":\"BreadcrumbList\",\"@id\":\"https:\/\/www.france.no\/no\/2023\/kultur\/novembre-numerique-digital-november\/#breadcrumb\",\"itemListElement\":[{\"@type\":\"ListItem\",\"position\":1,\"name\":\"\",\"item\":\"https:\/\/www.france.no\/no\/\"},{\"@type\":\"ListItem\",\"position\":2,\"name\":\"Kultur\",\"item\":\"https:\/\/www.france.no\/no\/category\/kultur\/\"},{\"@type\":\"ListItem\",\"position\":3,\"name\":\"Novembre Num\u00e9rique (digital november)\"}]},{\"@type\":\"WebSite\",\"@id\":\"https:\/\/www.france.no\/no\/#website\",\"url\":\"https:\/\/www.france.no\/no\/\",\"name\":\"Institut fran\u00e7ais\",\"description\":\"Norv\u00e8ge\",\"publisher\":{\"@id\":\"https:\/\/www.france.no\/no\/#organization\"},\"potentialAction\":[{\"@type\":\"SearchAction\",\"target\":{\"@type\":\"EntryPoint\",\"urlTemplate\":\"https:\/\/www.france.no\/no\/?s={search_term_string}\"},\"query-input\":{\"@type\":\"PropertyValueSpecification\",\"valueRequired\":true,\"valueName\":\"search_term_string\"}}],\"inLanguage\":\"nb-NO\"},{\"@type\":\"Organization\",\"@id\":\"https:\/\/www.france.no\/no\/#organization\",\"name\":\"Institut fran\u00e7ais\",\"url\":\"https:\/\/www.france.no\/no\/\",\"logo\":{\"@type\":\"ImageObject\",\"inLanguage\":\"nb-NO\",\"@id\":\"https:\/\/www.france.no\/no\/#\/schema\/logo\/image\/\",\"url\":\"https:\/\/www.france.no\/wp-content\/uploads\/2022\/11\/IF_Logo_Sans_Bleu_RVB.png\",\"contentUrl\":\"https:\/\/www.france.no\/wp-content\/uploads\/2022\/11\/IF_Logo_Sans_Bleu_RVB.png\",\"width\":852,\"height\":591,\"caption\":\"Institut fran\u00e7ais\"},\"image\":{\"@id\":\"https:\/\/www.france.no\/no\/#\/schema\/logo\/image\/\"},\"sameAs\":[\"https:\/\/www.facebook.com\/institutfrancaisoslo\",\"https:\/\/x.com\/ifnorvege\",\"https:\/\/instagram.com\/ifnorvege\"]},{\"@type\":\"Person\",\"@id\":\"https:\/\/www.france.no\/no\/#\/schema\/person\/e911222e8703f294589a6d80b1c16f97\",\"name\":\"P\u00f4le Communication\",\"image\":{\"@type\":\"ImageObject\",\"inLanguage\":\"nb-NO\",\"@id\":\"https:\/\/www.france.no\/no\/#\/schema\/person\/image\/\",\"url\":\"https:\/\/secure.gravatar.com\/avatar\/aef2f98e57d39e8c3d6d57b6b4f580f8?s=96&d=mm&r=g\",\"contentUrl\":\"https:\/\/secure.gravatar.com\/avatar\/aef2f98e57d39e8c3d6d57b6b4f580f8?s=96&d=mm&r=g\",\"caption\":\"P\u00f4le Communication\"},\"url\":\"https:\/\/www.france.no\/no\/author\/polecom\/\"}]}<\/script>\n<!-- \/ Yoast SEO plugin. -->","yoast_head_json":{"title":"Novembre Num\u00e9rique (digital november) - Institut fran\u00e7ais","robots":{"index":"index","follow":"follow","max-snippet":"max-snippet:-1","max-image-preview":"max-image-preview:large","max-video-preview":"max-video-preview:-1"},"canonical":"https:\/\/www.france.no\/no\/2023\/kultur\/novembre-numerique-digital-november\/","og_locale":"nb_NO","og_type":"article","og_title":"Novembre Num\u00e9rique (digital november) - Institut fran\u00e7ais","og_description":"Som en del av Novembre Num\u00e9rique (digital november) har de franske instituttene i Danmark, Finland, Norge og Sverige samt den franske ambassaden p\u00e5 Island planlagt en arrangementer rundt digital kultur. Novembre Num\u00e9rique er en festival organisert over hele verden av det franske kulturnettverket og dets partnere. M\u00e5let er \u00e5 fremme franske digitale kreat\u00f8rer, dets ekstraordin\u00e6re [&hellip;]","og_url":"https:\/\/www.france.no\/no\/2023\/kultur\/novembre-numerique-digital-november\/","og_site_name":"Institut fran\u00e7ais","article_publisher":"https:\/\/www.facebook.com\/institutfrancaisoslo","article_published_time":"2023-10-19T12:18:13+00:00","article_modified_time":"2023-12-01T09:15:08+00:00","og_image":[{"width":5001,"height":2626,"url":"https:\/\/www.france.no\/wp-content\/uploads\/2023\/10\/KIT-COM-_FACEBOOK-1200x630-px-bleu-1098x617.png","type":"image\/png"}],"author":"P\u00f4le Communication","twitter_card":"summary_large_image","twitter_creator":"@ifnorvege","twitter_site":"@ifnorvege","twitter_misc":{"Skrevet av":"P\u00f4le Communication","Ansl. lesetid":"1 minutt"},"schema":{"@context":"https:\/\/schema.org","@graph":[{"@type":"Article","@id":"https:\/\/www.france.no\/no\/2023\/kultur\/novembre-numerique-digital-november\/#article","isPartOf":{"@id":"https:\/\/www.france.no\/no\/2023\/kultur\/novembre-numerique-digital-november\/"},"author":{"name":"P\u00f4le Communication","@id":"https:\/\/www.france.no\/no\/#\/schema\/person\/e911222e8703f294589a6d80b1c16f97"},"headline":"Novembre Num\u00e9rique (digital november)","datePublished":"2023-10-19T12:18:13+00:00","dateModified":"2023-12-01T09:15:08+00:00","mainEntityOfPage":{"@id":"https:\/\/www.france.no\/no\/2023\/kultur\/novembre-numerique-digital-november\/"},"wordCount":103,"publisher":{"@id":"https:\/\/www.france.no\/no\/#organization"},"image":{"@id":"https:\/\/www.france.no\/no\/2023\/kultur\/novembre-numerique-digital-november\/#primaryimage"},"thumbnailUrl":"https:\/\/www.france.no\/wp-content\/uploads\/2023\/10\/KIT-COM-_FACEBOOK-1200x630-px-bleu-1098x617.png","articleSection":["Digital","Kultur"],"inLanguage":"nb-NO"},{"@type":"WebPage","@id":"https:\/\/www.france.no\/no\/2023\/kultur\/novembre-numerique-digital-november\/","url":"https:\/\/www.france.no\/no\/2023\/kultur\/novembre-numerique-digital-november\/","name":"Novembre Num\u00e9rique (digital november) - Institut fran\u00e7ais","isPartOf":{"@id":"https:\/\/www.france.no\/no\/#website"},"primaryImageOfPage":{"@id":"https:\/\/www.france.no\/no\/2023\/kultur\/novembre-numerique-digital-november\/#primaryimage"},"image":{"@id":"https:\/\/www.france.no\/no\/2023\/kultur\/novembre-numerique-digital-november\/#primaryimage"},"thumbnailUrl":"https:\/\/www.france.no\/wp-content\/uploads\/2023\/10\/KIT-COM-_FACEBOOK-1200x630-px-bleu-1098x617.png","datePublished":"2023-10-19T12:18:13+00:00","dateModified":"2023-12-01T09:15:08+00:00","breadcrumb":{"@id":"https:\/\/www.france.no\/no\/2023\/kultur\/novembre-numerique-digital-november\/#breadcrumb"},"inLanguage":"nb-NO","potentialAction":[{"@type":"ReadAction","target":["https:\/\/www.france.no\/no\/2023\/kultur\/novembre-numerique-digital-november\/"]}]},{"@type":"ImageObject","inLanguage":"nb-NO","@id":"https:\/\/www.france.no\/no\/2023\/kultur\/novembre-numerique-digital-november\/#primaryimage","url":"https:\/\/www.france.no\/wp-content\/uploads\/2023\/10\/KIT-COM-_FACEBOOK-1200x630-px-bleu-1098x617.png","contentUrl":"https:\/\/www.france.no\/wp-content\/uploads\/2023\/10\/KIT-COM-_FACEBOOK-1200x630-px-bleu-1098x617.png","width":5001,"height":2626},{"@type":"BreadcrumbList","@id":"https:\/\/www.france.no\/no\/2023\/kultur\/novembre-numerique-digital-november\/#breadcrumb","itemListElement":[{"@type":"ListItem","position":1,"name":"","item":"https:\/\/www.france.no\/no\/"},{"@type":"ListItem","position":2,"name":"Kultur","item":"https:\/\/www.france.no\/no\/category\/kultur\/"},{"@type":"ListItem","position":3,"name":"Novembre Num\u00e9rique (digital november)"}]},{"@type":"WebSite","@id":"https:\/\/www.france.no\/no\/#website","url":"https:\/\/www.france.no\/no\/","name":"Institut fran\u00e7ais","description":"Norv\u00e8ge","publisher":{"@id":"https:\/\/www.france.no\/no\/#organization"},"potentialAction":[{"@type":"SearchAction","target":{"@type":"EntryPoint","urlTemplate":"https:\/\/www.france.no\/no\/?s={search_term_string}"},"query-input":{"@type":"PropertyValueSpecification","valueRequired":true,"valueName":"search_term_string"}}],"inLanguage":"nb-NO"},{"@type":"Organization","@id":"https:\/\/www.france.no\/no\/#organization","name":"Institut fran\u00e7ais","url":"https:\/\/www.france.no\/no\/","logo":{"@type":"ImageObject","inLanguage":"nb-NO","@id":"https:\/\/www.france.no\/no\/#\/schema\/logo\/image\/","url":"https:\/\/www.france.no\/wp-content\/uploads\/2022\/11\/IF_Logo_Sans_Bleu_RVB.png","contentUrl":"https:\/\/www.france.no\/wp-content\/uploads\/2022\/11\/IF_Logo_Sans_Bleu_RVB.png","width":852,"height":591,"caption":"Institut fran\u00e7ais"},"image":{"@id":"https:\/\/www.france.no\/no\/#\/schema\/logo\/image\/"},"sameAs":["https:\/\/www.facebook.com\/institutfrancaisoslo","https:\/\/x.com\/ifnorvege","https:\/\/instagram.com\/ifnorvege"]},{"@type":"Person","@id":"https:\/\/www.france.no\/no\/#\/schema\/person\/e911222e8703f294589a6d80b1c16f97","name":"P\u00f4le Communication","image":{"@type":"ImageObject","inLanguage":"nb-NO","@id":"https:\/\/www.france.no\/no\/#\/schema\/person\/image\/","url":"https:\/\/secure.gravatar.com\/avatar\/aef2f98e57d39e8c3d6d57b6b4f580f8?s=96&d=mm&r=g","contentUrl":"https:\/\/secure.gravatar.com\/avatar\/aef2f98e57d39e8c3d6d57b6b4f580f8?s=96&d=mm&r=g","caption":"P\u00f4le Communication"},"url":"https:\/\/www.france.no\/no\/author\/polecom\/"}]}},"_links":{"self":[{"href":"https:\/\/www.france.no\/no\/wp-json\/wp\/v2\/posts\/6269","targetHints":{"allow":["GET"]}}],"collection":[{"href":"https:\/\/www.france.no\/no\/wp-json\/wp\/v2\/posts"}],"about":[{"href":"https:\/\/www.france.no\/no\/wp-json\/wp\/v2\/types\/post"}],"author":[{"embeddable":true,"href":"https:\/\/www.france.no\/no\/wp-json\/wp\/v2\/users\/6"}],"replies":[{"embeddable":true,"href":"https:\/\/www.france.no\/no\/wp-json\/wp\/v2\/comments?post=6269"}],"version-history":[{"count":4,"href":"https:\/\/www.france.no\/no\/wp-json\/wp\/v2\/posts\/6269\/revisions"}],"predecessor-version":[{"id":6913,"href":"https:\/\/www.france.no\/no\/wp-json\/wp\/v2\/posts\/6269\/revisions\/6913"}],"wp:featuredmedia":[{"embeddable":true,"href":"https:\/\/www.france.no\/no\/wp-json\/wp\/v2\/media\/6265"}],"wp:attachment":[{"href":"https:\/\/www.france.no\/no\/wp-json\/wp\/v2\/media?parent=6269"}],"wp:term":[{"taxonomy":"category","embeddable":true,"href":"https:\/\/www.france.no\/no\/wp-json\/wp\/v2\/categories?post=6269"},{"taxonomy":"post_tag","embeddable":true,"href":"https:\/\/www.france.no\/no\/wp-json\/wp\/v2\/tags?post=6269"}],"curies":[{"name":"wp","href":"https:\/\/api.w.org\/{rel}","templated":true}]}}