{"id":637,"date":"2022-09-14T00:00:00","date_gmt":"2022-09-13T22:00:00","guid":{"rendered":"https:\/\/www.france.no\/2022\/kultur\/ultima-festival\/"},"modified":"2022-09-14T00:00:00","modified_gmt":"2022-09-13T22:00:00","slug":"ultima-festival","status":"publish","type":"post","link":"https:\/\/www.france.no\/no\/2022\/kultur\/ultima-festival\/","title":{"rendered":"Ultima Festival"},"content":{"rendered":"<p><span style=\"font-size: 12pt;\">Institut fran\u00e7ais de Norv\u00e8ge is pleased to support the French artists participating in the music festival <strong>Ultima Oslo Contemporary Music Festival<\/strong> which will take place <strong>from 15th to 24th September in Oslo<\/strong>!<\/span><\/p>\n<p><span style=\"font-size: 12pt;\">Festival programme:<\/span><\/p>\n<ul>\n<li style=\"list-style-type: none;\">\n<ul style=\"list-style-type: disc;\">\n<li><span style=\"font-size: 16px;\"><strong>Saturday 17th September at 12pm<\/strong>\u00a0(<em>Birkelunden<\/em>): Performance <em>Organotopia<\/em> by Nils Henrik Asheim with <strong>French organist Jean-Baptiste Monnot<\/strong>.<\/span><\/li>\n<li style=\"list-style-type: none;\"><span style=\"font-size: 12pt;\">Find more information on <a href=\"https:\/\/www.ultima.no\/en\/nils-henrik-asheim-organotopia\">the festival website<\/a>.<\/span><\/li>\n<li style=\"list-style-type: none;\">\u00a0<\/li>\n<li><span style=\"font-size: 12pt;\"><strong>Friday 23rd September at 8pm et Saturday 24th September at 5pm<\/strong>\u00a0(<em>Den Norske Opera &amp; Ballett<\/em>): Piece <em>Mount Analog<\/em> by Sophia Brous, based on the French novel <em>Le Mont Analogue<\/em> by Ren\u00e9 Daumal, with <strong>French (and\/or France-based) artists Nicolas Becker, Corinne Jaber, Guillaume Malaret et Aaron Orzech<\/strong>.<\/span><\/li>\n<li style=\"list-style-type: none;\"><span style=\"font-size: 12pt;\">Find more information on <a href=\"https:\/\/www.ultima.no\/en\/sophia-brous-mount-analogue-a-provisionally-utopian-live-performance-event-2022-wp\">the festival website<\/a>.<\/span><\/li>\n<\/ul>\n<\/li>\n<\/ul>\n","protected":false},"excerpt":{"rendered":"<p>Institut fran\u00e7ais de Norv\u00e8ge is pleased to support the French artists participating in the music festival Ultima Oslo Contemporary Music Festival which will take place from 15th to 24th September in Oslo! Festival programme: Saturday 17th September at 12pm\u00a0(Birkelunden): Performance Organotopia by Nils Henrik Asheim with French organist Jean-Baptiste Monnot. Find more information on the [&hellip;]<\/p>\n","protected":false},"author":1,"featured_media":635,"comment_status":"closed","ping_status":"closed","sticky":false,"template":"","format":"standard","meta":{"footnotes":""},"categories":[5],"tags":[],"class_list":["post-637","post","type-post","status-publish","format-standard","has-post-thumbnail","hentry","category-kultur"],"yoast_head":"<!-- This site is optimized with the Yoast SEO plugin v24.2 - https:\/\/yoast.com\/wordpress\/plugins\/seo\/ -->\n<title>Ultima Festival - Institut fran\u00e7ais<\/title>\n<meta name=\"robots\" content=\"index, follow, max-snippet:-1, max-image-preview:large, max-video-preview:-1\" \/>\n<link rel=\"canonical\" href=\"https:\/\/www.france.no\/no\/2022\/kultur\/ultima-festival\/\" \/>\n<meta property=\"og:locale\" content=\"nb_NO\" \/>\n<meta property=\"og:type\" content=\"article\" \/>\n<meta property=\"og:title\" content=\"Ultima Festival - Institut fran\u00e7ais\" \/>\n<meta property=\"og:description\" content=\"Institut fran\u00e7ais de Norv\u00e8ge is pleased to support the French artists participating in the music festival Ultima Oslo Contemporary Music Festival which will take place from 15th to 24th September in Oslo! Festival programme: Saturday 17th September at 12pm\u00a0(Birkelunden): Performance Organotopia by Nils Henrik Asheim with French organist Jean-Baptiste Monnot. Find more information on the [&hellip;]\" \/>\n<meta property=\"og:url\" content=\"https:\/\/www.france.no\/no\/2022\/kultur\/ultima-festival\/\" \/>\n<meta property=\"og:site_name\" content=\"Institut fran\u00e7ais\" \/>\n<meta property=\"article:publisher\" content=\"https:\/\/www.facebook.com\/institutfrancaisoslo\" \/>\n<meta property=\"article:published_time\" content=\"2022-09-13T22:00:00+00:00\" \/>\n<meta property=\"og:image\" content=\"https:\/\/www.france.no\/wp-content\/uploads\/2022\/09\/279513964_10159894823648088_6427796550717166089_n-1.jpg\" \/>\n\t<meta property=\"og:image:width\" content=\"851\" \/>\n\t<meta property=\"og:image:height\" content=\"315\" \/>\n\t<meta property=\"og:image:type\" content=\"image\/jpeg\" \/>\n<meta name=\"author\" content=\"admin_ifno\" \/>\n<meta name=\"twitter:card\" content=\"summary_large_image\" \/>\n<meta name=\"twitter:creator\" content=\"@ifnorvege\" \/>\n<meta name=\"twitter:site\" content=\"@ifnorvege\" \/>\n<meta name=\"twitter:label1\" content=\"Skrevet av\" \/>\n\t<meta name=\"twitter:data1\" content=\"admin_ifno\" \/>\n\t<meta name=\"twitter:label2\" content=\"Ansl. lesetid\" \/>\n\t<meta name=\"twitter:data2\" content=\"1 minutt\" \/>\n<script type=\"application\/ld+json\" class=\"yoast-schema-graph\">{\"@context\":\"https:\/\/schema.org\",\"@graph\":[{\"@type\":\"Article\",\"@id\":\"https:\/\/www.france.no\/no\/2022\/kultur\/ultima-festival\/#article\",\"isPartOf\":{\"@id\":\"https:\/\/www.france.no\/no\/2022\/kultur\/ultima-festival\/\"},\"author\":{\"name\":\"admin_ifno\",\"@id\":\"https:\/\/www.france.no\/no\/#\/schema\/person\/4fdc0b263d8f27bb00a55f55d2fa3ab0\"},\"headline\":\"Ultima Festival\",\"datePublished\":\"2022-09-13T22:00:00+00:00\",\"dateModified\":\"2022-09-13T22:00:00+00:00\",\"mainEntityOfPage\":{\"@id\":\"https:\/\/www.france.no\/no\/2022\/kultur\/ultima-festival\/\"},\"wordCount\":117,\"publisher\":{\"@id\":\"https:\/\/www.france.no\/no\/#organization\"},\"image\":{\"@id\":\"https:\/\/www.france.no\/no\/2022\/kultur\/ultima-festival\/#primaryimage\"},\"thumbnailUrl\":\"https:\/\/www.france.no\/wp-content\/uploads\/2022\/09\/279513964_10159894823648088_6427796550717166089_n-1.jpg\",\"articleSection\":[\"Kultur\"],\"inLanguage\":\"nb-NO\"},{\"@type\":\"WebPage\",\"@id\":\"https:\/\/www.france.no\/no\/2022\/kultur\/ultima-festival\/\",\"url\":\"https:\/\/www.france.no\/no\/2022\/kultur\/ultima-festival\/\",\"name\":\"Ultima Festival - Institut fran\u00e7ais\",\"isPartOf\":{\"@id\":\"https:\/\/www.france.no\/no\/#website\"},\"primaryImageOfPage\":{\"@id\":\"https:\/\/www.france.no\/no\/2022\/kultur\/ultima-festival\/#primaryimage\"},\"image\":{\"@id\":\"https:\/\/www.france.no\/no\/2022\/kultur\/ultima-festival\/#primaryimage\"},\"thumbnailUrl\":\"https:\/\/www.france.no\/wp-content\/uploads\/2022\/09\/279513964_10159894823648088_6427796550717166089_n-1.jpg\",\"datePublished\":\"2022-09-13T22:00:00+00:00\",\"dateModified\":\"2022-09-13T22:00:00+00:00\",\"breadcrumb\":{\"@id\":\"https:\/\/www.france.no\/no\/2022\/kultur\/ultima-festival\/#breadcrumb\"},\"inLanguage\":\"nb-NO\",\"potentialAction\":[{\"@type\":\"ReadAction\",\"target\":[\"https:\/\/www.france.no\/no\/2022\/kultur\/ultima-festival\/\"]}]},{\"@type\":\"ImageObject\",\"inLanguage\":\"nb-NO\",\"@id\":\"https:\/\/www.france.no\/no\/2022\/kultur\/ultima-festival\/#primaryimage\",\"url\":\"https:\/\/www.france.no\/wp-content\/uploads\/2022\/09\/279513964_10159894823648088_6427796550717166089_n-1.jpg\",\"contentUrl\":\"https:\/\/www.france.no\/wp-content\/uploads\/2022\/09\/279513964_10159894823648088_6427796550717166089_n-1.jpg\",\"width\":851,\"height\":315},{\"@type\":\"BreadcrumbList\",\"@id\":\"https:\/\/www.france.no\/no\/2022\/kultur\/ultima-festival\/#breadcrumb\",\"itemListElement\":[{\"@type\":\"ListItem\",\"position\":1,\"name\":\"\",\"item\":\"https:\/\/www.france.no\/no\/\"},{\"@type\":\"ListItem\",\"position\":2,\"name\":\"Kultur\",\"item\":\"https:\/\/www.france.no\/no\/category\/kultur\/\"},{\"@type\":\"ListItem\",\"position\":3,\"name\":\"Ultima Festival\"}]},{\"@type\":\"WebSite\",\"@id\":\"https:\/\/www.france.no\/no\/#website\",\"url\":\"https:\/\/www.france.no\/no\/\",\"name\":\"Institut fran\u00e7ais\",\"description\":\"Norv\u00e8ge\",\"publisher\":{\"@id\":\"https:\/\/www.france.no\/no\/#organization\"},\"potentialAction\":[{\"@type\":\"SearchAction\",\"target\":{\"@type\":\"EntryPoint\",\"urlTemplate\":\"https:\/\/www.france.no\/no\/?s={search_term_string}\"},\"query-input\":{\"@type\":\"PropertyValueSpecification\",\"valueRequired\":true,\"valueName\":\"search_term_string\"}}],\"inLanguage\":\"nb-NO\"},{\"@type\":\"Organization\",\"@id\":\"https:\/\/www.france.no\/no\/#organization\",\"name\":\"Institut fran\u00e7ais\",\"url\":\"https:\/\/www.france.no\/no\/\",\"logo\":{\"@type\":\"ImageObject\",\"inLanguage\":\"nb-NO\",\"@id\":\"https:\/\/www.france.no\/no\/#\/schema\/logo\/image\/\",\"url\":\"https:\/\/www.france.no\/wp-content\/uploads\/2022\/11\/IF_Logo_Sans_Bleu_RVB.png\",\"contentUrl\":\"https:\/\/www.france.no\/wp-content\/uploads\/2022\/11\/IF_Logo_Sans_Bleu_RVB.png\",\"width\":852,\"height\":591,\"caption\":\"Institut fran\u00e7ais\"},\"image\":{\"@id\":\"https:\/\/www.france.no\/no\/#\/schema\/logo\/image\/\"},\"sameAs\":[\"https:\/\/www.facebook.com\/institutfrancaisoslo\",\"https:\/\/x.com\/ifnorvege\",\"https:\/\/instagram.com\/ifnorvege\"]},{\"@type\":\"Person\",\"@id\":\"https:\/\/www.france.no\/no\/#\/schema\/person\/4fdc0b263d8f27bb00a55f55d2fa3ab0\",\"name\":\"admin_ifno\",\"image\":{\"@type\":\"ImageObject\",\"inLanguage\":\"nb-NO\",\"@id\":\"https:\/\/www.france.no\/no\/#\/schema\/person\/image\/\",\"url\":\"https:\/\/secure.gravatar.com\/avatar\/20f70e61054e6ae673edda3c0dc13670e46e51786443041c70a7eb2da859ae2a?s=96&d=mm&r=g\",\"contentUrl\":\"https:\/\/secure.gravatar.com\/avatar\/20f70e61054e6ae673edda3c0dc13670e46e51786443041c70a7eb2da859ae2a?s=96&d=mm&r=g\",\"caption\":\"admin_ifno\"},\"sameAs\":[\"https:\/\/www.france.no\"],\"url\":\"https:\/\/www.france.no\/no\/author\/admin_ifno\/\"}]}<\/script>\n<!-- \/ Yoast SEO plugin. -->","yoast_head_json":{"title":"Ultima Festival - Institut fran\u00e7ais","robots":{"index":"index","follow":"follow","max-snippet":"max-snippet:-1","max-image-preview":"max-image-preview:large","max-video-preview":"max-video-preview:-1"},"canonical":"https:\/\/www.france.no\/no\/2022\/kultur\/ultima-festival\/","og_locale":"nb_NO","og_type":"article","og_title":"Ultima Festival - Institut fran\u00e7ais","og_description":"Institut fran\u00e7ais de Norv\u00e8ge is pleased to support the French artists participating in the music festival Ultima Oslo Contemporary Music Festival which will take place from 15th to 24th September in Oslo! Festival programme: Saturday 17th September at 12pm\u00a0(Birkelunden): Performance Organotopia by Nils Henrik Asheim with French organist Jean-Baptiste Monnot. Find more information on the [&hellip;]","og_url":"https:\/\/www.france.no\/no\/2022\/kultur\/ultima-festival\/","og_site_name":"Institut fran\u00e7ais","article_publisher":"https:\/\/www.facebook.com\/institutfrancaisoslo","article_published_time":"2022-09-13T22:00:00+00:00","og_image":[{"width":851,"height":315,"url":"https:\/\/www.france.no\/wp-content\/uploads\/2022\/09\/279513964_10159894823648088_6427796550717166089_n-1.jpg","type":"image\/jpeg"}],"author":"admin_ifno","twitter_card":"summary_large_image","twitter_creator":"@ifnorvege","twitter_site":"@ifnorvege","twitter_misc":{"Skrevet av":"admin_ifno","Ansl. lesetid":"1 minutt"},"schema":{"@context":"https:\/\/schema.org","@graph":[{"@type":"Article","@id":"https:\/\/www.france.no\/no\/2022\/kultur\/ultima-festival\/#article","isPartOf":{"@id":"https:\/\/www.france.no\/no\/2022\/kultur\/ultima-festival\/"},"author":{"name":"admin_ifno","@id":"https:\/\/www.france.no\/no\/#\/schema\/person\/4fdc0b263d8f27bb00a55f55d2fa3ab0"},"headline":"Ultima Festival","datePublished":"2022-09-13T22:00:00+00:00","dateModified":"2022-09-13T22:00:00+00:00","mainEntityOfPage":{"@id":"https:\/\/www.france.no\/no\/2022\/kultur\/ultima-festival\/"},"wordCount":117,"publisher":{"@id":"https:\/\/www.france.no\/no\/#organization"},"image":{"@id":"https:\/\/www.france.no\/no\/2022\/kultur\/ultima-festival\/#primaryimage"},"thumbnailUrl":"https:\/\/www.france.no\/wp-content\/uploads\/2022\/09\/279513964_10159894823648088_6427796550717166089_n-1.jpg","articleSection":["Kultur"],"inLanguage":"nb-NO"},{"@type":"WebPage","@id":"https:\/\/www.france.no\/no\/2022\/kultur\/ultima-festival\/","url":"https:\/\/www.france.no\/no\/2022\/kultur\/ultima-festival\/","name":"Ultima Festival - Institut fran\u00e7ais","isPartOf":{"@id":"https:\/\/www.france.no\/no\/#website"},"primaryImageOfPage":{"@id":"https:\/\/www.france.no\/no\/2022\/kultur\/ultima-festival\/#primaryimage"},"image":{"@id":"https:\/\/www.france.no\/no\/2022\/kultur\/ultima-festival\/#primaryimage"},"thumbnailUrl":"https:\/\/www.france.no\/wp-content\/uploads\/2022\/09\/279513964_10159894823648088_6427796550717166089_n-1.jpg","datePublished":"2022-09-13T22:00:00+00:00","dateModified":"2022-09-13T22:00:00+00:00","breadcrumb":{"@id":"https:\/\/www.france.no\/no\/2022\/kultur\/ultima-festival\/#breadcrumb"},"inLanguage":"nb-NO","potentialAction":[{"@type":"ReadAction","target":["https:\/\/www.france.no\/no\/2022\/kultur\/ultima-festival\/"]}]},{"@type":"ImageObject","inLanguage":"nb-NO","@id":"https:\/\/www.france.no\/no\/2022\/kultur\/ultima-festival\/#primaryimage","url":"https:\/\/www.france.no\/wp-content\/uploads\/2022\/09\/279513964_10159894823648088_6427796550717166089_n-1.jpg","contentUrl":"https:\/\/www.france.no\/wp-content\/uploads\/2022\/09\/279513964_10159894823648088_6427796550717166089_n-1.jpg","width":851,"height":315},{"@type":"BreadcrumbList","@id":"https:\/\/www.france.no\/no\/2022\/kultur\/ultima-festival\/#breadcrumb","itemListElement":[{"@type":"ListItem","position":1,"name":"","item":"https:\/\/www.france.no\/no\/"},{"@type":"ListItem","position":2,"name":"Kultur","item":"https:\/\/www.france.no\/no\/category\/kultur\/"},{"@type":"ListItem","position":3,"name":"Ultima Festival"}]},{"@type":"WebSite","@id":"https:\/\/www.france.no\/no\/#website","url":"https:\/\/www.france.no\/no\/","name":"Institut fran\u00e7ais","description":"Norv\u00e8ge","publisher":{"@id":"https:\/\/www.france.no\/no\/#organization"},"potentialAction":[{"@type":"SearchAction","target":{"@type":"EntryPoint","urlTemplate":"https:\/\/www.france.no\/no\/?s={search_term_string}"},"query-input":{"@type":"PropertyValueSpecification","valueRequired":true,"valueName":"search_term_string"}}],"inLanguage":"nb-NO"},{"@type":"Organization","@id":"https:\/\/www.france.no\/no\/#organization","name":"Institut fran\u00e7ais","url":"https:\/\/www.france.no\/no\/","logo":{"@type":"ImageObject","inLanguage":"nb-NO","@id":"https:\/\/www.france.no\/no\/#\/schema\/logo\/image\/","url":"https:\/\/www.france.no\/wp-content\/uploads\/2022\/11\/IF_Logo_Sans_Bleu_RVB.png","contentUrl":"https:\/\/www.france.no\/wp-content\/uploads\/2022\/11\/IF_Logo_Sans_Bleu_RVB.png","width":852,"height":591,"caption":"Institut fran\u00e7ais"},"image":{"@id":"https:\/\/www.france.no\/no\/#\/schema\/logo\/image\/"},"sameAs":["https:\/\/www.facebook.com\/institutfrancaisoslo","https:\/\/x.com\/ifnorvege","https:\/\/instagram.com\/ifnorvege"]},{"@type":"Person","@id":"https:\/\/www.france.no\/no\/#\/schema\/person\/4fdc0b263d8f27bb00a55f55d2fa3ab0","name":"admin_ifno","image":{"@type":"ImageObject","inLanguage":"nb-NO","@id":"https:\/\/www.france.no\/no\/#\/schema\/person\/image\/","url":"https:\/\/secure.gravatar.com\/avatar\/20f70e61054e6ae673edda3c0dc13670e46e51786443041c70a7eb2da859ae2a?s=96&d=mm&r=g","contentUrl":"https:\/\/secure.gravatar.com\/avatar\/20f70e61054e6ae673edda3c0dc13670e46e51786443041c70a7eb2da859ae2a?s=96&d=mm&r=g","caption":"admin_ifno"},"sameAs":["https:\/\/www.france.no"],"url":"https:\/\/www.france.no\/no\/author\/admin_ifno\/"}]}},"_links":{"self":[{"href":"https:\/\/www.france.no\/no\/wp-json\/wp\/v2\/posts\/637","targetHints":{"allow":["GET"]}}],"collection":[{"href":"https:\/\/www.france.no\/no\/wp-json\/wp\/v2\/posts"}],"about":[{"href":"https:\/\/www.france.no\/no\/wp-json\/wp\/v2\/types\/post"}],"author":[{"embeddable":true,"href":"https:\/\/www.france.no\/no\/wp-json\/wp\/v2\/users\/1"}],"replies":[{"embeddable":true,"href":"https:\/\/www.france.no\/no\/wp-json\/wp\/v2\/comments?post=637"}],"version-history":[{"count":0,"href":"https:\/\/www.france.no\/no\/wp-json\/wp\/v2\/posts\/637\/revisions"}],"wp:featuredmedia":[{"embeddable":true,"href":"https:\/\/www.france.no\/no\/wp-json\/wp\/v2\/media\/635"}],"wp:attachment":[{"href":"https:\/\/www.france.no\/no\/wp-json\/wp\/v2\/media?parent=637"}],"wp:term":[{"taxonomy":"category","embeddable":true,"href":"https:\/\/www.france.no\/no\/wp-json\/wp\/v2\/categories?post=637"},{"taxonomy":"post_tag","embeddable":true,"href":"https:\/\/www.france.no\/no\/wp-json\/wp\/v2\/tags?post=637"}],"curies":[{"name":"wp","href":"https:\/\/api.w.org\/{rel}","templated":true}]}}