{"id":653,"date":"2022-09-15T00:00:00","date_gmt":"2022-09-14T22:00:00","guid":{"rendered":"https:\/\/www.france.no\/2022\/kultur\/bergen-assembly\/"},"modified":"2022-12-18T14:36:00","modified_gmt":"2022-12-18T13:36:00","slug":"bergen-assembly","status":"publish","type":"post","link":"https:\/\/www.france.no\/no\/2022\/kultur\/bergen-assembly\/","title":{"rendered":"Bergen Assembly"},"content":{"rendered":"<p><span style=\"font-size: 12pt;\">Institut fran\u00e7ais de Norv\u00e8ge is pleased to support the art triennial <strong>Bergen Assembly<\/strong>, which will take place <strong>from September 8th to November 6th, 2022 in Bergen<\/strong>!<\/span><\/p>\n<p><span style=\"font-size: 12pt;\">Happening every three years since 2013, this exhibition is Bergen\u2019s international art festival, hosted by institutions and other spaces across the city. This year\u2019s edition, named <em>Yasmine and the Seven Faces of the Heptahedron<\/em>, is convened by <strong>French artist Sa\u00e2dane Afif<\/strong> and centered around seven fictional characters.<\/span><\/p>\n<p><span style=\"font-size: 12pt;\"><strong>French artists Katia Kameli, Augustin Maurs and Lili Reynaud-Dewar<\/strong> participated in this triennial, and <strong>French artist Dominique Gonzalez-Foerster<\/strong> performed during the opening concert that took place on September 8th in Grand Bergen.<\/span><\/p>\n<p><span style=\"font-size: 12pt;\">Find more information on <a href=\"https:\/\/2022.bergenassembly.no\/no\">the festival website<\/a>.<\/span><\/p>\n","protected":false},"excerpt":{"rendered":"<p>Institut fran\u00e7ais de Norv\u00e8ge is pleased to support the art triennial Bergen Assembly, which will take place from September 8th to November 6th, 2022 in Bergen! Happening every three years since 2013, this exhibition is Bergen\u2019s international art festival, hosted by institutions and other spaces across the city. This year\u2019s edition, named Yasmine and the [&hellip;]<\/p>\n","protected":false},"author":1,"featured_media":654,"comment_status":"closed","ping_status":"closed","sticky":false,"template":"","format":"standard","meta":{"footnotes":""},"categories":[5],"tags":[],"class_list":["post-653","post","type-post","status-publish","format-standard","has-post-thumbnail","hentry","category-kultur"],"yoast_head":"<!-- This site is optimized with the Yoast SEO plugin v24.2 - https:\/\/yoast.com\/wordpress\/plugins\/seo\/ -->\n<title>Bergen Assembly - Institut fran\u00e7ais<\/title>\n<meta name=\"robots\" content=\"index, follow, max-snippet:-1, max-image-preview:large, max-video-preview:-1\" \/>\n<link rel=\"canonical\" href=\"https:\/\/www.france.no\/no\/2022\/kultur\/bergen-assembly\/\" \/>\n<meta property=\"og:locale\" content=\"nb_NO\" \/>\n<meta property=\"og:type\" content=\"article\" \/>\n<meta property=\"og:title\" content=\"Bergen Assembly - Institut fran\u00e7ais\" \/>\n<meta property=\"og:description\" content=\"Institut fran\u00e7ais de Norv\u00e8ge is pleased to support the art triennial Bergen Assembly, which will take place from September 8th to November 6th, 2022 in Bergen! Happening every three years since 2013, this exhibition is Bergen\u2019s international art festival, hosted by institutions and other spaces across the city. This year\u2019s edition, named Yasmine and the [&hellip;]\" \/>\n<meta property=\"og:url\" content=\"https:\/\/www.france.no\/no\/2022\/kultur\/bergen-assembly\/\" \/>\n<meta property=\"og:site_name\" content=\"Institut fran\u00e7ais\" \/>\n<meta property=\"article:publisher\" content=\"https:\/\/www.facebook.com\/institutfrancaisoslo\" \/>\n<meta property=\"article:published_time\" content=\"2022-09-14T22:00:00+00:00\" \/>\n<meta property=\"article:modified_time\" content=\"2022-12-18T13:36:00+00:00\" \/>\n<meta property=\"og:image\" content=\"https:\/\/www.france.no\/wp-content\/uploads\/2022\/09\/275296535_4868005653268222_8420026606468973592_n-1098x617.png\" \/>\n\t<meta property=\"og:image:width\" content=\"2048\" \/>\n\t<meta property=\"og:image:height\" content=\"1075\" \/>\n\t<meta property=\"og:image:type\" content=\"image\/png\" \/>\n<meta name=\"author\" content=\"admin_ifno\" \/>\n<meta name=\"twitter:card\" content=\"summary_large_image\" \/>\n<meta name=\"twitter:creator\" content=\"@ifnorvege\" \/>\n<meta name=\"twitter:site\" content=\"@ifnorvege\" \/>\n<meta name=\"twitter:label1\" content=\"Skrevet av\" \/>\n\t<meta name=\"twitter:data1\" content=\"admin_ifno\" \/>\n\t<meta name=\"twitter:label2\" content=\"Ansl. lesetid\" \/>\n\t<meta name=\"twitter:data2\" content=\"1 minutt\" \/>\n<script type=\"application\/ld+json\" class=\"yoast-schema-graph\">{\"@context\":\"https:\/\/schema.org\",\"@graph\":[{\"@type\":\"Article\",\"@id\":\"https:\/\/www.france.no\/no\/2022\/kultur\/bergen-assembly\/#article\",\"isPartOf\":{\"@id\":\"https:\/\/www.france.no\/no\/2022\/kultur\/bergen-assembly\/\"},\"author\":{\"name\":\"admin_ifno\",\"@id\":\"https:\/\/www.france.no\/no\/#\/schema\/person\/4fdc0b263d8f27bb00a55f55d2fa3ab0\"},\"headline\":\"Bergen Assembly\",\"datePublished\":\"2022-09-14T22:00:00+00:00\",\"dateModified\":\"2022-12-18T13:36:00+00:00\",\"mainEntityOfPage\":{\"@id\":\"https:\/\/www.france.no\/no\/2022\/kultur\/bergen-assembly\/\"},\"wordCount\":117,\"publisher\":{\"@id\":\"https:\/\/www.france.no\/no\/#organization\"},\"image\":{\"@id\":\"https:\/\/www.france.no\/no\/2022\/kultur\/bergen-assembly\/#primaryimage\"},\"thumbnailUrl\":\"https:\/\/www.france.no\/wp-content\/uploads\/2022\/09\/275296535_4868005653268222_8420026606468973592_n-1098x617.png\",\"articleSection\":[\"Kultur\"],\"inLanguage\":\"nb-NO\"},{\"@type\":\"WebPage\",\"@id\":\"https:\/\/www.france.no\/no\/2022\/kultur\/bergen-assembly\/\",\"url\":\"https:\/\/www.france.no\/no\/2022\/kultur\/bergen-assembly\/\",\"name\":\"Bergen Assembly - Institut fran\u00e7ais\",\"isPartOf\":{\"@id\":\"https:\/\/www.france.no\/no\/#website\"},\"primaryImageOfPage\":{\"@id\":\"https:\/\/www.france.no\/no\/2022\/kultur\/bergen-assembly\/#primaryimage\"},\"image\":{\"@id\":\"https:\/\/www.france.no\/no\/2022\/kultur\/bergen-assembly\/#primaryimage\"},\"thumbnailUrl\":\"https:\/\/www.france.no\/wp-content\/uploads\/2022\/09\/275296535_4868005653268222_8420026606468973592_n-1098x617.png\",\"datePublished\":\"2022-09-14T22:00:00+00:00\",\"dateModified\":\"2022-12-18T13:36:00+00:00\",\"breadcrumb\":{\"@id\":\"https:\/\/www.france.no\/no\/2022\/kultur\/bergen-assembly\/#breadcrumb\"},\"inLanguage\":\"nb-NO\",\"potentialAction\":[{\"@type\":\"ReadAction\",\"target\":[\"https:\/\/www.france.no\/no\/2022\/kultur\/bergen-assembly\/\"]}]},{\"@type\":\"ImageObject\",\"inLanguage\":\"nb-NO\",\"@id\":\"https:\/\/www.france.no\/no\/2022\/kultur\/bergen-assembly\/#primaryimage\",\"url\":\"https:\/\/www.france.no\/wp-content\/uploads\/2022\/09\/275296535_4868005653268222_8420026606468973592_n-1098x617.png\",\"contentUrl\":\"https:\/\/www.france.no\/wp-content\/uploads\/2022\/09\/275296535_4868005653268222_8420026606468973592_n-1098x617.png\",\"width\":2048,\"height\":1075},{\"@type\":\"BreadcrumbList\",\"@id\":\"https:\/\/www.france.no\/no\/2022\/kultur\/bergen-assembly\/#breadcrumb\",\"itemListElement\":[{\"@type\":\"ListItem\",\"position\":1,\"name\":\"\",\"item\":\"https:\/\/www.france.no\/no\/\"},{\"@type\":\"ListItem\",\"position\":2,\"name\":\"Kultur\",\"item\":\"https:\/\/www.france.no\/no\/category\/kultur\/\"},{\"@type\":\"ListItem\",\"position\":3,\"name\":\"Bergen Assembly\"}]},{\"@type\":\"WebSite\",\"@id\":\"https:\/\/www.france.no\/no\/#website\",\"url\":\"https:\/\/www.france.no\/no\/\",\"name\":\"Institut fran\u00e7ais\",\"description\":\"Norv\u00e8ge\",\"publisher\":{\"@id\":\"https:\/\/www.france.no\/no\/#organization\"},\"potentialAction\":[{\"@type\":\"SearchAction\",\"target\":{\"@type\":\"EntryPoint\",\"urlTemplate\":\"https:\/\/www.france.no\/no\/?s={search_term_string}\"},\"query-input\":{\"@type\":\"PropertyValueSpecification\",\"valueRequired\":true,\"valueName\":\"search_term_string\"}}],\"inLanguage\":\"nb-NO\"},{\"@type\":\"Organization\",\"@id\":\"https:\/\/www.france.no\/no\/#organization\",\"name\":\"Institut fran\u00e7ais\",\"url\":\"https:\/\/www.france.no\/no\/\",\"logo\":{\"@type\":\"ImageObject\",\"inLanguage\":\"nb-NO\",\"@id\":\"https:\/\/www.france.no\/no\/#\/schema\/logo\/image\/\",\"url\":\"https:\/\/www.france.no\/wp-content\/uploads\/2022\/11\/IF_Logo_Sans_Bleu_RVB.png\",\"contentUrl\":\"https:\/\/www.france.no\/wp-content\/uploads\/2022\/11\/IF_Logo_Sans_Bleu_RVB.png\",\"width\":852,\"height\":591,\"caption\":\"Institut fran\u00e7ais\"},\"image\":{\"@id\":\"https:\/\/www.france.no\/no\/#\/schema\/logo\/image\/\"},\"sameAs\":[\"https:\/\/www.facebook.com\/institutfrancaisoslo\",\"https:\/\/x.com\/ifnorvege\",\"https:\/\/instagram.com\/ifnorvege\"]},{\"@type\":\"Person\",\"@id\":\"https:\/\/www.france.no\/no\/#\/schema\/person\/4fdc0b263d8f27bb00a55f55d2fa3ab0\",\"name\":\"admin_ifno\",\"image\":{\"@type\":\"ImageObject\",\"inLanguage\":\"nb-NO\",\"@id\":\"https:\/\/www.france.no\/no\/#\/schema\/person\/image\/\",\"url\":\"https:\/\/secure.gravatar.com\/avatar\/aeecc14073c842af1a783f0b881267a3?s=96&d=mm&r=g\",\"contentUrl\":\"https:\/\/secure.gravatar.com\/avatar\/aeecc14073c842af1a783f0b881267a3?s=96&d=mm&r=g\",\"caption\":\"admin_ifno\"},\"sameAs\":[\"https:\/\/www.france.no\"],\"url\":\"https:\/\/www.france.no\/no\/author\/admin_ifno\/\"}]}<\/script>\n<!-- \/ Yoast SEO plugin. -->","yoast_head_json":{"title":"Bergen Assembly - Institut fran\u00e7ais","robots":{"index":"index","follow":"follow","max-snippet":"max-snippet:-1","max-image-preview":"max-image-preview:large","max-video-preview":"max-video-preview:-1"},"canonical":"https:\/\/www.france.no\/no\/2022\/kultur\/bergen-assembly\/","og_locale":"nb_NO","og_type":"article","og_title":"Bergen Assembly - Institut fran\u00e7ais","og_description":"Institut fran\u00e7ais de Norv\u00e8ge is pleased to support the art triennial Bergen Assembly, which will take place from September 8th to November 6th, 2022 in Bergen! Happening every three years since 2013, this exhibition is Bergen\u2019s international art festival, hosted by institutions and other spaces across the city. This year\u2019s edition, named Yasmine and the [&hellip;]","og_url":"https:\/\/www.france.no\/no\/2022\/kultur\/bergen-assembly\/","og_site_name":"Institut fran\u00e7ais","article_publisher":"https:\/\/www.facebook.com\/institutfrancaisoslo","article_published_time":"2022-09-14T22:00:00+00:00","article_modified_time":"2022-12-18T13:36:00+00:00","og_image":[{"width":2048,"height":1075,"url":"https:\/\/www.france.no\/wp-content\/uploads\/2022\/09\/275296535_4868005653268222_8420026606468973592_n-1098x617.png","type":"image\/png"}],"author":"admin_ifno","twitter_card":"summary_large_image","twitter_creator":"@ifnorvege","twitter_site":"@ifnorvege","twitter_misc":{"Skrevet av":"admin_ifno","Ansl. lesetid":"1 minutt"},"schema":{"@context":"https:\/\/schema.org","@graph":[{"@type":"Article","@id":"https:\/\/www.france.no\/no\/2022\/kultur\/bergen-assembly\/#article","isPartOf":{"@id":"https:\/\/www.france.no\/no\/2022\/kultur\/bergen-assembly\/"},"author":{"name":"admin_ifno","@id":"https:\/\/www.france.no\/no\/#\/schema\/person\/4fdc0b263d8f27bb00a55f55d2fa3ab0"},"headline":"Bergen Assembly","datePublished":"2022-09-14T22:00:00+00:00","dateModified":"2022-12-18T13:36:00+00:00","mainEntityOfPage":{"@id":"https:\/\/www.france.no\/no\/2022\/kultur\/bergen-assembly\/"},"wordCount":117,"publisher":{"@id":"https:\/\/www.france.no\/no\/#organization"},"image":{"@id":"https:\/\/www.france.no\/no\/2022\/kultur\/bergen-assembly\/#primaryimage"},"thumbnailUrl":"https:\/\/www.france.no\/wp-content\/uploads\/2022\/09\/275296535_4868005653268222_8420026606468973592_n-1098x617.png","articleSection":["Kultur"],"inLanguage":"nb-NO"},{"@type":"WebPage","@id":"https:\/\/www.france.no\/no\/2022\/kultur\/bergen-assembly\/","url":"https:\/\/www.france.no\/no\/2022\/kultur\/bergen-assembly\/","name":"Bergen Assembly - Institut fran\u00e7ais","isPartOf":{"@id":"https:\/\/www.france.no\/no\/#website"},"primaryImageOfPage":{"@id":"https:\/\/www.france.no\/no\/2022\/kultur\/bergen-assembly\/#primaryimage"},"image":{"@id":"https:\/\/www.france.no\/no\/2022\/kultur\/bergen-assembly\/#primaryimage"},"thumbnailUrl":"https:\/\/www.france.no\/wp-content\/uploads\/2022\/09\/275296535_4868005653268222_8420026606468973592_n-1098x617.png","datePublished":"2022-09-14T22:00:00+00:00","dateModified":"2022-12-18T13:36:00+00:00","breadcrumb":{"@id":"https:\/\/www.france.no\/no\/2022\/kultur\/bergen-assembly\/#breadcrumb"},"inLanguage":"nb-NO","potentialAction":[{"@type":"ReadAction","target":["https:\/\/www.france.no\/no\/2022\/kultur\/bergen-assembly\/"]}]},{"@type":"ImageObject","inLanguage":"nb-NO","@id":"https:\/\/www.france.no\/no\/2022\/kultur\/bergen-assembly\/#primaryimage","url":"https:\/\/www.france.no\/wp-content\/uploads\/2022\/09\/275296535_4868005653268222_8420026606468973592_n-1098x617.png","contentUrl":"https:\/\/www.france.no\/wp-content\/uploads\/2022\/09\/275296535_4868005653268222_8420026606468973592_n-1098x617.png","width":2048,"height":1075},{"@type":"BreadcrumbList","@id":"https:\/\/www.france.no\/no\/2022\/kultur\/bergen-assembly\/#breadcrumb","itemListElement":[{"@type":"ListItem","position":1,"name":"","item":"https:\/\/www.france.no\/no\/"},{"@type":"ListItem","position":2,"name":"Kultur","item":"https:\/\/www.france.no\/no\/category\/kultur\/"},{"@type":"ListItem","position":3,"name":"Bergen Assembly"}]},{"@type":"WebSite","@id":"https:\/\/www.france.no\/no\/#website","url":"https:\/\/www.france.no\/no\/","name":"Institut fran\u00e7ais","description":"Norv\u00e8ge","publisher":{"@id":"https:\/\/www.france.no\/no\/#organization"},"potentialAction":[{"@type":"SearchAction","target":{"@type":"EntryPoint","urlTemplate":"https:\/\/www.france.no\/no\/?s={search_term_string}"},"query-input":{"@type":"PropertyValueSpecification","valueRequired":true,"valueName":"search_term_string"}}],"inLanguage":"nb-NO"},{"@type":"Organization","@id":"https:\/\/www.france.no\/no\/#organization","name":"Institut fran\u00e7ais","url":"https:\/\/www.france.no\/no\/","logo":{"@type":"ImageObject","inLanguage":"nb-NO","@id":"https:\/\/www.france.no\/no\/#\/schema\/logo\/image\/","url":"https:\/\/www.france.no\/wp-content\/uploads\/2022\/11\/IF_Logo_Sans_Bleu_RVB.png","contentUrl":"https:\/\/www.france.no\/wp-content\/uploads\/2022\/11\/IF_Logo_Sans_Bleu_RVB.png","width":852,"height":591,"caption":"Institut fran\u00e7ais"},"image":{"@id":"https:\/\/www.france.no\/no\/#\/schema\/logo\/image\/"},"sameAs":["https:\/\/www.facebook.com\/institutfrancaisoslo","https:\/\/x.com\/ifnorvege","https:\/\/instagram.com\/ifnorvege"]},{"@type":"Person","@id":"https:\/\/www.france.no\/no\/#\/schema\/person\/4fdc0b263d8f27bb00a55f55d2fa3ab0","name":"admin_ifno","image":{"@type":"ImageObject","inLanguage":"nb-NO","@id":"https:\/\/www.france.no\/no\/#\/schema\/person\/image\/","url":"https:\/\/secure.gravatar.com\/avatar\/aeecc14073c842af1a783f0b881267a3?s=96&d=mm&r=g","contentUrl":"https:\/\/secure.gravatar.com\/avatar\/aeecc14073c842af1a783f0b881267a3?s=96&d=mm&r=g","caption":"admin_ifno"},"sameAs":["https:\/\/www.france.no"],"url":"https:\/\/www.france.no\/no\/author\/admin_ifno\/"}]}},"_links":{"self":[{"href":"https:\/\/www.france.no\/no\/wp-json\/wp\/v2\/posts\/653","targetHints":{"allow":["GET"]}}],"collection":[{"href":"https:\/\/www.france.no\/no\/wp-json\/wp\/v2\/posts"}],"about":[{"href":"https:\/\/www.france.no\/no\/wp-json\/wp\/v2\/types\/post"}],"author":[{"embeddable":true,"href":"https:\/\/www.france.no\/no\/wp-json\/wp\/v2\/users\/1"}],"replies":[{"embeddable":true,"href":"https:\/\/www.france.no\/no\/wp-json\/wp\/v2\/comments?post=653"}],"version-history":[{"count":1,"href":"https:\/\/www.france.no\/no\/wp-json\/wp\/v2\/posts\/653\/revisions"}],"predecessor-version":[{"id":719,"href":"https:\/\/www.france.no\/no\/wp-json\/wp\/v2\/posts\/653\/revisions\/719"}],"wp:featuredmedia":[{"embeddable":true,"href":"https:\/\/www.france.no\/no\/wp-json\/wp\/v2\/media\/654"}],"wp:attachment":[{"href":"https:\/\/www.france.no\/no\/wp-json\/wp\/v2\/media?parent=653"}],"wp:term":[{"taxonomy":"category","embeddable":true,"href":"https:\/\/www.france.no\/no\/wp-json\/wp\/v2\/categories?post=653"},{"taxonomy":"post_tag","embeddable":true,"href":"https:\/\/www.france.no\/no\/wp-json\/wp\/v2\/tags?post=653"}],"curies":[{"name":"wp","href":"https:\/\/api.w.org\/{rel}","templated":true}]}}