{"id":666,"date":"2022-09-22T00:00:00","date_gmt":"2022-09-21T22:00:00","guid":{"rendered":"https:\/\/www.france.no\/2022\/kultur\/its-apero-time-at-institut-francais\/"},"modified":"2022-09-22T00:00:00","modified_gmt":"2022-09-21T22:00:00","slug":"its-apero-time-at-institut-francais","status":"publish","type":"post","link":"https:\/\/www.france.no\/no\/2022\/universitetene\/its-apero-time-at-institut-francais\/","title":{"rendered":"It&#8217;s Ap\u00e9ro time at Institut fran\u00e7ais!"},"content":{"rendered":"<p style=\"text-align: justify;\"><span style=\"color: #000000;\">In France, the end of summer is the busiest time in the wine-making regions. To celebrate together the end of the grape harvest and the arrival of new wines on the markets, we would like to invite you to join us on September 29th to\u00a0<strong>experience a French tradition: \u201cle verre de l\u2019amiti\u00e9\u201d<\/strong>!<\/span><\/p>\n<p style=\"text-align: justify;\"><span style=\"color: #000000;\"><span style=\"text-decoration: underline;\">Provisional schedule<\/span>:<\/span><\/p>\n<ul>\n<li style=\"text-align: justify;\"><span style=\"color: #000000;\">18:00 \u2013 Welcoming words<\/span><\/li>\n<li style=\"text-align: justify;\"><span style=\"color: #000000;\">18:15 \u2013 Wine tasting, amuse-bouche &amp; informal exchange<\/span><\/li>\n<\/ul>\n<p style=\"text-align: justify;\"><span style=\"color: #000000;\"><em>For those of you who are eager to learn more about this year&#8217;s wine production, we will provide free access to the 2022 <strong>special wine editions<\/strong> of the main French newspapers during the whole event.<\/em><\/span><\/p>\n<p style=\"text-align: justify;\"><span style=\"color: #000000;\"><span style=\"text-decoration: underline;\">Practical information<\/span>:<\/span><\/p>\n<ul>\n<li style=\"text-align: justify;\"><span style=\"color: #000000;\">Date and time: Thursday 29th, September 2022 at 6pm<\/span><\/li>\n<li style=\"text-align: justify;\"><span style=\"color: #000000;\">Location: French Institute of Norway l Holtegaten 29, 0355 Oslo<\/span><\/li>\n<\/ul>\n<p style=\"text-align: center;\"><strong>RSVP until 27th September 2022 at <span style=\"color: #0000ff;\"><a style=\"color: #0000ff;\" href=\"mailto:hgoeury@france.no\">hgoeury@france.no<\/a><\/span><\/strong><\/p>\n<p style=\"text-align: center;\"><strong><span style=\"color: #000000;\">We look forward to seeing many of you on September 29th!<\/span><\/strong><\/p>\n<p><span style=\"color: #000000;\">For any other inquiry, please also contact <span style=\"color: #0000ff;\"><a style=\"color: #0000ff;\" href=\"mailto:hgoeury@france.no\">hgoeury@france.no<\/a><\/span>.<\/span><\/p>\n","protected":false},"excerpt":{"rendered":"<p>In France, the end of summer is the busiest time in the wine-making regions. To celebrate together the end of the grape harvest and the arrival of new wines on the markets, we would like to invite you to join us on September 29th to\u00a0experience a French tradition: \u201cle verre de l\u2019amiti\u00e9\u201d! Provisional schedule: 18:00 [&hellip;]<\/p>\n","protected":false},"author":1,"featured_media":664,"comment_status":"closed","ping_status":"closed","sticky":false,"template":"","format":"standard","meta":{"footnotes":""},"categories":[15],"tags":[],"class_list":["post-666","post","type-post","status-publish","format-standard","has-post-thumbnail","hentry","category-universitetene"],"yoast_head":"<!-- This site is optimized with the Yoast SEO plugin v24.2 - https:\/\/yoast.com\/wordpress\/plugins\/seo\/ -->\n<title>It&#039;s Ap\u00e9ro time at Institut fran\u00e7ais! - Institut fran\u00e7ais<\/title>\n<meta name=\"robots\" content=\"index, follow, max-snippet:-1, max-image-preview:large, max-video-preview:-1\" \/>\n<link rel=\"canonical\" href=\"https:\/\/www.france.no\/no\/2022\/universitetene\/its-apero-time-at-institut-francais\/\" \/>\n<meta property=\"og:locale\" content=\"nb_NO\" \/>\n<meta property=\"og:type\" content=\"article\" \/>\n<meta property=\"og:title\" content=\"It&#039;s Ap\u00e9ro time at Institut fran\u00e7ais! - Institut fran\u00e7ais\" \/>\n<meta property=\"og:description\" content=\"In France, the end of summer is the busiest time in the wine-making regions. To celebrate together the end of the grape harvest and the arrival of new wines on the markets, we would like to invite you to join us on September 29th to\u00a0experience a French tradition: \u201cle verre de l\u2019amiti\u00e9\u201d! Provisional schedule: 18:00 [&hellip;]\" \/>\n<meta property=\"og:url\" content=\"https:\/\/www.france.no\/no\/2022\/universitetene\/its-apero-time-at-institut-francais\/\" \/>\n<meta property=\"og:site_name\" content=\"Institut fran\u00e7ais\" \/>\n<meta property=\"article:publisher\" content=\"https:\/\/www.facebook.com\/institutfrancaisoslo\" \/>\n<meta property=\"article:published_time\" content=\"2022-09-21T22:00:00+00:00\" \/>\n<meta property=\"og:image\" content=\"https:\/\/www.france.no\/wp-content\/uploads\/2022\/09\/verre-de-lamitie-29.09-1024x469.png\" \/>\n\t<meta property=\"og:image:width\" content=\"1024\" \/>\n\t<meta property=\"og:image:height\" content=\"469\" \/>\n\t<meta property=\"og:image:type\" content=\"image\/png\" \/>\n<meta name=\"author\" content=\"admin_ifno\" \/>\n<meta name=\"twitter:card\" content=\"summary_large_image\" \/>\n<meta name=\"twitter:creator\" content=\"@ifnorvege\" \/>\n<meta name=\"twitter:site\" content=\"@ifnorvege\" \/>\n<meta name=\"twitter:label1\" content=\"Skrevet av\" \/>\n\t<meta name=\"twitter:data1\" content=\"admin_ifno\" \/>\n\t<meta name=\"twitter:label2\" content=\"Ansl. lesetid\" \/>\n\t<meta name=\"twitter:data2\" content=\"1 minutt\" \/>\n<script type=\"application\/ld+json\" class=\"yoast-schema-graph\">{\"@context\":\"https:\/\/schema.org\",\"@graph\":[{\"@type\":\"Article\",\"@id\":\"https:\/\/www.france.no\/no\/2022\/universitetene\/its-apero-time-at-institut-francais\/#article\",\"isPartOf\":{\"@id\":\"https:\/\/www.france.no\/no\/2022\/universitetene\/its-apero-time-at-institut-francais\/\"},\"author\":{\"name\":\"admin_ifno\",\"@id\":\"https:\/\/www.france.no\/no\/#\/schema\/person\/4fdc0b263d8f27bb00a55f55d2fa3ab0\"},\"headline\":\"It&#8217;s Ap\u00e9ro time at Institut fran\u00e7ais!\",\"datePublished\":\"2022-09-21T22:00:00+00:00\",\"dateModified\":\"2022-09-21T22:00:00+00:00\",\"mainEntityOfPage\":{\"@id\":\"https:\/\/www.france.no\/no\/2022\/universitetene\/its-apero-time-at-institut-francais\/\"},\"wordCount\":155,\"publisher\":{\"@id\":\"https:\/\/www.france.no\/no\/#organization\"},\"image\":{\"@id\":\"https:\/\/www.france.no\/no\/2022\/universitetene\/its-apero-time-at-institut-francais\/#primaryimage\"},\"thumbnailUrl\":\"https:\/\/www.france.no\/wp-content\/uploads\/2022\/09\/verre-de-lamitie-29.09-1098x617.png\",\"articleSection\":[\"Universiteter\"],\"inLanguage\":\"nb-NO\"},{\"@type\":\"WebPage\",\"@id\":\"https:\/\/www.france.no\/no\/2022\/universitetene\/its-apero-time-at-institut-francais\/\",\"url\":\"https:\/\/www.france.no\/no\/2022\/universitetene\/its-apero-time-at-institut-francais\/\",\"name\":\"It's Ap\u00e9ro time at Institut fran\u00e7ais! - Institut fran\u00e7ais\",\"isPartOf\":{\"@id\":\"https:\/\/www.france.no\/no\/#website\"},\"primaryImageOfPage\":{\"@id\":\"https:\/\/www.france.no\/no\/2022\/universitetene\/its-apero-time-at-institut-francais\/#primaryimage\"},\"image\":{\"@id\":\"https:\/\/www.france.no\/no\/2022\/universitetene\/its-apero-time-at-institut-francais\/#primaryimage\"},\"thumbnailUrl\":\"https:\/\/www.france.no\/wp-content\/uploads\/2022\/09\/verre-de-lamitie-29.09-1098x617.png\",\"datePublished\":\"2022-09-21T22:00:00+00:00\",\"dateModified\":\"2022-09-21T22:00:00+00:00\",\"breadcrumb\":{\"@id\":\"https:\/\/www.france.no\/no\/2022\/universitetene\/its-apero-time-at-institut-francais\/#breadcrumb\"},\"inLanguage\":\"nb-NO\",\"potentialAction\":[{\"@type\":\"ReadAction\",\"target\":[\"https:\/\/www.france.no\/no\/2022\/universitetene\/its-apero-time-at-institut-francais\/\"]}]},{\"@type\":\"ImageObject\",\"inLanguage\":\"nb-NO\",\"@id\":\"https:\/\/www.france.no\/no\/2022\/universitetene\/its-apero-time-at-institut-francais\/#primaryimage\",\"url\":\"https:\/\/www.france.no\/wp-content\/uploads\/2022\/09\/verre-de-lamitie-29.09-1098x617.png\",\"contentUrl\":\"https:\/\/www.france.no\/wp-content\/uploads\/2022\/09\/verre-de-lamitie-29.09-1098x617.png\",\"width\":2278,\"height\":1044},{\"@type\":\"BreadcrumbList\",\"@id\":\"https:\/\/www.france.no\/no\/2022\/universitetene\/its-apero-time-at-institut-francais\/#breadcrumb\",\"itemListElement\":[{\"@type\":\"ListItem\",\"position\":1,\"name\":\"\",\"item\":\"https:\/\/www.france.no\/no\/\"},{\"@type\":\"ListItem\",\"position\":2,\"name\":\"Universiteter\",\"item\":\"https:\/\/www.france.no\/no\/category\/universitetene\/\"},{\"@type\":\"ListItem\",\"position\":3,\"name\":\"It&rsquo;s Ap\u00e9ro time at Institut fran\u00e7ais!\"}]},{\"@type\":\"WebSite\",\"@id\":\"https:\/\/www.france.no\/no\/#website\",\"url\":\"https:\/\/www.france.no\/no\/\",\"name\":\"Institut fran\u00e7ais\",\"description\":\"Norv\u00e8ge\",\"publisher\":{\"@id\":\"https:\/\/www.france.no\/no\/#organization\"},\"potentialAction\":[{\"@type\":\"SearchAction\",\"target\":{\"@type\":\"EntryPoint\",\"urlTemplate\":\"https:\/\/www.france.no\/no\/?s={search_term_string}\"},\"query-input\":{\"@type\":\"PropertyValueSpecification\",\"valueRequired\":true,\"valueName\":\"search_term_string\"}}],\"inLanguage\":\"nb-NO\"},{\"@type\":\"Organization\",\"@id\":\"https:\/\/www.france.no\/no\/#organization\",\"name\":\"Institut fran\u00e7ais\",\"url\":\"https:\/\/www.france.no\/no\/\",\"logo\":{\"@type\":\"ImageObject\",\"inLanguage\":\"nb-NO\",\"@id\":\"https:\/\/www.france.no\/no\/#\/schema\/logo\/image\/\",\"url\":\"https:\/\/www.france.no\/wp-content\/uploads\/2022\/11\/IF_Logo_Sans_Bleu_RVB.png\",\"contentUrl\":\"https:\/\/www.france.no\/wp-content\/uploads\/2022\/11\/IF_Logo_Sans_Bleu_RVB.png\",\"width\":852,\"height\":591,\"caption\":\"Institut fran\u00e7ais\"},\"image\":{\"@id\":\"https:\/\/www.france.no\/no\/#\/schema\/logo\/image\/\"},\"sameAs\":[\"https:\/\/www.facebook.com\/institutfrancaisoslo\",\"https:\/\/x.com\/ifnorvege\",\"https:\/\/instagram.com\/ifnorvege\"]},{\"@type\":\"Person\",\"@id\":\"https:\/\/www.france.no\/no\/#\/schema\/person\/4fdc0b263d8f27bb00a55f55d2fa3ab0\",\"name\":\"admin_ifno\",\"image\":{\"@type\":\"ImageObject\",\"inLanguage\":\"nb-NO\",\"@id\":\"https:\/\/www.france.no\/no\/#\/schema\/person\/image\/\",\"url\":\"https:\/\/secure.gravatar.com\/avatar\/20f70e61054e6ae673edda3c0dc13670e46e51786443041c70a7eb2da859ae2a?s=96&d=mm&r=g\",\"contentUrl\":\"https:\/\/secure.gravatar.com\/avatar\/20f70e61054e6ae673edda3c0dc13670e46e51786443041c70a7eb2da859ae2a?s=96&d=mm&r=g\",\"caption\":\"admin_ifno\"},\"sameAs\":[\"https:\/\/www.france.no\"],\"url\":\"https:\/\/www.france.no\/no\/author\/admin_ifno\/\"}]}<\/script>\n<!-- \/ Yoast SEO plugin. -->","yoast_head_json":{"title":"It's Ap\u00e9ro time at Institut fran\u00e7ais! - Institut fran\u00e7ais","robots":{"index":"index","follow":"follow","max-snippet":"max-snippet:-1","max-image-preview":"max-image-preview:large","max-video-preview":"max-video-preview:-1"},"canonical":"https:\/\/www.france.no\/no\/2022\/universitetene\/its-apero-time-at-institut-francais\/","og_locale":"nb_NO","og_type":"article","og_title":"It's Ap\u00e9ro time at Institut fran\u00e7ais! - Institut fran\u00e7ais","og_description":"In France, the end of summer is the busiest time in the wine-making regions. To celebrate together the end of the grape harvest and the arrival of new wines on the markets, we would like to invite you to join us on September 29th to\u00a0experience a French tradition: \u201cle verre de l\u2019amiti\u00e9\u201d! Provisional schedule: 18:00 [&hellip;]","og_url":"https:\/\/www.france.no\/no\/2022\/universitetene\/its-apero-time-at-institut-francais\/","og_site_name":"Institut fran\u00e7ais","article_publisher":"https:\/\/www.facebook.com\/institutfrancaisoslo","article_published_time":"2022-09-21T22:00:00+00:00","og_image":[{"width":1024,"height":469,"url":"https:\/\/www.france.no\/wp-content\/uploads\/2022\/09\/verre-de-lamitie-29.09-1024x469.png","type":"image\/png"}],"author":"admin_ifno","twitter_card":"summary_large_image","twitter_creator":"@ifnorvege","twitter_site":"@ifnorvege","twitter_misc":{"Skrevet av":"admin_ifno","Ansl. lesetid":"1 minutt"},"schema":{"@context":"https:\/\/schema.org","@graph":[{"@type":"Article","@id":"https:\/\/www.france.no\/no\/2022\/universitetene\/its-apero-time-at-institut-francais\/#article","isPartOf":{"@id":"https:\/\/www.france.no\/no\/2022\/universitetene\/its-apero-time-at-institut-francais\/"},"author":{"name":"admin_ifno","@id":"https:\/\/www.france.no\/no\/#\/schema\/person\/4fdc0b263d8f27bb00a55f55d2fa3ab0"},"headline":"It&#8217;s Ap\u00e9ro time at Institut fran\u00e7ais!","datePublished":"2022-09-21T22:00:00+00:00","dateModified":"2022-09-21T22:00:00+00:00","mainEntityOfPage":{"@id":"https:\/\/www.france.no\/no\/2022\/universitetene\/its-apero-time-at-institut-francais\/"},"wordCount":155,"publisher":{"@id":"https:\/\/www.france.no\/no\/#organization"},"image":{"@id":"https:\/\/www.france.no\/no\/2022\/universitetene\/its-apero-time-at-institut-francais\/#primaryimage"},"thumbnailUrl":"https:\/\/www.france.no\/wp-content\/uploads\/2022\/09\/verre-de-lamitie-29.09-1098x617.png","articleSection":["Universiteter"],"inLanguage":"nb-NO"},{"@type":"WebPage","@id":"https:\/\/www.france.no\/no\/2022\/universitetene\/its-apero-time-at-institut-francais\/","url":"https:\/\/www.france.no\/no\/2022\/universitetene\/its-apero-time-at-institut-francais\/","name":"It's Ap\u00e9ro time at Institut fran\u00e7ais! - Institut fran\u00e7ais","isPartOf":{"@id":"https:\/\/www.france.no\/no\/#website"},"primaryImageOfPage":{"@id":"https:\/\/www.france.no\/no\/2022\/universitetene\/its-apero-time-at-institut-francais\/#primaryimage"},"image":{"@id":"https:\/\/www.france.no\/no\/2022\/universitetene\/its-apero-time-at-institut-francais\/#primaryimage"},"thumbnailUrl":"https:\/\/www.france.no\/wp-content\/uploads\/2022\/09\/verre-de-lamitie-29.09-1098x617.png","datePublished":"2022-09-21T22:00:00+00:00","dateModified":"2022-09-21T22:00:00+00:00","breadcrumb":{"@id":"https:\/\/www.france.no\/no\/2022\/universitetene\/its-apero-time-at-institut-francais\/#breadcrumb"},"inLanguage":"nb-NO","potentialAction":[{"@type":"ReadAction","target":["https:\/\/www.france.no\/no\/2022\/universitetene\/its-apero-time-at-institut-francais\/"]}]},{"@type":"ImageObject","inLanguage":"nb-NO","@id":"https:\/\/www.france.no\/no\/2022\/universitetene\/its-apero-time-at-institut-francais\/#primaryimage","url":"https:\/\/www.france.no\/wp-content\/uploads\/2022\/09\/verre-de-lamitie-29.09-1098x617.png","contentUrl":"https:\/\/www.france.no\/wp-content\/uploads\/2022\/09\/verre-de-lamitie-29.09-1098x617.png","width":2278,"height":1044},{"@type":"BreadcrumbList","@id":"https:\/\/www.france.no\/no\/2022\/universitetene\/its-apero-time-at-institut-francais\/#breadcrumb","itemListElement":[{"@type":"ListItem","position":1,"name":"","item":"https:\/\/www.france.no\/no\/"},{"@type":"ListItem","position":2,"name":"Universiteter","item":"https:\/\/www.france.no\/no\/category\/universitetene\/"},{"@type":"ListItem","position":3,"name":"It&rsquo;s Ap\u00e9ro time at Institut fran\u00e7ais!"}]},{"@type":"WebSite","@id":"https:\/\/www.france.no\/no\/#website","url":"https:\/\/www.france.no\/no\/","name":"Institut fran\u00e7ais","description":"Norv\u00e8ge","publisher":{"@id":"https:\/\/www.france.no\/no\/#organization"},"potentialAction":[{"@type":"SearchAction","target":{"@type":"EntryPoint","urlTemplate":"https:\/\/www.france.no\/no\/?s={search_term_string}"},"query-input":{"@type":"PropertyValueSpecification","valueRequired":true,"valueName":"search_term_string"}}],"inLanguage":"nb-NO"},{"@type":"Organization","@id":"https:\/\/www.france.no\/no\/#organization","name":"Institut fran\u00e7ais","url":"https:\/\/www.france.no\/no\/","logo":{"@type":"ImageObject","inLanguage":"nb-NO","@id":"https:\/\/www.france.no\/no\/#\/schema\/logo\/image\/","url":"https:\/\/www.france.no\/wp-content\/uploads\/2022\/11\/IF_Logo_Sans_Bleu_RVB.png","contentUrl":"https:\/\/www.france.no\/wp-content\/uploads\/2022\/11\/IF_Logo_Sans_Bleu_RVB.png","width":852,"height":591,"caption":"Institut fran\u00e7ais"},"image":{"@id":"https:\/\/www.france.no\/no\/#\/schema\/logo\/image\/"},"sameAs":["https:\/\/www.facebook.com\/institutfrancaisoslo","https:\/\/x.com\/ifnorvege","https:\/\/instagram.com\/ifnorvege"]},{"@type":"Person","@id":"https:\/\/www.france.no\/no\/#\/schema\/person\/4fdc0b263d8f27bb00a55f55d2fa3ab0","name":"admin_ifno","image":{"@type":"ImageObject","inLanguage":"nb-NO","@id":"https:\/\/www.france.no\/no\/#\/schema\/person\/image\/","url":"https:\/\/secure.gravatar.com\/avatar\/20f70e61054e6ae673edda3c0dc13670e46e51786443041c70a7eb2da859ae2a?s=96&d=mm&r=g","contentUrl":"https:\/\/secure.gravatar.com\/avatar\/20f70e61054e6ae673edda3c0dc13670e46e51786443041c70a7eb2da859ae2a?s=96&d=mm&r=g","caption":"admin_ifno"},"sameAs":["https:\/\/www.france.no"],"url":"https:\/\/www.france.no\/no\/author\/admin_ifno\/"}]}},"_links":{"self":[{"href":"https:\/\/www.france.no\/no\/wp-json\/wp\/v2\/posts\/666","targetHints":{"allow":["GET"]}}],"collection":[{"href":"https:\/\/www.france.no\/no\/wp-json\/wp\/v2\/posts"}],"about":[{"href":"https:\/\/www.france.no\/no\/wp-json\/wp\/v2\/types\/post"}],"author":[{"embeddable":true,"href":"https:\/\/www.france.no\/no\/wp-json\/wp\/v2\/users\/1"}],"replies":[{"embeddable":true,"href":"https:\/\/www.france.no\/no\/wp-json\/wp\/v2\/comments?post=666"}],"version-history":[{"count":0,"href":"https:\/\/www.france.no\/no\/wp-json\/wp\/v2\/posts\/666\/revisions"}],"wp:featuredmedia":[{"embeddable":true,"href":"https:\/\/www.france.no\/no\/wp-json\/wp\/v2\/media\/664"}],"wp:attachment":[{"href":"https:\/\/www.france.no\/no\/wp-json\/wp\/v2\/media?parent=666"}],"wp:term":[{"taxonomy":"category","embeddable":true,"href":"https:\/\/www.france.no\/no\/wp-json\/wp\/v2\/categories?post=666"},{"taxonomy":"post_tag","embeddable":true,"href":"https:\/\/www.france.no\/no\/wp-json\/wp\/v2\/tags?post=666"}],"curies":[{"name":"wp","href":"https:\/\/api.w.org\/{rel}","templated":true}]}}