{"id":674,"date":"2022-09-27T00:00:00","date_gmt":"2022-09-26T22:00:00","guid":{"rendered":"https:\/\/www.france.no\/2022\/kultur\/kurs-for-fransklaerere-i-kristiansand-5-november\/"},"modified":"2022-12-18T14:35:41","modified_gmt":"2022-12-18T13:35:41","slug":"kurs-for-fransklaerere-i-kristiansand-5-november","status":"publish","type":"post","link":"https:\/\/www.france.no\/no\/2022\/utdanning-og-fransk-sprak\/kurs-for-fransklaerere-i-kristiansand-5-november\/","title":{"rendered":"Kurs for franskl\u00e6rere i Kristiansand 5. november"},"content":{"rendered":"<p><strong>Institut fran\u00e7ais de Norv\u00e8ge har gleden av \u00e5 invitere alle franskl\u00e6rere i Kristiansand og omegn til et heldagsseminar l\u00f8rdag 5. november. Vi gjenopptar fjor\u00e5rets suksess og vil holde kurs i syv store norske byer fra oktober til mars : Trondheim, Kristiansand, Bergen, Stavanger, Bod\u00f8, Troms\u00f8 og Oslo. Fremtidige franskl\u00e6rere er ogs\u00e5 velkomne.\u00a0<\/strong><\/p>\n<ul>\n<li><strong>N\u00e5r ?<\/strong> L\u00f8rdag 5. november, kl. 9.30 til 16.30<\/li>\n<li><strong>Hvor ?<\/strong> UiA, Kristiansand.<\/li>\n<li><strong>kurset er gratis<\/strong><\/li>\n<li><strong>lunsj er inkludert<\/strong><\/li>\n<li><strong>obligatorisk p\u00e5melding (se under)<\/strong><\/li>\n<\/ul>\n<hr \/>\n<p><strong>PROGRAM<\/strong><\/p>\n<p><strong>9h30-12h30\u00a0:<\/strong><\/p>\n<p><strong>Maxime ROUCHET<\/strong>, Master2 en FLE-FLS-FOS \u00e0 l\u2019Universit\u00e9 d\u2019Artois et Master2 en arts visuels, assistant de FLE \u00e0 St. Svithun vgs \u00e0 Stavanger.<\/p>\n<p><strong>\u00ab\u00a0Interculturalit\u00e9 et apprentissage du fran\u00e7ais\u00a0\u00bb<\/strong><\/p>\n<p><em>Cet atelier a pour objectif d\u2019aider les enseignants de fran\u00e7ais \u00e0 pouvoir organiser des activit\u00e9s \u00ab hors les murs \u00bb dans des institutions culturelles en Norv\u00e8ge (mus\u00e9es, centres culturels, biblioth\u00e8ques, etc). Il s\u2019agit de donner des clefs pour lier l\u2019apprentissage de la langue fran\u00e7aise \u00e0 la d\u00e9couverte des cultures fran\u00e7aises et francophones au sein des cours : les liens entre interculturalit\u00e9s et repr\u00e9sentation, l\u2019expression de son point de vue et la cr\u00e9ation de sa propre r\u00e9flexion en fran\u00e7ais seront abord\u00e9s.<\/em><\/p>\n<p><em>\u00a0<\/em><\/p>\n<p><strong>12h30-13h30\u00a0: D\u00e9jeuner offert aux participants<\/strong><\/p>\n<p><strong>\u00a0<\/strong><\/p>\n<p><strong>13h30-15h30\u00a0:<\/strong><\/p>\n<p><strong>Pierre LEDERLIN<\/strong>, Association Norv\u00e9gienne des Enseignants de Fran\u00e7ais (Franskl\u00e6rerforeningen i Norge).<\/p>\n<p><strong>\u00ab La communication orale en fran\u00e7ais \u00bb<\/strong><\/p>\n<p><em>Pourquoi et comment pratiquer la communication orale au niveau 1 (coll\u00e8ge) et aux niveaux 2 et 3 (lyc\u00e9e). Moyens possibles et limites.<\/em><\/p>\n<p><em>\u00a0<\/em><\/p>\n<p><strong>15h30-16h30\u00a0:<\/strong><\/p>\n<p><strong>Catherine P\u00c9TILLON<\/strong>, Attach\u00e9e de Coop\u00e9ration pour le fran\u00e7ais, et\u00a0<strong>Victoria BORGEN<\/strong>, Charg\u00e9e de mission pour le fran\u00e7ais, Institut fran\u00e7ais de Norv\u00e8ge.<\/p>\n<p><strong>\u00ab Actualit\u00e9 fran\u00e7aise et programmes de l\u2019Institut fran\u00e7ais de Norv\u00e8ge \u00bb<\/strong><\/p>\n<p>Programmet kan lastes ned <a href=\"https:\/\/www.france.no\/wp-content\/uploads\/2022\/09\/programme-seminaire-kristiansand-1.pdf\">her.<\/a><\/p>\n<p>I samarbeid med <strong>Franskl\u00e6rerforeningen i Norge<\/strong> (Association Norv\u00e9gienne des Enseignants de Fran\u00e7ais) og <b>Universitetet i Agder.<\/b><\/p>\n<p><strong>P\u00c5MELDING<\/strong><\/p>\n\n","protected":false},"excerpt":{"rendered":"<p>Institut fran\u00e7ais de Norv\u00e8ge har gleden av \u00e5 invitere alle franskl\u00e6rere i Kristiansand og omegn til et heldagsseminar l\u00f8rdag 5. november. Vi gjenopptar fjor\u00e5rets suksess og vil holde kurs i syv store norske byer fra oktober til mars : Trondheim, Kristiansand, Bergen, Stavanger, Bod\u00f8, Troms\u00f8 og Oslo. Fremtidige franskl\u00e6rere er ogs\u00e5 velkomne.\u00a0 N\u00e5r ? L\u00f8rdag [&hellip;]<\/p>\n","protected":false},"author":1,"featured_media":675,"comment_status":"closed","ping_status":"closed","sticky":false,"template":"","format":"standard","meta":{"footnotes":""},"categories":[13],"tags":[],"class_list":["post-674","post","type-post","status-publish","format-standard","has-post-thumbnail","hentry","category-utdanning-og-fransk-sprak"],"yoast_head":"<!-- This site is optimized with the Yoast SEO plugin v24.2 - https:\/\/yoast.com\/wordpress\/plugins\/seo\/ -->\n<title>Kurs for franskl\u00e6rere i Kristiansand 5. november - Institut fran\u00e7ais<\/title>\n<meta name=\"robots\" content=\"index, follow, max-snippet:-1, max-image-preview:large, max-video-preview:-1\" \/>\n<link rel=\"canonical\" href=\"https:\/\/www.france.no\/no\/2022\/utdanning-og-fransk-sprak\/kurs-for-fransklaerere-i-kristiansand-5-november\/\" \/>\n<meta property=\"og:locale\" content=\"nb_NO\" \/>\n<meta property=\"og:type\" content=\"article\" \/>\n<meta property=\"og:title\" content=\"Kurs for franskl\u00e6rere i Kristiansand 5. november - Institut fran\u00e7ais\" \/>\n<meta property=\"og:description\" content=\"Institut fran\u00e7ais de Norv\u00e8ge har gleden av \u00e5 invitere alle franskl\u00e6rere i Kristiansand og omegn til et heldagsseminar l\u00f8rdag 5. november. Vi gjenopptar fjor\u00e5rets suksess og vil holde kurs i syv store norske byer fra oktober til mars : Trondheim, Kristiansand, Bergen, Stavanger, Bod\u00f8, Troms\u00f8 og Oslo. Fremtidige franskl\u00e6rere er ogs\u00e5 velkomne.\u00a0 N\u00e5r ? L\u00f8rdag [&hellip;]\" \/>\n<meta property=\"og:url\" content=\"https:\/\/www.france.no\/no\/2022\/utdanning-og-fransk-sprak\/kurs-for-fransklaerere-i-kristiansand-5-november\/\" \/>\n<meta property=\"og:site_name\" content=\"Institut fran\u00e7ais\" \/>\n<meta property=\"article:publisher\" content=\"https:\/\/www.facebook.com\/institutfrancaisoslo\" \/>\n<meta property=\"article:published_time\" content=\"2022-09-26T22:00:00+00:00\" \/>\n<meta property=\"article:modified_time\" content=\"2022-12-18T13:35:41+00:00\" \/>\n<meta property=\"og:image\" content=\"https:\/\/www.france.no\/wp-content\/uploads\/2022\/09\/kristiansand3-scaled-2-1098x617.jpg\" \/>\n\t<meta property=\"og:image:width\" content=\"2560\" \/>\n\t<meta property=\"og:image:height\" content=\"1320\" \/>\n\t<meta property=\"og:image:type\" content=\"image\/jpeg\" \/>\n<meta name=\"author\" content=\"admin_ifno\" \/>\n<meta name=\"twitter:card\" content=\"summary_large_image\" \/>\n<meta name=\"twitter:creator\" content=\"@ifnorvege\" \/>\n<meta name=\"twitter:site\" content=\"@ifnorvege\" \/>\n<meta name=\"twitter:label1\" content=\"Skrevet av\" \/>\n\t<meta name=\"twitter:data1\" content=\"admin_ifno\" \/>\n\t<meta name=\"twitter:label2\" content=\"Ansl. lesetid\" \/>\n\t<meta name=\"twitter:data2\" content=\"2 minutter\" \/>\n<script type=\"application\/ld+json\" class=\"yoast-schema-graph\">{\"@context\":\"https:\/\/schema.org\",\"@graph\":[{\"@type\":\"Article\",\"@id\":\"https:\/\/www.france.no\/no\/2022\/utdanning-og-fransk-sprak\/kurs-for-fransklaerere-i-kristiansand-5-november\/#article\",\"isPartOf\":{\"@id\":\"https:\/\/www.france.no\/no\/2022\/utdanning-og-fransk-sprak\/kurs-for-fransklaerere-i-kristiansand-5-november\/\"},\"author\":{\"name\":\"admin_ifno\",\"@id\":\"https:\/\/www.france.no\/no\/#\/schema\/person\/4fdc0b263d8f27bb00a55f55d2fa3ab0\"},\"headline\":\"Kurs for franskl\u00e6rere i Kristiansand 5. november\",\"datePublished\":\"2022-09-26T22:00:00+00:00\",\"dateModified\":\"2022-12-18T13:35:41+00:00\",\"mainEntityOfPage\":{\"@id\":\"https:\/\/www.france.no\/no\/2022\/utdanning-og-fransk-sprak\/kurs-for-fransklaerere-i-kristiansand-5-november\/\"},\"wordCount\":336,\"publisher\":{\"@id\":\"https:\/\/www.france.no\/no\/#organization\"},\"image\":{\"@id\":\"https:\/\/www.france.no\/no\/2022\/utdanning-og-fransk-sprak\/kurs-for-fransklaerere-i-kristiansand-5-november\/#primaryimage\"},\"thumbnailUrl\":\"https:\/\/www.france.no\/wp-content\/uploads\/2022\/09\/kristiansand3-scaled-2-1098x617.jpg\",\"articleSection\":[\"Utdannelse og Fransk spr\u00e5ksamarbeid\"],\"inLanguage\":\"nb-NO\"},{\"@type\":\"WebPage\",\"@id\":\"https:\/\/www.france.no\/no\/2022\/utdanning-og-fransk-sprak\/kurs-for-fransklaerere-i-kristiansand-5-november\/\",\"url\":\"https:\/\/www.france.no\/no\/2022\/utdanning-og-fransk-sprak\/kurs-for-fransklaerere-i-kristiansand-5-november\/\",\"name\":\"Kurs for franskl\u00e6rere i Kristiansand 5. november - Institut fran\u00e7ais\",\"isPartOf\":{\"@id\":\"https:\/\/www.france.no\/no\/#website\"},\"primaryImageOfPage\":{\"@id\":\"https:\/\/www.france.no\/no\/2022\/utdanning-og-fransk-sprak\/kurs-for-fransklaerere-i-kristiansand-5-november\/#primaryimage\"},\"image\":{\"@id\":\"https:\/\/www.france.no\/no\/2022\/utdanning-og-fransk-sprak\/kurs-for-fransklaerere-i-kristiansand-5-november\/#primaryimage\"},\"thumbnailUrl\":\"https:\/\/www.france.no\/wp-content\/uploads\/2022\/09\/kristiansand3-scaled-2-1098x617.jpg\",\"datePublished\":\"2022-09-26T22:00:00+00:00\",\"dateModified\":\"2022-12-18T13:35:41+00:00\",\"breadcrumb\":{\"@id\":\"https:\/\/www.france.no\/no\/2022\/utdanning-og-fransk-sprak\/kurs-for-fransklaerere-i-kristiansand-5-november\/#breadcrumb\"},\"inLanguage\":\"nb-NO\",\"potentialAction\":[{\"@type\":\"ReadAction\",\"target\":[\"https:\/\/www.france.no\/no\/2022\/utdanning-og-fransk-sprak\/kurs-for-fransklaerere-i-kristiansand-5-november\/\"]}]},{\"@type\":\"ImageObject\",\"inLanguage\":\"nb-NO\",\"@id\":\"https:\/\/www.france.no\/no\/2022\/utdanning-og-fransk-sprak\/kurs-for-fransklaerere-i-kristiansand-5-november\/#primaryimage\",\"url\":\"https:\/\/www.france.no\/wp-content\/uploads\/2022\/09\/kristiansand3-scaled-2-1098x617.jpg\",\"contentUrl\":\"https:\/\/www.france.no\/wp-content\/uploads\/2022\/09\/kristiansand3-scaled-2-1098x617.jpg\",\"width\":2560,\"height\":1320},{\"@type\":\"BreadcrumbList\",\"@id\":\"https:\/\/www.france.no\/no\/2022\/utdanning-og-fransk-sprak\/kurs-for-fransklaerere-i-kristiansand-5-november\/#breadcrumb\",\"itemListElement\":[{\"@type\":\"ListItem\",\"position\":1,\"name\":\"\",\"item\":\"https:\/\/www.france.no\/no\/\"},{\"@type\":\"ListItem\",\"position\":2,\"name\":\"Utdannelse og Fransk spr\u00e5ksamarbeid\",\"item\":\"https:\/\/www.france.no\/no\/category\/utdanning-og-fransk-sprak\/\"},{\"@type\":\"ListItem\",\"position\":3,\"name\":\"Kurs for franskl\u00e6rere i Kristiansand 5. november\"}]},{\"@type\":\"WebSite\",\"@id\":\"https:\/\/www.france.no\/no\/#website\",\"url\":\"https:\/\/www.france.no\/no\/\",\"name\":\"Institut fran\u00e7ais\",\"description\":\"Norv\u00e8ge\",\"publisher\":{\"@id\":\"https:\/\/www.france.no\/no\/#organization\"},\"potentialAction\":[{\"@type\":\"SearchAction\",\"target\":{\"@type\":\"EntryPoint\",\"urlTemplate\":\"https:\/\/www.france.no\/no\/?s={search_term_string}\"},\"query-input\":{\"@type\":\"PropertyValueSpecification\",\"valueRequired\":true,\"valueName\":\"search_term_string\"}}],\"inLanguage\":\"nb-NO\"},{\"@type\":\"Organization\",\"@id\":\"https:\/\/www.france.no\/no\/#organization\",\"name\":\"Institut fran\u00e7ais\",\"url\":\"https:\/\/www.france.no\/no\/\",\"logo\":{\"@type\":\"ImageObject\",\"inLanguage\":\"nb-NO\",\"@id\":\"https:\/\/www.france.no\/no\/#\/schema\/logo\/image\/\",\"url\":\"https:\/\/www.france.no\/wp-content\/uploads\/2022\/11\/IF_Logo_Sans_Bleu_RVB.png\",\"contentUrl\":\"https:\/\/www.france.no\/wp-content\/uploads\/2022\/11\/IF_Logo_Sans_Bleu_RVB.png\",\"width\":852,\"height\":591,\"caption\":\"Institut fran\u00e7ais\"},\"image\":{\"@id\":\"https:\/\/www.france.no\/no\/#\/schema\/logo\/image\/\"},\"sameAs\":[\"https:\/\/www.facebook.com\/institutfrancaisoslo\",\"https:\/\/x.com\/ifnorvege\",\"https:\/\/instagram.com\/ifnorvege\"]},{\"@type\":\"Person\",\"@id\":\"https:\/\/www.france.no\/no\/#\/schema\/person\/4fdc0b263d8f27bb00a55f55d2fa3ab0\",\"name\":\"admin_ifno\",\"image\":{\"@type\":\"ImageObject\",\"inLanguage\":\"nb-NO\",\"@id\":\"https:\/\/www.france.no\/no\/#\/schema\/person\/image\/\",\"url\":\"https:\/\/secure.gravatar.com\/avatar\/20f70e61054e6ae673edda3c0dc13670e46e51786443041c70a7eb2da859ae2a?s=96&d=mm&r=g\",\"contentUrl\":\"https:\/\/secure.gravatar.com\/avatar\/20f70e61054e6ae673edda3c0dc13670e46e51786443041c70a7eb2da859ae2a?s=96&d=mm&r=g\",\"caption\":\"admin_ifno\"},\"sameAs\":[\"https:\/\/www.france.no\"],\"url\":\"https:\/\/www.france.no\/no\/author\/admin_ifno\/\"}]}<\/script>\n<!-- \/ Yoast SEO plugin. -->","yoast_head_json":{"title":"Kurs for franskl\u00e6rere i Kristiansand 5. november - Institut fran\u00e7ais","robots":{"index":"index","follow":"follow","max-snippet":"max-snippet:-1","max-image-preview":"max-image-preview:large","max-video-preview":"max-video-preview:-1"},"canonical":"https:\/\/www.france.no\/no\/2022\/utdanning-og-fransk-sprak\/kurs-for-fransklaerere-i-kristiansand-5-november\/","og_locale":"nb_NO","og_type":"article","og_title":"Kurs for franskl\u00e6rere i Kristiansand 5. november - Institut fran\u00e7ais","og_description":"Institut fran\u00e7ais de Norv\u00e8ge har gleden av \u00e5 invitere alle franskl\u00e6rere i Kristiansand og omegn til et heldagsseminar l\u00f8rdag 5. november. Vi gjenopptar fjor\u00e5rets suksess og vil holde kurs i syv store norske byer fra oktober til mars : Trondheim, Kristiansand, Bergen, Stavanger, Bod\u00f8, Troms\u00f8 og Oslo. Fremtidige franskl\u00e6rere er ogs\u00e5 velkomne.\u00a0 N\u00e5r ? L\u00f8rdag [&hellip;]","og_url":"https:\/\/www.france.no\/no\/2022\/utdanning-og-fransk-sprak\/kurs-for-fransklaerere-i-kristiansand-5-november\/","og_site_name":"Institut fran\u00e7ais","article_publisher":"https:\/\/www.facebook.com\/institutfrancaisoslo","article_published_time":"2022-09-26T22:00:00+00:00","article_modified_time":"2022-12-18T13:35:41+00:00","og_image":[{"width":2560,"height":1320,"url":"https:\/\/www.france.no\/wp-content\/uploads\/2022\/09\/kristiansand3-scaled-2-1098x617.jpg","type":"image\/jpeg"}],"author":"admin_ifno","twitter_card":"summary_large_image","twitter_creator":"@ifnorvege","twitter_site":"@ifnorvege","twitter_misc":{"Skrevet av":"admin_ifno","Ansl. lesetid":"2 minutter"},"schema":{"@context":"https:\/\/schema.org","@graph":[{"@type":"Article","@id":"https:\/\/www.france.no\/no\/2022\/utdanning-og-fransk-sprak\/kurs-for-fransklaerere-i-kristiansand-5-november\/#article","isPartOf":{"@id":"https:\/\/www.france.no\/no\/2022\/utdanning-og-fransk-sprak\/kurs-for-fransklaerere-i-kristiansand-5-november\/"},"author":{"name":"admin_ifno","@id":"https:\/\/www.france.no\/no\/#\/schema\/person\/4fdc0b263d8f27bb00a55f55d2fa3ab0"},"headline":"Kurs for franskl\u00e6rere i Kristiansand 5. november","datePublished":"2022-09-26T22:00:00+00:00","dateModified":"2022-12-18T13:35:41+00:00","mainEntityOfPage":{"@id":"https:\/\/www.france.no\/no\/2022\/utdanning-og-fransk-sprak\/kurs-for-fransklaerere-i-kristiansand-5-november\/"},"wordCount":336,"publisher":{"@id":"https:\/\/www.france.no\/no\/#organization"},"image":{"@id":"https:\/\/www.france.no\/no\/2022\/utdanning-og-fransk-sprak\/kurs-for-fransklaerere-i-kristiansand-5-november\/#primaryimage"},"thumbnailUrl":"https:\/\/www.france.no\/wp-content\/uploads\/2022\/09\/kristiansand3-scaled-2-1098x617.jpg","articleSection":["Utdannelse og Fransk spr\u00e5ksamarbeid"],"inLanguage":"nb-NO"},{"@type":"WebPage","@id":"https:\/\/www.france.no\/no\/2022\/utdanning-og-fransk-sprak\/kurs-for-fransklaerere-i-kristiansand-5-november\/","url":"https:\/\/www.france.no\/no\/2022\/utdanning-og-fransk-sprak\/kurs-for-fransklaerere-i-kristiansand-5-november\/","name":"Kurs for franskl\u00e6rere i Kristiansand 5. november - Institut fran\u00e7ais","isPartOf":{"@id":"https:\/\/www.france.no\/no\/#website"},"primaryImageOfPage":{"@id":"https:\/\/www.france.no\/no\/2022\/utdanning-og-fransk-sprak\/kurs-for-fransklaerere-i-kristiansand-5-november\/#primaryimage"},"image":{"@id":"https:\/\/www.france.no\/no\/2022\/utdanning-og-fransk-sprak\/kurs-for-fransklaerere-i-kristiansand-5-november\/#primaryimage"},"thumbnailUrl":"https:\/\/www.france.no\/wp-content\/uploads\/2022\/09\/kristiansand3-scaled-2-1098x617.jpg","datePublished":"2022-09-26T22:00:00+00:00","dateModified":"2022-12-18T13:35:41+00:00","breadcrumb":{"@id":"https:\/\/www.france.no\/no\/2022\/utdanning-og-fransk-sprak\/kurs-for-fransklaerere-i-kristiansand-5-november\/#breadcrumb"},"inLanguage":"nb-NO","potentialAction":[{"@type":"ReadAction","target":["https:\/\/www.france.no\/no\/2022\/utdanning-og-fransk-sprak\/kurs-for-fransklaerere-i-kristiansand-5-november\/"]}]},{"@type":"ImageObject","inLanguage":"nb-NO","@id":"https:\/\/www.france.no\/no\/2022\/utdanning-og-fransk-sprak\/kurs-for-fransklaerere-i-kristiansand-5-november\/#primaryimage","url":"https:\/\/www.france.no\/wp-content\/uploads\/2022\/09\/kristiansand3-scaled-2-1098x617.jpg","contentUrl":"https:\/\/www.france.no\/wp-content\/uploads\/2022\/09\/kristiansand3-scaled-2-1098x617.jpg","width":2560,"height":1320},{"@type":"BreadcrumbList","@id":"https:\/\/www.france.no\/no\/2022\/utdanning-og-fransk-sprak\/kurs-for-fransklaerere-i-kristiansand-5-november\/#breadcrumb","itemListElement":[{"@type":"ListItem","position":1,"name":"","item":"https:\/\/www.france.no\/no\/"},{"@type":"ListItem","position":2,"name":"Utdannelse og Fransk spr\u00e5ksamarbeid","item":"https:\/\/www.france.no\/no\/category\/utdanning-og-fransk-sprak\/"},{"@type":"ListItem","position":3,"name":"Kurs for franskl\u00e6rere i Kristiansand 5. november"}]},{"@type":"WebSite","@id":"https:\/\/www.france.no\/no\/#website","url":"https:\/\/www.france.no\/no\/","name":"Institut fran\u00e7ais","description":"Norv\u00e8ge","publisher":{"@id":"https:\/\/www.france.no\/no\/#organization"},"potentialAction":[{"@type":"SearchAction","target":{"@type":"EntryPoint","urlTemplate":"https:\/\/www.france.no\/no\/?s={search_term_string}"},"query-input":{"@type":"PropertyValueSpecification","valueRequired":true,"valueName":"search_term_string"}}],"inLanguage":"nb-NO"},{"@type":"Organization","@id":"https:\/\/www.france.no\/no\/#organization","name":"Institut fran\u00e7ais","url":"https:\/\/www.france.no\/no\/","logo":{"@type":"ImageObject","inLanguage":"nb-NO","@id":"https:\/\/www.france.no\/no\/#\/schema\/logo\/image\/","url":"https:\/\/www.france.no\/wp-content\/uploads\/2022\/11\/IF_Logo_Sans_Bleu_RVB.png","contentUrl":"https:\/\/www.france.no\/wp-content\/uploads\/2022\/11\/IF_Logo_Sans_Bleu_RVB.png","width":852,"height":591,"caption":"Institut fran\u00e7ais"},"image":{"@id":"https:\/\/www.france.no\/no\/#\/schema\/logo\/image\/"},"sameAs":["https:\/\/www.facebook.com\/institutfrancaisoslo","https:\/\/x.com\/ifnorvege","https:\/\/instagram.com\/ifnorvege"]},{"@type":"Person","@id":"https:\/\/www.france.no\/no\/#\/schema\/person\/4fdc0b263d8f27bb00a55f55d2fa3ab0","name":"admin_ifno","image":{"@type":"ImageObject","inLanguage":"nb-NO","@id":"https:\/\/www.france.no\/no\/#\/schema\/person\/image\/","url":"https:\/\/secure.gravatar.com\/avatar\/20f70e61054e6ae673edda3c0dc13670e46e51786443041c70a7eb2da859ae2a?s=96&d=mm&r=g","contentUrl":"https:\/\/secure.gravatar.com\/avatar\/20f70e61054e6ae673edda3c0dc13670e46e51786443041c70a7eb2da859ae2a?s=96&d=mm&r=g","caption":"admin_ifno"},"sameAs":["https:\/\/www.france.no"],"url":"https:\/\/www.france.no\/no\/author\/admin_ifno\/"}]}},"_links":{"self":[{"href":"https:\/\/www.france.no\/no\/wp-json\/wp\/v2\/posts\/674","targetHints":{"allow":["GET"]}}],"collection":[{"href":"https:\/\/www.france.no\/no\/wp-json\/wp\/v2\/posts"}],"about":[{"href":"https:\/\/www.france.no\/no\/wp-json\/wp\/v2\/types\/post"}],"author":[{"embeddable":true,"href":"https:\/\/www.france.no\/no\/wp-json\/wp\/v2\/users\/1"}],"replies":[{"embeddable":true,"href":"https:\/\/www.france.no\/no\/wp-json\/wp\/v2\/comments?post=674"}],"version-history":[{"count":1,"href":"https:\/\/www.france.no\/no\/wp-json\/wp\/v2\/posts\/674\/revisions"}],"predecessor-version":[{"id":714,"href":"https:\/\/www.france.no\/no\/wp-json\/wp\/v2\/posts\/674\/revisions\/714"}],"wp:featuredmedia":[{"embeddable":true,"href":"https:\/\/www.france.no\/no\/wp-json\/wp\/v2\/media\/675"}],"wp:attachment":[{"href":"https:\/\/www.france.no\/no\/wp-json\/wp\/v2\/media?parent=674"}],"wp:term":[{"taxonomy":"category","embeddable":true,"href":"https:\/\/www.france.no\/no\/wp-json\/wp\/v2\/categories?post=674"},{"taxonomy":"post_tag","embeddable":true,"href":"https:\/\/www.france.no\/no\/wp-json\/wp\/v2\/tags?post=674"}],"curies":[{"name":"wp","href":"https:\/\/api.w.org\/{rel}","templated":true}]}}