{"id":6814,"date":"2024-01-05T09:40:00","date_gmt":"2024-01-05T08:40:00","guid":{"rendered":"https:\/\/www.france.no\/?p=6814"},"modified":"2024-08-14T11:48:52","modified_gmt":"2024-08-14T09:48:52","slug":"forbered-deg-til-de-olympiske-leker-2024","status":"publish","type":"post","link":"https:\/\/www.france.no\/no\/2024\/utdanning-og-fransk-sprak\/forbered-deg-til-de-olympiske-leker-2024\/","title":{"rendered":"Forbered deg til de Olympiske Leker i 2024!"},"content":{"rendered":"\n<p><strong>I samarbeid med <strong>pedagogisk r\u00e5dgiver<\/strong><\/strong> <strong>Solena Pradayrol ved <a href=\"https:\/\/www.hiof.no\/fss\/\" target=\"_blank\" rel=\"noreferrer noopener\">Fremmedspr\u00e5ksenteret<\/a>, har de franske assistentene i Norge laget undervisningssekvenser for franskl\u00e6rere i forbindelse med <a href=\"https:\/\/olympics.com\/en\/paris-2024\" target=\"_blank\" rel=\"noreferrer noopener\">OL og Paralympics i Paris 2024<\/a>.<\/strong><\/p>\n\n\n\n<p><br>Gjennom ulike aktiviteter vil elevene kunne oppdage ulike idretter, men ogs\u00e5 en typisk dag for en OL-ut\u00f8ver, eller til og med hva han eller hun spiser! Det er ogs\u00e5 utviklet to ulike &laquo;escape games&raquo; for \u00e5 teste elevenes kunnskaper.<\/p>\n\n\n\n<p><br>For mer informasjon: <strong><a href=\"https:\/\/www.thinglink.com\/scene\/1698305149061039075\" target=\"_blank\" rel=\"noreferrer noopener\">S\u00e9quence les JO de Paris 2024<\/a><\/strong><\/p>\n","protected":false},"excerpt":{"rendered":"<p>I samarbeid med pedagogisk r\u00e5dgiver Solena Pradayrol ved Fremmedspr\u00e5ksenteret, har de franske assistentene i Norge laget undervisningssekvenser for franskl\u00e6rere i forbindelse med OL og Paralympics i Paris 2024. Gjennom ulike aktiviteter vil elevene kunne oppdage ulike idretter, men ogs\u00e5 en typisk dag for en OL-ut\u00f8ver, eller til og med hva han eller hun spiser! Det [&hellip;]<\/p>\n","protected":false},"author":6,"featured_media":6807,"comment_status":"closed","ping_status":"closed","sticky":false,"template":"","format":"standard","meta":{"footnotes":""},"categories":[13],"tags":[],"class_list":["post-6814","post","type-post","status-publish","format-standard","has-post-thumbnail","hentry","category-utdanning-og-fransk-sprak"],"yoast_head":"<!-- This site is optimized with the Yoast SEO plugin v24.2 - https:\/\/yoast.com\/wordpress\/plugins\/seo\/ -->\n<title>Forbered deg til de Olympiske Leker i 2024! - Institut fran\u00e7ais Utdannelse og Fransk spr\u00e5ksamarbeid<\/title>\n<meta name=\"description\" content=\"I samarbeid med pedagogisk r\u00e5dgiver Solena Pradayrol ved Fremmedspr\u00e5ksenteret, har de franske assistentene i Norge laget undervisningssekvenser for Utdannelse og Fransk spr\u00e5ksamarbeid Forbered deg til de Olympiske Leker i 2024! Institut fran\u00e7ais -\" \/>\n<meta name=\"robots\" content=\"index, follow, max-snippet:-1, max-image-preview:large, max-video-preview:-1\" \/>\n<link rel=\"canonical\" href=\"https:\/\/www.france.no\/no\/2024\/utdanning-og-fransk-sprak\/forbered-deg-til-de-olympiske-leker-2024\/\" \/>\n<meta property=\"og:locale\" content=\"nb_NO\" \/>\n<meta property=\"og:type\" content=\"article\" \/>\n<meta property=\"og:title\" content=\"Forbered deg til de Olympiske Leker i 2024! - Institut fran\u00e7ais Utdannelse og Fransk spr\u00e5ksamarbeid\" \/>\n<meta property=\"og:description\" content=\"I samarbeid med pedagogisk r\u00e5dgiver Solena Pradayrol ved Fremmedspr\u00e5ksenteret, har de franske assistentene i Norge laget undervisningssekvenser for Utdannelse og Fransk spr\u00e5ksamarbeid Forbered deg til de Olympiske Leker i 2024! Institut fran\u00e7ais -\" \/>\n<meta property=\"og:url\" content=\"https:\/\/www.france.no\/no\/2024\/utdanning-og-fransk-sprak\/forbered-deg-til-de-olympiske-leker-2024\/\" \/>\n<meta property=\"og:site_name\" content=\"Institut fran\u00e7ais\" \/>\n<meta property=\"article:publisher\" content=\"https:\/\/www.facebook.com\/institutfrancaisoslo\" \/>\n<meta property=\"article:published_time\" content=\"2024-01-05T08:40:00+00:00\" \/>\n<meta property=\"article:modified_time\" content=\"2024-08-14T09:48:52+00:00\" \/>\n<meta property=\"og:image\" content=\"https:\/\/www.france.no\/wp-content\/uploads\/2023\/11\/Linguistique.png\" \/>\n\t<meta property=\"og:image:width\" content=\"950\" \/>\n\t<meta property=\"og:image:height\" content=\"500\" \/>\n\t<meta property=\"og:image:type\" content=\"image\/png\" \/>\n<meta name=\"author\" content=\"P\u00f4le Communication\" \/>\n<meta name=\"twitter:card\" content=\"summary_large_image\" \/>\n<meta name=\"twitter:creator\" content=\"@ifnorvege\" \/>\n<meta name=\"twitter:site\" content=\"@ifnorvege\" \/>\n<meta name=\"twitter:label1\" content=\"Skrevet av\" \/>\n\t<meta name=\"twitter:data1\" content=\"P\u00f4le Communication\" \/>\n\t<meta name=\"twitter:label2\" content=\"Ansl. lesetid\" \/>\n\t<meta name=\"twitter:data2\" content=\"1 minutt\" \/>\n<script type=\"application\/ld+json\" class=\"yoast-schema-graph\">{\"@context\":\"https:\/\/schema.org\",\"@graph\":[{\"@type\":\"Article\",\"@id\":\"https:\/\/www.france.no\/no\/2024\/utdanning-og-fransk-sprak\/forbered-deg-til-de-olympiske-leker-2024\/#article\",\"isPartOf\":{\"@id\":\"https:\/\/www.france.no\/no\/2024\/utdanning-og-fransk-sprak\/forbered-deg-til-de-olympiske-leker-2024\/\"},\"author\":{\"name\":\"P\u00f4le Communication\",\"@id\":\"https:\/\/www.france.no\/no\/#\/schema\/person\/e911222e8703f294589a6d80b1c16f97\"},\"headline\":\"Forbered deg til de Olympiske Leker i 2024!\",\"datePublished\":\"2024-01-05T08:40:00+00:00\",\"dateModified\":\"2024-08-14T09:48:52+00:00\",\"mainEntityOfPage\":{\"@id\":\"https:\/\/www.france.no\/no\/2024\/utdanning-og-fransk-sprak\/forbered-deg-til-de-olympiske-leker-2024\/\"},\"wordCount\":85,\"publisher\":{\"@id\":\"https:\/\/www.france.no\/no\/#organization\"},\"image\":{\"@id\":\"https:\/\/www.france.no\/no\/2024\/utdanning-og-fransk-sprak\/forbered-deg-til-de-olympiske-leker-2024\/#primaryimage\"},\"thumbnailUrl\":\"https:\/\/www.france.no\/wp-content\/uploads\/2023\/11\/Linguistique.png\",\"articleSection\":[\"Utdannelse og Fransk spr\u00e5ksamarbeid\"],\"inLanguage\":\"nb-NO\"},{\"@type\":\"WebPage\",\"@id\":\"https:\/\/www.france.no\/no\/2024\/utdanning-og-fransk-sprak\/forbered-deg-til-de-olympiske-leker-2024\/\",\"url\":\"https:\/\/www.france.no\/no\/2024\/utdanning-og-fransk-sprak\/forbered-deg-til-de-olympiske-leker-2024\/\",\"name\":\"Forbered deg til de Olympiske Leker i 2024! - Institut fran\u00e7ais Utdannelse og Fransk spr\u00e5ksamarbeid\",\"isPartOf\":{\"@id\":\"https:\/\/www.france.no\/no\/#website\"},\"primaryImageOfPage\":{\"@id\":\"https:\/\/www.france.no\/no\/2024\/utdanning-og-fransk-sprak\/forbered-deg-til-de-olympiske-leker-2024\/#primaryimage\"},\"image\":{\"@id\":\"https:\/\/www.france.no\/no\/2024\/utdanning-og-fransk-sprak\/forbered-deg-til-de-olympiske-leker-2024\/#primaryimage\"},\"thumbnailUrl\":\"https:\/\/www.france.no\/wp-content\/uploads\/2023\/11\/Linguistique.png\",\"datePublished\":\"2024-01-05T08:40:00+00:00\",\"dateModified\":\"2024-08-14T09:48:52+00:00\",\"description\":\"I samarbeid med pedagogisk r\u00e5dgiver Solena Pradayrol ved Fremmedspr\u00e5ksenteret, har de franske assistentene i Norge laget undervisningssekvenser for Utdannelse og Fransk spr\u00e5ksamarbeid Forbered deg til de Olympiske Leker i 2024! Institut fran\u00e7ais -\",\"breadcrumb\":{\"@id\":\"https:\/\/www.france.no\/no\/2024\/utdanning-og-fransk-sprak\/forbered-deg-til-de-olympiske-leker-2024\/#breadcrumb\"},\"inLanguage\":\"nb-NO\",\"potentialAction\":[{\"@type\":\"ReadAction\",\"target\":[\"https:\/\/www.france.no\/no\/2024\/utdanning-og-fransk-sprak\/forbered-deg-til-de-olympiske-leker-2024\/\"]}]},{\"@type\":\"ImageObject\",\"inLanguage\":\"nb-NO\",\"@id\":\"https:\/\/www.france.no\/no\/2024\/utdanning-og-fransk-sprak\/forbered-deg-til-de-olympiske-leker-2024\/#primaryimage\",\"url\":\"https:\/\/www.france.no\/wp-content\/uploads\/2023\/11\/Linguistique.png\",\"contentUrl\":\"https:\/\/www.france.no\/wp-content\/uploads\/2023\/11\/Linguistique.png\",\"width\":950,\"height\":500},{\"@type\":\"BreadcrumbList\",\"@id\":\"https:\/\/www.france.no\/no\/2024\/utdanning-og-fransk-sprak\/forbered-deg-til-de-olympiske-leker-2024\/#breadcrumb\",\"itemListElement\":[{\"@type\":\"ListItem\",\"position\":1,\"name\":\"\",\"item\":\"https:\/\/www.france.no\/no\/\"},{\"@type\":\"ListItem\",\"position\":2,\"name\":\"Utdannelse og Fransk spr\u00e5ksamarbeid\",\"item\":\"https:\/\/www.france.no\/no\/category\/utdanning-og-fransk-sprak\/\"},{\"@type\":\"ListItem\",\"position\":3,\"name\":\"Forbered deg til de Olympiske Leker i 2024!\"}]},{\"@type\":\"WebSite\",\"@id\":\"https:\/\/www.france.no\/no\/#website\",\"url\":\"https:\/\/www.france.no\/no\/\",\"name\":\"Institut fran\u00e7ais\",\"description\":\"Norv\u00e8ge\",\"publisher\":{\"@id\":\"https:\/\/www.france.no\/no\/#organization\"},\"potentialAction\":[{\"@type\":\"SearchAction\",\"target\":{\"@type\":\"EntryPoint\",\"urlTemplate\":\"https:\/\/www.france.no\/no\/?s={search_term_string}\"},\"query-input\":{\"@type\":\"PropertyValueSpecification\",\"valueRequired\":true,\"valueName\":\"search_term_string\"}}],\"inLanguage\":\"nb-NO\"},{\"@type\":\"Organization\",\"@id\":\"https:\/\/www.france.no\/no\/#organization\",\"name\":\"Institut fran\u00e7ais\",\"url\":\"https:\/\/www.france.no\/no\/\",\"logo\":{\"@type\":\"ImageObject\",\"inLanguage\":\"nb-NO\",\"@id\":\"https:\/\/www.france.no\/no\/#\/schema\/logo\/image\/\",\"url\":\"https:\/\/www.france.no\/wp-content\/uploads\/2022\/11\/IF_Logo_Sans_Bleu_RVB.png\",\"contentUrl\":\"https:\/\/www.france.no\/wp-content\/uploads\/2022\/11\/IF_Logo_Sans_Bleu_RVB.png\",\"width\":852,\"height\":591,\"caption\":\"Institut fran\u00e7ais\"},\"image\":{\"@id\":\"https:\/\/www.france.no\/no\/#\/schema\/logo\/image\/\"},\"sameAs\":[\"https:\/\/www.facebook.com\/institutfrancaisoslo\",\"https:\/\/x.com\/ifnorvege\",\"https:\/\/instagram.com\/ifnorvege\"]},{\"@type\":\"Person\",\"@id\":\"https:\/\/www.france.no\/no\/#\/schema\/person\/e911222e8703f294589a6d80b1c16f97\",\"name\":\"P\u00f4le Communication\",\"image\":{\"@type\":\"ImageObject\",\"inLanguage\":\"nb-NO\",\"@id\":\"https:\/\/www.france.no\/no\/#\/schema\/person\/image\/\",\"url\":\"https:\/\/secure.gravatar.com\/avatar\/20ae085a8b5fd613a02d28588389144802d3ba9408c852b2c6c7c4b17cc39660?s=96&d=mm&r=g\",\"contentUrl\":\"https:\/\/secure.gravatar.com\/avatar\/20ae085a8b5fd613a02d28588389144802d3ba9408c852b2c6c7c4b17cc39660?s=96&d=mm&r=g\",\"caption\":\"P\u00f4le Communication\"},\"url\":\"https:\/\/www.france.no\/no\/author\/polecom\/\"}]}<\/script>\n<!-- \/ Yoast SEO plugin. -->","yoast_head_json":{"title":"Forbered deg til de Olympiske Leker i 2024! - Institut fran\u00e7ais Utdannelse og Fransk spr\u00e5ksamarbeid","description":"I samarbeid med pedagogisk r\u00e5dgiver Solena Pradayrol ved Fremmedspr\u00e5ksenteret, har de franske assistentene i Norge laget undervisningssekvenser for Utdannelse og Fransk spr\u00e5ksamarbeid Forbered deg til de Olympiske Leker i 2024! Institut fran\u00e7ais -","robots":{"index":"index","follow":"follow","max-snippet":"max-snippet:-1","max-image-preview":"max-image-preview:large","max-video-preview":"max-video-preview:-1"},"canonical":"https:\/\/www.france.no\/no\/2024\/utdanning-og-fransk-sprak\/forbered-deg-til-de-olympiske-leker-2024\/","og_locale":"nb_NO","og_type":"article","og_title":"Forbered deg til de Olympiske Leker i 2024! - Institut fran\u00e7ais Utdannelse og Fransk spr\u00e5ksamarbeid","og_description":"I samarbeid med pedagogisk r\u00e5dgiver Solena Pradayrol ved Fremmedspr\u00e5ksenteret, har de franske assistentene i Norge laget undervisningssekvenser for Utdannelse og Fransk spr\u00e5ksamarbeid Forbered deg til de Olympiske Leker i 2024! Institut fran\u00e7ais -","og_url":"https:\/\/www.france.no\/no\/2024\/utdanning-og-fransk-sprak\/forbered-deg-til-de-olympiske-leker-2024\/","og_site_name":"Institut fran\u00e7ais","article_publisher":"https:\/\/www.facebook.com\/institutfrancaisoslo","article_published_time":"2024-01-05T08:40:00+00:00","article_modified_time":"2024-08-14T09:48:52+00:00","og_image":[{"width":950,"height":500,"url":"https:\/\/www.france.no\/wp-content\/uploads\/2023\/11\/Linguistique.png","type":"image\/png"}],"author":"P\u00f4le Communication","twitter_card":"summary_large_image","twitter_creator":"@ifnorvege","twitter_site":"@ifnorvege","twitter_misc":{"Skrevet av":"P\u00f4le Communication","Ansl. lesetid":"1 minutt"},"schema":{"@context":"https:\/\/schema.org","@graph":[{"@type":"Article","@id":"https:\/\/www.france.no\/no\/2024\/utdanning-og-fransk-sprak\/forbered-deg-til-de-olympiske-leker-2024\/#article","isPartOf":{"@id":"https:\/\/www.france.no\/no\/2024\/utdanning-og-fransk-sprak\/forbered-deg-til-de-olympiske-leker-2024\/"},"author":{"name":"P\u00f4le Communication","@id":"https:\/\/www.france.no\/no\/#\/schema\/person\/e911222e8703f294589a6d80b1c16f97"},"headline":"Forbered deg til de Olympiske Leker i 2024!","datePublished":"2024-01-05T08:40:00+00:00","dateModified":"2024-08-14T09:48:52+00:00","mainEntityOfPage":{"@id":"https:\/\/www.france.no\/no\/2024\/utdanning-og-fransk-sprak\/forbered-deg-til-de-olympiske-leker-2024\/"},"wordCount":85,"publisher":{"@id":"https:\/\/www.france.no\/no\/#organization"},"image":{"@id":"https:\/\/www.france.no\/no\/2024\/utdanning-og-fransk-sprak\/forbered-deg-til-de-olympiske-leker-2024\/#primaryimage"},"thumbnailUrl":"https:\/\/www.france.no\/wp-content\/uploads\/2023\/11\/Linguistique.png","articleSection":["Utdannelse og Fransk spr\u00e5ksamarbeid"],"inLanguage":"nb-NO"},{"@type":"WebPage","@id":"https:\/\/www.france.no\/no\/2024\/utdanning-og-fransk-sprak\/forbered-deg-til-de-olympiske-leker-2024\/","url":"https:\/\/www.france.no\/no\/2024\/utdanning-og-fransk-sprak\/forbered-deg-til-de-olympiske-leker-2024\/","name":"Forbered deg til de Olympiske Leker i 2024! - Institut fran\u00e7ais Utdannelse og Fransk spr\u00e5ksamarbeid","isPartOf":{"@id":"https:\/\/www.france.no\/no\/#website"},"primaryImageOfPage":{"@id":"https:\/\/www.france.no\/no\/2024\/utdanning-og-fransk-sprak\/forbered-deg-til-de-olympiske-leker-2024\/#primaryimage"},"image":{"@id":"https:\/\/www.france.no\/no\/2024\/utdanning-og-fransk-sprak\/forbered-deg-til-de-olympiske-leker-2024\/#primaryimage"},"thumbnailUrl":"https:\/\/www.france.no\/wp-content\/uploads\/2023\/11\/Linguistique.png","datePublished":"2024-01-05T08:40:00+00:00","dateModified":"2024-08-14T09:48:52+00:00","description":"I samarbeid med pedagogisk r\u00e5dgiver Solena Pradayrol ved Fremmedspr\u00e5ksenteret, har de franske assistentene i Norge laget undervisningssekvenser for Utdannelse og Fransk spr\u00e5ksamarbeid Forbered deg til de Olympiske Leker i 2024! Institut fran\u00e7ais -","breadcrumb":{"@id":"https:\/\/www.france.no\/no\/2024\/utdanning-og-fransk-sprak\/forbered-deg-til-de-olympiske-leker-2024\/#breadcrumb"},"inLanguage":"nb-NO","potentialAction":[{"@type":"ReadAction","target":["https:\/\/www.france.no\/no\/2024\/utdanning-og-fransk-sprak\/forbered-deg-til-de-olympiske-leker-2024\/"]}]},{"@type":"ImageObject","inLanguage":"nb-NO","@id":"https:\/\/www.france.no\/no\/2024\/utdanning-og-fransk-sprak\/forbered-deg-til-de-olympiske-leker-2024\/#primaryimage","url":"https:\/\/www.france.no\/wp-content\/uploads\/2023\/11\/Linguistique.png","contentUrl":"https:\/\/www.france.no\/wp-content\/uploads\/2023\/11\/Linguistique.png","width":950,"height":500},{"@type":"BreadcrumbList","@id":"https:\/\/www.france.no\/no\/2024\/utdanning-og-fransk-sprak\/forbered-deg-til-de-olympiske-leker-2024\/#breadcrumb","itemListElement":[{"@type":"ListItem","position":1,"name":"","item":"https:\/\/www.france.no\/no\/"},{"@type":"ListItem","position":2,"name":"Utdannelse og Fransk spr\u00e5ksamarbeid","item":"https:\/\/www.france.no\/no\/category\/utdanning-og-fransk-sprak\/"},{"@type":"ListItem","position":3,"name":"Forbered deg til de Olympiske Leker i 2024!"}]},{"@type":"WebSite","@id":"https:\/\/www.france.no\/no\/#website","url":"https:\/\/www.france.no\/no\/","name":"Institut fran\u00e7ais","description":"Norv\u00e8ge","publisher":{"@id":"https:\/\/www.france.no\/no\/#organization"},"potentialAction":[{"@type":"SearchAction","target":{"@type":"EntryPoint","urlTemplate":"https:\/\/www.france.no\/no\/?s={search_term_string}"},"query-input":{"@type":"PropertyValueSpecification","valueRequired":true,"valueName":"search_term_string"}}],"inLanguage":"nb-NO"},{"@type":"Organization","@id":"https:\/\/www.france.no\/no\/#organization","name":"Institut fran\u00e7ais","url":"https:\/\/www.france.no\/no\/","logo":{"@type":"ImageObject","inLanguage":"nb-NO","@id":"https:\/\/www.france.no\/no\/#\/schema\/logo\/image\/","url":"https:\/\/www.france.no\/wp-content\/uploads\/2022\/11\/IF_Logo_Sans_Bleu_RVB.png","contentUrl":"https:\/\/www.france.no\/wp-content\/uploads\/2022\/11\/IF_Logo_Sans_Bleu_RVB.png","width":852,"height":591,"caption":"Institut fran\u00e7ais"},"image":{"@id":"https:\/\/www.france.no\/no\/#\/schema\/logo\/image\/"},"sameAs":["https:\/\/www.facebook.com\/institutfrancaisoslo","https:\/\/x.com\/ifnorvege","https:\/\/instagram.com\/ifnorvege"]},{"@type":"Person","@id":"https:\/\/www.france.no\/no\/#\/schema\/person\/e911222e8703f294589a6d80b1c16f97","name":"P\u00f4le Communication","image":{"@type":"ImageObject","inLanguage":"nb-NO","@id":"https:\/\/www.france.no\/no\/#\/schema\/person\/image\/","url":"https:\/\/secure.gravatar.com\/avatar\/20ae085a8b5fd613a02d28588389144802d3ba9408c852b2c6c7c4b17cc39660?s=96&d=mm&r=g","contentUrl":"https:\/\/secure.gravatar.com\/avatar\/20ae085a8b5fd613a02d28588389144802d3ba9408c852b2c6c7c4b17cc39660?s=96&d=mm&r=g","caption":"P\u00f4le Communication"},"url":"https:\/\/www.france.no\/no\/author\/polecom\/"}]}},"_links":{"self":[{"href":"https:\/\/www.france.no\/no\/wp-json\/wp\/v2\/posts\/6814","targetHints":{"allow":["GET"]}}],"collection":[{"href":"https:\/\/www.france.no\/no\/wp-json\/wp\/v2\/posts"}],"about":[{"href":"https:\/\/www.france.no\/no\/wp-json\/wp\/v2\/types\/post"}],"author":[{"embeddable":true,"href":"https:\/\/www.france.no\/no\/wp-json\/wp\/v2\/users\/6"}],"replies":[{"embeddable":true,"href":"https:\/\/www.france.no\/no\/wp-json\/wp\/v2\/comments?post=6814"}],"version-history":[{"count":9,"href":"https:\/\/www.france.no\/no\/wp-json\/wp\/v2\/posts\/6814\/revisions"}],"predecessor-version":[{"id":7964,"href":"https:\/\/www.france.no\/no\/wp-json\/wp\/v2\/posts\/6814\/revisions\/7964"}],"wp:featuredmedia":[{"embeddable":true,"href":"https:\/\/www.france.no\/no\/wp-json\/wp\/v2\/media\/6807"}],"wp:attachment":[{"href":"https:\/\/www.france.no\/no\/wp-json\/wp\/v2\/media?parent=6814"}],"wp:term":[{"taxonomy":"category","embeddable":true,"href":"https:\/\/www.france.no\/no\/wp-json\/wp\/v2\/categories?post=6814"},{"taxonomy":"post_tag","embeddable":true,"href":"https:\/\/www.france.no\/no\/wp-json\/wp\/v2\/tags?post=6814"}],"curies":[{"name":"wp","href":"https:\/\/api.w.org\/{rel}","templated":true}]}}