{"id":6861,"date":"2023-11-30T10:47:08","date_gmt":"2023-11-30T09:47:08","guid":{"rendered":"https:\/\/www.france.no\/?p=6861"},"modified":"2024-02-27T17:07:46","modified_gmt":"2024-02-27T16:07:46","slug":"fransk-medalje-til-komponist-nils-henrik-asheim","status":"publish","type":"post","link":"https:\/\/www.france.no\/no\/2023\/kultur\/fransk-medalje-til-komponist-nils-henrik-asheim\/","title":{"rendered":"Fransk medalje til komponist Nils Henrik Asheim"},"content":{"rendered":"\n<p class=\"has-text-align-center\"><strong>Den norske komponisten Nils Henrik Asheim er utnevnt til ridder av den franske Orden for Kunst og Litteratur.<\/strong><\/p>\n\n\n\n<div class=\"wp-block-columns is-layout-flex wp-container-core-columns-is-layout-9d6595d7 wp-block-columns-is-layout-flex\">\n<div class=\"wp-block-column is-layout-flow wp-block-column-is-layout-flow\">\n<p><a href=\"https:\/\/www.nilshenrikasheim.no\/\" target=\"_blank\" rel=\"noreferrer noopener\"><strong>Nils Henrik Asheim<\/strong><\/a> er en norsk komponist og organist bosatt i Stavanger. Han debuterte som komponist allerede som 15-\u00e5ring, da hans bl\u00e5sekvintett <em>Octopus<\/em> ble presentert p\u00e5 Ungdommens nordiske musikkfestival i Helsingfors i 1975.<\/p>\n\n\n\n<p>Asheim har ved gjentatte anledninger samarbeidet med franske musikere og kunstnere &#8211; han har v\u00e6rt en brobygger mellom Norge og Frankrike i samtidsmusikkens verden. Hans samarbeid p\u00e5 tvers av landegrensene har bidratt til en levende kulturutveksling og s\u00e5ledes beriket verdens musikkarv.<\/p>\n\n\n\n<p>I 2019 presenterte han den eminente franske komponisten <strong><a href=\"https:\/\/www.oliviermessiaen.org\/\" target=\"_blank\" rel=\"noreferrer noopener\">Olivier Messiaens<\/a><\/strong> komplette orgelverk i <a href=\"https:\/\/www.stavanger-konserthus.no\/\" target=\"_blank\" rel=\"noreferrer noopener\">Stavanger konserthus<\/a> i 9 timer sammenhengende. <\/p>\n<\/div>\n\n\n\n<div class=\"wp-block-column is-layout-flow wp-block-column-is-layout-flow\">\n<p>I denne anledningen samlet han noen av verdens fremste organister &#8211; mange av disse med inng\u00e5ende kjennskap til komponisten og hans verker. Blant dem, franskmennene <strong><a href=\"https:\/\/thomaslacotefr.wordpress.com\/\" target=\"_blank\" rel=\"noreferrer noopener\">Thomas Lac\u00f4te<\/a><\/strong> og <strong><a href=\"https:\/\/www.thomasospital.com\/\" target=\"_blank\" rel=\"noreferrer noopener\">Thomas Ospital.<\/a><\/strong><\/p>\n\n\n\n<p>Innflytelsen fra tradisjonsrik og nyskapende fransk musikk gjenspeiles ofte i Asheims komposisjoner. Hans evne til \u00e5 forene elementer med innflytelse fra ulike musikalske og kulturelle skoler, har f\u00f8rt til en unik musikalsk dialog. Franske komponister som Claude Debussy og Maurice Ravel, kjent for impresjonisme og stemningsfulle harmoni, har utvilsomt inspirert deler av Asheims musikk.<\/p>\n<\/div>\n<\/div>\n\n\n\n<p class=\"has-text-align-center\"><strong>P\u00e5 vegne av Kulturministeren, er Nils Henrik Asheim utnevnt til ridder av den Franske Orden for Kunst og Litteratur.<\/strong><\/p>\n\n\n\n<p class=\"has-text-align-center\"><strong>Vi gratulerer!<\/strong><\/p>\n\n\n<div class=\"wp-block-image\">\n<figure class=\"aligncenter size-full\"><img loading=\"lazy\" decoding=\"async\" width=\"800\" height=\"500\" src=\"https:\/\/www.france.no\/wp-content\/uploads\/2023\/11\/NilsHAsheim-800-x-500-px.png\" alt=\"\" class=\"wp-image-6885\" srcset=\"https:\/\/www.france.no\/wp-content\/uploads\/2023\/11\/NilsHAsheim-800-x-500-px.png 800w, https:\/\/www.france.no\/wp-content\/uploads\/2023\/11\/NilsHAsheim-800-x-500-px-300x188.png 300w, https:\/\/www.france.no\/wp-content\/uploads\/2023\/11\/NilsHAsheim-800-x-500-px-768x480.png 768w\" sizes=\"auto, (max-width: 800px) 100vw, 800px\" \/><\/figure>\n<\/div>","protected":false},"excerpt":{"rendered":"<p>Den norske komponisten Nils Henrik Asheim er utnevnt til ridder av den franske Orden for Kunst og Litteratur. Nils Henrik Asheim er en norsk komponist og organist bosatt i Stavanger. Han debuterte som komponist allerede som 15-\u00e5ring, da hans bl\u00e5sekvintett Octopus ble presentert p\u00e5 Ungdommens nordiske musikkfestival i Helsingfors i 1975. Asheim har ved gjentatte [&hellip;]<\/p>\n","protected":false},"author":6,"featured_media":6891,"comment_status":"closed","ping_status":"closed","sticky":false,"template":"","format":"standard","meta":{"footnotes":""},"categories":[5,21],"tags":[],"class_list":["post-6861","post","type-post","status-publish","format-standard","has-post-thumbnail","hentry","category-kultur","category-musikk"],"yoast_head":"<!-- This site is optimized with the Yoast SEO plugin v27.3 - https:\/\/yoast.com\/product\/yoast-seo-wordpress\/ -->\n<title>Fransk medalje til komponist Nils Henrik Asheim - Institut fran\u00e7ais Kultur %<\/title>\n<meta name=\"description\" content=\"Den norske komponisten Nils Henrik Asheim er utnevnt til ridder av den franske Orden for Kunst og Litteratur. Nils Henrik Asheim er en norsk komponist og Fransk medalje til komponist Nils Henrik Asheim Institut fran\u00e7ais Kultur -\" \/>\n<meta name=\"robots\" content=\"index, follow, max-snippet:-1, max-image-preview:large, max-video-preview:-1\" \/>\n<link rel=\"canonical\" href=\"https:\/\/www.france.no\/no\/2023\/kultur\/fransk-medalje-til-komponist-nils-henrik-asheim\/\" \/>\n<meta property=\"og:locale\" content=\"nb_NO\" \/>\n<meta property=\"og:type\" content=\"article\" \/>\n<meta property=\"og:title\" content=\"Fransk medalje til komponist Nils Henrik Asheim - Institut fran\u00e7ais Kultur %\" \/>\n<meta property=\"og:description\" content=\"Den norske komponisten Nils Henrik Asheim er utnevnt til ridder av den franske Orden for Kunst og Litteratur. Nils Henrik Asheim er en norsk komponist og Fransk medalje til komponist Nils Henrik Asheim Institut fran\u00e7ais Kultur -\" \/>\n<meta property=\"og:url\" content=\"https:\/\/www.france.no\/no\/2023\/kultur\/fransk-medalje-til-komponist-nils-henrik-asheim\/\" \/>\n<meta property=\"og:site_name\" content=\"Institut fran\u00e7ais\" \/>\n<meta property=\"article:publisher\" content=\"https:\/\/www.facebook.com\/institutfrancaisoslo\" \/>\n<meta property=\"article:published_time\" content=\"2023-11-30T09:47:08+00:00\" \/>\n<meta property=\"article:modified_time\" content=\"2024-02-27T16:07:46+00:00\" \/>\n<meta property=\"og:image\" content=\"https:\/\/www.france.no\/wp-content\/uploads\/2023\/11\/NilsHAsheim-1-1-1098x617.png\" \/>\n\t<meta property=\"og:image:width\" content=\"1100\" \/>\n\t<meta property=\"og:image:height\" content=\"650\" \/>\n\t<meta property=\"og:image:type\" content=\"image\/png\" \/>\n<meta name=\"author\" content=\"P\u00f4le Communication\" \/>\n<meta name=\"twitter:card\" content=\"summary_large_image\" \/>\n<meta name=\"twitter:creator\" content=\"@ifnorvege\" \/>\n<meta name=\"twitter:site\" content=\"@ifnorvege\" \/>\n<meta name=\"twitter:label1\" content=\"Skrevet av\" \/>\n\t<meta name=\"twitter:data1\" content=\"P\u00f4le Communication\" \/>\n\t<meta name=\"twitter:label2\" content=\"Ansl. lesetid\" \/>\n\t<meta name=\"twitter:data2\" content=\"2 minutter\" \/>\n<script type=\"application\/ld+json\" class=\"yoast-schema-graph\">{\"@context\":\"https:\\\/\\\/schema.org\",\"@graph\":[{\"@type\":\"Article\",\"@id\":\"https:\\\/\\\/www.france.no\\\/no\\\/2023\\\/kultur\\\/fransk-medalje-til-komponist-nils-henrik-asheim\\\/#article\",\"isPartOf\":{\"@id\":\"https:\\\/\\\/www.france.no\\\/no\\\/2023\\\/kultur\\\/fransk-medalje-til-komponist-nils-henrik-asheim\\\/\"},\"author\":{\"name\":\"P\u00f4le Communication\",\"@id\":\"https:\\\/\\\/www.france.no\\\/no\\\/#\\\/schema\\\/person\\\/e911222e8703f294589a6d80b1c16f97\"},\"headline\":\"Fransk medalje til komponist Nils Henrik Asheim\",\"datePublished\":\"2023-11-30T09:47:08+00:00\",\"dateModified\":\"2024-02-27T16:07:46+00:00\",\"mainEntityOfPage\":{\"@id\":\"https:\\\/\\\/www.france.no\\\/no\\\/2023\\\/kultur\\\/fransk-medalje-til-komponist-nils-henrik-asheim\\\/\"},\"wordCount\":226,\"publisher\":{\"@id\":\"https:\\\/\\\/www.france.no\\\/no\\\/#organization\"},\"image\":{\"@id\":\"https:\\\/\\\/www.france.no\\\/no\\\/2023\\\/kultur\\\/fransk-medalje-til-komponist-nils-henrik-asheim\\\/#primaryimage\"},\"thumbnailUrl\":\"https:\\\/\\\/www.france.no\\\/wp-content\\\/uploads\\\/2023\\\/11\\\/NilsHAsheim-1-1-1098x617.png\",\"articleSection\":[\"Kultur\",\"Musikk\"],\"inLanguage\":\"nb-NO\"},{\"@type\":\"WebPage\",\"@id\":\"https:\\\/\\\/www.france.no\\\/no\\\/2023\\\/kultur\\\/fransk-medalje-til-komponist-nils-henrik-asheim\\\/\",\"url\":\"https:\\\/\\\/www.france.no\\\/no\\\/2023\\\/kultur\\\/fransk-medalje-til-komponist-nils-henrik-asheim\\\/\",\"name\":\"Fransk medalje til komponist Nils Henrik Asheim - Institut fran\u00e7ais Kultur %\",\"isPartOf\":{\"@id\":\"https:\\\/\\\/www.france.no\\\/no\\\/#website\"},\"primaryImageOfPage\":{\"@id\":\"https:\\\/\\\/www.france.no\\\/no\\\/2023\\\/kultur\\\/fransk-medalje-til-komponist-nils-henrik-asheim\\\/#primaryimage\"},\"image\":{\"@id\":\"https:\\\/\\\/www.france.no\\\/no\\\/2023\\\/kultur\\\/fransk-medalje-til-komponist-nils-henrik-asheim\\\/#primaryimage\"},\"thumbnailUrl\":\"https:\\\/\\\/www.france.no\\\/wp-content\\\/uploads\\\/2023\\\/11\\\/NilsHAsheim-1-1-1098x617.png\",\"datePublished\":\"2023-11-30T09:47:08+00:00\",\"dateModified\":\"2024-02-27T16:07:46+00:00\",\"description\":\"Den norske komponisten Nils Henrik Asheim er utnevnt til ridder av den franske Orden for Kunst og Litteratur. Nils Henrik Asheim er en norsk komponist og Fransk medalje til komponist Nils Henrik Asheim Institut fran\u00e7ais Kultur -\",\"breadcrumb\":{\"@id\":\"https:\\\/\\\/www.france.no\\\/no\\\/2023\\\/kultur\\\/fransk-medalje-til-komponist-nils-henrik-asheim\\\/#breadcrumb\"},\"inLanguage\":\"nb-NO\",\"potentialAction\":[{\"@type\":\"ReadAction\",\"target\":[\"https:\\\/\\\/www.france.no\\\/no\\\/2023\\\/kultur\\\/fransk-medalje-til-komponist-nils-henrik-asheim\\\/\"]}]},{\"@type\":\"ImageObject\",\"inLanguage\":\"nb-NO\",\"@id\":\"https:\\\/\\\/www.france.no\\\/no\\\/2023\\\/kultur\\\/fransk-medalje-til-komponist-nils-henrik-asheim\\\/#primaryimage\",\"url\":\"https:\\\/\\\/www.france.no\\\/wp-content\\\/uploads\\\/2023\\\/11\\\/NilsHAsheim-1-1-1098x617.png\",\"contentUrl\":\"https:\\\/\\\/www.france.no\\\/wp-content\\\/uploads\\\/2023\\\/11\\\/NilsHAsheim-1-1-1098x617.png\",\"width\":1100,\"height\":650},{\"@type\":\"BreadcrumbList\",\"@id\":\"https:\\\/\\\/www.france.no\\\/no\\\/2023\\\/kultur\\\/fransk-medalje-til-komponist-nils-henrik-asheim\\\/#breadcrumb\",\"itemListElement\":[{\"@type\":\"ListItem\",\"position\":1,\"name\":\"\",\"item\":\"https:\\\/\\\/www.france.no\\\/no\\\/\"},{\"@type\":\"ListItem\",\"position\":2,\"name\":\"Kultur\",\"item\":\"https:\\\/\\\/www.france.no\\\/no\\\/category\\\/kultur\\\/\"},{\"@type\":\"ListItem\",\"position\":3,\"name\":\"Fransk medalje til komponist Nils Henrik Asheim\"}]},{\"@type\":\"WebSite\",\"@id\":\"https:\\\/\\\/www.france.no\\\/no\\\/#website\",\"url\":\"https:\\\/\\\/www.france.no\\\/no\\\/\",\"name\":\"Institut fran\u00e7ais\",\"description\":\"Norv\u00e8ge\",\"publisher\":{\"@id\":\"https:\\\/\\\/www.france.no\\\/no\\\/#organization\"},\"potentialAction\":[{\"@type\":\"SearchAction\",\"target\":{\"@type\":\"EntryPoint\",\"urlTemplate\":\"https:\\\/\\\/www.france.no\\\/no\\\/?s={search_term_string}\"},\"query-input\":{\"@type\":\"PropertyValueSpecification\",\"valueRequired\":true,\"valueName\":\"search_term_string\"}}],\"inLanguage\":\"nb-NO\"},{\"@type\":\"Organization\",\"@id\":\"https:\\\/\\\/www.france.no\\\/no\\\/#organization\",\"name\":\"Institut fran\u00e7ais\",\"url\":\"https:\\\/\\\/www.france.no\\\/no\\\/\",\"logo\":{\"@type\":\"ImageObject\",\"inLanguage\":\"nb-NO\",\"@id\":\"https:\\\/\\\/www.france.no\\\/no\\\/#\\\/schema\\\/logo\\\/image\\\/\",\"url\":\"https:\\\/\\\/www.france.no\\\/wp-content\\\/uploads\\\/2022\\\/11\\\/IF_Logo_Sans_Bleu_RVB.png\",\"contentUrl\":\"https:\\\/\\\/www.france.no\\\/wp-content\\\/uploads\\\/2022\\\/11\\\/IF_Logo_Sans_Bleu_RVB.png\",\"width\":852,\"height\":591,\"caption\":\"Institut fran\u00e7ais\"},\"image\":{\"@id\":\"https:\\\/\\\/www.france.no\\\/no\\\/#\\\/schema\\\/logo\\\/image\\\/\"},\"sameAs\":[\"https:\\\/\\\/www.facebook.com\\\/institutfrancaisoslo\",\"https:\\\/\\\/x.com\\\/ifnorvege\",\"https:\\\/\\\/instagram.com\\\/ifnorvege\"]},{\"@type\":\"Person\",\"@id\":\"https:\\\/\\\/www.france.no\\\/no\\\/#\\\/schema\\\/person\\\/e911222e8703f294589a6d80b1c16f97\",\"name\":\"P\u00f4le Communication\",\"image\":{\"@type\":\"ImageObject\",\"inLanguage\":\"nb-NO\",\"@id\":\"https:\\\/\\\/secure.gravatar.com\\\/avatar\\\/20ae085a8b5fd613a02d28588389144802d3ba9408c852b2c6c7c4b17cc39660?s=96&d=mm&r=g\",\"url\":\"https:\\\/\\\/secure.gravatar.com\\\/avatar\\\/20ae085a8b5fd613a02d28588389144802d3ba9408c852b2c6c7c4b17cc39660?s=96&d=mm&r=g\",\"contentUrl\":\"https:\\\/\\\/secure.gravatar.com\\\/avatar\\\/20ae085a8b5fd613a02d28588389144802d3ba9408c852b2c6c7c4b17cc39660?s=96&d=mm&r=g\",\"caption\":\"P\u00f4le Communication\"},\"url\":\"https:\\\/\\\/www.france.no\\\/no\\\/author\\\/polecom\\\/\"}]}<\/script>\n<!-- \/ Yoast SEO plugin. -->","yoast_head_json":{"title":"Fransk medalje til komponist Nils Henrik Asheim - Institut fran\u00e7ais Kultur %","description":"Den norske komponisten Nils Henrik Asheim er utnevnt til ridder av den franske Orden for Kunst og Litteratur. Nils Henrik Asheim er en norsk komponist og Fransk medalje til komponist Nils Henrik Asheim Institut fran\u00e7ais Kultur -","robots":{"index":"index","follow":"follow","max-snippet":"max-snippet:-1","max-image-preview":"max-image-preview:large","max-video-preview":"max-video-preview:-1"},"canonical":"https:\/\/www.france.no\/no\/2023\/kultur\/fransk-medalje-til-komponist-nils-henrik-asheim\/","og_locale":"nb_NO","og_type":"article","og_title":"Fransk medalje til komponist Nils Henrik Asheim - Institut fran\u00e7ais Kultur %","og_description":"Den norske komponisten Nils Henrik Asheim er utnevnt til ridder av den franske Orden for Kunst og Litteratur. Nils Henrik Asheim er en norsk komponist og Fransk medalje til komponist Nils Henrik Asheim Institut fran\u00e7ais Kultur -","og_url":"https:\/\/www.france.no\/no\/2023\/kultur\/fransk-medalje-til-komponist-nils-henrik-asheim\/","og_site_name":"Institut fran\u00e7ais","article_publisher":"https:\/\/www.facebook.com\/institutfrancaisoslo","article_published_time":"2023-11-30T09:47:08+00:00","article_modified_time":"2024-02-27T16:07:46+00:00","og_image":[{"width":1100,"height":650,"url":"https:\/\/www.france.no\/wp-content\/uploads\/2023\/11\/NilsHAsheim-1-1-1098x617.png","type":"image\/png"}],"author":"P\u00f4le Communication","twitter_card":"summary_large_image","twitter_creator":"@ifnorvege","twitter_site":"@ifnorvege","twitter_misc":{"Skrevet av":"P\u00f4le Communication","Ansl. lesetid":"2 minutter"},"schema":{"@context":"https:\/\/schema.org","@graph":[{"@type":"Article","@id":"https:\/\/www.france.no\/no\/2023\/kultur\/fransk-medalje-til-komponist-nils-henrik-asheim\/#article","isPartOf":{"@id":"https:\/\/www.france.no\/no\/2023\/kultur\/fransk-medalje-til-komponist-nils-henrik-asheim\/"},"author":{"name":"P\u00f4le Communication","@id":"https:\/\/www.france.no\/no\/#\/schema\/person\/e911222e8703f294589a6d80b1c16f97"},"headline":"Fransk medalje til komponist Nils Henrik Asheim","datePublished":"2023-11-30T09:47:08+00:00","dateModified":"2024-02-27T16:07:46+00:00","mainEntityOfPage":{"@id":"https:\/\/www.france.no\/no\/2023\/kultur\/fransk-medalje-til-komponist-nils-henrik-asheim\/"},"wordCount":226,"publisher":{"@id":"https:\/\/www.france.no\/no\/#organization"},"image":{"@id":"https:\/\/www.france.no\/no\/2023\/kultur\/fransk-medalje-til-komponist-nils-henrik-asheim\/#primaryimage"},"thumbnailUrl":"https:\/\/www.france.no\/wp-content\/uploads\/2023\/11\/NilsHAsheim-1-1-1098x617.png","articleSection":["Kultur","Musikk"],"inLanguage":"nb-NO"},{"@type":"WebPage","@id":"https:\/\/www.france.no\/no\/2023\/kultur\/fransk-medalje-til-komponist-nils-henrik-asheim\/","url":"https:\/\/www.france.no\/no\/2023\/kultur\/fransk-medalje-til-komponist-nils-henrik-asheim\/","name":"Fransk medalje til komponist Nils Henrik Asheim - Institut fran\u00e7ais Kultur %","isPartOf":{"@id":"https:\/\/www.france.no\/no\/#website"},"primaryImageOfPage":{"@id":"https:\/\/www.france.no\/no\/2023\/kultur\/fransk-medalje-til-komponist-nils-henrik-asheim\/#primaryimage"},"image":{"@id":"https:\/\/www.france.no\/no\/2023\/kultur\/fransk-medalje-til-komponist-nils-henrik-asheim\/#primaryimage"},"thumbnailUrl":"https:\/\/www.france.no\/wp-content\/uploads\/2023\/11\/NilsHAsheim-1-1-1098x617.png","datePublished":"2023-11-30T09:47:08+00:00","dateModified":"2024-02-27T16:07:46+00:00","description":"Den norske komponisten Nils Henrik Asheim er utnevnt til ridder av den franske Orden for Kunst og Litteratur. Nils Henrik Asheim er en norsk komponist og Fransk medalje til komponist Nils Henrik Asheim Institut fran\u00e7ais Kultur -","breadcrumb":{"@id":"https:\/\/www.france.no\/no\/2023\/kultur\/fransk-medalje-til-komponist-nils-henrik-asheim\/#breadcrumb"},"inLanguage":"nb-NO","potentialAction":[{"@type":"ReadAction","target":["https:\/\/www.france.no\/no\/2023\/kultur\/fransk-medalje-til-komponist-nils-henrik-asheim\/"]}]},{"@type":"ImageObject","inLanguage":"nb-NO","@id":"https:\/\/www.france.no\/no\/2023\/kultur\/fransk-medalje-til-komponist-nils-henrik-asheim\/#primaryimage","url":"https:\/\/www.france.no\/wp-content\/uploads\/2023\/11\/NilsHAsheim-1-1-1098x617.png","contentUrl":"https:\/\/www.france.no\/wp-content\/uploads\/2023\/11\/NilsHAsheim-1-1-1098x617.png","width":1100,"height":650},{"@type":"BreadcrumbList","@id":"https:\/\/www.france.no\/no\/2023\/kultur\/fransk-medalje-til-komponist-nils-henrik-asheim\/#breadcrumb","itemListElement":[{"@type":"ListItem","position":1,"name":"","item":"https:\/\/www.france.no\/no\/"},{"@type":"ListItem","position":2,"name":"Kultur","item":"https:\/\/www.france.no\/no\/category\/kultur\/"},{"@type":"ListItem","position":3,"name":"Fransk medalje til komponist Nils Henrik Asheim"}]},{"@type":"WebSite","@id":"https:\/\/www.france.no\/no\/#website","url":"https:\/\/www.france.no\/no\/","name":"Institut fran\u00e7ais","description":"Norv\u00e8ge","publisher":{"@id":"https:\/\/www.france.no\/no\/#organization"},"potentialAction":[{"@type":"SearchAction","target":{"@type":"EntryPoint","urlTemplate":"https:\/\/www.france.no\/no\/?s={search_term_string}"},"query-input":{"@type":"PropertyValueSpecification","valueRequired":true,"valueName":"search_term_string"}}],"inLanguage":"nb-NO"},{"@type":"Organization","@id":"https:\/\/www.france.no\/no\/#organization","name":"Institut fran\u00e7ais","url":"https:\/\/www.france.no\/no\/","logo":{"@type":"ImageObject","inLanguage":"nb-NO","@id":"https:\/\/www.france.no\/no\/#\/schema\/logo\/image\/","url":"https:\/\/www.france.no\/wp-content\/uploads\/2022\/11\/IF_Logo_Sans_Bleu_RVB.png","contentUrl":"https:\/\/www.france.no\/wp-content\/uploads\/2022\/11\/IF_Logo_Sans_Bleu_RVB.png","width":852,"height":591,"caption":"Institut fran\u00e7ais"},"image":{"@id":"https:\/\/www.france.no\/no\/#\/schema\/logo\/image\/"},"sameAs":["https:\/\/www.facebook.com\/institutfrancaisoslo","https:\/\/x.com\/ifnorvege","https:\/\/instagram.com\/ifnorvege"]},{"@type":"Person","@id":"https:\/\/www.france.no\/no\/#\/schema\/person\/e911222e8703f294589a6d80b1c16f97","name":"P\u00f4le Communication","image":{"@type":"ImageObject","inLanguage":"nb-NO","@id":"https:\/\/secure.gravatar.com\/avatar\/20ae085a8b5fd613a02d28588389144802d3ba9408c852b2c6c7c4b17cc39660?s=96&d=mm&r=g","url":"https:\/\/secure.gravatar.com\/avatar\/20ae085a8b5fd613a02d28588389144802d3ba9408c852b2c6c7c4b17cc39660?s=96&d=mm&r=g","contentUrl":"https:\/\/secure.gravatar.com\/avatar\/20ae085a8b5fd613a02d28588389144802d3ba9408c852b2c6c7c4b17cc39660?s=96&d=mm&r=g","caption":"P\u00f4le Communication"},"url":"https:\/\/www.france.no\/no\/author\/polecom\/"}]}},"_links":{"self":[{"href":"https:\/\/www.france.no\/no\/wp-json\/wp\/v2\/posts\/6861","targetHints":{"allow":["GET"]}}],"collection":[{"href":"https:\/\/www.france.no\/no\/wp-json\/wp\/v2\/posts"}],"about":[{"href":"https:\/\/www.france.no\/no\/wp-json\/wp\/v2\/types\/post"}],"author":[{"embeddable":true,"href":"https:\/\/www.france.no\/no\/wp-json\/wp\/v2\/users\/6"}],"replies":[{"embeddable":true,"href":"https:\/\/www.france.no\/no\/wp-json\/wp\/v2\/comments?post=6861"}],"version-history":[{"count":7,"href":"https:\/\/www.france.no\/no\/wp-json\/wp\/v2\/posts\/6861\/revisions"}],"predecessor-version":[{"id":6902,"href":"https:\/\/www.france.no\/no\/wp-json\/wp\/v2\/posts\/6861\/revisions\/6902"}],"wp:featuredmedia":[{"embeddable":true,"href":"https:\/\/www.france.no\/no\/wp-json\/wp\/v2\/media\/6891"}],"wp:attachment":[{"href":"https:\/\/www.france.no\/no\/wp-json\/wp\/v2\/media?parent=6861"}],"wp:term":[{"taxonomy":"category","embeddable":true,"href":"https:\/\/www.france.no\/no\/wp-json\/wp\/v2\/categories?post=6861"},{"taxonomy":"post_tag","embeddable":true,"href":"https:\/\/www.france.no\/no\/wp-json\/wp\/v2\/tags?post=6861"}],"curies":[{"name":"wp","href":"https:\/\/api.w.org\/{rel}","templated":true}]}}