{"id":6903,"date":"2023-12-01T09:22:28","date_gmt":"2023-12-01T08:22:28","guid":{"rendered":"https:\/\/www.france.no\/?p=6903"},"modified":"2024-10-18T15:49:06","modified_gmt":"2024-10-18T13:49:06","slug":"concours-de-la-francophonie-2024","status":"publish","type":"post","link":"https:\/\/www.france.no\/no\/2023\/utdanning-og-fransk-sprak\/concours-de-la-francophonie-2024\/","title":{"rendered":"CONCOURS DE LA FRANCOPHONIE\u00a0"},"content":{"rendered":"\n<p class=\"has-background-color has-secondary-background-color has-text-color has-background has-link-color wp-elements-37c0a777b32a741b7367fb1cf11f107a\"><strong>DUR\u00c9E DU CONCOURS EN NORV\u00c8GE : DU 1ER DECEMBRE 2023\u202fAU 22 MARS\u202f2024<\/strong><\/p>\n\n\n\n<p><strong>\u202f\u201cVoyage en Francophonie\u201d&nbsp;: Concours de la Francophonie pour les classes de fran\u00e7ais en Norv\u00e8ge<\/strong>.<\/p>\n\n\n\n<p>Chaque ann\u00e9e, l\u2019Institut fran\u00e7ais de Norv\u00e8ge organise le \u00ab Concours de la Francophonie \u00bb pour les classes de fran\u00e7ais en Norv\u00e8ge.\u202f&nbsp;<\/p>\n\n\n\n<p>Pour 2024, l\u2019Institut Fran\u00e7ais de Norv\u00e8ge, en collaboration avec le <a href=\"https:\/\/www.hiof.no\/fss\/\" target=\"_blank\" rel=\"noreferrer noopener\">Fremmedspr\u00e5ksenteret<\/a> et l\u2019<a href=\"https:\/\/fransklaereren.no\/\" target=\"_blank\" rel=\"noreferrer noopener\">Association nationale des professeurs de fran\u00e7ais (ANEF)<\/a>, vous propose de continuer ce parcours virtuel au sein de la Francophonie, \u00e0 travers la Roumanie, la Louisiane, la Tunisie, la France et l\u2019\u00eele Maurice. Plus pr\u00e9cis\u00e9ment, <strong>nous lancerons un d\u00e9fi toutes les deux semaines<\/strong> qui permettra aux \u00e9l\u00e8ves de fran\u00e7ais de d\u00e9couvrir un ou plusieurs aspects culturels d\u2019un pays francophone. A travers ce voyage, vous d\u00e9couvrirez que le fran\u00e7ais est vraiment une langue internationale !\u202f\u00a0<\/p>\n\n\n\n<p><strong>Les \u00e9preuves d\u00e9buteront <\/strong><strong>le 3 janvier 2024 <\/strong>pour se terminer<strong>, <\/strong><strong>le 22 mars 2024,<\/strong><strong> par une grande finale<\/strong>\u202fqui d\u00e9partagera les meilleures \u00e9quipes.&nbsp;<\/p>\n\n\n\n<p>Ce concours s\u2019adresse aux classes de fran\u00e7ais des coll\u00e8ges et des lyc\u00e9es norv\u00e9giens.&nbsp;<\/p>\n\n\n\n<p>Participation gratuite.&nbsp;<\/p>\n\n\n\n<p><strong>Pour inscrire votre classe<\/strong>, vous devez envoyer :&nbsp;<\/p>\n\n\n\n<ul class=\"wp-block-list\">\n<li>Le nom de votre \u00e9cole et la commune\/ville&nbsp;<\/li>\n\n\n\n<li>Le nom de la classe&nbsp;<\/li>\n\n\n\n<li>Le nom du professeur responsable et son adresse \u00e9lectronique \u00e0&nbsp;<a href=\"https:\/\/web.archive.org\/web\/20221205012248\/mailto:francophonie@france.no\" target=\"_blank\" rel=\"noreferrer noopener\"><strong>francophonie@france.no<\/strong><\/a>&nbsp;<\/li>\n<\/ul>\n\n\n\n<p class=\"has-background-color has-secondary-background-color has-text-color has-background has-link-color wp-elements-1002154f02d719f5b664a440d4f19997\"><strong>Le premier d\u00e9fi sera disponible \u00e0 partir du 3 janvier 2024<\/strong>, en suivant ce lien: <a href=\"https:\/\/www.thinglink.com\/card\/1783264232435876517\" target=\"_blank\" rel=\"noreferrer noopener\">https:\/\/www.thinglink.com\/card\/1783264232435876517<\/a>\u00a0<\/p>\n\n\n\n<p>Nous vous renverrons le lien pour acc\u00e9der au parcours o\u00f9 un nouveau d\u00e9fi linguistique vous attendra les semaines 3, 5, 7 et 10.&nbsp;<\/p>\n\n\n\n<p>Nous accepterons une r\u00e9ponse par classe. Chaque d\u00e9fi relev\u00e9, dans la limite du temps imparti, vous donnera des points. Vous pouvez entrer dans le concours \u00e0 tout moment ou d\u00e9cider de sauter un d\u00e9fi, mais vous ne gagnerez pas de point.&nbsp;<\/p>\n\n\n\n<p>Les classes qui auront le plus de points participeront \u00e0 un\u202f<strong>Kahoot final<\/strong>\u202fqui portera sur les pays visit\u00e9s. Les trois classes qui monteront sur le podium recevront un prix en argent que leur enseignant utilisera \u00e0 bon escient avec eux.&nbsp;<\/p>\n\n\n\n<p class=\"has-text-align-left\"><strong>Prix \u00e0 gagner :<\/strong>&nbsp;<\/p>\n\n\n\n<ul class=\"wp-block-list\">\n<li>1er prix 1500 kr&nbsp;<\/li>\n\n\n\n<li>2e prix 1000 kr<\/li>\n\n\n\n<li>3e prix 500 kr&nbsp;<\/li>\n<\/ul>\n\n\n\n<p>Les professeurs recevront du mat\u00e9riel p\u00e9dagogique.&nbsp;<\/p>\n\n\n\n<p class=\"has-text-align-center\"><strong>A vous de jouer !<\/strong>&nbsp;<\/p>\n\n\n\n<figure class=\"wp-block-embed is-type-video is-provider-youtube wp-block-embed-youtube wp-embed-aspect-16-9 wp-has-aspect-ratio\"><div class=\"wp-block-embed__wrapper\">\n<div class=\"rve\" data-content-width=\"580\"><iframe loading=\"lazy\" title=\"La langue fran\u00e7aise dans le monde (2022)\" width=\"580\" height=\"326\" src=\"https:\/\/www.youtube.com\/embed\/9O6hN1mj6j4?feature=oembed\" frameborder=\"0\" allow=\"accelerometer; autoplay; clipboard-write; encrypted-media; gyroscope; picture-in-picture; web-share\" referrerpolicy=\"strict-origin-when-cross-origin\" allowfullscreen><\/iframe><\/div><!-- Responsive Video Embeds plugin by www.kevinleary.net -->\n<\/div><\/figure>\n","protected":false},"excerpt":{"rendered":"<p>DUR\u00c9E DU CONCOURS EN NORV\u00c8GE : DU 1ER DECEMBRE 2023\u202fAU 22 MARS\u202f2024 \u202f\u201cVoyage en Francophonie\u201d&nbsp;: Concours de la Francophonie pour les classes de fran\u00e7ais en Norv\u00e8ge. Chaque ann\u00e9e, l\u2019Institut fran\u00e7ais de Norv\u00e8ge organise le \u00ab Concours de la Francophonie \u00bb pour les classes de fran\u00e7ais en Norv\u00e8ge.\u202f&nbsp; Pour 2024, l\u2019Institut Fran\u00e7ais de Norv\u00e8ge, en collaboration [&hellip;]<\/p>\n","protected":false},"author":6,"featured_media":6768,"comment_status":"closed","ping_status":"closed","sticky":false,"template":"","format":"standard","meta":{"footnotes":""},"categories":[13],"tags":[],"class_list":["post-6903","post","type-post","status-publish","format-standard","has-post-thumbnail","hentry","category-utdanning-og-fransk-sprak"],"yoast_head":"<!-- This site is optimized with the Yoast SEO plugin v27.3 - https:\/\/yoast.com\/product\/yoast-seo-wordpress\/ -->\n<title>CONCOURS DE LA FRANCOPHONIE\u00a0 - Institut fran\u00e7ais<\/title>\n<meta name=\"robots\" content=\"index, follow, max-snippet:-1, max-image-preview:large, max-video-preview:-1\" \/>\n<link rel=\"canonical\" href=\"https:\/\/www.france.no\/no\/2023\/utdanning-og-fransk-sprak\/concours-de-la-francophonie-2024\/\" \/>\n<meta property=\"og:locale\" content=\"nb_NO\" \/>\n<meta property=\"og:type\" content=\"article\" \/>\n<meta property=\"og:title\" content=\"CONCOURS DE LA FRANCOPHONIE\u00a0 - Institut fran\u00e7ais\" \/>\n<meta property=\"og:description\" content=\"DUR\u00c9E DU CONCOURS EN NORV\u00c8GE : DU 1ER DECEMBRE 2023\u202fAU 22 MARS\u202f2024 \u202f\u201cVoyage en Francophonie\u201d&nbsp;: Concours de la Francophonie pour les classes de fran\u00e7ais en Norv\u00e8ge. Chaque ann\u00e9e, l\u2019Institut fran\u00e7ais de Norv\u00e8ge organise le \u00ab Concours de la Francophonie \u00bb pour les classes de fran\u00e7ais en Norv\u00e8ge.\u202f&nbsp; Pour 2024, l\u2019Institut Fran\u00e7ais de Norv\u00e8ge, en collaboration [&hellip;]\" \/>\n<meta property=\"og:url\" content=\"https:\/\/www.france.no\/no\/2023\/utdanning-og-fransk-sprak\/concours-de-la-francophonie-2024\/\" \/>\n<meta property=\"og:site_name\" content=\"Institut fran\u00e7ais\" \/>\n<meta property=\"article:publisher\" content=\"https:\/\/www.facebook.com\/institutfrancaisoslo\" \/>\n<meta property=\"article:published_time\" content=\"2023-12-01T08:22:28+00:00\" \/>\n<meta property=\"article:modified_time\" content=\"2024-10-18T13:49:06+00:00\" \/>\n<meta property=\"og:image\" content=\"https:\/\/www.france.no\/wp-content\/uploads\/2023\/11\/1.png\" \/>\n\t<meta property=\"og:image:width\" content=\"950\" \/>\n\t<meta property=\"og:image:height\" content=\"500\" \/>\n\t<meta property=\"og:image:type\" content=\"image\/png\" \/>\n<meta name=\"author\" content=\"P\u00f4le Communication\" \/>\n<meta name=\"twitter:card\" content=\"summary_large_image\" \/>\n<meta name=\"twitter:creator\" content=\"@ifnorvege\" \/>\n<meta name=\"twitter:site\" content=\"@ifnorvege\" \/>\n<meta name=\"twitter:label1\" content=\"Skrevet av\" \/>\n\t<meta name=\"twitter:data1\" content=\"P\u00f4le Communication\" \/>\n\t<meta name=\"twitter:label2\" content=\"Ansl. lesetid\" \/>\n\t<meta name=\"twitter:data2\" content=\"2 minutter\" \/>\n<script type=\"application\/ld+json\" class=\"yoast-schema-graph\">{\"@context\":\"https:\\\/\\\/schema.org\",\"@graph\":[{\"@type\":\"Article\",\"@id\":\"https:\\\/\\\/www.france.no\\\/no\\\/2023\\\/utdanning-og-fransk-sprak\\\/concours-de-la-francophonie-2024\\\/#article\",\"isPartOf\":{\"@id\":\"https:\\\/\\\/www.france.no\\\/no\\\/2023\\\/utdanning-og-fransk-sprak\\\/concours-de-la-francophonie-2024\\\/\"},\"author\":{\"name\":\"P\u00f4le Communication\",\"@id\":\"https:\\\/\\\/www.france.no\\\/no\\\/#\\\/schema\\\/person\\\/e911222e8703f294589a6d80b1c16f97\"},\"headline\":\"CONCOURS DE LA FRANCOPHONIE\u00a0\",\"datePublished\":\"2023-12-01T08:22:28+00:00\",\"dateModified\":\"2024-10-18T13:49:06+00:00\",\"mainEntityOfPage\":{\"@id\":\"https:\\\/\\\/www.france.no\\\/no\\\/2023\\\/utdanning-og-fransk-sprak\\\/concours-de-la-francophonie-2024\\\/\"},\"wordCount\":400,\"publisher\":{\"@id\":\"https:\\\/\\\/www.france.no\\\/no\\\/#organization\"},\"image\":{\"@id\":\"https:\\\/\\\/www.france.no\\\/no\\\/2023\\\/utdanning-og-fransk-sprak\\\/concours-de-la-francophonie-2024\\\/#primaryimage\"},\"thumbnailUrl\":\"https:\\\/\\\/www.france.no\\\/wp-content\\\/uploads\\\/2023\\\/11\\\/1.png\",\"articleSection\":[\"Utdannelse og Fransk spr\u00e5ksamarbeid\"],\"inLanguage\":\"nb-NO\"},{\"@type\":\"WebPage\",\"@id\":\"https:\\\/\\\/www.france.no\\\/no\\\/2023\\\/utdanning-og-fransk-sprak\\\/concours-de-la-francophonie-2024\\\/\",\"url\":\"https:\\\/\\\/www.france.no\\\/no\\\/2023\\\/utdanning-og-fransk-sprak\\\/concours-de-la-francophonie-2024\\\/\",\"name\":\"CONCOURS DE LA FRANCOPHONIE\u00a0 - Institut fran\u00e7ais\",\"isPartOf\":{\"@id\":\"https:\\\/\\\/www.france.no\\\/no\\\/#website\"},\"primaryImageOfPage\":{\"@id\":\"https:\\\/\\\/www.france.no\\\/no\\\/2023\\\/utdanning-og-fransk-sprak\\\/concours-de-la-francophonie-2024\\\/#primaryimage\"},\"image\":{\"@id\":\"https:\\\/\\\/www.france.no\\\/no\\\/2023\\\/utdanning-og-fransk-sprak\\\/concours-de-la-francophonie-2024\\\/#primaryimage\"},\"thumbnailUrl\":\"https:\\\/\\\/www.france.no\\\/wp-content\\\/uploads\\\/2023\\\/11\\\/1.png\",\"datePublished\":\"2023-12-01T08:22:28+00:00\",\"dateModified\":\"2024-10-18T13:49:06+00:00\",\"breadcrumb\":{\"@id\":\"https:\\\/\\\/www.france.no\\\/no\\\/2023\\\/utdanning-og-fransk-sprak\\\/concours-de-la-francophonie-2024\\\/#breadcrumb\"},\"inLanguage\":\"nb-NO\",\"potentialAction\":[{\"@type\":\"ReadAction\",\"target\":[\"https:\\\/\\\/www.france.no\\\/no\\\/2023\\\/utdanning-og-fransk-sprak\\\/concours-de-la-francophonie-2024\\\/\"]}]},{\"@type\":\"ImageObject\",\"inLanguage\":\"nb-NO\",\"@id\":\"https:\\\/\\\/www.france.no\\\/no\\\/2023\\\/utdanning-og-fransk-sprak\\\/concours-de-la-francophonie-2024\\\/#primaryimage\",\"url\":\"https:\\\/\\\/www.france.no\\\/wp-content\\\/uploads\\\/2023\\\/11\\\/1.png\",\"contentUrl\":\"https:\\\/\\\/www.france.no\\\/wp-content\\\/uploads\\\/2023\\\/11\\\/1.png\",\"width\":950,\"height\":500},{\"@type\":\"BreadcrumbList\",\"@id\":\"https:\\\/\\\/www.france.no\\\/no\\\/2023\\\/utdanning-og-fransk-sprak\\\/concours-de-la-francophonie-2024\\\/#breadcrumb\",\"itemListElement\":[{\"@type\":\"ListItem\",\"position\":1,\"name\":\"\",\"item\":\"https:\\\/\\\/www.france.no\\\/no\\\/\"},{\"@type\":\"ListItem\",\"position\":2,\"name\":\"Utdannelse og Fransk spr\u00e5ksamarbeid\",\"item\":\"https:\\\/\\\/www.france.no\\\/no\\\/category\\\/utdanning-og-fransk-sprak\\\/\"},{\"@type\":\"ListItem\",\"position\":3,\"name\":\"CONCOURS DE LA FRANCOPHONIE\u00a0\"}]},{\"@type\":\"WebSite\",\"@id\":\"https:\\\/\\\/www.france.no\\\/no\\\/#website\",\"url\":\"https:\\\/\\\/www.france.no\\\/no\\\/\",\"name\":\"Institut fran\u00e7ais\",\"description\":\"Norv\u00e8ge\",\"publisher\":{\"@id\":\"https:\\\/\\\/www.france.no\\\/no\\\/#organization\"},\"potentialAction\":[{\"@type\":\"SearchAction\",\"target\":{\"@type\":\"EntryPoint\",\"urlTemplate\":\"https:\\\/\\\/www.france.no\\\/no\\\/?s={search_term_string}\"},\"query-input\":{\"@type\":\"PropertyValueSpecification\",\"valueRequired\":true,\"valueName\":\"search_term_string\"}}],\"inLanguage\":\"nb-NO\"},{\"@type\":\"Organization\",\"@id\":\"https:\\\/\\\/www.france.no\\\/no\\\/#organization\",\"name\":\"Institut fran\u00e7ais\",\"url\":\"https:\\\/\\\/www.france.no\\\/no\\\/\",\"logo\":{\"@type\":\"ImageObject\",\"inLanguage\":\"nb-NO\",\"@id\":\"https:\\\/\\\/www.france.no\\\/no\\\/#\\\/schema\\\/logo\\\/image\\\/\",\"url\":\"https:\\\/\\\/www.france.no\\\/wp-content\\\/uploads\\\/2022\\\/11\\\/IF_Logo_Sans_Bleu_RVB.png\",\"contentUrl\":\"https:\\\/\\\/www.france.no\\\/wp-content\\\/uploads\\\/2022\\\/11\\\/IF_Logo_Sans_Bleu_RVB.png\",\"width\":852,\"height\":591,\"caption\":\"Institut fran\u00e7ais\"},\"image\":{\"@id\":\"https:\\\/\\\/www.france.no\\\/no\\\/#\\\/schema\\\/logo\\\/image\\\/\"},\"sameAs\":[\"https:\\\/\\\/www.facebook.com\\\/institutfrancaisoslo\",\"https:\\\/\\\/x.com\\\/ifnorvege\",\"https:\\\/\\\/instagram.com\\\/ifnorvege\"]},{\"@type\":\"Person\",\"@id\":\"https:\\\/\\\/www.france.no\\\/no\\\/#\\\/schema\\\/person\\\/e911222e8703f294589a6d80b1c16f97\",\"name\":\"P\u00f4le Communication\",\"image\":{\"@type\":\"ImageObject\",\"inLanguage\":\"nb-NO\",\"@id\":\"https:\\\/\\\/secure.gravatar.com\\\/avatar\\\/20ae085a8b5fd613a02d28588389144802d3ba9408c852b2c6c7c4b17cc39660?s=96&d=mm&r=g\",\"url\":\"https:\\\/\\\/secure.gravatar.com\\\/avatar\\\/20ae085a8b5fd613a02d28588389144802d3ba9408c852b2c6c7c4b17cc39660?s=96&d=mm&r=g\",\"contentUrl\":\"https:\\\/\\\/secure.gravatar.com\\\/avatar\\\/20ae085a8b5fd613a02d28588389144802d3ba9408c852b2c6c7c4b17cc39660?s=96&d=mm&r=g\",\"caption\":\"P\u00f4le Communication\"},\"url\":\"https:\\\/\\\/www.france.no\\\/no\\\/author\\\/polecom\\\/\"}]}<\/script>\n<!-- \/ Yoast SEO plugin. -->","yoast_head_json":{"title":"CONCOURS DE LA FRANCOPHONIE\u00a0 - Institut fran\u00e7ais","robots":{"index":"index","follow":"follow","max-snippet":"max-snippet:-1","max-image-preview":"max-image-preview:large","max-video-preview":"max-video-preview:-1"},"canonical":"https:\/\/www.france.no\/no\/2023\/utdanning-og-fransk-sprak\/concours-de-la-francophonie-2024\/","og_locale":"nb_NO","og_type":"article","og_title":"CONCOURS DE LA FRANCOPHONIE\u00a0 - Institut fran\u00e7ais","og_description":"DUR\u00c9E DU CONCOURS EN NORV\u00c8GE : DU 1ER DECEMBRE 2023\u202fAU 22 MARS\u202f2024 \u202f\u201cVoyage en Francophonie\u201d&nbsp;: Concours de la Francophonie pour les classes de fran\u00e7ais en Norv\u00e8ge. Chaque ann\u00e9e, l\u2019Institut fran\u00e7ais de Norv\u00e8ge organise le \u00ab Concours de la Francophonie \u00bb pour les classes de fran\u00e7ais en Norv\u00e8ge.\u202f&nbsp; Pour 2024, l\u2019Institut Fran\u00e7ais de Norv\u00e8ge, en collaboration [&hellip;]","og_url":"https:\/\/www.france.no\/no\/2023\/utdanning-og-fransk-sprak\/concours-de-la-francophonie-2024\/","og_site_name":"Institut fran\u00e7ais","article_publisher":"https:\/\/www.facebook.com\/institutfrancaisoslo","article_published_time":"2023-12-01T08:22:28+00:00","article_modified_time":"2024-10-18T13:49:06+00:00","og_image":[{"width":950,"height":500,"url":"https:\/\/www.france.no\/wp-content\/uploads\/2023\/11\/1.png","type":"image\/png"}],"author":"P\u00f4le Communication","twitter_card":"summary_large_image","twitter_creator":"@ifnorvege","twitter_site":"@ifnorvege","twitter_misc":{"Skrevet av":"P\u00f4le Communication","Ansl. lesetid":"2 minutter"},"schema":{"@context":"https:\/\/schema.org","@graph":[{"@type":"Article","@id":"https:\/\/www.france.no\/no\/2023\/utdanning-og-fransk-sprak\/concours-de-la-francophonie-2024\/#article","isPartOf":{"@id":"https:\/\/www.france.no\/no\/2023\/utdanning-og-fransk-sprak\/concours-de-la-francophonie-2024\/"},"author":{"name":"P\u00f4le Communication","@id":"https:\/\/www.france.no\/no\/#\/schema\/person\/e911222e8703f294589a6d80b1c16f97"},"headline":"CONCOURS DE LA FRANCOPHONIE\u00a0","datePublished":"2023-12-01T08:22:28+00:00","dateModified":"2024-10-18T13:49:06+00:00","mainEntityOfPage":{"@id":"https:\/\/www.france.no\/no\/2023\/utdanning-og-fransk-sprak\/concours-de-la-francophonie-2024\/"},"wordCount":400,"publisher":{"@id":"https:\/\/www.france.no\/no\/#organization"},"image":{"@id":"https:\/\/www.france.no\/no\/2023\/utdanning-og-fransk-sprak\/concours-de-la-francophonie-2024\/#primaryimage"},"thumbnailUrl":"https:\/\/www.france.no\/wp-content\/uploads\/2023\/11\/1.png","articleSection":["Utdannelse og Fransk spr\u00e5ksamarbeid"],"inLanguage":"nb-NO"},{"@type":"WebPage","@id":"https:\/\/www.france.no\/no\/2023\/utdanning-og-fransk-sprak\/concours-de-la-francophonie-2024\/","url":"https:\/\/www.france.no\/no\/2023\/utdanning-og-fransk-sprak\/concours-de-la-francophonie-2024\/","name":"CONCOURS DE LA FRANCOPHONIE\u00a0 - Institut fran\u00e7ais","isPartOf":{"@id":"https:\/\/www.france.no\/no\/#website"},"primaryImageOfPage":{"@id":"https:\/\/www.france.no\/no\/2023\/utdanning-og-fransk-sprak\/concours-de-la-francophonie-2024\/#primaryimage"},"image":{"@id":"https:\/\/www.france.no\/no\/2023\/utdanning-og-fransk-sprak\/concours-de-la-francophonie-2024\/#primaryimage"},"thumbnailUrl":"https:\/\/www.france.no\/wp-content\/uploads\/2023\/11\/1.png","datePublished":"2023-12-01T08:22:28+00:00","dateModified":"2024-10-18T13:49:06+00:00","breadcrumb":{"@id":"https:\/\/www.france.no\/no\/2023\/utdanning-og-fransk-sprak\/concours-de-la-francophonie-2024\/#breadcrumb"},"inLanguage":"nb-NO","potentialAction":[{"@type":"ReadAction","target":["https:\/\/www.france.no\/no\/2023\/utdanning-og-fransk-sprak\/concours-de-la-francophonie-2024\/"]}]},{"@type":"ImageObject","inLanguage":"nb-NO","@id":"https:\/\/www.france.no\/no\/2023\/utdanning-og-fransk-sprak\/concours-de-la-francophonie-2024\/#primaryimage","url":"https:\/\/www.france.no\/wp-content\/uploads\/2023\/11\/1.png","contentUrl":"https:\/\/www.france.no\/wp-content\/uploads\/2023\/11\/1.png","width":950,"height":500},{"@type":"BreadcrumbList","@id":"https:\/\/www.france.no\/no\/2023\/utdanning-og-fransk-sprak\/concours-de-la-francophonie-2024\/#breadcrumb","itemListElement":[{"@type":"ListItem","position":1,"name":"","item":"https:\/\/www.france.no\/no\/"},{"@type":"ListItem","position":2,"name":"Utdannelse og Fransk spr\u00e5ksamarbeid","item":"https:\/\/www.france.no\/no\/category\/utdanning-og-fransk-sprak\/"},{"@type":"ListItem","position":3,"name":"CONCOURS DE LA FRANCOPHONIE\u00a0"}]},{"@type":"WebSite","@id":"https:\/\/www.france.no\/no\/#website","url":"https:\/\/www.france.no\/no\/","name":"Institut fran\u00e7ais","description":"Norv\u00e8ge","publisher":{"@id":"https:\/\/www.france.no\/no\/#organization"},"potentialAction":[{"@type":"SearchAction","target":{"@type":"EntryPoint","urlTemplate":"https:\/\/www.france.no\/no\/?s={search_term_string}"},"query-input":{"@type":"PropertyValueSpecification","valueRequired":true,"valueName":"search_term_string"}}],"inLanguage":"nb-NO"},{"@type":"Organization","@id":"https:\/\/www.france.no\/no\/#organization","name":"Institut fran\u00e7ais","url":"https:\/\/www.france.no\/no\/","logo":{"@type":"ImageObject","inLanguage":"nb-NO","@id":"https:\/\/www.france.no\/no\/#\/schema\/logo\/image\/","url":"https:\/\/www.france.no\/wp-content\/uploads\/2022\/11\/IF_Logo_Sans_Bleu_RVB.png","contentUrl":"https:\/\/www.france.no\/wp-content\/uploads\/2022\/11\/IF_Logo_Sans_Bleu_RVB.png","width":852,"height":591,"caption":"Institut fran\u00e7ais"},"image":{"@id":"https:\/\/www.france.no\/no\/#\/schema\/logo\/image\/"},"sameAs":["https:\/\/www.facebook.com\/institutfrancaisoslo","https:\/\/x.com\/ifnorvege","https:\/\/instagram.com\/ifnorvege"]},{"@type":"Person","@id":"https:\/\/www.france.no\/no\/#\/schema\/person\/e911222e8703f294589a6d80b1c16f97","name":"P\u00f4le Communication","image":{"@type":"ImageObject","inLanguage":"nb-NO","@id":"https:\/\/secure.gravatar.com\/avatar\/20ae085a8b5fd613a02d28588389144802d3ba9408c852b2c6c7c4b17cc39660?s=96&d=mm&r=g","url":"https:\/\/secure.gravatar.com\/avatar\/20ae085a8b5fd613a02d28588389144802d3ba9408c852b2c6c7c4b17cc39660?s=96&d=mm&r=g","contentUrl":"https:\/\/secure.gravatar.com\/avatar\/20ae085a8b5fd613a02d28588389144802d3ba9408c852b2c6c7c4b17cc39660?s=96&d=mm&r=g","caption":"P\u00f4le Communication"},"url":"https:\/\/www.france.no\/no\/author\/polecom\/"}]}},"_links":{"self":[{"href":"https:\/\/www.france.no\/no\/wp-json\/wp\/v2\/posts\/6903","targetHints":{"allow":["GET"]}}],"collection":[{"href":"https:\/\/www.france.no\/no\/wp-json\/wp\/v2\/posts"}],"about":[{"href":"https:\/\/www.france.no\/no\/wp-json\/wp\/v2\/types\/post"}],"author":[{"embeddable":true,"href":"https:\/\/www.france.no\/no\/wp-json\/wp\/v2\/users\/6"}],"replies":[{"embeddable":true,"href":"https:\/\/www.france.no\/no\/wp-json\/wp\/v2\/comments?post=6903"}],"version-history":[{"count":1,"href":"https:\/\/www.france.no\/no\/wp-json\/wp\/v2\/posts\/6903\/revisions"}],"predecessor-version":[{"id":6904,"href":"https:\/\/www.france.no\/no\/wp-json\/wp\/v2\/posts\/6903\/revisions\/6904"}],"wp:featuredmedia":[{"embeddable":true,"href":"https:\/\/www.france.no\/no\/wp-json\/wp\/v2\/media\/6768"}],"wp:attachment":[{"href":"https:\/\/www.france.no\/no\/wp-json\/wp\/v2\/media?parent=6903"}],"wp:term":[{"taxonomy":"category","embeddable":true,"href":"https:\/\/www.france.no\/no\/wp-json\/wp\/v2\/categories?post=6903"},{"taxonomy":"post_tag","embeddable":true,"href":"https:\/\/www.france.no\/no\/wp-json\/wp\/v2\/tags?post=6903"}],"curies":[{"name":"wp","href":"https:\/\/api.w.org\/{rel}","templated":true}]}}