{"id":7043,"date":"2023-12-12T09:29:48","date_gmt":"2023-12-12T08:29:48","guid":{"rendered":"https:\/\/www.france.no\/?p=7043"},"modified":"2023-12-14T11:09:43","modified_gmt":"2023-12-14T10:09:43","slug":"nobels-fredspris-forum","status":"publish","type":"post","link":"https:\/\/www.france.no\/no\/2023\/kultur\/nobels-fredspris-forum\/","title":{"rendered":"Nobels Fredspris Forum"},"content":{"rendered":"\n<p><strong>I forbindelse med tildelingen av <a href=\"https:\/\/www.nobelprize.org\/\" target=\"_blank\" rel=\"noreferrer noopener\">Nobels fredspris 2023<\/a> som gikk til den iranske menneskerettsaktivisten og journalisten <a href=\"https:\/\/no.wikipedia.org\/wiki\/Narges_Mohammadi\" target=\"_blank\" rel=\"noreferrer noopener\">Narges Mohammadi<\/a>, arrangerte Det Norske Nobelinstitutt <a href=\"https:\/\/www.nobelpeaceprize.org\/research\/nobel-peace-prize-forum\/\" target=\"_blank\" rel=\"noreferrer noopener\">forumet &laquo;Iran, Burning for Democracy&raquo;<\/a> den 11. desember i aulaen til UiO.<\/strong><\/p>\n\n\n\n<p>Forumet er en arena for tverrfaglig diskusjon og refleksjon. \u00c5rets utgave ga de som kjemper for demokrati og menneskerettigheter i Iran muligheten til \u00e5 bli h\u00f8rt. Ved \u00e5 lytte til disse vitnesbyrdene lot s\u00e5ledes Nobelinstituttet Narges Mohammadis kamp f\u00e5 gjenklang.<\/p>\n\n\n\n<p><em>Det er en stor glede for l\u2019Institut fran\u00e7ais de Norv\u00e8ge \u00e5 st\u00f8tte tilstedev\u00e6relsen til generalsekret\u00e6r i <a href=\"https:\/\/amnesty.no\/stott-oss?gclid=CjwKCAiAg9urBhB_EiwAgw88md3itga_HuAxiSaQAOObTwUeyD97s9U2h6nblDfHS1LbPU8v_sDhpRoCtxsQAvD_BwE\" target=\"_blank\" rel=\"noreferrer noopener\">Amnesty International<\/a>, <a href=\"https:\/\/en.wikipedia.org\/wiki\/Agn%C3%A8s_Callamard\" target=\"_blank\" rel=\"noreferrer noopener\">Agn\u00e8s Callamard<\/a>, samt til kunstneren og forfatteren <a href=\"https:\/\/no.wikipedia.org\/wiki\/Marjane_Satrapi\" target=\"_blank\" rel=\"noreferrer noopener\">Marjane Satrapi<\/a>.<\/em><\/p>\n\n\n\n<p class=\"has-small-font-size\">Nobel Peace Prize Forum&nbsp;arrangeres av Det Norske Nobelinstitutt,&nbsp;i samarbeid med Universitetet i Oslo. Forumet samler en unik konstellasjon av nobelprisprisvinnere og andre ledende internasjonale eksperter, representanter for regjeringer og internasjonale organisasjoner, forskere, sivile samfunnsledere og aktivister, akt\u00f8rer fra n\u00e6ringsliv og privat sektor, journalister og ungdom over hele verden, inkludert studenter.<\/p>\n","protected":false},"excerpt":{"rendered":"<p>I forbindelse med tildelingen av Nobels fredspris 2023 som gikk til den iranske menneskerettsaktivisten og journalisten Narges Mohammadi, arrangerte Det Norske Nobelinstitutt forumet &laquo;Iran, Burning for Democracy&raquo; den 11. desember i aulaen til UiO. Forumet er en arena for tverrfaglig diskusjon og refleksjon. \u00c5rets utgave ga de som kjemper for demokrati og menneskerettigheter i Iran [&hellip;]<\/p>\n","protected":false},"author":6,"featured_media":7041,"comment_status":"closed","ping_status":"open","sticky":false,"template":"","format":"standard","meta":{"footnotes":""},"categories":[5],"tags":[],"class_list":["post-7043","post","type-post","status-publish","format-standard","has-post-thumbnail","hentry","category-kultur"],"yoast_head":"<!-- This site is optimized with the Yoast SEO plugin v27.3 - https:\/\/yoast.com\/product\/yoast-seo-wordpress\/ -->\n<title>Nobels Fredspris Forum - Institut fran\u00e7ais<\/title>\n<meta name=\"robots\" content=\"index, follow, max-snippet:-1, max-image-preview:large, max-video-preview:-1\" \/>\n<link rel=\"canonical\" href=\"https:\/\/www.france.no\/no\/2023\/kultur\/nobels-fredspris-forum\/\" \/>\n<meta property=\"og:locale\" content=\"nb_NO\" \/>\n<meta property=\"og:type\" content=\"article\" \/>\n<meta property=\"og:title\" content=\"Nobels Fredspris Forum - Institut fran\u00e7ais\" \/>\n<meta property=\"og:description\" content=\"I forbindelse med tildelingen av Nobels fredspris 2023 som gikk til den iranske menneskerettsaktivisten og journalisten Narges Mohammadi, arrangerte Det Norske Nobelinstitutt forumet &laquo;Iran, Burning for Democracy&raquo; den 11. desember i aulaen til UiO. Forumet er en arena for tverrfaglig diskusjon og refleksjon. \u00c5rets utgave ga de som kjemper for demokrati og menneskerettigheter i Iran [&hellip;]\" \/>\n<meta property=\"og:url\" content=\"https:\/\/www.france.no\/no\/2023\/kultur\/nobels-fredspris-forum\/\" \/>\n<meta property=\"og:site_name\" content=\"Institut fran\u00e7ais\" \/>\n<meta property=\"article:publisher\" content=\"https:\/\/www.facebook.com\/institutfrancaisoslo\" \/>\n<meta property=\"article:published_time\" content=\"2023-12-12T08:29:48+00:00\" \/>\n<meta property=\"article:modified_time\" content=\"2023-12-14T10:09:43+00:00\" \/>\n<meta property=\"og:image\" content=\"https:\/\/www.france.no\/wp-content\/uploads\/2023\/12\/Forum.jpg\" \/>\n\t<meta property=\"og:image:width\" content=\"640\" \/>\n\t<meta property=\"og:image:height\" content=\"360\" \/>\n\t<meta property=\"og:image:type\" content=\"image\/jpeg\" \/>\n<meta name=\"author\" content=\"P\u00f4le Communication\" \/>\n<meta name=\"twitter:card\" content=\"summary_large_image\" \/>\n<meta name=\"twitter:creator\" content=\"@ifnorvege\" \/>\n<meta name=\"twitter:site\" content=\"@ifnorvege\" \/>\n<meta name=\"twitter:label1\" content=\"Skrevet av\" \/>\n\t<meta name=\"twitter:data1\" content=\"P\u00f4le Communication\" \/>\n\t<meta name=\"twitter:label2\" content=\"Ansl. lesetid\" \/>\n\t<meta name=\"twitter:data2\" content=\"1 minutt\" \/>\n<script type=\"application\/ld+json\" class=\"yoast-schema-graph\">{\"@context\":\"https:\\\/\\\/schema.org\",\"@graph\":[{\"@type\":\"Article\",\"@id\":\"https:\\\/\\\/www.france.no\\\/no\\\/2023\\\/kultur\\\/nobels-fredspris-forum\\\/#article\",\"isPartOf\":{\"@id\":\"https:\\\/\\\/www.france.no\\\/no\\\/2023\\\/kultur\\\/nobels-fredspris-forum\\\/\"},\"author\":{\"name\":\"P\u00f4le Communication\",\"@id\":\"https:\\\/\\\/www.france.no\\\/no\\\/#\\\/schema\\\/person\\\/e911222e8703f294589a6d80b1c16f97\"},\"headline\":\"Nobels Fredspris Forum\",\"datePublished\":\"2023-12-12T08:29:48+00:00\",\"dateModified\":\"2023-12-14T10:09:43+00:00\",\"mainEntityOfPage\":{\"@id\":\"https:\\\/\\\/www.france.no\\\/no\\\/2023\\\/kultur\\\/nobels-fredspris-forum\\\/\"},\"wordCount\":164,\"publisher\":{\"@id\":\"https:\\\/\\\/www.france.no\\\/no\\\/#organization\"},\"image\":{\"@id\":\"https:\\\/\\\/www.france.no\\\/no\\\/2023\\\/kultur\\\/nobels-fredspris-forum\\\/#primaryimage\"},\"thumbnailUrl\":\"https:\\\/\\\/www.france.no\\\/wp-content\\\/uploads\\\/2023\\\/12\\\/Forum.jpg\",\"articleSection\":[\"Kultur\"],\"inLanguage\":\"nb-NO\"},{\"@type\":\"WebPage\",\"@id\":\"https:\\\/\\\/www.france.no\\\/no\\\/2023\\\/kultur\\\/nobels-fredspris-forum\\\/\",\"url\":\"https:\\\/\\\/www.france.no\\\/no\\\/2023\\\/kultur\\\/nobels-fredspris-forum\\\/\",\"name\":\"Nobels Fredspris Forum - Institut fran\u00e7ais\",\"isPartOf\":{\"@id\":\"https:\\\/\\\/www.france.no\\\/no\\\/#website\"},\"primaryImageOfPage\":{\"@id\":\"https:\\\/\\\/www.france.no\\\/no\\\/2023\\\/kultur\\\/nobels-fredspris-forum\\\/#primaryimage\"},\"image\":{\"@id\":\"https:\\\/\\\/www.france.no\\\/no\\\/2023\\\/kultur\\\/nobels-fredspris-forum\\\/#primaryimage\"},\"thumbnailUrl\":\"https:\\\/\\\/www.france.no\\\/wp-content\\\/uploads\\\/2023\\\/12\\\/Forum.jpg\",\"datePublished\":\"2023-12-12T08:29:48+00:00\",\"dateModified\":\"2023-12-14T10:09:43+00:00\",\"breadcrumb\":{\"@id\":\"https:\\\/\\\/www.france.no\\\/no\\\/2023\\\/kultur\\\/nobels-fredspris-forum\\\/#breadcrumb\"},\"inLanguage\":\"nb-NO\",\"potentialAction\":[{\"@type\":\"ReadAction\",\"target\":[\"https:\\\/\\\/www.france.no\\\/no\\\/2023\\\/kultur\\\/nobels-fredspris-forum\\\/\"]}]},{\"@type\":\"ImageObject\",\"inLanguage\":\"nb-NO\",\"@id\":\"https:\\\/\\\/www.france.no\\\/no\\\/2023\\\/kultur\\\/nobels-fredspris-forum\\\/#primaryimage\",\"url\":\"https:\\\/\\\/www.france.no\\\/wp-content\\\/uploads\\\/2023\\\/12\\\/Forum.jpg\",\"contentUrl\":\"https:\\\/\\\/www.france.no\\\/wp-content\\\/uploads\\\/2023\\\/12\\\/Forum.jpg\",\"width\":640,\"height\":360},{\"@type\":\"BreadcrumbList\",\"@id\":\"https:\\\/\\\/www.france.no\\\/no\\\/2023\\\/kultur\\\/nobels-fredspris-forum\\\/#breadcrumb\",\"itemListElement\":[{\"@type\":\"ListItem\",\"position\":1,\"name\":\"\",\"item\":\"https:\\\/\\\/www.france.no\\\/no\\\/\"},{\"@type\":\"ListItem\",\"position\":2,\"name\":\"Kultur\",\"item\":\"https:\\\/\\\/www.france.no\\\/no\\\/category\\\/kultur\\\/\"},{\"@type\":\"ListItem\",\"position\":3,\"name\":\"Nobels Fredspris Forum\"}]},{\"@type\":\"WebSite\",\"@id\":\"https:\\\/\\\/www.france.no\\\/no\\\/#website\",\"url\":\"https:\\\/\\\/www.france.no\\\/no\\\/\",\"name\":\"Institut fran\u00e7ais\",\"description\":\"Norv\u00e8ge\",\"publisher\":{\"@id\":\"https:\\\/\\\/www.france.no\\\/no\\\/#organization\"},\"potentialAction\":[{\"@type\":\"SearchAction\",\"target\":{\"@type\":\"EntryPoint\",\"urlTemplate\":\"https:\\\/\\\/www.france.no\\\/no\\\/?s={search_term_string}\"},\"query-input\":{\"@type\":\"PropertyValueSpecification\",\"valueRequired\":true,\"valueName\":\"search_term_string\"}}],\"inLanguage\":\"nb-NO\"},{\"@type\":\"Organization\",\"@id\":\"https:\\\/\\\/www.france.no\\\/no\\\/#organization\",\"name\":\"Institut fran\u00e7ais\",\"url\":\"https:\\\/\\\/www.france.no\\\/no\\\/\",\"logo\":{\"@type\":\"ImageObject\",\"inLanguage\":\"nb-NO\",\"@id\":\"https:\\\/\\\/www.france.no\\\/no\\\/#\\\/schema\\\/logo\\\/image\\\/\",\"url\":\"https:\\\/\\\/www.france.no\\\/wp-content\\\/uploads\\\/2022\\\/11\\\/IF_Logo_Sans_Bleu_RVB.png\",\"contentUrl\":\"https:\\\/\\\/www.france.no\\\/wp-content\\\/uploads\\\/2022\\\/11\\\/IF_Logo_Sans_Bleu_RVB.png\",\"width\":852,\"height\":591,\"caption\":\"Institut fran\u00e7ais\"},\"image\":{\"@id\":\"https:\\\/\\\/www.france.no\\\/no\\\/#\\\/schema\\\/logo\\\/image\\\/\"},\"sameAs\":[\"https:\\\/\\\/www.facebook.com\\\/institutfrancaisoslo\",\"https:\\\/\\\/x.com\\\/ifnorvege\",\"https:\\\/\\\/instagram.com\\\/ifnorvege\"]},{\"@type\":\"Person\",\"@id\":\"https:\\\/\\\/www.france.no\\\/no\\\/#\\\/schema\\\/person\\\/e911222e8703f294589a6d80b1c16f97\",\"name\":\"P\u00f4le Communication\",\"image\":{\"@type\":\"ImageObject\",\"inLanguage\":\"nb-NO\",\"@id\":\"https:\\\/\\\/secure.gravatar.com\\\/avatar\\\/20ae085a8b5fd613a02d28588389144802d3ba9408c852b2c6c7c4b17cc39660?s=96&d=mm&r=g\",\"url\":\"https:\\\/\\\/secure.gravatar.com\\\/avatar\\\/20ae085a8b5fd613a02d28588389144802d3ba9408c852b2c6c7c4b17cc39660?s=96&d=mm&r=g\",\"contentUrl\":\"https:\\\/\\\/secure.gravatar.com\\\/avatar\\\/20ae085a8b5fd613a02d28588389144802d3ba9408c852b2c6c7c4b17cc39660?s=96&d=mm&r=g\",\"caption\":\"P\u00f4le Communication\"},\"url\":\"https:\\\/\\\/www.france.no\\\/no\\\/author\\\/polecom\\\/\"}]}<\/script>\n<!-- \/ Yoast SEO plugin. -->","yoast_head_json":{"title":"Nobels Fredspris Forum - Institut fran\u00e7ais","robots":{"index":"index","follow":"follow","max-snippet":"max-snippet:-1","max-image-preview":"max-image-preview:large","max-video-preview":"max-video-preview:-1"},"canonical":"https:\/\/www.france.no\/no\/2023\/kultur\/nobels-fredspris-forum\/","og_locale":"nb_NO","og_type":"article","og_title":"Nobels Fredspris Forum - Institut fran\u00e7ais","og_description":"I forbindelse med tildelingen av Nobels fredspris 2023 som gikk til den iranske menneskerettsaktivisten og journalisten Narges Mohammadi, arrangerte Det Norske Nobelinstitutt forumet &laquo;Iran, Burning for Democracy&raquo; den 11. desember i aulaen til UiO. Forumet er en arena for tverrfaglig diskusjon og refleksjon. \u00c5rets utgave ga de som kjemper for demokrati og menneskerettigheter i Iran [&hellip;]","og_url":"https:\/\/www.france.no\/no\/2023\/kultur\/nobels-fredspris-forum\/","og_site_name":"Institut fran\u00e7ais","article_publisher":"https:\/\/www.facebook.com\/institutfrancaisoslo","article_published_time":"2023-12-12T08:29:48+00:00","article_modified_time":"2023-12-14T10:09:43+00:00","og_image":[{"width":640,"height":360,"url":"https:\/\/www.france.no\/wp-content\/uploads\/2023\/12\/Forum.jpg","type":"image\/jpeg"}],"author":"P\u00f4le Communication","twitter_card":"summary_large_image","twitter_creator":"@ifnorvege","twitter_site":"@ifnorvege","twitter_misc":{"Skrevet av":"P\u00f4le Communication","Ansl. lesetid":"1 minutt"},"schema":{"@context":"https:\/\/schema.org","@graph":[{"@type":"Article","@id":"https:\/\/www.france.no\/no\/2023\/kultur\/nobels-fredspris-forum\/#article","isPartOf":{"@id":"https:\/\/www.france.no\/no\/2023\/kultur\/nobels-fredspris-forum\/"},"author":{"name":"P\u00f4le Communication","@id":"https:\/\/www.france.no\/no\/#\/schema\/person\/e911222e8703f294589a6d80b1c16f97"},"headline":"Nobels Fredspris Forum","datePublished":"2023-12-12T08:29:48+00:00","dateModified":"2023-12-14T10:09:43+00:00","mainEntityOfPage":{"@id":"https:\/\/www.france.no\/no\/2023\/kultur\/nobels-fredspris-forum\/"},"wordCount":164,"publisher":{"@id":"https:\/\/www.france.no\/no\/#organization"},"image":{"@id":"https:\/\/www.france.no\/no\/2023\/kultur\/nobels-fredspris-forum\/#primaryimage"},"thumbnailUrl":"https:\/\/www.france.no\/wp-content\/uploads\/2023\/12\/Forum.jpg","articleSection":["Kultur"],"inLanguage":"nb-NO"},{"@type":"WebPage","@id":"https:\/\/www.france.no\/no\/2023\/kultur\/nobels-fredspris-forum\/","url":"https:\/\/www.france.no\/no\/2023\/kultur\/nobels-fredspris-forum\/","name":"Nobels Fredspris Forum - Institut fran\u00e7ais","isPartOf":{"@id":"https:\/\/www.france.no\/no\/#website"},"primaryImageOfPage":{"@id":"https:\/\/www.france.no\/no\/2023\/kultur\/nobels-fredspris-forum\/#primaryimage"},"image":{"@id":"https:\/\/www.france.no\/no\/2023\/kultur\/nobels-fredspris-forum\/#primaryimage"},"thumbnailUrl":"https:\/\/www.france.no\/wp-content\/uploads\/2023\/12\/Forum.jpg","datePublished":"2023-12-12T08:29:48+00:00","dateModified":"2023-12-14T10:09:43+00:00","breadcrumb":{"@id":"https:\/\/www.france.no\/no\/2023\/kultur\/nobels-fredspris-forum\/#breadcrumb"},"inLanguage":"nb-NO","potentialAction":[{"@type":"ReadAction","target":["https:\/\/www.france.no\/no\/2023\/kultur\/nobels-fredspris-forum\/"]}]},{"@type":"ImageObject","inLanguage":"nb-NO","@id":"https:\/\/www.france.no\/no\/2023\/kultur\/nobels-fredspris-forum\/#primaryimage","url":"https:\/\/www.france.no\/wp-content\/uploads\/2023\/12\/Forum.jpg","contentUrl":"https:\/\/www.france.no\/wp-content\/uploads\/2023\/12\/Forum.jpg","width":640,"height":360},{"@type":"BreadcrumbList","@id":"https:\/\/www.france.no\/no\/2023\/kultur\/nobels-fredspris-forum\/#breadcrumb","itemListElement":[{"@type":"ListItem","position":1,"name":"","item":"https:\/\/www.france.no\/no\/"},{"@type":"ListItem","position":2,"name":"Kultur","item":"https:\/\/www.france.no\/no\/category\/kultur\/"},{"@type":"ListItem","position":3,"name":"Nobels Fredspris Forum"}]},{"@type":"WebSite","@id":"https:\/\/www.france.no\/no\/#website","url":"https:\/\/www.france.no\/no\/","name":"Institut fran\u00e7ais","description":"Norv\u00e8ge","publisher":{"@id":"https:\/\/www.france.no\/no\/#organization"},"potentialAction":[{"@type":"SearchAction","target":{"@type":"EntryPoint","urlTemplate":"https:\/\/www.france.no\/no\/?s={search_term_string}"},"query-input":{"@type":"PropertyValueSpecification","valueRequired":true,"valueName":"search_term_string"}}],"inLanguage":"nb-NO"},{"@type":"Organization","@id":"https:\/\/www.france.no\/no\/#organization","name":"Institut fran\u00e7ais","url":"https:\/\/www.france.no\/no\/","logo":{"@type":"ImageObject","inLanguage":"nb-NO","@id":"https:\/\/www.france.no\/no\/#\/schema\/logo\/image\/","url":"https:\/\/www.france.no\/wp-content\/uploads\/2022\/11\/IF_Logo_Sans_Bleu_RVB.png","contentUrl":"https:\/\/www.france.no\/wp-content\/uploads\/2022\/11\/IF_Logo_Sans_Bleu_RVB.png","width":852,"height":591,"caption":"Institut fran\u00e7ais"},"image":{"@id":"https:\/\/www.france.no\/no\/#\/schema\/logo\/image\/"},"sameAs":["https:\/\/www.facebook.com\/institutfrancaisoslo","https:\/\/x.com\/ifnorvege","https:\/\/instagram.com\/ifnorvege"]},{"@type":"Person","@id":"https:\/\/www.france.no\/no\/#\/schema\/person\/e911222e8703f294589a6d80b1c16f97","name":"P\u00f4le Communication","image":{"@type":"ImageObject","inLanguage":"nb-NO","@id":"https:\/\/secure.gravatar.com\/avatar\/20ae085a8b5fd613a02d28588389144802d3ba9408c852b2c6c7c4b17cc39660?s=96&d=mm&r=g","url":"https:\/\/secure.gravatar.com\/avatar\/20ae085a8b5fd613a02d28588389144802d3ba9408c852b2c6c7c4b17cc39660?s=96&d=mm&r=g","contentUrl":"https:\/\/secure.gravatar.com\/avatar\/20ae085a8b5fd613a02d28588389144802d3ba9408c852b2c6c7c4b17cc39660?s=96&d=mm&r=g","caption":"P\u00f4le Communication"},"url":"https:\/\/www.france.no\/no\/author\/polecom\/"}]}},"_links":{"self":[{"href":"https:\/\/www.france.no\/no\/wp-json\/wp\/v2\/posts\/7043","targetHints":{"allow":["GET"]}}],"collection":[{"href":"https:\/\/www.france.no\/no\/wp-json\/wp\/v2\/posts"}],"about":[{"href":"https:\/\/www.france.no\/no\/wp-json\/wp\/v2\/types\/post"}],"author":[{"embeddable":true,"href":"https:\/\/www.france.no\/no\/wp-json\/wp\/v2\/users\/6"}],"replies":[{"embeddable":true,"href":"https:\/\/www.france.no\/no\/wp-json\/wp\/v2\/comments?post=7043"}],"version-history":[{"count":2,"href":"https:\/\/www.france.no\/no\/wp-json\/wp\/v2\/posts\/7043\/revisions"}],"predecessor-version":[{"id":7045,"href":"https:\/\/www.france.no\/no\/wp-json\/wp\/v2\/posts\/7043\/revisions\/7045"}],"wp:featuredmedia":[{"embeddable":true,"href":"https:\/\/www.france.no\/no\/wp-json\/wp\/v2\/media\/7041"}],"wp:attachment":[{"href":"https:\/\/www.france.no\/no\/wp-json\/wp\/v2\/media?parent=7043"}],"wp:term":[{"taxonomy":"category","embeddable":true,"href":"https:\/\/www.france.no\/no\/wp-json\/wp\/v2\/categories?post=7043"},{"taxonomy":"post_tag","embeddable":true,"href":"https:\/\/www.france.no\/no\/wp-json\/wp\/v2\/tags?post=7043"}],"curies":[{"name":"wp","href":"https:\/\/api.w.org\/{rel}","templated":true}]}}