{"id":7054,"date":"2024-01-24T09:48:54","date_gmt":"2024-01-24T08:48:54","guid":{"rendered":"https:\/\/www.france.no\/?p=7054"},"modified":"2024-04-03T17:04:15","modified_gmt":"2024-04-03T15:04:15","slug":"seminaire-annuel-des-professeurs-de-francais-de-norvege","status":"publish","type":"post","link":"https:\/\/www.france.no\/no\/2024\/utdanning-og-fransk-sprak\/seminaire-annuel-des-professeurs-de-francais-de-norvege\/","title":{"rendered":"SEMINAIRE ANNUEL DES PROFESSEURS DE FRAN\u00c7AIS DE NORVEGE"},"content":{"rendered":"\n<h2 class=\"wp-block-heading\"><strong>Vendredi 9 f\u00e9vrier<\/strong><\/h2>\n\n\n\n<p class=\"has-text-align-center has-large-font-size\"><strong>PROGRAMME<\/strong><\/p>\n\n\n\n<p class=\"has-text-align-center\"><strong>Choisissez un atelier par cr\u00e9neau horaire ci-dessous et remplissez le formulaire d&#8217;inscription.<\/strong><\/p>\n\n\n\n<p><strong>8h45<\/strong> : Accueil des participants<\/p>\n\n\n\n<p><strong>9h00 \u2013 9h20<\/strong> : Ouverture : Sophie DELPORTE, COCAC, Catherine PETILLON, ACPF et Selma TANOVIC, Pr\u00e9sidente de l\u2019ANEF<\/p>\n\n\n\n<p><strong>9h25 \u2013 9h55<\/strong> : Pr\u00e9sentation de la Roumanie par Monsieur l\u2019ambassadeur Cristian B\u0102DESCU<\/p>\n\n\n\n<p class=\"has-text-align-center has-accent-color has-text-color has-link-color wp-elements-92c663a6d20fcc3e8e66e9417a104855\"><strong>10h00 \u2013 11h30<\/strong><\/p>\n\n\n\n<p><em><strong>Atelier 1<\/strong> <\/em>: <strong>Selma TANOVIC<\/strong>, professeur de fran\u00e7ais au lyc\u00e9e Akademiet de Drammen et pr\u00e9sidente de l\u2019ANEF&nbsp;<\/p>\n\n\n\n<p><strong>L&#8217;utilisation de CHAT GPT en classe de fran\u00e7ais<\/strong><a><strong>&nbsp;<\/strong><\/a>: Cet atelier vise \u00e0 explorer et exploiter les possibilit\u00e9s p\u00e9dagogiques offertes par l&#8217;utilisation de CHAT GPT dans l&#8217;enseignement du fran\u00e7ais. Nous plongerons dans les diff\u00e9rentes fa\u00e7ons dont cette technologie peut enrichir l&#8217;exp\u00e9rience d&#8217;apprentissage des \u00e9l\u00e8ves, en mettant l&#8217;accent sur la communication et la compr\u00e9hension de la langue fran\u00e7aise.<\/p>\n\n\n\n<p><strong><em>Atelier 2<\/em> : Gilles VOGT<\/strong>, historien\/professeur de FLE (Fransk Kulturhus), membre du bureau de l&#8217;ANEF<\/p>\n\n\n\n<p><strong>Parler de sport en classe de fran\u00e7ais <\/strong>: Un atelier participatif autour de l&#8217;utilisation du sport en classe de fran\u00e7ais. Vous d\u00e9couvrirez des id\u00e9es d&#8217;activit\u00e9s pour travailler la grammaire, le vocabulaire et l&#8217;expression orale autour de deux \u00e9v\u00e9nements majeurs et populaires de l&#8217;\u00e9t\u00e9 2024 : le tour de France et la coupe d&#8217;Europe de football.<\/p>\n\n\n\n<p><strong><em>Atelier 3<\/em> <\/strong>: <strong>Maxime Rouchet<\/strong>, Master2 FLE-FLS-FOS, Univ Artois, Arras et Master2 Arts visuels, \u00c9cole Nationale Sup\u00e9rieure des Arts Visuels de La Cambre, Bruxelles<\/p>\n\n\n\n<p><strong>La d\u00e9marche biographique en classe de fran\u00e7ais<\/strong><a>&nbsp;<\/a>: Comment mesurer la motivation de ses \u00e9l\u00e8ves et leur faire prendre conscience de leur parcours d&#8217;apprentissage ? Dans cet atelier, vous allez d\u00e9couvrir comment exploiter la d\u00e9marche biographique en classe de fran\u00e7ais afin d&#8217;identifier les besoins et objectifs langagiers de vos \u00e9l\u00e8ves pour mieux les aider dans leur apprentissage.<\/p>\n\n\n\n<p class=\"has-text-align-center has-background-color has-accent-background-color has-text-color has-background has-link-color wp-elements-f59f0618cf3973485dae68f69e140ac8\"><strong>11h30 \u2013 12h30 :&nbsp; Pause d\u00e9jeuner offerte par l\u2019Institut fran\u00e7ais<\/strong><\/p>\n\n\n\n<p class=\"has-text-align-center has-accent-color has-text-color has-link-color wp-elements-c783408b714d363079aa2e9d688e248e\"><strong>12h30 \u2013 14h00<\/strong><\/p>\n\n\n\n<p><strong><em>Atelier 1<\/em><\/strong> : <strong>Supriya PAUMIER<\/strong>, Master2 Didactique des langues\/FLE, INALCO, Paris. <\/p>\n\n\n\n<p><strong>Entre langues de naissance et langues d&#8217;adoption<\/strong><a>&nbsp;<\/a>: La personne adopt\u00e9e en France de l&#8217;\u00e9tranger connait une migration linguistique. Quels liens peut-elle tisser avec sa langue de naissance ? Une p\u00e9dagogie doit-elle \u00eatre propos\u00e9e pour qu&#8217;elle s&#8217;approprie l&#8217;univers linguistique de la France : son pays d&#8217;adoption.<\/p>\n\n\n\n<p>Quelles transpositions possibles en Norv\u00e8ge ?<\/p>\n\n\n\n<p><strong><em>Atelier 2<\/em> <\/strong>: <strong>Anne \u00d8FJORD<\/strong>, professeur de fran\u00e7ais au lyc\u00e9e de Sande, Vestfold, membre du bureau de l\u2019ANEF<\/p>\n\n\n\n<p><strong>Cr\u00e9ation de podcasts en classe de fran\u00e7ais<\/strong><a>&nbsp;<\/a>: Cet atelier offre aux participants une exploration approfondie des multiples avantages de l&#8217;int\u00e9gration des podcasts dans l&#8217;enseignement du fran\u00e7ais, mettant en lumi\u00e8re l&#8217;aspect dynamique et interactif de cette approche pour stimuler l&#8217;apprentissage du fran\u00e7ais.<\/p>\n\n\n\n<p><strong><em>Atelier 3<\/em><\/strong> : <strong>Catherine PETILLON<\/strong>, Attach\u00e9e de coop\u00e9ration pour le fran\u00e7ais, Institut fran\u00e7ais de Norv\u00e8ge<\/p>\n\n\n\n<p><strong>Pr\u00e9sentation de programmes de l\u2019Institut fran\u00e7ais<\/strong><a><strong>&nbsp;<\/strong><\/a><strong>:<\/strong><\/p>\n\n\n\n<ul class=\"wp-block-list\">\n<li><strong>Mobilit\u00e9 en France<\/strong>&nbsp;: d\u00e8s la fin de la 10e classe, les \u00e9l\u00e8ves peuvent partir faire leur classe de seconde (Vg1) dans un lyc\u00e9e fran\u00e7ais pour reprendre en Vg2 \u00e0 leur retour en Norv\u00e8ge.<\/li>\n\n\n\n<li><strong>Certifications DELF Junior<\/strong>&nbsp;: le DELF Junior pour les adolescents est un dipl\u00f4me officiel d\u00e9livr\u00e9 par le minist\u00e8re de l\u2019\u00e9ducation nationale qui peut&nbsp;faciliter l\u2019acc\u00e8s \u00e0 l\u2019universit\u00e9 en France, en Europe ou dans un pays francophone et dans certaines grandes \u00e9coles.<\/li>\n<\/ul>\n\n\n\n<p class=\"has-text-align-center has-accent-color has-text-color has-link-color wp-elements-932549926202ea9ba07232243eae6ffc\"><strong>14h15 \u2013 15h45<\/strong><\/p>\n\n\n\n<p><strong><em>Atelier <\/em><\/strong><em><strong>1<\/strong><\/em> : <strong>Ingrid HELLE<\/strong>, professeur de fran\u00e7ais au coll\u00e8ge Bekkestua de B\u00e6rum, membre du bureau de l\u2019ANEF, <strong>Catherine PETILLON<\/strong><\/p>\n\n\n\n<p><strong>Trollstipend et spr\u00e5kassistenter: comment faire sa demande&nbsp;?<\/strong><\/p>\n\n\n\n<p>Dans cet atelier, nous vous pr\u00e9senterons les bourses et programmes qui existent pour les \u00e9l\u00e8ves et professeurs de fran\u00e7ais en Norv\u00e8ge, comme par exemple Trollstipend et spr\u00e5kassistenter. Nous donnerons des conseils sur la fa\u00e7on de r\u00e9diger une demande et r\u00e9fl\u00e9chirons aux arguments convaincants pour son obtention.<\/p>\n\n\n\n<p><strong><em>Atelier 2<\/em> <\/strong>: <strong>Camille BARDYN<\/strong>, Formatrice, responsable p\u00e9dagogique \u00e0 Fransk Kulturhus (Oslo), et enseignante de FLE \/ FLS \/ FOS<\/p>\n\n\n\n<p><strong>La chanson pour apprendre la grammaire et le vocabulaire en cours de FLE<\/strong>&nbsp;: Vous d\u00e9couvrirez des id\u00e9es d&#8217;activit\u00e9s autour de la musique et \u00e9laborerez une s\u00e9quence p\u00e9dagogique autour d&#8217;une chanson. La formation se terminera par des recommandations de chansons permettant de travailler sur diff\u00e9rents points de grammaire.<\/p>\n\n\n\n<p class=\"has-text-align-center has-background-color has-accent-background-color has-text-color has-background has-link-color wp-elements-2121f501af7b6a3ea6af2fa3bf39ad8d\"><strong>16h00 \u2013 18h00<\/strong>&nbsp;: <strong>Assembl\u00e9e G\u00e9n\u00e9rale de l\u2019ANEF<\/strong> :<\/p>\n\n\n\n<p><strong>Ouvert \u00e0 tous :<\/strong><\/p>\n\n\n\n<p>&#8211; Bilan des activit\u00e9s de l\u2019association (rapport moral et financier) et projets pour 2024<\/p>\n\n\n\n<p>&#8211; Constitution du bureau : vote et accueil de nouveaux membres<\/p>\n\n\n\n<p>&#8211; D\u00e9gustation (vins et fromages) et tirage au sort de lots (vins et autres cadeaux)<\/p>\n\n\n\n<p><strong>Venez-nombreux !<\/strong> L\u2019Association a besoin de votre avis et de votre aide.<\/p>\n\n\n\n<h2 class=\"wp-block-heading\"><strong>Vendredi 9 f\u00e9vrier et samedi 10 f\u00e9vrier<\/strong><\/h2>\n\n\n\n<p><strong>DELF A1 et A2&nbsp;: Stage de premi\u00e8re habilitation d&#8217;examinateurs-correcteurs<\/strong>. <strong>Formatrice&nbsp;: Sol\u00e9na PRADAYROL<\/strong><\/p>\n\n\n\n<p>Vous souhaitez conna\u00eetre le fonctionnement du cadre europ\u00e9en commun de r\u00e9f\u00e9rence pour les langues&nbsp;? l\u2019appliquer dans vos classes pour enseigner le fran\u00e7ais et \u00e9valuer vos \u00e9l\u00e8ves&nbsp;? Cette formation est pour vous&nbsp;!<\/p>\n\n\n\n<p><strong>Vendredi<\/strong><\/p>\n\n\n\n<p>9h00 \u2013 11h30 <\/p>\n\n\n\n<p>12h30 \u2013 16h00<\/p>\n\n\n\n<p><strong>Samedi<\/strong><\/p>\n\n\n\n<p>9h00 \u2013 12h30 <\/p>\n\n\n\n<p>13h30 \u2013 17h00<\/p>\n\n\n\n<h2 class=\"wp-block-heading\">Inscription obligatoire ici:<\/h2>\n\n\n\n\n\n<figure class=\"wp-block-image size-full\"><img loading=\"lazy\" decoding=\"async\" width=\"950\" height=\"150\" src=\"https:\/\/www.france.no\/wp-content\/uploads\/2023\/11\/Design-sans-titre-1.png\" alt=\"\" class=\"wp-image-6740\" srcset=\"https:\/\/www.france.no\/wp-content\/uploads\/2023\/11\/Design-sans-titre-1.png 950w, https:\/\/www.france.no\/wp-content\/uploads\/2023\/11\/Design-sans-titre-1-300x47.png 300w, https:\/\/www.france.no\/wp-content\/uploads\/2023\/11\/Design-sans-titre-1-768x121.png 768w\" sizes=\"auto, (max-width: 950px) 100vw, 950px\" \/><\/figure>\n","protected":false},"excerpt":{"rendered":"<p>Vendredi 9 f\u00e9vrier PROGRAMME Choisissez un atelier par cr\u00e9neau horaire ci-dessous et remplissez le formulaire d&#8217;inscription. 8h45 : Accueil des participants 9h00 \u2013 9h20 : Ouverture : Sophie DELPORTE, COCAC, Catherine PETILLON, ACPF et Selma TANOVIC, Pr\u00e9sidente de l\u2019ANEF 9h25 \u2013 9h55 : Pr\u00e9sentation de la Roumanie par Monsieur l\u2019ambassadeur Cristian B\u0102DESCU 10h00 \u2013 11h30 [&hellip;]<\/p>\n","protected":false},"author":6,"featured_media":7048,"comment_status":"closed","ping_status":"closed","sticky":false,"template":"","format":"standard","meta":{"footnotes":""},"categories":[13],"tags":[],"class_list":["post-7054","post","type-post","status-publish","format-standard","has-post-thumbnail","hentry","category-utdanning-og-fransk-sprak"],"yoast_head":"<!-- This site is optimized with the Yoast SEO plugin v24.2 - https:\/\/yoast.com\/wordpress\/plugins\/seo\/ -->\n<title>SEMINAIRE ANNUEL DES PROFESSEURS DE FRAN\u00c7AIS DE NORVEGE - Institut fran\u00e7ais<\/title>\n<meta name=\"robots\" content=\"index, follow, max-snippet:-1, max-image-preview:large, max-video-preview:-1\" \/>\n<link rel=\"canonical\" href=\"https:\/\/www.france.no\/no\/2024\/utdanning-og-fransk-sprak\/seminaire-annuel-des-professeurs-de-francais-de-norvege\/\" \/>\n<meta property=\"og:locale\" content=\"nb_NO\" \/>\n<meta property=\"og:type\" content=\"article\" \/>\n<meta property=\"og:title\" content=\"SEMINAIRE ANNUEL DES PROFESSEURS DE FRAN\u00c7AIS DE NORVEGE - Institut fran\u00e7ais\" \/>\n<meta property=\"og:description\" content=\"Vendredi 9 f\u00e9vrier PROGRAMME Choisissez un atelier par cr\u00e9neau horaire ci-dessous et remplissez le formulaire d&#8217;inscription. 8h45 : Accueil des participants 9h00 \u2013 9h20 : Ouverture : Sophie DELPORTE, COCAC, Catherine PETILLON, ACPF et Selma TANOVIC, Pr\u00e9sidente de l\u2019ANEF 9h25 \u2013 9h55 : Pr\u00e9sentation de la Roumanie par Monsieur l\u2019ambassadeur Cristian B\u0102DESCU 10h00 \u2013 11h30 [&hellip;]\" \/>\n<meta property=\"og:url\" content=\"https:\/\/www.france.no\/no\/2024\/utdanning-og-fransk-sprak\/seminaire-annuel-des-professeurs-de-francais-de-norvege\/\" \/>\n<meta property=\"og:site_name\" content=\"Institut fran\u00e7ais\" \/>\n<meta property=\"article:publisher\" content=\"https:\/\/www.facebook.com\/institutfrancaisoslo\" \/>\n<meta property=\"article:published_time\" content=\"2024-01-24T08:48:54+00:00\" \/>\n<meta property=\"article:modified_time\" content=\"2024-04-03T15:04:15+00:00\" \/>\n<meta property=\"og:image\" content=\"https:\/\/www.france.no\/wp-content\/uploads\/2023\/12\/Linguistique.png\" \/>\n\t<meta property=\"og:image:width\" content=\"950\" \/>\n\t<meta property=\"og:image:height\" content=\"500\" \/>\n\t<meta property=\"og:image:type\" content=\"image\/png\" \/>\n<meta name=\"author\" content=\"P\u00f4le Communication\" \/>\n<meta name=\"twitter:card\" content=\"summary_large_image\" \/>\n<meta name=\"twitter:creator\" content=\"@ifnorvege\" \/>\n<meta name=\"twitter:site\" content=\"@ifnorvege\" \/>\n<meta name=\"twitter:label1\" content=\"Skrevet av\" \/>\n\t<meta name=\"twitter:data1\" content=\"P\u00f4le Communication\" \/>\n\t<meta name=\"twitter:label2\" content=\"Ansl. lesetid\" \/>\n\t<meta name=\"twitter:data2\" content=\"5 minutter\" \/>\n<script type=\"application\/ld+json\" class=\"yoast-schema-graph\">{\"@context\":\"https:\/\/schema.org\",\"@graph\":[{\"@type\":\"Article\",\"@id\":\"https:\/\/www.france.no\/no\/2024\/utdanning-og-fransk-sprak\/seminaire-annuel-des-professeurs-de-francais-de-norvege\/#article\",\"isPartOf\":{\"@id\":\"https:\/\/www.france.no\/no\/2024\/utdanning-og-fransk-sprak\/seminaire-annuel-des-professeurs-de-francais-de-norvege\/\"},\"author\":{\"name\":\"P\u00f4le Communication\",\"@id\":\"https:\/\/www.france.no\/no\/#\/schema\/person\/e911222e8703f294589a6d80b1c16f97\"},\"headline\":\"SEMINAIRE ANNUEL DES PROFESSEURS DE FRAN\u00c7AIS DE NORVEGE\",\"datePublished\":\"2024-01-24T08:48:54+00:00\",\"dateModified\":\"2024-04-03T15:04:15+00:00\",\"mainEntityOfPage\":{\"@id\":\"https:\/\/www.france.no\/no\/2024\/utdanning-og-fransk-sprak\/seminaire-annuel-des-professeurs-de-francais-de-norvege\/\"},\"wordCount\":894,\"publisher\":{\"@id\":\"https:\/\/www.france.no\/no\/#organization\"},\"image\":{\"@id\":\"https:\/\/www.france.no\/no\/2024\/utdanning-og-fransk-sprak\/seminaire-annuel-des-professeurs-de-francais-de-norvege\/#primaryimage\"},\"thumbnailUrl\":\"https:\/\/www.france.no\/wp-content\/uploads\/2023\/12\/Linguistique.png\",\"articleSection\":[\"Utdannelse og Fransk spr\u00e5ksamarbeid\"],\"inLanguage\":\"nb-NO\"},{\"@type\":\"WebPage\",\"@id\":\"https:\/\/www.france.no\/no\/2024\/utdanning-og-fransk-sprak\/seminaire-annuel-des-professeurs-de-francais-de-norvege\/\",\"url\":\"https:\/\/www.france.no\/no\/2024\/utdanning-og-fransk-sprak\/seminaire-annuel-des-professeurs-de-francais-de-norvege\/\",\"name\":\"SEMINAIRE ANNUEL DES PROFESSEURS DE FRAN\u00c7AIS DE NORVEGE - Institut fran\u00e7ais\",\"isPartOf\":{\"@id\":\"https:\/\/www.france.no\/no\/#website\"},\"primaryImageOfPage\":{\"@id\":\"https:\/\/www.france.no\/no\/2024\/utdanning-og-fransk-sprak\/seminaire-annuel-des-professeurs-de-francais-de-norvege\/#primaryimage\"},\"image\":{\"@id\":\"https:\/\/www.france.no\/no\/2024\/utdanning-og-fransk-sprak\/seminaire-annuel-des-professeurs-de-francais-de-norvege\/#primaryimage\"},\"thumbnailUrl\":\"https:\/\/www.france.no\/wp-content\/uploads\/2023\/12\/Linguistique.png\",\"datePublished\":\"2024-01-24T08:48:54+00:00\",\"dateModified\":\"2024-04-03T15:04:15+00:00\",\"breadcrumb\":{\"@id\":\"https:\/\/www.france.no\/no\/2024\/utdanning-og-fransk-sprak\/seminaire-annuel-des-professeurs-de-francais-de-norvege\/#breadcrumb\"},\"inLanguage\":\"nb-NO\",\"potentialAction\":[{\"@type\":\"ReadAction\",\"target\":[\"https:\/\/www.france.no\/no\/2024\/utdanning-og-fransk-sprak\/seminaire-annuel-des-professeurs-de-francais-de-norvege\/\"]}]},{\"@type\":\"ImageObject\",\"inLanguage\":\"nb-NO\",\"@id\":\"https:\/\/www.france.no\/no\/2024\/utdanning-og-fransk-sprak\/seminaire-annuel-des-professeurs-de-francais-de-norvege\/#primaryimage\",\"url\":\"https:\/\/www.france.no\/wp-content\/uploads\/2023\/12\/Linguistique.png\",\"contentUrl\":\"https:\/\/www.france.no\/wp-content\/uploads\/2023\/12\/Linguistique.png\",\"width\":950,\"height\":500},{\"@type\":\"BreadcrumbList\",\"@id\":\"https:\/\/www.france.no\/no\/2024\/utdanning-og-fransk-sprak\/seminaire-annuel-des-professeurs-de-francais-de-norvege\/#breadcrumb\",\"itemListElement\":[{\"@type\":\"ListItem\",\"position\":1,\"name\":\"\",\"item\":\"https:\/\/www.france.no\/no\/\"},{\"@type\":\"ListItem\",\"position\":2,\"name\":\"Utdannelse og Fransk spr\u00e5ksamarbeid\",\"item\":\"https:\/\/www.france.no\/no\/category\/utdanning-og-fransk-sprak\/\"},{\"@type\":\"ListItem\",\"position\":3,\"name\":\"SEMINAIRE ANNUEL DES PROFESSEURS DE FRAN\u00c7AIS DE NORVEGE\"}]},{\"@type\":\"WebSite\",\"@id\":\"https:\/\/www.france.no\/no\/#website\",\"url\":\"https:\/\/www.france.no\/no\/\",\"name\":\"Institut fran\u00e7ais\",\"description\":\"Norv\u00e8ge\",\"publisher\":{\"@id\":\"https:\/\/www.france.no\/no\/#organization\"},\"potentialAction\":[{\"@type\":\"SearchAction\",\"target\":{\"@type\":\"EntryPoint\",\"urlTemplate\":\"https:\/\/www.france.no\/no\/?s={search_term_string}\"},\"query-input\":{\"@type\":\"PropertyValueSpecification\",\"valueRequired\":true,\"valueName\":\"search_term_string\"}}],\"inLanguage\":\"nb-NO\"},{\"@type\":\"Organization\",\"@id\":\"https:\/\/www.france.no\/no\/#organization\",\"name\":\"Institut fran\u00e7ais\",\"url\":\"https:\/\/www.france.no\/no\/\",\"logo\":{\"@type\":\"ImageObject\",\"inLanguage\":\"nb-NO\",\"@id\":\"https:\/\/www.france.no\/no\/#\/schema\/logo\/image\/\",\"url\":\"https:\/\/www.france.no\/wp-content\/uploads\/2022\/11\/IF_Logo_Sans_Bleu_RVB.png\",\"contentUrl\":\"https:\/\/www.france.no\/wp-content\/uploads\/2022\/11\/IF_Logo_Sans_Bleu_RVB.png\",\"width\":852,\"height\":591,\"caption\":\"Institut fran\u00e7ais\"},\"image\":{\"@id\":\"https:\/\/www.france.no\/no\/#\/schema\/logo\/image\/\"},\"sameAs\":[\"https:\/\/www.facebook.com\/institutfrancaisoslo\",\"https:\/\/x.com\/ifnorvege\",\"https:\/\/instagram.com\/ifnorvege\"]},{\"@type\":\"Person\",\"@id\":\"https:\/\/www.france.no\/no\/#\/schema\/person\/e911222e8703f294589a6d80b1c16f97\",\"name\":\"P\u00f4le Communication\",\"image\":{\"@type\":\"ImageObject\",\"inLanguage\":\"nb-NO\",\"@id\":\"https:\/\/www.france.no\/no\/#\/schema\/person\/image\/\",\"url\":\"https:\/\/secure.gravatar.com\/avatar\/20ae085a8b5fd613a02d28588389144802d3ba9408c852b2c6c7c4b17cc39660?s=96&d=mm&r=g\",\"contentUrl\":\"https:\/\/secure.gravatar.com\/avatar\/20ae085a8b5fd613a02d28588389144802d3ba9408c852b2c6c7c4b17cc39660?s=96&d=mm&r=g\",\"caption\":\"P\u00f4le Communication\"},\"url\":\"https:\/\/www.france.no\/no\/author\/polecom\/\"}]}<\/script>\n<!-- \/ Yoast SEO plugin. -->","yoast_head_json":{"title":"SEMINAIRE ANNUEL DES PROFESSEURS DE FRAN\u00c7AIS DE NORVEGE - Institut fran\u00e7ais","robots":{"index":"index","follow":"follow","max-snippet":"max-snippet:-1","max-image-preview":"max-image-preview:large","max-video-preview":"max-video-preview:-1"},"canonical":"https:\/\/www.france.no\/no\/2024\/utdanning-og-fransk-sprak\/seminaire-annuel-des-professeurs-de-francais-de-norvege\/","og_locale":"nb_NO","og_type":"article","og_title":"SEMINAIRE ANNUEL DES PROFESSEURS DE FRAN\u00c7AIS DE NORVEGE - Institut fran\u00e7ais","og_description":"Vendredi 9 f\u00e9vrier PROGRAMME Choisissez un atelier par cr\u00e9neau horaire ci-dessous et remplissez le formulaire d&#8217;inscription. 8h45 : Accueil des participants 9h00 \u2013 9h20 : Ouverture : Sophie DELPORTE, COCAC, Catherine PETILLON, ACPF et Selma TANOVIC, Pr\u00e9sidente de l\u2019ANEF 9h25 \u2013 9h55 : Pr\u00e9sentation de la Roumanie par Monsieur l\u2019ambassadeur Cristian B\u0102DESCU 10h00 \u2013 11h30 [&hellip;]","og_url":"https:\/\/www.france.no\/no\/2024\/utdanning-og-fransk-sprak\/seminaire-annuel-des-professeurs-de-francais-de-norvege\/","og_site_name":"Institut fran\u00e7ais","article_publisher":"https:\/\/www.facebook.com\/institutfrancaisoslo","article_published_time":"2024-01-24T08:48:54+00:00","article_modified_time":"2024-04-03T15:04:15+00:00","og_image":[{"width":950,"height":500,"url":"https:\/\/www.france.no\/wp-content\/uploads\/2023\/12\/Linguistique.png","type":"image\/png"}],"author":"P\u00f4le Communication","twitter_card":"summary_large_image","twitter_creator":"@ifnorvege","twitter_site":"@ifnorvege","twitter_misc":{"Skrevet av":"P\u00f4le Communication","Ansl. lesetid":"5 minutter"},"schema":{"@context":"https:\/\/schema.org","@graph":[{"@type":"Article","@id":"https:\/\/www.france.no\/no\/2024\/utdanning-og-fransk-sprak\/seminaire-annuel-des-professeurs-de-francais-de-norvege\/#article","isPartOf":{"@id":"https:\/\/www.france.no\/no\/2024\/utdanning-og-fransk-sprak\/seminaire-annuel-des-professeurs-de-francais-de-norvege\/"},"author":{"name":"P\u00f4le Communication","@id":"https:\/\/www.france.no\/no\/#\/schema\/person\/e911222e8703f294589a6d80b1c16f97"},"headline":"SEMINAIRE ANNUEL DES PROFESSEURS DE FRAN\u00c7AIS DE NORVEGE","datePublished":"2024-01-24T08:48:54+00:00","dateModified":"2024-04-03T15:04:15+00:00","mainEntityOfPage":{"@id":"https:\/\/www.france.no\/no\/2024\/utdanning-og-fransk-sprak\/seminaire-annuel-des-professeurs-de-francais-de-norvege\/"},"wordCount":894,"publisher":{"@id":"https:\/\/www.france.no\/no\/#organization"},"image":{"@id":"https:\/\/www.france.no\/no\/2024\/utdanning-og-fransk-sprak\/seminaire-annuel-des-professeurs-de-francais-de-norvege\/#primaryimage"},"thumbnailUrl":"https:\/\/www.france.no\/wp-content\/uploads\/2023\/12\/Linguistique.png","articleSection":["Utdannelse og Fransk spr\u00e5ksamarbeid"],"inLanguage":"nb-NO"},{"@type":"WebPage","@id":"https:\/\/www.france.no\/no\/2024\/utdanning-og-fransk-sprak\/seminaire-annuel-des-professeurs-de-francais-de-norvege\/","url":"https:\/\/www.france.no\/no\/2024\/utdanning-og-fransk-sprak\/seminaire-annuel-des-professeurs-de-francais-de-norvege\/","name":"SEMINAIRE ANNUEL DES PROFESSEURS DE FRAN\u00c7AIS DE NORVEGE - Institut fran\u00e7ais","isPartOf":{"@id":"https:\/\/www.france.no\/no\/#website"},"primaryImageOfPage":{"@id":"https:\/\/www.france.no\/no\/2024\/utdanning-og-fransk-sprak\/seminaire-annuel-des-professeurs-de-francais-de-norvege\/#primaryimage"},"image":{"@id":"https:\/\/www.france.no\/no\/2024\/utdanning-og-fransk-sprak\/seminaire-annuel-des-professeurs-de-francais-de-norvege\/#primaryimage"},"thumbnailUrl":"https:\/\/www.france.no\/wp-content\/uploads\/2023\/12\/Linguistique.png","datePublished":"2024-01-24T08:48:54+00:00","dateModified":"2024-04-03T15:04:15+00:00","breadcrumb":{"@id":"https:\/\/www.france.no\/no\/2024\/utdanning-og-fransk-sprak\/seminaire-annuel-des-professeurs-de-francais-de-norvege\/#breadcrumb"},"inLanguage":"nb-NO","potentialAction":[{"@type":"ReadAction","target":["https:\/\/www.france.no\/no\/2024\/utdanning-og-fransk-sprak\/seminaire-annuel-des-professeurs-de-francais-de-norvege\/"]}]},{"@type":"ImageObject","inLanguage":"nb-NO","@id":"https:\/\/www.france.no\/no\/2024\/utdanning-og-fransk-sprak\/seminaire-annuel-des-professeurs-de-francais-de-norvege\/#primaryimage","url":"https:\/\/www.france.no\/wp-content\/uploads\/2023\/12\/Linguistique.png","contentUrl":"https:\/\/www.france.no\/wp-content\/uploads\/2023\/12\/Linguistique.png","width":950,"height":500},{"@type":"BreadcrumbList","@id":"https:\/\/www.france.no\/no\/2024\/utdanning-og-fransk-sprak\/seminaire-annuel-des-professeurs-de-francais-de-norvege\/#breadcrumb","itemListElement":[{"@type":"ListItem","position":1,"name":"","item":"https:\/\/www.france.no\/no\/"},{"@type":"ListItem","position":2,"name":"Utdannelse og Fransk spr\u00e5ksamarbeid","item":"https:\/\/www.france.no\/no\/category\/utdanning-og-fransk-sprak\/"},{"@type":"ListItem","position":3,"name":"SEMINAIRE ANNUEL DES PROFESSEURS DE FRAN\u00c7AIS DE NORVEGE"}]},{"@type":"WebSite","@id":"https:\/\/www.france.no\/no\/#website","url":"https:\/\/www.france.no\/no\/","name":"Institut fran\u00e7ais","description":"Norv\u00e8ge","publisher":{"@id":"https:\/\/www.france.no\/no\/#organization"},"potentialAction":[{"@type":"SearchAction","target":{"@type":"EntryPoint","urlTemplate":"https:\/\/www.france.no\/no\/?s={search_term_string}"},"query-input":{"@type":"PropertyValueSpecification","valueRequired":true,"valueName":"search_term_string"}}],"inLanguage":"nb-NO"},{"@type":"Organization","@id":"https:\/\/www.france.no\/no\/#organization","name":"Institut fran\u00e7ais","url":"https:\/\/www.france.no\/no\/","logo":{"@type":"ImageObject","inLanguage":"nb-NO","@id":"https:\/\/www.france.no\/no\/#\/schema\/logo\/image\/","url":"https:\/\/www.france.no\/wp-content\/uploads\/2022\/11\/IF_Logo_Sans_Bleu_RVB.png","contentUrl":"https:\/\/www.france.no\/wp-content\/uploads\/2022\/11\/IF_Logo_Sans_Bleu_RVB.png","width":852,"height":591,"caption":"Institut fran\u00e7ais"},"image":{"@id":"https:\/\/www.france.no\/no\/#\/schema\/logo\/image\/"},"sameAs":["https:\/\/www.facebook.com\/institutfrancaisoslo","https:\/\/x.com\/ifnorvege","https:\/\/instagram.com\/ifnorvege"]},{"@type":"Person","@id":"https:\/\/www.france.no\/no\/#\/schema\/person\/e911222e8703f294589a6d80b1c16f97","name":"P\u00f4le Communication","image":{"@type":"ImageObject","inLanguage":"nb-NO","@id":"https:\/\/www.france.no\/no\/#\/schema\/person\/image\/","url":"https:\/\/secure.gravatar.com\/avatar\/20ae085a8b5fd613a02d28588389144802d3ba9408c852b2c6c7c4b17cc39660?s=96&d=mm&r=g","contentUrl":"https:\/\/secure.gravatar.com\/avatar\/20ae085a8b5fd613a02d28588389144802d3ba9408c852b2c6c7c4b17cc39660?s=96&d=mm&r=g","caption":"P\u00f4le Communication"},"url":"https:\/\/www.france.no\/no\/author\/polecom\/"}]}},"_links":{"self":[{"href":"https:\/\/www.france.no\/no\/wp-json\/wp\/v2\/posts\/7054","targetHints":{"allow":["GET"]}}],"collection":[{"href":"https:\/\/www.france.no\/no\/wp-json\/wp\/v2\/posts"}],"about":[{"href":"https:\/\/www.france.no\/no\/wp-json\/wp\/v2\/types\/post"}],"author":[{"embeddable":true,"href":"https:\/\/www.france.no\/no\/wp-json\/wp\/v2\/users\/6"}],"replies":[{"embeddable":true,"href":"https:\/\/www.france.no\/no\/wp-json\/wp\/v2\/comments?post=7054"}],"version-history":[{"count":5,"href":"https:\/\/www.france.no\/no\/wp-json\/wp\/v2\/posts\/7054\/revisions"}],"predecessor-version":[{"id":7844,"href":"https:\/\/www.france.no\/no\/wp-json\/wp\/v2\/posts\/7054\/revisions\/7844"}],"wp:featuredmedia":[{"embeddable":true,"href":"https:\/\/www.france.no\/no\/wp-json\/wp\/v2\/media\/7048"}],"wp:attachment":[{"href":"https:\/\/www.france.no\/no\/wp-json\/wp\/v2\/media?parent=7054"}],"wp:term":[{"taxonomy":"category","embeddable":true,"href":"https:\/\/www.france.no\/no\/wp-json\/wp\/v2\/categories?post=7054"},{"taxonomy":"post_tag","embeddable":true,"href":"https:\/\/www.france.no\/no\/wp-json\/wp\/v2\/tags?post=7054"}],"curies":[{"name":"wp","href":"https:\/\/api.w.org\/{rel}","templated":true}]}}