{"id":7437,"date":"2024-01-23T11:24:03","date_gmt":"2024-01-23T10:24:03","guid":{"rendered":"https:\/\/www.france.no\/?p=7437"},"modified":"2024-04-03T17:05:58","modified_gmt":"2024-04-03T15:05:58","slug":"jungelfest-2","status":"publish","type":"post","link":"https:\/\/www.france.no\/no\/2024\/kultur\/jungelfest-2\/","title":{"rendered":"JUNGELFEST"},"content":{"rendered":"\n<p>Institut Fran\u00e7ais de Norv\u00e8ge is very happy to partner with the 2024 edition of the music festival <a href=\"https:\/\/jungelen.org\/\" target=\"_blank\" rel=\"noreferrer noopener\"><strong>JUNGELFEST<\/strong><\/a> that will take place from January 24<sup>th<\/sup> to 28<sup>th<\/sup> in <strong>Bergen<\/strong>.<\/p>\n\n\n\n<p>During this week dedicated to world music, the French web-radio <a href=\"https:\/\/www.pinataradio.com\/\" target=\"_blank\" rel=\"noreferrer noopener\"><strong>Pi\u00f1ata Radio<\/strong><\/a> will broadcast a series of talks and debates. The programme will also feature a selection of French artists.<\/p>\n\n\n\n<p>Don&#8217;t miss performances by Stellas &amp; The Longos, Hadj Sameer, globetrotting musician iZem and his live band, as well as young DJ Mimoon, and Tom Manzarek &amp; OG Maxwell.<\/p>\n\n\n\n<p><a href=\"https:\/\/jungelen.org\/JUNGELFEST\" target=\"_blank\" rel=\"noreferrer noopener\">Program<\/a><\/p>\n\n\n\n<p><a href=\"https:\/\/listen.radioking.com\/radio\/96031\/stream\/525368\" target=\"_blank\" rel=\"noreferrer noopener\">Listen to Pi\u00f1ata Radio Live<\/a><\/p>\n","protected":false},"excerpt":{"rendered":"<p>Institut Fran\u00e7ais de Norv\u00e8ge is very happy to partner with the 2024 edition of the music festival JUNGELFEST that will take place from January 24th to 28th in Bergen. During this week dedicated to world music, the French web-radio Pi\u00f1ata Radio will broadcast a series of talks and debates. The programme will also feature a [&hellip;]<\/p>\n","protected":false},"author":9,"featured_media":7434,"comment_status":"closed","ping_status":"closed","sticky":false,"template":"","format":"standard","meta":{"footnotes":""},"categories":[5,21],"tags":[],"class_list":["post-7437","post","type-post","status-publish","format-standard","has-post-thumbnail","hentry","category-kultur","category-musikk"],"yoast_head":"<!-- This site is optimized with the Yoast SEO plugin v24.2 - https:\/\/yoast.com\/wordpress\/plugins\/seo\/ -->\n<title>JUNGELFEST - Institut fran\u00e7ais<\/title>\n<meta name=\"robots\" content=\"index, follow, max-snippet:-1, max-image-preview:large, max-video-preview:-1\" \/>\n<link rel=\"canonical\" href=\"https:\/\/www.france.no\/no\/2024\/kultur\/jungelfest-2\/\" \/>\n<meta property=\"og:locale\" content=\"nb_NO\" \/>\n<meta property=\"og:type\" content=\"article\" \/>\n<meta property=\"og:title\" content=\"JUNGELFEST - Institut fran\u00e7ais\" \/>\n<meta property=\"og:description\" content=\"Institut Fran\u00e7ais de Norv\u00e8ge is very happy to partner with the 2024 edition of the music festival JUNGELFEST that will take place from January 24th to 28th in Bergen. During this week dedicated to world music, the French web-radio Pi\u00f1ata Radio will broadcast a series of talks and debates. The programme will also feature a [&hellip;]\" \/>\n<meta property=\"og:url\" content=\"https:\/\/www.france.no\/no\/2024\/kultur\/jungelfest-2\/\" \/>\n<meta property=\"og:site_name\" content=\"Institut fran\u00e7ais\" \/>\n<meta property=\"article:publisher\" content=\"https:\/\/www.facebook.com\/institutfrancaisoslo\" \/>\n<meta property=\"article:published_time\" content=\"2024-01-23T10:24:03+00:00\" \/>\n<meta property=\"article:modified_time\" content=\"2024-04-03T15:05:58+00:00\" \/>\n<meta property=\"og:image\" content=\"https:\/\/www.france.no\/wp-content\/uploads\/2024\/01\/JUNGELFEST-2024-1098x450.png\" \/>\n\t<meta property=\"og:image:width\" content=\"1195\" \/>\n\t<meta property=\"og:image:height\" content=\"450\" \/>\n\t<meta property=\"og:image:type\" content=\"image\/png\" \/>\n<meta name=\"author\" content=\"J\u00e9r\u00f4me ANDR\u00c9\" \/>\n<meta name=\"twitter:card\" content=\"summary_large_image\" \/>\n<meta name=\"twitter:creator\" content=\"@ifnorvege\" \/>\n<meta name=\"twitter:site\" content=\"@ifnorvege\" \/>\n<meta name=\"twitter:label1\" content=\"Skrevet av\" \/>\n\t<meta name=\"twitter:data1\" content=\"J\u00e9r\u00f4me ANDR\u00c9\" \/>\n\t<meta name=\"twitter:label2\" content=\"Ansl. lesetid\" \/>\n\t<meta name=\"twitter:data2\" content=\"1 minutt\" \/>\n<script type=\"application\/ld+json\" class=\"yoast-schema-graph\">{\"@context\":\"https:\/\/schema.org\",\"@graph\":[{\"@type\":\"Article\",\"@id\":\"https:\/\/www.france.no\/no\/2024\/kultur\/jungelfest-2\/#article\",\"isPartOf\":{\"@id\":\"https:\/\/www.france.no\/no\/2024\/kultur\/jungelfest-2\/\"},\"author\":{\"name\":\"J\u00e9r\u00f4me ANDR\u00c9\",\"@id\":\"https:\/\/www.france.no\/no\/#\/schema\/person\/f2f0bb750bdf17f16994d30050414406\"},\"headline\":\"JUNGELFEST\",\"datePublished\":\"2024-01-23T10:24:03+00:00\",\"dateModified\":\"2024-04-03T15:05:58+00:00\",\"mainEntityOfPage\":{\"@id\":\"https:\/\/www.france.no\/no\/2024\/kultur\/jungelfest-2\/\"},\"wordCount\":99,\"publisher\":{\"@id\":\"https:\/\/www.france.no\/no\/#organization\"},\"image\":{\"@id\":\"https:\/\/www.france.no\/no\/2024\/kultur\/jungelfest-2\/#primaryimage\"},\"thumbnailUrl\":\"https:\/\/www.france.no\/wp-content\/uploads\/2024\/01\/JUNGELFEST-2024-1098x450.png\",\"articleSection\":[\"Kultur\",\"Musikk\"],\"inLanguage\":\"nb-NO\"},{\"@type\":\"WebPage\",\"@id\":\"https:\/\/www.france.no\/no\/2024\/kultur\/jungelfest-2\/\",\"url\":\"https:\/\/www.france.no\/no\/2024\/kultur\/jungelfest-2\/\",\"name\":\"JUNGELFEST - Institut fran\u00e7ais\",\"isPartOf\":{\"@id\":\"https:\/\/www.france.no\/no\/#website\"},\"primaryImageOfPage\":{\"@id\":\"https:\/\/www.france.no\/no\/2024\/kultur\/jungelfest-2\/#primaryimage\"},\"image\":{\"@id\":\"https:\/\/www.france.no\/no\/2024\/kultur\/jungelfest-2\/#primaryimage\"},\"thumbnailUrl\":\"https:\/\/www.france.no\/wp-content\/uploads\/2024\/01\/JUNGELFEST-2024-1098x450.png\",\"datePublished\":\"2024-01-23T10:24:03+00:00\",\"dateModified\":\"2024-04-03T15:05:58+00:00\",\"breadcrumb\":{\"@id\":\"https:\/\/www.france.no\/no\/2024\/kultur\/jungelfest-2\/#breadcrumb\"},\"inLanguage\":\"nb-NO\",\"potentialAction\":[{\"@type\":\"ReadAction\",\"target\":[\"https:\/\/www.france.no\/no\/2024\/kultur\/jungelfest-2\/\"]}]},{\"@type\":\"ImageObject\",\"inLanguage\":\"nb-NO\",\"@id\":\"https:\/\/www.france.no\/no\/2024\/kultur\/jungelfest-2\/#primaryimage\",\"url\":\"https:\/\/www.france.no\/wp-content\/uploads\/2024\/01\/JUNGELFEST-2024-1098x450.png\",\"contentUrl\":\"https:\/\/www.france.no\/wp-content\/uploads\/2024\/01\/JUNGELFEST-2024-1098x450.png\",\"width\":1195,\"height\":450},{\"@type\":\"BreadcrumbList\",\"@id\":\"https:\/\/www.france.no\/no\/2024\/kultur\/jungelfest-2\/#breadcrumb\",\"itemListElement\":[{\"@type\":\"ListItem\",\"position\":1,\"name\":\"\",\"item\":\"https:\/\/www.france.no\/no\/\"},{\"@type\":\"ListItem\",\"position\":2,\"name\":\"Kultur\",\"item\":\"https:\/\/www.france.no\/no\/category\/kultur\/\"},{\"@type\":\"ListItem\",\"position\":3,\"name\":\"JUNGELFEST\"}]},{\"@type\":\"WebSite\",\"@id\":\"https:\/\/www.france.no\/no\/#website\",\"url\":\"https:\/\/www.france.no\/no\/\",\"name\":\"Institut fran\u00e7ais\",\"description\":\"Norv\u00e8ge\",\"publisher\":{\"@id\":\"https:\/\/www.france.no\/no\/#organization\"},\"potentialAction\":[{\"@type\":\"SearchAction\",\"target\":{\"@type\":\"EntryPoint\",\"urlTemplate\":\"https:\/\/www.france.no\/no\/?s={search_term_string}\"},\"query-input\":{\"@type\":\"PropertyValueSpecification\",\"valueRequired\":true,\"valueName\":\"search_term_string\"}}],\"inLanguage\":\"nb-NO\"},{\"@type\":\"Organization\",\"@id\":\"https:\/\/www.france.no\/no\/#organization\",\"name\":\"Institut fran\u00e7ais\",\"url\":\"https:\/\/www.france.no\/no\/\",\"logo\":{\"@type\":\"ImageObject\",\"inLanguage\":\"nb-NO\",\"@id\":\"https:\/\/www.france.no\/no\/#\/schema\/logo\/image\/\",\"url\":\"https:\/\/www.france.no\/wp-content\/uploads\/2022\/11\/IF_Logo_Sans_Bleu_RVB.png\",\"contentUrl\":\"https:\/\/www.france.no\/wp-content\/uploads\/2022\/11\/IF_Logo_Sans_Bleu_RVB.png\",\"width\":852,\"height\":591,\"caption\":\"Institut fran\u00e7ais\"},\"image\":{\"@id\":\"https:\/\/www.france.no\/no\/#\/schema\/logo\/image\/\"},\"sameAs\":[\"https:\/\/www.facebook.com\/institutfrancaisoslo\",\"https:\/\/x.com\/ifnorvege\",\"https:\/\/instagram.com\/ifnorvege\"]},{\"@type\":\"Person\",\"@id\":\"https:\/\/www.france.no\/no\/#\/schema\/person\/f2f0bb750bdf17f16994d30050414406\",\"name\":\"J\u00e9r\u00f4me ANDR\u00c9\",\"image\":{\"@type\":\"ImageObject\",\"inLanguage\":\"nb-NO\",\"@id\":\"https:\/\/www.france.no\/no\/#\/schema\/person\/image\/\",\"url\":\"https:\/\/secure.gravatar.com\/avatar\/ada66540f8b03061c12e46d80aa587607c5364b2eccc62216d08deaf8efc595d?s=96&d=mm&r=g\",\"contentUrl\":\"https:\/\/secure.gravatar.com\/avatar\/ada66540f8b03061c12e46d80aa587607c5364b2eccc62216d08deaf8efc595d?s=96&d=mm&r=g\",\"caption\":\"J\u00e9r\u00f4me ANDR\u00c9\"},\"url\":\"https:\/\/www.france.no\/no\/author\/jerome\/\"}]}<\/script>\n<!-- \/ Yoast SEO plugin. -->","yoast_head_json":{"title":"JUNGELFEST - Institut fran\u00e7ais","robots":{"index":"index","follow":"follow","max-snippet":"max-snippet:-1","max-image-preview":"max-image-preview:large","max-video-preview":"max-video-preview:-1"},"canonical":"https:\/\/www.france.no\/no\/2024\/kultur\/jungelfest-2\/","og_locale":"nb_NO","og_type":"article","og_title":"JUNGELFEST - Institut fran\u00e7ais","og_description":"Institut Fran\u00e7ais de Norv\u00e8ge is very happy to partner with the 2024 edition of the music festival JUNGELFEST that will take place from January 24th to 28th in Bergen. During this week dedicated to world music, the French web-radio Pi\u00f1ata Radio will broadcast a series of talks and debates. The programme will also feature a [&hellip;]","og_url":"https:\/\/www.france.no\/no\/2024\/kultur\/jungelfest-2\/","og_site_name":"Institut fran\u00e7ais","article_publisher":"https:\/\/www.facebook.com\/institutfrancaisoslo","article_published_time":"2024-01-23T10:24:03+00:00","article_modified_time":"2024-04-03T15:05:58+00:00","og_image":[{"width":1195,"height":450,"url":"https:\/\/www.france.no\/wp-content\/uploads\/2024\/01\/JUNGELFEST-2024-1098x450.png","type":"image\/png"}],"author":"J\u00e9r\u00f4me ANDR\u00c9","twitter_card":"summary_large_image","twitter_creator":"@ifnorvege","twitter_site":"@ifnorvege","twitter_misc":{"Skrevet av":"J\u00e9r\u00f4me ANDR\u00c9","Ansl. lesetid":"1 minutt"},"schema":{"@context":"https:\/\/schema.org","@graph":[{"@type":"Article","@id":"https:\/\/www.france.no\/no\/2024\/kultur\/jungelfest-2\/#article","isPartOf":{"@id":"https:\/\/www.france.no\/no\/2024\/kultur\/jungelfest-2\/"},"author":{"name":"J\u00e9r\u00f4me ANDR\u00c9","@id":"https:\/\/www.france.no\/no\/#\/schema\/person\/f2f0bb750bdf17f16994d30050414406"},"headline":"JUNGELFEST","datePublished":"2024-01-23T10:24:03+00:00","dateModified":"2024-04-03T15:05:58+00:00","mainEntityOfPage":{"@id":"https:\/\/www.france.no\/no\/2024\/kultur\/jungelfest-2\/"},"wordCount":99,"publisher":{"@id":"https:\/\/www.france.no\/no\/#organization"},"image":{"@id":"https:\/\/www.france.no\/no\/2024\/kultur\/jungelfest-2\/#primaryimage"},"thumbnailUrl":"https:\/\/www.france.no\/wp-content\/uploads\/2024\/01\/JUNGELFEST-2024-1098x450.png","articleSection":["Kultur","Musikk"],"inLanguage":"nb-NO"},{"@type":"WebPage","@id":"https:\/\/www.france.no\/no\/2024\/kultur\/jungelfest-2\/","url":"https:\/\/www.france.no\/no\/2024\/kultur\/jungelfest-2\/","name":"JUNGELFEST - Institut fran\u00e7ais","isPartOf":{"@id":"https:\/\/www.france.no\/no\/#website"},"primaryImageOfPage":{"@id":"https:\/\/www.france.no\/no\/2024\/kultur\/jungelfest-2\/#primaryimage"},"image":{"@id":"https:\/\/www.france.no\/no\/2024\/kultur\/jungelfest-2\/#primaryimage"},"thumbnailUrl":"https:\/\/www.france.no\/wp-content\/uploads\/2024\/01\/JUNGELFEST-2024-1098x450.png","datePublished":"2024-01-23T10:24:03+00:00","dateModified":"2024-04-03T15:05:58+00:00","breadcrumb":{"@id":"https:\/\/www.france.no\/no\/2024\/kultur\/jungelfest-2\/#breadcrumb"},"inLanguage":"nb-NO","potentialAction":[{"@type":"ReadAction","target":["https:\/\/www.france.no\/no\/2024\/kultur\/jungelfest-2\/"]}]},{"@type":"ImageObject","inLanguage":"nb-NO","@id":"https:\/\/www.france.no\/no\/2024\/kultur\/jungelfest-2\/#primaryimage","url":"https:\/\/www.france.no\/wp-content\/uploads\/2024\/01\/JUNGELFEST-2024-1098x450.png","contentUrl":"https:\/\/www.france.no\/wp-content\/uploads\/2024\/01\/JUNGELFEST-2024-1098x450.png","width":1195,"height":450},{"@type":"BreadcrumbList","@id":"https:\/\/www.france.no\/no\/2024\/kultur\/jungelfest-2\/#breadcrumb","itemListElement":[{"@type":"ListItem","position":1,"name":"","item":"https:\/\/www.france.no\/no\/"},{"@type":"ListItem","position":2,"name":"Kultur","item":"https:\/\/www.france.no\/no\/category\/kultur\/"},{"@type":"ListItem","position":3,"name":"JUNGELFEST"}]},{"@type":"WebSite","@id":"https:\/\/www.france.no\/no\/#website","url":"https:\/\/www.france.no\/no\/","name":"Institut fran\u00e7ais","description":"Norv\u00e8ge","publisher":{"@id":"https:\/\/www.france.no\/no\/#organization"},"potentialAction":[{"@type":"SearchAction","target":{"@type":"EntryPoint","urlTemplate":"https:\/\/www.france.no\/no\/?s={search_term_string}"},"query-input":{"@type":"PropertyValueSpecification","valueRequired":true,"valueName":"search_term_string"}}],"inLanguage":"nb-NO"},{"@type":"Organization","@id":"https:\/\/www.france.no\/no\/#organization","name":"Institut fran\u00e7ais","url":"https:\/\/www.france.no\/no\/","logo":{"@type":"ImageObject","inLanguage":"nb-NO","@id":"https:\/\/www.france.no\/no\/#\/schema\/logo\/image\/","url":"https:\/\/www.france.no\/wp-content\/uploads\/2022\/11\/IF_Logo_Sans_Bleu_RVB.png","contentUrl":"https:\/\/www.france.no\/wp-content\/uploads\/2022\/11\/IF_Logo_Sans_Bleu_RVB.png","width":852,"height":591,"caption":"Institut fran\u00e7ais"},"image":{"@id":"https:\/\/www.france.no\/no\/#\/schema\/logo\/image\/"},"sameAs":["https:\/\/www.facebook.com\/institutfrancaisoslo","https:\/\/x.com\/ifnorvege","https:\/\/instagram.com\/ifnorvege"]},{"@type":"Person","@id":"https:\/\/www.france.no\/no\/#\/schema\/person\/f2f0bb750bdf17f16994d30050414406","name":"J\u00e9r\u00f4me ANDR\u00c9","image":{"@type":"ImageObject","inLanguage":"nb-NO","@id":"https:\/\/www.france.no\/no\/#\/schema\/person\/image\/","url":"https:\/\/secure.gravatar.com\/avatar\/ada66540f8b03061c12e46d80aa587607c5364b2eccc62216d08deaf8efc595d?s=96&d=mm&r=g","contentUrl":"https:\/\/secure.gravatar.com\/avatar\/ada66540f8b03061c12e46d80aa587607c5364b2eccc62216d08deaf8efc595d?s=96&d=mm&r=g","caption":"J\u00e9r\u00f4me ANDR\u00c9"},"url":"https:\/\/www.france.no\/no\/author\/jerome\/"}]}},"_links":{"self":[{"href":"https:\/\/www.france.no\/no\/wp-json\/wp\/v2\/posts\/7437","targetHints":{"allow":["GET"]}}],"collection":[{"href":"https:\/\/www.france.no\/no\/wp-json\/wp\/v2\/posts"}],"about":[{"href":"https:\/\/www.france.no\/no\/wp-json\/wp\/v2\/types\/post"}],"author":[{"embeddable":true,"href":"https:\/\/www.france.no\/no\/wp-json\/wp\/v2\/users\/9"}],"replies":[{"embeddable":true,"href":"https:\/\/www.france.no\/no\/wp-json\/wp\/v2\/comments?post=7437"}],"version-history":[{"count":2,"href":"https:\/\/www.france.no\/no\/wp-json\/wp\/v2\/posts\/7437\/revisions"}],"predecessor-version":[{"id":7446,"href":"https:\/\/www.france.no\/no\/wp-json\/wp\/v2\/posts\/7437\/revisions\/7446"}],"wp:featuredmedia":[{"embeddable":true,"href":"https:\/\/www.france.no\/no\/wp-json\/wp\/v2\/media\/7434"}],"wp:attachment":[{"href":"https:\/\/www.france.no\/no\/wp-json\/wp\/v2\/media?parent=7437"}],"wp:term":[{"taxonomy":"category","embeddable":true,"href":"https:\/\/www.france.no\/no\/wp-json\/wp\/v2\/categories?post=7437"},{"taxonomy":"post_tag","embeddable":true,"href":"https:\/\/www.france.no\/no\/wp-json\/wp\/v2\/tags?post=7437"}],"curies":[{"name":"wp","href":"https:\/\/api.w.org\/{rel}","templated":true}]}}