{"id":756,"date":"2022-06-03T00:00:00","date_gmt":"2022-06-02T22:00:00","guid":{"rendered":"https:\/\/www.france.no\/2022\/kultur\/conference-funding-the-arts-and-culture-the-french-model-of-patronage\/"},"modified":"2022-06-03T00:00:00","modified_gmt":"2022-06-02T22:00:00","slug":"conference-funding-the-arts-and-culture-the-french-model-of-patronage","status":"publish","type":"post","link":"https:\/\/www.france.no\/no\/2022\/kultur\/conference-funding-the-arts-and-culture-the-french-model-of-patronage\/","title":{"rendered":"Conference &laquo;Funding the arts and culture: the French model of patronage&raquo;"},"content":{"rendered":"<p style=\"text-align: center;\"><span style=\"font-size: 12pt;\">The French Embassy to Norway and Institut fran\u00e7ais de Norv\u00e8ge have the pleasure of organizing the conference <strong>&laquo;Funding the arts and culture: the French model of patronage&raquo;<\/strong>.<\/span><\/p>\n<p style=\"text-align: center;\"><span style=\"font-size: 14pt;\"><strong>June 9th at 4:00pm &#8211; Munch Museum<\/strong><\/span><\/p>\n<p>&nbsp;<\/p>\n<p style=\"text-align: center;\">The conference will focus on existing and future mechanisms for private financing of cultural projects in France, with French experts presenting the French practices in terms of patronage to professionals from the cultural sector.<\/p>\n<p style=\"text-align: center;\"><em>in the presence of <strong>H.E. Pierre-Mathieu Duhamel<\/strong> &#8211; Ambassador of France to Norway<\/em><\/p>\n<p>&nbsp;<\/p>\n<p style=\"text-align: center;\"><span style=\"text-decoration: underline;\">Guests for the day:<\/span><\/p>\n<p style=\"text-align: center;\"><strong>Mr. Alain Seban<\/strong> &#8211; Senior official and head of cultural institution, President of\u00a0<em>Centre Pompidou<\/em> in Paris until February 2015<\/p>\n<p style=\"text-align: center;\"><strong>Mr. Jean-No\u00ebl Tronc<\/strong> &#8211; Head manager of\u00a0<em>SACEM<\/em> (the French collecting payments and distribution of artists rights) from 2012 to 2021<\/p>\n<p style=\"text-align: center;\"><strong>Mrs. Amanda Crabtree<\/strong> &#8211; Cultural producer and cofounder of the art production company <em>artconnexion<\/em><\/p>\n<p style=\"text-align: center;\"><strong>Mr. Stein Olav Henrichsen<\/strong> &#8211; Director of <em>Munch Museum<\/em><\/p>\n<p style=\"text-align: center;\">The moderator of the event will be <strong>Mrs. Siri Nodland<\/strong> &#8211; Secretary General of <em>Fundraising Norway<\/em>.<\/p>\n<p>&nbsp;<\/p>\n<p style=\"text-align: center;\">At the end of the conference, you will be invited to enjoy some refreshments and will be offered a ticket to visit Munch Museum.<\/p>\n<p style=\"text-align: center;\"><span style=\"font-size: 12pt;\">Registration is mandatory by filling <a href=\"https:\/\/docs.google.com\/forms\/d\/1GxnUqzeshbPev5i1TeIuho-MCqkDv_0f3js8eZ2ladI\/\">this form here<\/a>.<\/span><\/p>\n","protected":false},"excerpt":{"rendered":"<p>The French Embassy to Norway and Institut fran\u00e7ais de Norv\u00e8ge have the pleasure of organizing the conference &laquo;Funding the arts and culture: the French model of patronage&raquo;. June 9th at 4:00pm &#8211; Munch Museum &nbsp; The conference will focus on existing and future mechanisms for private financing of cultural projects in France, with French experts [&hellip;]<\/p>\n","protected":false},"author":1,"featured_media":757,"comment_status":"closed","ping_status":"closed","sticky":false,"template":"","format":"standard","meta":{"footnotes":""},"categories":[5],"tags":[],"class_list":["post-756","post","type-post","status-publish","format-standard","has-post-thumbnail","hentry","category-kultur"],"yoast_head":"<!-- This site is optimized with the Yoast SEO plugin v24.2 - https:\/\/yoast.com\/wordpress\/plugins\/seo\/ -->\n<title>Conference &quot;Funding the arts and culture: the French model of patronage&quot; - Institut fran\u00e7ais<\/title>\n<meta name=\"robots\" content=\"index, follow, max-snippet:-1, max-image-preview:large, max-video-preview:-1\" \/>\n<link rel=\"canonical\" href=\"https:\/\/www.france.no\/no\/2022\/kultur\/conference-funding-the-arts-and-culture-the-french-model-of-patronage\/\" \/>\n<meta property=\"og:locale\" content=\"nb_NO\" \/>\n<meta property=\"og:type\" content=\"article\" \/>\n<meta property=\"og:title\" content=\"Conference &quot;Funding the arts and culture: the French model of patronage&quot; - Institut fran\u00e7ais\" \/>\n<meta property=\"og:description\" content=\"The French Embassy to Norway and Institut fran\u00e7ais de Norv\u00e8ge have the pleasure of organizing the conference &laquo;Funding the arts and culture: the French model of patronage&raquo;. June 9th at 4:00pm &#8211; Munch Museum &nbsp; The conference will focus on existing and future mechanisms for private financing of cultural projects in France, with French experts [&hellip;]\" \/>\n<meta property=\"og:url\" content=\"https:\/\/www.france.no\/no\/2022\/kultur\/conference-funding-the-arts-and-culture-the-french-model-of-patronage\/\" \/>\n<meta property=\"og:site_name\" content=\"Institut fran\u00e7ais\" \/>\n<meta property=\"article:publisher\" content=\"https:\/\/www.facebook.com\/institutfrancaisoslo\" \/>\n<meta property=\"article:published_time\" content=\"2022-06-02T22:00:00+00:00\" \/>\n<meta property=\"og:image\" content=\"https:\/\/www.france.no\/wp-content\/uploads\/2022\/09\/visuel-mecenat-en-1024x476.png\" \/>\n\t<meta property=\"og:image:width\" content=\"1024\" \/>\n\t<meta property=\"og:image:height\" content=\"476\" \/>\n\t<meta property=\"og:image:type\" content=\"image\/png\" \/>\n<meta name=\"author\" content=\"admin_ifno\" \/>\n<meta name=\"twitter:card\" content=\"summary_large_image\" \/>\n<meta name=\"twitter:creator\" content=\"@ifnorvege\" \/>\n<meta name=\"twitter:site\" content=\"@ifnorvege\" \/>\n<meta name=\"twitter:label1\" content=\"Skrevet av\" \/>\n\t<meta name=\"twitter:data1\" content=\"admin_ifno\" \/>\n\t<meta name=\"twitter:label2\" content=\"Ansl. lesetid\" \/>\n\t<meta name=\"twitter:data2\" content=\"1 minutt\" \/>\n<script type=\"application\/ld+json\" class=\"yoast-schema-graph\">{\"@context\":\"https:\/\/schema.org\",\"@graph\":[{\"@type\":\"Article\",\"@id\":\"https:\/\/www.france.no\/no\/2022\/kultur\/conference-funding-the-arts-and-culture-the-french-model-of-patronage\/#article\",\"isPartOf\":{\"@id\":\"https:\/\/www.france.no\/no\/2022\/kultur\/conference-funding-the-arts-and-culture-the-french-model-of-patronage\/\"},\"author\":{\"name\":\"admin_ifno\",\"@id\":\"https:\/\/www.france.no\/no\/#\/schema\/person\/4fdc0b263d8f27bb00a55f55d2fa3ab0\"},\"headline\":\"Conference &laquo;Funding the arts and culture: the French model of patronage&raquo;\",\"datePublished\":\"2022-06-02T22:00:00+00:00\",\"dateModified\":\"2022-06-02T22:00:00+00:00\",\"mainEntityOfPage\":{\"@id\":\"https:\/\/www.france.no\/no\/2022\/kultur\/conference-funding-the-arts-and-culture-the-french-model-of-patronage\/\"},\"wordCount\":212,\"publisher\":{\"@id\":\"https:\/\/www.france.no\/no\/#organization\"},\"image\":{\"@id\":\"https:\/\/www.france.no\/no\/2022\/kultur\/conference-funding-the-arts-and-culture-the-french-model-of-patronage\/#primaryimage\"},\"thumbnailUrl\":\"https:\/\/www.france.no\/wp-content\/uploads\/2022\/09\/visuel-mecenat-en-1098x617.png\",\"articleSection\":[\"Kultur\"],\"inLanguage\":\"nb-NO\"},{\"@type\":\"WebPage\",\"@id\":\"https:\/\/www.france.no\/no\/2022\/kultur\/conference-funding-the-arts-and-culture-the-french-model-of-patronage\/\",\"url\":\"https:\/\/www.france.no\/no\/2022\/kultur\/conference-funding-the-arts-and-culture-the-french-model-of-patronage\/\",\"name\":\"Conference \\\"Funding the arts and culture: the French model of patronage\\\" - Institut fran\u00e7ais\",\"isPartOf\":{\"@id\":\"https:\/\/www.france.no\/no\/#website\"},\"primaryImageOfPage\":{\"@id\":\"https:\/\/www.france.no\/no\/2022\/kultur\/conference-funding-the-arts-and-culture-the-french-model-of-patronage\/#primaryimage\"},\"image\":{\"@id\":\"https:\/\/www.france.no\/no\/2022\/kultur\/conference-funding-the-arts-and-culture-the-french-model-of-patronage\/#primaryimage\"},\"thumbnailUrl\":\"https:\/\/www.france.no\/wp-content\/uploads\/2022\/09\/visuel-mecenat-en-1098x617.png\",\"datePublished\":\"2022-06-02T22:00:00+00:00\",\"dateModified\":\"2022-06-02T22:00:00+00:00\",\"breadcrumb\":{\"@id\":\"https:\/\/www.france.no\/no\/2022\/kultur\/conference-funding-the-arts-and-culture-the-french-model-of-patronage\/#breadcrumb\"},\"inLanguage\":\"nb-NO\",\"potentialAction\":[{\"@type\":\"ReadAction\",\"target\":[\"https:\/\/www.france.no\/no\/2022\/kultur\/conference-funding-the-arts-and-culture-the-french-model-of-patronage\/\"]}]},{\"@type\":\"ImageObject\",\"inLanguage\":\"nb-NO\",\"@id\":\"https:\/\/www.france.no\/no\/2022\/kultur\/conference-funding-the-arts-and-culture-the-french-model-of-patronage\/#primaryimage\",\"url\":\"https:\/\/www.france.no\/wp-content\/uploads\/2022\/09\/visuel-mecenat-en-1098x617.png\",\"contentUrl\":\"https:\/\/www.france.no\/wp-content\/uploads\/2022\/09\/visuel-mecenat-en-1098x617.png\",\"width\":2409,\"height\":1119},{\"@type\":\"BreadcrumbList\",\"@id\":\"https:\/\/www.france.no\/no\/2022\/kultur\/conference-funding-the-arts-and-culture-the-french-model-of-patronage\/#breadcrumb\",\"itemListElement\":[{\"@type\":\"ListItem\",\"position\":1,\"name\":\"\",\"item\":\"https:\/\/www.france.no\/no\/\"},{\"@type\":\"ListItem\",\"position\":2,\"name\":\"Kultur\",\"item\":\"https:\/\/www.france.no\/no\/category\/kultur\/\"},{\"@type\":\"ListItem\",\"position\":3,\"name\":\"Conference \u00ab\u00a0Funding the arts and culture: the French model of patronage\u00a0\u00bb\"}]},{\"@type\":\"WebSite\",\"@id\":\"https:\/\/www.france.no\/no\/#website\",\"url\":\"https:\/\/www.france.no\/no\/\",\"name\":\"Institut fran\u00e7ais\",\"description\":\"Norv\u00e8ge\",\"publisher\":{\"@id\":\"https:\/\/www.france.no\/no\/#organization\"},\"potentialAction\":[{\"@type\":\"SearchAction\",\"target\":{\"@type\":\"EntryPoint\",\"urlTemplate\":\"https:\/\/www.france.no\/no\/?s={search_term_string}\"},\"query-input\":{\"@type\":\"PropertyValueSpecification\",\"valueRequired\":true,\"valueName\":\"search_term_string\"}}],\"inLanguage\":\"nb-NO\"},{\"@type\":\"Organization\",\"@id\":\"https:\/\/www.france.no\/no\/#organization\",\"name\":\"Institut fran\u00e7ais\",\"url\":\"https:\/\/www.france.no\/no\/\",\"logo\":{\"@type\":\"ImageObject\",\"inLanguage\":\"nb-NO\",\"@id\":\"https:\/\/www.france.no\/no\/#\/schema\/logo\/image\/\",\"url\":\"https:\/\/www.france.no\/wp-content\/uploads\/2022\/11\/IF_Logo_Sans_Bleu_RVB.png\",\"contentUrl\":\"https:\/\/www.france.no\/wp-content\/uploads\/2022\/11\/IF_Logo_Sans_Bleu_RVB.png\",\"width\":852,\"height\":591,\"caption\":\"Institut fran\u00e7ais\"},\"image\":{\"@id\":\"https:\/\/www.france.no\/no\/#\/schema\/logo\/image\/\"},\"sameAs\":[\"https:\/\/www.facebook.com\/institutfrancaisoslo\",\"https:\/\/x.com\/ifnorvege\",\"https:\/\/instagram.com\/ifnorvege\"]},{\"@type\":\"Person\",\"@id\":\"https:\/\/www.france.no\/no\/#\/schema\/person\/4fdc0b263d8f27bb00a55f55d2fa3ab0\",\"name\":\"admin_ifno\",\"image\":{\"@type\":\"ImageObject\",\"inLanguage\":\"nb-NO\",\"@id\":\"https:\/\/www.france.no\/no\/#\/schema\/person\/image\/\",\"url\":\"https:\/\/secure.gravatar.com\/avatar\/20f70e61054e6ae673edda3c0dc13670e46e51786443041c70a7eb2da859ae2a?s=96&d=mm&r=g\",\"contentUrl\":\"https:\/\/secure.gravatar.com\/avatar\/20f70e61054e6ae673edda3c0dc13670e46e51786443041c70a7eb2da859ae2a?s=96&d=mm&r=g\",\"caption\":\"admin_ifno\"},\"sameAs\":[\"https:\/\/www.france.no\"],\"url\":\"https:\/\/www.france.no\/no\/author\/admin_ifno\/\"}]}<\/script>\n<!-- \/ Yoast SEO plugin. -->","yoast_head_json":{"title":"Conference \"Funding the arts and culture: the French model of patronage\" - Institut fran\u00e7ais","robots":{"index":"index","follow":"follow","max-snippet":"max-snippet:-1","max-image-preview":"max-image-preview:large","max-video-preview":"max-video-preview:-1"},"canonical":"https:\/\/www.france.no\/no\/2022\/kultur\/conference-funding-the-arts-and-culture-the-french-model-of-patronage\/","og_locale":"nb_NO","og_type":"article","og_title":"Conference \"Funding the arts and culture: the French model of patronage\" - Institut fran\u00e7ais","og_description":"The French Embassy to Norway and Institut fran\u00e7ais de Norv\u00e8ge have the pleasure of organizing the conference &laquo;Funding the arts and culture: the French model of patronage&raquo;. June 9th at 4:00pm &#8211; Munch Museum &nbsp; The conference will focus on existing and future mechanisms for private financing of cultural projects in France, with French experts [&hellip;]","og_url":"https:\/\/www.france.no\/no\/2022\/kultur\/conference-funding-the-arts-and-culture-the-french-model-of-patronage\/","og_site_name":"Institut fran\u00e7ais","article_publisher":"https:\/\/www.facebook.com\/institutfrancaisoslo","article_published_time":"2022-06-02T22:00:00+00:00","og_image":[{"width":1024,"height":476,"url":"https:\/\/www.france.no\/wp-content\/uploads\/2022\/09\/visuel-mecenat-en-1024x476.png","type":"image\/png"}],"author":"admin_ifno","twitter_card":"summary_large_image","twitter_creator":"@ifnorvege","twitter_site":"@ifnorvege","twitter_misc":{"Skrevet av":"admin_ifno","Ansl. lesetid":"1 minutt"},"schema":{"@context":"https:\/\/schema.org","@graph":[{"@type":"Article","@id":"https:\/\/www.france.no\/no\/2022\/kultur\/conference-funding-the-arts-and-culture-the-french-model-of-patronage\/#article","isPartOf":{"@id":"https:\/\/www.france.no\/no\/2022\/kultur\/conference-funding-the-arts-and-culture-the-french-model-of-patronage\/"},"author":{"name":"admin_ifno","@id":"https:\/\/www.france.no\/no\/#\/schema\/person\/4fdc0b263d8f27bb00a55f55d2fa3ab0"},"headline":"Conference &laquo;Funding the arts and culture: the French model of patronage&raquo;","datePublished":"2022-06-02T22:00:00+00:00","dateModified":"2022-06-02T22:00:00+00:00","mainEntityOfPage":{"@id":"https:\/\/www.france.no\/no\/2022\/kultur\/conference-funding-the-arts-and-culture-the-french-model-of-patronage\/"},"wordCount":212,"publisher":{"@id":"https:\/\/www.france.no\/no\/#organization"},"image":{"@id":"https:\/\/www.france.no\/no\/2022\/kultur\/conference-funding-the-arts-and-culture-the-french-model-of-patronage\/#primaryimage"},"thumbnailUrl":"https:\/\/www.france.no\/wp-content\/uploads\/2022\/09\/visuel-mecenat-en-1098x617.png","articleSection":["Kultur"],"inLanguage":"nb-NO"},{"@type":"WebPage","@id":"https:\/\/www.france.no\/no\/2022\/kultur\/conference-funding-the-arts-and-culture-the-french-model-of-patronage\/","url":"https:\/\/www.france.no\/no\/2022\/kultur\/conference-funding-the-arts-and-culture-the-french-model-of-patronage\/","name":"Conference \"Funding the arts and culture: the French model of patronage\" - Institut fran\u00e7ais","isPartOf":{"@id":"https:\/\/www.france.no\/no\/#website"},"primaryImageOfPage":{"@id":"https:\/\/www.france.no\/no\/2022\/kultur\/conference-funding-the-arts-and-culture-the-french-model-of-patronage\/#primaryimage"},"image":{"@id":"https:\/\/www.france.no\/no\/2022\/kultur\/conference-funding-the-arts-and-culture-the-french-model-of-patronage\/#primaryimage"},"thumbnailUrl":"https:\/\/www.france.no\/wp-content\/uploads\/2022\/09\/visuel-mecenat-en-1098x617.png","datePublished":"2022-06-02T22:00:00+00:00","dateModified":"2022-06-02T22:00:00+00:00","breadcrumb":{"@id":"https:\/\/www.france.no\/no\/2022\/kultur\/conference-funding-the-arts-and-culture-the-french-model-of-patronage\/#breadcrumb"},"inLanguage":"nb-NO","potentialAction":[{"@type":"ReadAction","target":["https:\/\/www.france.no\/no\/2022\/kultur\/conference-funding-the-arts-and-culture-the-french-model-of-patronage\/"]}]},{"@type":"ImageObject","inLanguage":"nb-NO","@id":"https:\/\/www.france.no\/no\/2022\/kultur\/conference-funding-the-arts-and-culture-the-french-model-of-patronage\/#primaryimage","url":"https:\/\/www.france.no\/wp-content\/uploads\/2022\/09\/visuel-mecenat-en-1098x617.png","contentUrl":"https:\/\/www.france.no\/wp-content\/uploads\/2022\/09\/visuel-mecenat-en-1098x617.png","width":2409,"height":1119},{"@type":"BreadcrumbList","@id":"https:\/\/www.france.no\/no\/2022\/kultur\/conference-funding-the-arts-and-culture-the-french-model-of-patronage\/#breadcrumb","itemListElement":[{"@type":"ListItem","position":1,"name":"","item":"https:\/\/www.france.no\/no\/"},{"@type":"ListItem","position":2,"name":"Kultur","item":"https:\/\/www.france.no\/no\/category\/kultur\/"},{"@type":"ListItem","position":3,"name":"Conference \u00ab\u00a0Funding the arts and culture: the French model of patronage\u00a0\u00bb"}]},{"@type":"WebSite","@id":"https:\/\/www.france.no\/no\/#website","url":"https:\/\/www.france.no\/no\/","name":"Institut fran\u00e7ais","description":"Norv\u00e8ge","publisher":{"@id":"https:\/\/www.france.no\/no\/#organization"},"potentialAction":[{"@type":"SearchAction","target":{"@type":"EntryPoint","urlTemplate":"https:\/\/www.france.no\/no\/?s={search_term_string}"},"query-input":{"@type":"PropertyValueSpecification","valueRequired":true,"valueName":"search_term_string"}}],"inLanguage":"nb-NO"},{"@type":"Organization","@id":"https:\/\/www.france.no\/no\/#organization","name":"Institut fran\u00e7ais","url":"https:\/\/www.france.no\/no\/","logo":{"@type":"ImageObject","inLanguage":"nb-NO","@id":"https:\/\/www.france.no\/no\/#\/schema\/logo\/image\/","url":"https:\/\/www.france.no\/wp-content\/uploads\/2022\/11\/IF_Logo_Sans_Bleu_RVB.png","contentUrl":"https:\/\/www.france.no\/wp-content\/uploads\/2022\/11\/IF_Logo_Sans_Bleu_RVB.png","width":852,"height":591,"caption":"Institut fran\u00e7ais"},"image":{"@id":"https:\/\/www.france.no\/no\/#\/schema\/logo\/image\/"},"sameAs":["https:\/\/www.facebook.com\/institutfrancaisoslo","https:\/\/x.com\/ifnorvege","https:\/\/instagram.com\/ifnorvege"]},{"@type":"Person","@id":"https:\/\/www.france.no\/no\/#\/schema\/person\/4fdc0b263d8f27bb00a55f55d2fa3ab0","name":"admin_ifno","image":{"@type":"ImageObject","inLanguage":"nb-NO","@id":"https:\/\/www.france.no\/no\/#\/schema\/person\/image\/","url":"https:\/\/secure.gravatar.com\/avatar\/20f70e61054e6ae673edda3c0dc13670e46e51786443041c70a7eb2da859ae2a?s=96&d=mm&r=g","contentUrl":"https:\/\/secure.gravatar.com\/avatar\/20f70e61054e6ae673edda3c0dc13670e46e51786443041c70a7eb2da859ae2a?s=96&d=mm&r=g","caption":"admin_ifno"},"sameAs":["https:\/\/www.france.no"],"url":"https:\/\/www.france.no\/no\/author\/admin_ifno\/"}]}},"_links":{"self":[{"href":"https:\/\/www.france.no\/no\/wp-json\/wp\/v2\/posts\/756","targetHints":{"allow":["GET"]}}],"collection":[{"href":"https:\/\/www.france.no\/no\/wp-json\/wp\/v2\/posts"}],"about":[{"href":"https:\/\/www.france.no\/no\/wp-json\/wp\/v2\/types\/post"}],"author":[{"embeddable":true,"href":"https:\/\/www.france.no\/no\/wp-json\/wp\/v2\/users\/1"}],"replies":[{"embeddable":true,"href":"https:\/\/www.france.no\/no\/wp-json\/wp\/v2\/comments?post=756"}],"version-history":[{"count":1,"href":"https:\/\/www.france.no\/no\/wp-json\/wp\/v2\/posts\/756\/revisions"}],"predecessor-version":[{"id":2644,"href":"https:\/\/www.france.no\/no\/wp-json\/wp\/v2\/posts\/756\/revisions\/2644"}],"wp:featuredmedia":[{"embeddable":true,"href":"https:\/\/www.france.no\/no\/wp-json\/wp\/v2\/media\/757"}],"wp:attachment":[{"href":"https:\/\/www.france.no\/no\/wp-json\/wp\/v2\/media?parent=756"}],"wp:term":[{"taxonomy":"category","embeddable":true,"href":"https:\/\/www.france.no\/no\/wp-json\/wp\/v2\/categories?post=756"},{"taxonomy":"post_tag","embeddable":true,"href":"https:\/\/www.france.no\/no\/wp-json\/wp\/v2\/tags?post=756"}],"curies":[{"name":"wp","href":"https:\/\/api.w.org\/{rel}","templated":true}]}}