{"id":7616,"date":"2024-02-16T11:45:32","date_gmt":"2024-02-16T10:45:32","guid":{"rendered":"https:\/\/www.france.no\/?p=7616"},"modified":"2024-04-03T17:02:13","modified_gmt":"2024-04-03T15:02:13","slug":"women-conflict","status":"publish","type":"post","link":"https:\/\/www.france.no\/no\/2024\/vitenskap-og-forskning\/women-conflict\/","title":{"rendered":"Women &amp; conflict"},"content":{"rendered":"\n<p>Francophonie encompasses individuals and institutions using French for socialization, administration, and\/or education, with 321 million people across five continents as of 2023. The International Organization of La Francophonie serves as its backbone, promoting French and fostering collaborations among 88 member states.<\/p>\n\n\n\n<p>The event will highlight presentations by two French-speaking authors, <strong>Alice Zeniter<\/strong> and <strong>Anna Langfus<\/strong>, exploring the <strong>relationship between women and conflicts<\/strong>. While international humanitarian rights aim to protect women from sexual harassment, persistent challenges remain. Over 90% of victims in armed conflicts are civilians, predominantly women and children, facing rape as a weapon, murder, sexual slavery, forced pregnancy, and sterilization.<\/p>\n\n\n\n<p>\u201c<em>What happens to women is either too particular to be universal or too universal to be particular, meaning either too human to be female or too female to be human<\/em>\u201d. Catharine A. MacKinnon<\/p>\n\n\n\n<p>This emphasizes the significance of <strong>International Women&#8217;s Day<\/strong>, established in 1975, to celebrate achievements and advocate for improving women&#8217;s situations amid ongoing challenges. Authors <strong>Alice Zeniter <\/strong>and<strong> Anna Langfus <\/strong>highlight the courage of women taking a stand in the face of the most challenging conflicts. Additionally, it is noted that the <strong>Norwegian Nobel Committee awarded the 2023 Nobel Peace Prize<\/strong> to <strong>Iranian activist<\/strong> Narges Mohammadi for her efforts against the oppression of women in Iran and her commitment to promoting freedom and rights for all.<\/p>\n\n\n\n<p><strong>Speakers<\/strong>:<\/p>\n\n\n\n<ul class=\"wp-block-list\">\n<li><strong>Gro Bj\u00f8rnerud <\/strong>(French literature researcher at UiO)&nbsp;will present \u00ab&nbsp;<em>Alice Zeniter (born 1986): The power of speech<\/em>&nbsp;\u00bb.<\/li>\n\n\n\n<li><strong>Geir&nbsp;Uvsl\u00f8kk<\/strong> (French literature researcher at UiO) will present \u00ab&nbsp;<em>Anna Langfus (1920-1966): the strength of a survivor <\/em>\u00bb.<\/li>\n<\/ul>\n\n\n\n<p>Through this Science Night, our objective is to celebrate together the Francophonie through the prism of Francophone women writers.<\/p>\n\n\n\n<p><strong>PROGRAM<\/strong>:<br>Conference &amp; discussion<br>French buffet<\/p>\n\n\n","protected":false},"excerpt":{"rendered":"<p>Francophonie encompasses individuals and institutions using French for socialization, administration, and\/or education, with 321 million people across five continents as of 2023. The International Organization of La Francophonie serves as its backbone, promoting French and fostering collaborations among 88 member states. The event will highlight presentations by two French-speaking authors, Alice Zeniter and Anna Langfus, [&hellip;]<\/p>\n","protected":false},"author":9,"featured_media":7755,"comment_status":"closed","ping_status":"closed","sticky":false,"template":"","format":"standard","meta":{"footnotes":""},"categories":[17],"tags":[],"class_list":["post-7616","post","type-post","status-publish","format-standard","has-post-thumbnail","hentry","category-vitenskap-og-forskning"],"yoast_head":"<!-- This site is optimized with the Yoast SEO plugin v24.2 - https:\/\/yoast.com\/wordpress\/plugins\/seo\/ -->\n<title>Women &amp; conflict - Institut fran\u00e7ais<\/title>\n<meta name=\"robots\" content=\"index, follow, max-snippet:-1, max-image-preview:large, max-video-preview:-1\" \/>\n<link rel=\"canonical\" href=\"https:\/\/www.france.no\/no\/2024\/vitenskap-og-forskning\/women-conflict\/\" \/>\n<meta property=\"og:locale\" content=\"nb_NO\" \/>\n<meta property=\"og:type\" content=\"article\" \/>\n<meta property=\"og:title\" content=\"Women &amp; conflict - Institut fran\u00e7ais\" \/>\n<meta property=\"og:description\" content=\"Francophonie encompasses individuals and institutions using French for socialization, administration, and\/or education, with 321 million people across five continents as of 2023. The International Organization of La Francophonie serves as its backbone, promoting French and fostering collaborations among 88 member states. The event will highlight presentations by two French-speaking authors, Alice Zeniter and Anna Langfus, [&hellip;]\" \/>\n<meta property=\"og:url\" content=\"https:\/\/www.france.no\/no\/2024\/vitenskap-og-forskning\/women-conflict\/\" \/>\n<meta property=\"og:site_name\" content=\"Institut fran\u00e7ais\" \/>\n<meta property=\"article:publisher\" content=\"https:\/\/www.facebook.com\/institutfrancaisoslo\" \/>\n<meta property=\"article:published_time\" content=\"2024-02-16T10:45:32+00:00\" \/>\n<meta property=\"article:modified_time\" content=\"2024-04-03T15:02:13+00:00\" \/>\n<meta property=\"og:image\" content=\"https:\/\/www.france.no\/wp-content\/uploads\/2024\/02\/20032024-Science-night-Francophonie-2-1-1080x617.png\" \/>\n\t<meta property=\"og:image:width\" content=\"1080\" \/>\n\t<meta property=\"og:image:height\" content=\"1080\" \/>\n\t<meta property=\"og:image:type\" content=\"image\/png\" \/>\n<meta name=\"author\" content=\"J\u00e9r\u00f4me ANDR\u00c9\" \/>\n<meta name=\"twitter:card\" content=\"summary_large_image\" \/>\n<meta name=\"twitter:creator\" content=\"@ifnorvege\" \/>\n<meta name=\"twitter:site\" content=\"@ifnorvege\" \/>\n<meta name=\"twitter:label1\" content=\"Skrevet av\" \/>\n\t<meta name=\"twitter:data1\" content=\"J\u00e9r\u00f4me ANDR\u00c9\" \/>\n\t<meta name=\"twitter:label2\" content=\"Ansl. lesetid\" \/>\n\t<meta name=\"twitter:data2\" content=\"2 minutter\" \/>\n<script type=\"application\/ld+json\" class=\"yoast-schema-graph\">{\"@context\":\"https:\/\/schema.org\",\"@graph\":[{\"@type\":\"Article\",\"@id\":\"https:\/\/www.france.no\/no\/2024\/vitenskap-og-forskning\/women-conflict\/#article\",\"isPartOf\":{\"@id\":\"https:\/\/www.france.no\/no\/2024\/vitenskap-og-forskning\/women-conflict\/\"},\"author\":{\"name\":\"J\u00e9r\u00f4me ANDR\u00c9\",\"@id\":\"https:\/\/www.france.no\/no\/#\/schema\/person\/f2f0bb750bdf17f16994d30050414406\"},\"headline\":\"Women &amp; conflict\",\"datePublished\":\"2024-02-16T10:45:32+00:00\",\"dateModified\":\"2024-04-03T15:02:13+00:00\",\"mainEntityOfPage\":{\"@id\":\"https:\/\/www.france.no\/no\/2024\/vitenskap-og-forskning\/women-conflict\/\"},\"wordCount\":284,\"publisher\":{\"@id\":\"https:\/\/www.france.no\/no\/#organization\"},\"image\":{\"@id\":\"https:\/\/www.france.no\/no\/2024\/vitenskap-og-forskning\/women-conflict\/#primaryimage\"},\"thumbnailUrl\":\"https:\/\/www.france.no\/wp-content\/uploads\/2024\/02\/20032024-Science-night-Francophonie-2-1-1080x617.png\",\"articleSection\":[\"Vitenskap og forskning\"],\"inLanguage\":\"nb-NO\"},{\"@type\":\"WebPage\",\"@id\":\"https:\/\/www.france.no\/no\/2024\/vitenskap-og-forskning\/women-conflict\/\",\"url\":\"https:\/\/www.france.no\/no\/2024\/vitenskap-og-forskning\/women-conflict\/\",\"name\":\"Women &amp; conflict - Institut fran\u00e7ais\",\"isPartOf\":{\"@id\":\"https:\/\/www.france.no\/no\/#website\"},\"primaryImageOfPage\":{\"@id\":\"https:\/\/www.france.no\/no\/2024\/vitenskap-og-forskning\/women-conflict\/#primaryimage\"},\"image\":{\"@id\":\"https:\/\/www.france.no\/no\/2024\/vitenskap-og-forskning\/women-conflict\/#primaryimage\"},\"thumbnailUrl\":\"https:\/\/www.france.no\/wp-content\/uploads\/2024\/02\/20032024-Science-night-Francophonie-2-1-1080x617.png\",\"datePublished\":\"2024-02-16T10:45:32+00:00\",\"dateModified\":\"2024-04-03T15:02:13+00:00\",\"breadcrumb\":{\"@id\":\"https:\/\/www.france.no\/no\/2024\/vitenskap-og-forskning\/women-conflict\/#breadcrumb\"},\"inLanguage\":\"nb-NO\",\"potentialAction\":[{\"@type\":\"ReadAction\",\"target\":[\"https:\/\/www.france.no\/no\/2024\/vitenskap-og-forskning\/women-conflict\/\"]}]},{\"@type\":\"ImageObject\",\"inLanguage\":\"nb-NO\",\"@id\":\"https:\/\/www.france.no\/no\/2024\/vitenskap-og-forskning\/women-conflict\/#primaryimage\",\"url\":\"https:\/\/www.france.no\/wp-content\/uploads\/2024\/02\/20032024-Science-night-Francophonie-2-1-1080x617.png\",\"contentUrl\":\"https:\/\/www.france.no\/wp-content\/uploads\/2024\/02\/20032024-Science-night-Francophonie-2-1-1080x617.png\",\"width\":1080,\"height\":1080},{\"@type\":\"BreadcrumbList\",\"@id\":\"https:\/\/www.france.no\/no\/2024\/vitenskap-og-forskning\/women-conflict\/#breadcrumb\",\"itemListElement\":[{\"@type\":\"ListItem\",\"position\":1,\"name\":\"\",\"item\":\"https:\/\/www.france.no\/no\/\"},{\"@type\":\"ListItem\",\"position\":2,\"name\":\"Vitenskap og forskning\",\"item\":\"https:\/\/www.france.no\/no\/category\/vitenskap-og-forskning\/\"},{\"@type\":\"ListItem\",\"position\":3,\"name\":\"Women &amp; conflict\"}]},{\"@type\":\"WebSite\",\"@id\":\"https:\/\/www.france.no\/no\/#website\",\"url\":\"https:\/\/www.france.no\/no\/\",\"name\":\"Institut fran\u00e7ais\",\"description\":\"Norv\u00e8ge\",\"publisher\":{\"@id\":\"https:\/\/www.france.no\/no\/#organization\"},\"potentialAction\":[{\"@type\":\"SearchAction\",\"target\":{\"@type\":\"EntryPoint\",\"urlTemplate\":\"https:\/\/www.france.no\/no\/?s={search_term_string}\"},\"query-input\":{\"@type\":\"PropertyValueSpecification\",\"valueRequired\":true,\"valueName\":\"search_term_string\"}}],\"inLanguage\":\"nb-NO\"},{\"@type\":\"Organization\",\"@id\":\"https:\/\/www.france.no\/no\/#organization\",\"name\":\"Institut fran\u00e7ais\",\"url\":\"https:\/\/www.france.no\/no\/\",\"logo\":{\"@type\":\"ImageObject\",\"inLanguage\":\"nb-NO\",\"@id\":\"https:\/\/www.france.no\/no\/#\/schema\/logo\/image\/\",\"url\":\"https:\/\/www.france.no\/wp-content\/uploads\/2022\/11\/IF_Logo_Sans_Bleu_RVB.png\",\"contentUrl\":\"https:\/\/www.france.no\/wp-content\/uploads\/2022\/11\/IF_Logo_Sans_Bleu_RVB.png\",\"width\":852,\"height\":591,\"caption\":\"Institut fran\u00e7ais\"},\"image\":{\"@id\":\"https:\/\/www.france.no\/no\/#\/schema\/logo\/image\/\"},\"sameAs\":[\"https:\/\/www.facebook.com\/institutfrancaisoslo\",\"https:\/\/x.com\/ifnorvege\",\"https:\/\/instagram.com\/ifnorvege\"]},{\"@type\":\"Person\",\"@id\":\"https:\/\/www.france.no\/no\/#\/schema\/person\/f2f0bb750bdf17f16994d30050414406\",\"name\":\"J\u00e9r\u00f4me ANDR\u00c9\",\"image\":{\"@type\":\"ImageObject\",\"inLanguage\":\"nb-NO\",\"@id\":\"https:\/\/www.france.no\/no\/#\/schema\/person\/image\/\",\"url\":\"https:\/\/secure.gravatar.com\/avatar\/ada66540f8b03061c12e46d80aa587607c5364b2eccc62216d08deaf8efc595d?s=96&d=mm&r=g\",\"contentUrl\":\"https:\/\/secure.gravatar.com\/avatar\/ada66540f8b03061c12e46d80aa587607c5364b2eccc62216d08deaf8efc595d?s=96&d=mm&r=g\",\"caption\":\"J\u00e9r\u00f4me ANDR\u00c9\"},\"url\":\"https:\/\/www.france.no\/no\/author\/jerome\/\"}]}<\/script>\n<!-- \/ Yoast SEO plugin. -->","yoast_head_json":{"title":"Women &amp; conflict - Institut fran\u00e7ais","robots":{"index":"index","follow":"follow","max-snippet":"max-snippet:-1","max-image-preview":"max-image-preview:large","max-video-preview":"max-video-preview:-1"},"canonical":"https:\/\/www.france.no\/no\/2024\/vitenskap-og-forskning\/women-conflict\/","og_locale":"nb_NO","og_type":"article","og_title":"Women &amp; conflict - Institut fran\u00e7ais","og_description":"Francophonie encompasses individuals and institutions using French for socialization, administration, and\/or education, with 321 million people across five continents as of 2023. The International Organization of La Francophonie serves as its backbone, promoting French and fostering collaborations among 88 member states. The event will highlight presentations by two French-speaking authors, Alice Zeniter and Anna Langfus, [&hellip;]","og_url":"https:\/\/www.france.no\/no\/2024\/vitenskap-og-forskning\/women-conflict\/","og_site_name":"Institut fran\u00e7ais","article_publisher":"https:\/\/www.facebook.com\/institutfrancaisoslo","article_published_time":"2024-02-16T10:45:32+00:00","article_modified_time":"2024-04-03T15:02:13+00:00","og_image":[{"width":1080,"height":1080,"url":"https:\/\/www.france.no\/wp-content\/uploads\/2024\/02\/20032024-Science-night-Francophonie-2-1-1080x617.png","type":"image\/png"}],"author":"J\u00e9r\u00f4me ANDR\u00c9","twitter_card":"summary_large_image","twitter_creator":"@ifnorvege","twitter_site":"@ifnorvege","twitter_misc":{"Skrevet av":"J\u00e9r\u00f4me ANDR\u00c9","Ansl. lesetid":"2 minutter"},"schema":{"@context":"https:\/\/schema.org","@graph":[{"@type":"Article","@id":"https:\/\/www.france.no\/no\/2024\/vitenskap-og-forskning\/women-conflict\/#article","isPartOf":{"@id":"https:\/\/www.france.no\/no\/2024\/vitenskap-og-forskning\/women-conflict\/"},"author":{"name":"J\u00e9r\u00f4me ANDR\u00c9","@id":"https:\/\/www.france.no\/no\/#\/schema\/person\/f2f0bb750bdf17f16994d30050414406"},"headline":"Women &amp; conflict","datePublished":"2024-02-16T10:45:32+00:00","dateModified":"2024-04-03T15:02:13+00:00","mainEntityOfPage":{"@id":"https:\/\/www.france.no\/no\/2024\/vitenskap-og-forskning\/women-conflict\/"},"wordCount":284,"publisher":{"@id":"https:\/\/www.france.no\/no\/#organization"},"image":{"@id":"https:\/\/www.france.no\/no\/2024\/vitenskap-og-forskning\/women-conflict\/#primaryimage"},"thumbnailUrl":"https:\/\/www.france.no\/wp-content\/uploads\/2024\/02\/20032024-Science-night-Francophonie-2-1-1080x617.png","articleSection":["Vitenskap og forskning"],"inLanguage":"nb-NO"},{"@type":"WebPage","@id":"https:\/\/www.france.no\/no\/2024\/vitenskap-og-forskning\/women-conflict\/","url":"https:\/\/www.france.no\/no\/2024\/vitenskap-og-forskning\/women-conflict\/","name":"Women &amp; conflict - Institut fran\u00e7ais","isPartOf":{"@id":"https:\/\/www.france.no\/no\/#website"},"primaryImageOfPage":{"@id":"https:\/\/www.france.no\/no\/2024\/vitenskap-og-forskning\/women-conflict\/#primaryimage"},"image":{"@id":"https:\/\/www.france.no\/no\/2024\/vitenskap-og-forskning\/women-conflict\/#primaryimage"},"thumbnailUrl":"https:\/\/www.france.no\/wp-content\/uploads\/2024\/02\/20032024-Science-night-Francophonie-2-1-1080x617.png","datePublished":"2024-02-16T10:45:32+00:00","dateModified":"2024-04-03T15:02:13+00:00","breadcrumb":{"@id":"https:\/\/www.france.no\/no\/2024\/vitenskap-og-forskning\/women-conflict\/#breadcrumb"},"inLanguage":"nb-NO","potentialAction":[{"@type":"ReadAction","target":["https:\/\/www.france.no\/no\/2024\/vitenskap-og-forskning\/women-conflict\/"]}]},{"@type":"ImageObject","inLanguage":"nb-NO","@id":"https:\/\/www.france.no\/no\/2024\/vitenskap-og-forskning\/women-conflict\/#primaryimage","url":"https:\/\/www.france.no\/wp-content\/uploads\/2024\/02\/20032024-Science-night-Francophonie-2-1-1080x617.png","contentUrl":"https:\/\/www.france.no\/wp-content\/uploads\/2024\/02\/20032024-Science-night-Francophonie-2-1-1080x617.png","width":1080,"height":1080},{"@type":"BreadcrumbList","@id":"https:\/\/www.france.no\/no\/2024\/vitenskap-og-forskning\/women-conflict\/#breadcrumb","itemListElement":[{"@type":"ListItem","position":1,"name":"","item":"https:\/\/www.france.no\/no\/"},{"@type":"ListItem","position":2,"name":"Vitenskap og forskning","item":"https:\/\/www.france.no\/no\/category\/vitenskap-og-forskning\/"},{"@type":"ListItem","position":3,"name":"Women &amp; conflict"}]},{"@type":"WebSite","@id":"https:\/\/www.france.no\/no\/#website","url":"https:\/\/www.france.no\/no\/","name":"Institut fran\u00e7ais","description":"Norv\u00e8ge","publisher":{"@id":"https:\/\/www.france.no\/no\/#organization"},"potentialAction":[{"@type":"SearchAction","target":{"@type":"EntryPoint","urlTemplate":"https:\/\/www.france.no\/no\/?s={search_term_string}"},"query-input":{"@type":"PropertyValueSpecification","valueRequired":true,"valueName":"search_term_string"}}],"inLanguage":"nb-NO"},{"@type":"Organization","@id":"https:\/\/www.france.no\/no\/#organization","name":"Institut fran\u00e7ais","url":"https:\/\/www.france.no\/no\/","logo":{"@type":"ImageObject","inLanguage":"nb-NO","@id":"https:\/\/www.france.no\/no\/#\/schema\/logo\/image\/","url":"https:\/\/www.france.no\/wp-content\/uploads\/2022\/11\/IF_Logo_Sans_Bleu_RVB.png","contentUrl":"https:\/\/www.france.no\/wp-content\/uploads\/2022\/11\/IF_Logo_Sans_Bleu_RVB.png","width":852,"height":591,"caption":"Institut fran\u00e7ais"},"image":{"@id":"https:\/\/www.france.no\/no\/#\/schema\/logo\/image\/"},"sameAs":["https:\/\/www.facebook.com\/institutfrancaisoslo","https:\/\/x.com\/ifnorvege","https:\/\/instagram.com\/ifnorvege"]},{"@type":"Person","@id":"https:\/\/www.france.no\/no\/#\/schema\/person\/f2f0bb750bdf17f16994d30050414406","name":"J\u00e9r\u00f4me ANDR\u00c9","image":{"@type":"ImageObject","inLanguage":"nb-NO","@id":"https:\/\/www.france.no\/no\/#\/schema\/person\/image\/","url":"https:\/\/secure.gravatar.com\/avatar\/ada66540f8b03061c12e46d80aa587607c5364b2eccc62216d08deaf8efc595d?s=96&d=mm&r=g","contentUrl":"https:\/\/secure.gravatar.com\/avatar\/ada66540f8b03061c12e46d80aa587607c5364b2eccc62216d08deaf8efc595d?s=96&d=mm&r=g","caption":"J\u00e9r\u00f4me ANDR\u00c9"},"url":"https:\/\/www.france.no\/no\/author\/jerome\/"}]}},"_links":{"self":[{"href":"https:\/\/www.france.no\/no\/wp-json\/wp\/v2\/posts\/7616","targetHints":{"allow":["GET"]}}],"collection":[{"href":"https:\/\/www.france.no\/no\/wp-json\/wp\/v2\/posts"}],"about":[{"href":"https:\/\/www.france.no\/no\/wp-json\/wp\/v2\/types\/post"}],"author":[{"embeddable":true,"href":"https:\/\/www.france.no\/no\/wp-json\/wp\/v2\/users\/9"}],"replies":[{"embeddable":true,"href":"https:\/\/www.france.no\/no\/wp-json\/wp\/v2\/comments?post=7616"}],"version-history":[{"count":3,"href":"https:\/\/www.france.no\/no\/wp-json\/wp\/v2\/posts\/7616\/revisions"}],"predecessor-version":[{"id":7843,"href":"https:\/\/www.france.no\/no\/wp-json\/wp\/v2\/posts\/7616\/revisions\/7843"}],"wp:featuredmedia":[{"embeddable":true,"href":"https:\/\/www.france.no\/no\/wp-json\/wp\/v2\/media\/7755"}],"wp:attachment":[{"href":"https:\/\/www.france.no\/no\/wp-json\/wp\/v2\/media?parent=7616"}],"wp:term":[{"taxonomy":"category","embeddable":true,"href":"https:\/\/www.france.no\/no\/wp-json\/wp\/v2\/categories?post=7616"},{"taxonomy":"post_tag","embeddable":true,"href":"https:\/\/www.france.no\/no\/wp-json\/wp\/v2\/tags?post=7616"}],"curies":[{"name":"wp","href":"https:\/\/api.w.org\/{rel}","templated":true}]}}