{"id":7673,"date":"2024-03-01T16:41:27","date_gmt":"2024-03-01T15:41:27","guid":{"rendered":"https:\/\/www.france.no\/?p=7673"},"modified":"2024-04-03T17:00:52","modified_gmt":"2024-04-03T15:00:52","slug":"kino","status":"publish","type":"post","link":"https:\/\/www.france.no\/no\/2024\/kultur\/kino\/","title":{"rendered":"KINO P\u00c5 INSTITUTTET"},"content":{"rendered":"\n<p>I forbindelse med <strong>Frankofonim\u00e5neden<\/strong>, arrangerer <strong>Institut fran\u00e7ais de Norv\u00e8ge <\/strong>og en samling av fransktalende ambassader i Oslo en serie med filmvisninger fra <strong>6. til 22. mars<\/strong>. Dette er en mulighet til \u00e5 oppdage den store mangfoldigheten av talenter fra Romania, Tunisia, Canada, Sveits og Frankrike.<\/p>\n\n\n\n<p>Hver av disse filmvisningene, organisert i lokalene til <strong>Institut fran\u00e7ais de Norv\u00e8ge<\/strong>, vil bli etterfulgt av en buffet.<\/p>\n\n\n\n<p class=\"has-text-align-center\">*****<\/p>\n\n\n\n<p><strong><a href=\"https:\/\/www.france.no\/no\/2024\/kultur\/kino-la-bataille-de-solferino-age-of-panic\/\">Onsdag 6. mars kl. 17:30: <em>La Bataille de Solf\u00e9rino<\/em>, presentert av Institut fran\u00e7ais de Norv\u00e8ge<\/a><\/strong><\/p>\n\n\n\n<p><em>La Bataille de Solf\u00e9rino<\/em>&nbsp;gir et bilde av et ti\u00e5r med politiske endringer i Frankrike og fanger uroen som fant sted 6. mai 2012, dagen for andre runde av det franske presidentvalget. Spillefilmen utforsker hvordan v\u00e5re liv alltid p\u00e5virkes av globale sammenhenger, som i dette tilfellet blir illustrert av hverdagslige konflikter og intense konfrontasjoner. Justine Triets verk svinger mellom det humoristiske og det alvorlige, samtidig som det sjonglerer mellom intimiteten til et romantisk forhold og uroen rundt en politisk hendelse.<\/p>\n\n\n\n<p><em>engelske undertekster<\/em><\/p>\n\n\n\n<p>P\u00e5melding nedenfor:<\/p>\n\n\n\n\n\n<p class=\"has-text-align-center\">*****<\/p>\n\n\n\n<p><strong>Torsdag 7. mars kl. 17:00:<em> Freedom<\/em>, presentert av den rumenske ambassaden<\/strong><\/p>\n\n\n\n<p>\u00abUnder desemberrevolusjonen i 1989, som styrtet det kommunistiske regimet, blir byen Sibiu i Transylvania \u00e5stedet for et voldelig angrep mot en politienhet som raskt eskalerer til en blodig konfrontasjon mellom soldater, politifolk, sivile demonstranter og representanter for det hemmelige politiet. I et desperat fors\u00f8k p\u00e5 \u00e5 unnslippe beleiringen, blir politikaptein Viorel fanget av h\u00e6ren sammen med hundrevis av fanger anklaget for \u00e5 v\u00e6re terrorister.\u00bb<\/p>\n\n\n\n<p>En film av Tudor Giurgiu.<br><em>engelske undertekster<\/em><\/p>\n\n\n\n<p>For p\u00e5melding til filmvisningen: <br><a href=\"mailto:oslo@mae.ro\">oslo@mae.ro<\/a><\/p>\n\n\n\n<p class=\"has-text-align-center\">*****<\/p>\n\n\n\n<p><strong>Fredag 8. mars kl. 16:00:<em> Un fils<\/em> (<em>A Son<\/em>), presentert av den tunisiske ambassaden<\/strong><\/p>\n\n\n\n<p>\u00abAziz p\u00e5 10 \u00e5r trenger en blodoverf\u00f8ring etter \u00e5 ha blitt s\u00e5ret under et bakholdsangrep mens han var p\u00e5 ferie i Tunisia. Denne hendelsen vekker til live en tungt bevart familiehemmelighet.\u00bb<\/p>\n\n\n\n<p>En film av Mehdi Barsaoui.<br><em>engelske undertekster<\/em><\/p>\n\n\n\n<p>For p\u00e5melding til filmvisningen:<br><a href=\"mailto:events.tunisianemb.oslo@gmail.com\">events.tunisianemb.oslo@gmail.com<\/a><\/p>\n\n\n\n<p>Det vil det arrangeres en tunisisk cocktail kl. 16 f\u00f8r filmvinsingen.<\/p>\n\n\n\n<p class=\"has-text-align-center\">*****<\/p>\n\n\n\n<p><strong>Mandag 11. mars kl. 17:00: <em>The Story of a Summer Lover, <\/em>presentert av den rumenske ambassaden<\/strong><\/p>\n\n\n\n<p>\u00abPetru er matematikkprofessor ved det polytekniske universitetet og f\u00f8rer en bekymringsfri tilv\u00e6relse. Han har et \u00e5pent forhold til Irina, som har godtatt at han tilbringer noen netter med andre kvinner. Men n\u00e5r hun blir gravid, tvinges han til \u00e5 endre livsstil.\u00bb<\/p>\n\n\n\n<p>En film av Paul Negoescu.<br><em>engelske undertekster<\/em><\/p>\n\n\n\n<p>For p\u00e5melding til filmvisningen: <br><a href=\"mailto:oslo@mae.ro\">oslo@mae.ro<\/a><\/p>\n\n\n\n<p class=\"has-text-align-center\">*****<\/p>\n\n\n\n<p><strong>Tirsdag 12. mars kl. 17:00: <em>Respire<\/em> (<em>Breathe<\/em>)<em>, <\/em>presentert av den kanadiske ambassaden<\/strong><\/p>\n\n\n\n<p>\u00abFouad, en 15 \u00e5r gammel marokkansk immigrant, og Max, en 27 \u00e5r gammel quebecer, lever begge liv fylt med frustrasjoner. Deres respektive skjebner leder dem sammen, ansikt til ansikt, i en situasjon som ingen av dem vil komme uskadd ut av.\u00bb<\/p>\n\n\n\n<p>En film av Onur Karaman.<br><em>engelske undertekster<\/em><\/p>\n\n\n\n<p>P\u00e5melding hos den aktuelle ambassaden.<\/p>\n\n\n\n<p class=\"has-text-align-center\">*****<\/p>\n\n\n\n<p><strong>Onsdag 13. mars kl. 17:00: <em>Last Dance<\/em>, presentert av den sveitsiske ambassaden<\/strong><\/p>\n\n\n\n<p>\u00abEtter konens d\u00f8d, m\u00e5 en syttifem \u00e5r gammel pensjonist f\u00e5 bukt med familiemedlemmenes inntrengning i hans rolige liv.\u00bb<\/p>\n\n\n\n<p>En film av Delphine Lehericey.<br><em>engelske undertekster<\/em><\/p>\n\n\n\n<p>For p\u00e5melding til filmvisningen, <a href=\"https:\/\/www.eventbrite.com\/e\/filmscreening-last-dance-tickets-855966648287?aff=oddtdtcreator\" target=\"_blank\" rel=\"noreferrer noopener\">trykk her<\/a>.<\/p>\n\n\n\n<p class=\"has-text-align-center\">*****<\/p>\n\n\n\n<p><strong>Mandag 18. mars kl. 17:00: <em>Sans le Kosovo <\/em>(<em>Without Kosovo<\/em>), presentert av Kosovos ambassade<\/strong><\/p>\n\n\n\n<p>\u00abI 1968 var Aslan Gjinovci en fysikkstudent ved Universitetet i Pristina. Her blir han involvert i organiseringen av studentdemonstrasjoner for \u00e5 oppn\u00e5 autonomi for Kosovo, noe som tvinger han til \u00e5 flykte fra hjemlandet p\u00e5 grunn av de serbiske myndighetenes undertrykkelse av aktivister. P\u00e5 grunn av denne plutselige flukten blir han adskilt fra familien og Kosovo i over 30 \u00e5r.\u00bb<\/p>\n\n\n\n<p>En kortfilm av Dea Gjinovci.<br><em>engelske undertekster<\/em><\/p>\n\n\n\n<p>For p\u00e5melding til filmvisningen:<br><a href=\"mailto:embassy.norway@rks-gov.net\">embassy.norway@rks-gov.net<\/a><\/p>\n\n\n\n<p>Filmvisningen blir etterfulgt av en mottakelse. <\/p>\n","protected":false},"excerpt":{"rendered":"<p>I forbindelse med Frankofonim\u00e5neden, arrangerer Institut fran\u00e7ais de Norv\u00e8ge og en samling av fransktalende ambassader i Oslo en serie med filmvisninger fra 6. til 22. mars. Dette er en mulighet til \u00e5 oppdage den store mangfoldigheten av talenter fra Romania, Tunisia, Canada, Sveits og Frankrike. Hver av disse filmvisningene, organisert i lokalene til Institut fran\u00e7ais [&hellip;]<\/p>\n","protected":false},"author":6,"featured_media":7728,"comment_status":"closed","ping_status":"closed","sticky":false,"template":"","format":"standard","meta":{"footnotes":""},"categories":[31,5],"tags":[],"class_list":["post-7673","post","type-post","status-publish","format-standard","has-post-thumbnail","hentry","category-film","category-kultur"],"yoast_head":"<!-- This site is optimized with the Yoast SEO plugin v24.2 - https:\/\/yoast.com\/wordpress\/plugins\/seo\/ -->\n<title>KINO P\u00c5 INSTITUTTET - Institut fran\u00e7ais<\/title>\n<meta name=\"robots\" content=\"index, follow, max-snippet:-1, max-image-preview:large, max-video-preview:-1\" \/>\n<link rel=\"canonical\" href=\"https:\/\/www.france.no\/no\/2024\/kultur\/kino\/\" \/>\n<meta property=\"og:locale\" content=\"nb_NO\" \/>\n<meta property=\"og:type\" content=\"article\" \/>\n<meta property=\"og:title\" content=\"KINO P\u00c5 INSTITUTTET - Institut fran\u00e7ais\" \/>\n<meta property=\"og:description\" content=\"I forbindelse med Frankofonim\u00e5neden, arrangerer Institut fran\u00e7ais de Norv\u00e8ge og en samling av fransktalende ambassader i Oslo en serie med filmvisninger fra 6. til 22. mars. Dette er en mulighet til \u00e5 oppdage den store mangfoldigheten av talenter fra Romania, Tunisia, Canada, Sveits og Frankrike. Hver av disse filmvisningene, organisert i lokalene til Institut fran\u00e7ais [&hellip;]\" \/>\n<meta property=\"og:url\" content=\"https:\/\/www.france.no\/no\/2024\/kultur\/kino\/\" \/>\n<meta property=\"og:site_name\" content=\"Institut fran\u00e7ais\" \/>\n<meta property=\"article:publisher\" content=\"https:\/\/www.facebook.com\/institutfrancaisoslo\" \/>\n<meta property=\"article:published_time\" content=\"2024-03-01T15:41:27+00:00\" \/>\n<meta property=\"article:modified_time\" content=\"2024-04-03T15:00:52+00:00\" \/>\n<meta property=\"og:image\" content=\"https:\/\/www.france.no\/wp-content\/uploads\/2024\/03\/FESTIVAL-DU-FILM-FRANCOPHONE-2024-1098x617.png\" \/>\n\t<meta property=\"og:image:width\" content=\"1640\" \/>\n\t<meta property=\"og:image:height\" content=\"924\" \/>\n\t<meta property=\"og:image:type\" content=\"image\/png\" \/>\n<meta name=\"author\" content=\"P\u00f4le Communication\" \/>\n<meta name=\"twitter:card\" content=\"summary_large_image\" \/>\n<meta name=\"twitter:creator\" content=\"@ifnorvege\" \/>\n<meta name=\"twitter:site\" content=\"@ifnorvege\" \/>\n<meta name=\"twitter:label1\" content=\"Skrevet av\" \/>\n\t<meta name=\"twitter:data1\" content=\"P\u00f4le Communication\" \/>\n\t<meta name=\"twitter:label2\" content=\"Ansl. lesetid\" \/>\n\t<meta name=\"twitter:data2\" content=\"4 minutter\" \/>\n<script type=\"application\/ld+json\" class=\"yoast-schema-graph\">{\"@context\":\"https:\/\/schema.org\",\"@graph\":[{\"@type\":\"Article\",\"@id\":\"https:\/\/www.france.no\/no\/2024\/kultur\/kino\/#article\",\"isPartOf\":{\"@id\":\"https:\/\/www.france.no\/no\/2024\/kultur\/kino\/\"},\"author\":{\"name\":\"P\u00f4le Communication\",\"@id\":\"https:\/\/www.france.no\/no\/#\/schema\/person\/e911222e8703f294589a6d80b1c16f97\"},\"headline\":\"KINO P\u00c5 INSTITUTTET\",\"datePublished\":\"2024-03-01T15:41:27+00:00\",\"dateModified\":\"2024-04-03T15:00:52+00:00\",\"mainEntityOfPage\":{\"@id\":\"https:\/\/www.france.no\/no\/2024\/kultur\/kino\/\"},\"wordCount\":598,\"publisher\":{\"@id\":\"https:\/\/www.france.no\/no\/#organization\"},\"image\":{\"@id\":\"https:\/\/www.france.no\/no\/2024\/kultur\/kino\/#primaryimage\"},\"thumbnailUrl\":\"https:\/\/www.france.no\/wp-content\/uploads\/2024\/03\/FESTIVAL-DU-FILM-FRANCOPHONE-2024-1098x617.png\",\"articleSection\":[\"Film\",\"Kultur\"],\"inLanguage\":\"nb-NO\"},{\"@type\":\"WebPage\",\"@id\":\"https:\/\/www.france.no\/no\/2024\/kultur\/kino\/\",\"url\":\"https:\/\/www.france.no\/no\/2024\/kultur\/kino\/\",\"name\":\"KINO P\u00c5 INSTITUTTET - Institut fran\u00e7ais\",\"isPartOf\":{\"@id\":\"https:\/\/www.france.no\/no\/#website\"},\"primaryImageOfPage\":{\"@id\":\"https:\/\/www.france.no\/no\/2024\/kultur\/kino\/#primaryimage\"},\"image\":{\"@id\":\"https:\/\/www.france.no\/no\/2024\/kultur\/kino\/#primaryimage\"},\"thumbnailUrl\":\"https:\/\/www.france.no\/wp-content\/uploads\/2024\/03\/FESTIVAL-DU-FILM-FRANCOPHONE-2024-1098x617.png\",\"datePublished\":\"2024-03-01T15:41:27+00:00\",\"dateModified\":\"2024-04-03T15:00:52+00:00\",\"breadcrumb\":{\"@id\":\"https:\/\/www.france.no\/no\/2024\/kultur\/kino\/#breadcrumb\"},\"inLanguage\":\"nb-NO\",\"potentialAction\":[{\"@type\":\"ReadAction\",\"target\":[\"https:\/\/www.france.no\/no\/2024\/kultur\/kino\/\"]}]},{\"@type\":\"ImageObject\",\"inLanguage\":\"nb-NO\",\"@id\":\"https:\/\/www.france.no\/no\/2024\/kultur\/kino\/#primaryimage\",\"url\":\"https:\/\/www.france.no\/wp-content\/uploads\/2024\/03\/FESTIVAL-DU-FILM-FRANCOPHONE-2024-1098x617.png\",\"contentUrl\":\"https:\/\/www.france.no\/wp-content\/uploads\/2024\/03\/FESTIVAL-DU-FILM-FRANCOPHONE-2024-1098x617.png\",\"width\":1640,\"height\":924},{\"@type\":\"BreadcrumbList\",\"@id\":\"https:\/\/www.france.no\/no\/2024\/kultur\/kino\/#breadcrumb\",\"itemListElement\":[{\"@type\":\"ListItem\",\"position\":1,\"name\":\"\",\"item\":\"https:\/\/www.france.no\/no\/\"},{\"@type\":\"ListItem\",\"position\":2,\"name\":\"Kultur\",\"item\":\"https:\/\/www.france.no\/no\/category\/kultur\/\"},{\"@type\":\"ListItem\",\"position\":3,\"name\":\"KINO P\u00c5 INSTITUTTET\"}]},{\"@type\":\"WebSite\",\"@id\":\"https:\/\/www.france.no\/no\/#website\",\"url\":\"https:\/\/www.france.no\/no\/\",\"name\":\"Institut fran\u00e7ais\",\"description\":\"Norv\u00e8ge\",\"publisher\":{\"@id\":\"https:\/\/www.france.no\/no\/#organization\"},\"potentialAction\":[{\"@type\":\"SearchAction\",\"target\":{\"@type\":\"EntryPoint\",\"urlTemplate\":\"https:\/\/www.france.no\/no\/?s={search_term_string}\"},\"query-input\":{\"@type\":\"PropertyValueSpecification\",\"valueRequired\":true,\"valueName\":\"search_term_string\"}}],\"inLanguage\":\"nb-NO\"},{\"@type\":\"Organization\",\"@id\":\"https:\/\/www.france.no\/no\/#organization\",\"name\":\"Institut fran\u00e7ais\",\"url\":\"https:\/\/www.france.no\/no\/\",\"logo\":{\"@type\":\"ImageObject\",\"inLanguage\":\"nb-NO\",\"@id\":\"https:\/\/www.france.no\/no\/#\/schema\/logo\/image\/\",\"url\":\"https:\/\/www.france.no\/wp-content\/uploads\/2022\/11\/IF_Logo_Sans_Bleu_RVB.png\",\"contentUrl\":\"https:\/\/www.france.no\/wp-content\/uploads\/2022\/11\/IF_Logo_Sans_Bleu_RVB.png\",\"width\":852,\"height\":591,\"caption\":\"Institut fran\u00e7ais\"},\"image\":{\"@id\":\"https:\/\/www.france.no\/no\/#\/schema\/logo\/image\/\"},\"sameAs\":[\"https:\/\/www.facebook.com\/institutfrancaisoslo\",\"https:\/\/x.com\/ifnorvege\",\"https:\/\/instagram.com\/ifnorvege\"]},{\"@type\":\"Person\",\"@id\":\"https:\/\/www.france.no\/no\/#\/schema\/person\/e911222e8703f294589a6d80b1c16f97\",\"name\":\"P\u00f4le Communication\",\"image\":{\"@type\":\"ImageObject\",\"inLanguage\":\"nb-NO\",\"@id\":\"https:\/\/www.france.no\/no\/#\/schema\/person\/image\/\",\"url\":\"https:\/\/secure.gravatar.com\/avatar\/20ae085a8b5fd613a02d28588389144802d3ba9408c852b2c6c7c4b17cc39660?s=96&d=mm&r=g\",\"contentUrl\":\"https:\/\/secure.gravatar.com\/avatar\/20ae085a8b5fd613a02d28588389144802d3ba9408c852b2c6c7c4b17cc39660?s=96&d=mm&r=g\",\"caption\":\"P\u00f4le Communication\"},\"url\":\"https:\/\/www.france.no\/no\/author\/polecom\/\"}]}<\/script>\n<!-- \/ Yoast SEO plugin. -->","yoast_head_json":{"title":"KINO P\u00c5 INSTITUTTET - Institut fran\u00e7ais","robots":{"index":"index","follow":"follow","max-snippet":"max-snippet:-1","max-image-preview":"max-image-preview:large","max-video-preview":"max-video-preview:-1"},"canonical":"https:\/\/www.france.no\/no\/2024\/kultur\/kino\/","og_locale":"nb_NO","og_type":"article","og_title":"KINO P\u00c5 INSTITUTTET - Institut fran\u00e7ais","og_description":"I forbindelse med Frankofonim\u00e5neden, arrangerer Institut fran\u00e7ais de Norv\u00e8ge og en samling av fransktalende ambassader i Oslo en serie med filmvisninger fra 6. til 22. mars. Dette er en mulighet til \u00e5 oppdage den store mangfoldigheten av talenter fra Romania, Tunisia, Canada, Sveits og Frankrike. Hver av disse filmvisningene, organisert i lokalene til Institut fran\u00e7ais [&hellip;]","og_url":"https:\/\/www.france.no\/no\/2024\/kultur\/kino\/","og_site_name":"Institut fran\u00e7ais","article_publisher":"https:\/\/www.facebook.com\/institutfrancaisoslo","article_published_time":"2024-03-01T15:41:27+00:00","article_modified_time":"2024-04-03T15:00:52+00:00","og_image":[{"width":1640,"height":924,"url":"https:\/\/www.france.no\/wp-content\/uploads\/2024\/03\/FESTIVAL-DU-FILM-FRANCOPHONE-2024-1098x617.png","type":"image\/png"}],"author":"P\u00f4le Communication","twitter_card":"summary_large_image","twitter_creator":"@ifnorvege","twitter_site":"@ifnorvege","twitter_misc":{"Skrevet av":"P\u00f4le Communication","Ansl. lesetid":"4 minutter"},"schema":{"@context":"https:\/\/schema.org","@graph":[{"@type":"Article","@id":"https:\/\/www.france.no\/no\/2024\/kultur\/kino\/#article","isPartOf":{"@id":"https:\/\/www.france.no\/no\/2024\/kultur\/kino\/"},"author":{"name":"P\u00f4le Communication","@id":"https:\/\/www.france.no\/no\/#\/schema\/person\/e911222e8703f294589a6d80b1c16f97"},"headline":"KINO P\u00c5 INSTITUTTET","datePublished":"2024-03-01T15:41:27+00:00","dateModified":"2024-04-03T15:00:52+00:00","mainEntityOfPage":{"@id":"https:\/\/www.france.no\/no\/2024\/kultur\/kino\/"},"wordCount":598,"publisher":{"@id":"https:\/\/www.france.no\/no\/#organization"},"image":{"@id":"https:\/\/www.france.no\/no\/2024\/kultur\/kino\/#primaryimage"},"thumbnailUrl":"https:\/\/www.france.no\/wp-content\/uploads\/2024\/03\/FESTIVAL-DU-FILM-FRANCOPHONE-2024-1098x617.png","articleSection":["Film","Kultur"],"inLanguage":"nb-NO"},{"@type":"WebPage","@id":"https:\/\/www.france.no\/no\/2024\/kultur\/kino\/","url":"https:\/\/www.france.no\/no\/2024\/kultur\/kino\/","name":"KINO P\u00c5 INSTITUTTET - Institut fran\u00e7ais","isPartOf":{"@id":"https:\/\/www.france.no\/no\/#website"},"primaryImageOfPage":{"@id":"https:\/\/www.france.no\/no\/2024\/kultur\/kino\/#primaryimage"},"image":{"@id":"https:\/\/www.france.no\/no\/2024\/kultur\/kino\/#primaryimage"},"thumbnailUrl":"https:\/\/www.france.no\/wp-content\/uploads\/2024\/03\/FESTIVAL-DU-FILM-FRANCOPHONE-2024-1098x617.png","datePublished":"2024-03-01T15:41:27+00:00","dateModified":"2024-04-03T15:00:52+00:00","breadcrumb":{"@id":"https:\/\/www.france.no\/no\/2024\/kultur\/kino\/#breadcrumb"},"inLanguage":"nb-NO","potentialAction":[{"@type":"ReadAction","target":["https:\/\/www.france.no\/no\/2024\/kultur\/kino\/"]}]},{"@type":"ImageObject","inLanguage":"nb-NO","@id":"https:\/\/www.france.no\/no\/2024\/kultur\/kino\/#primaryimage","url":"https:\/\/www.france.no\/wp-content\/uploads\/2024\/03\/FESTIVAL-DU-FILM-FRANCOPHONE-2024-1098x617.png","contentUrl":"https:\/\/www.france.no\/wp-content\/uploads\/2024\/03\/FESTIVAL-DU-FILM-FRANCOPHONE-2024-1098x617.png","width":1640,"height":924},{"@type":"BreadcrumbList","@id":"https:\/\/www.france.no\/no\/2024\/kultur\/kino\/#breadcrumb","itemListElement":[{"@type":"ListItem","position":1,"name":"","item":"https:\/\/www.france.no\/no\/"},{"@type":"ListItem","position":2,"name":"Kultur","item":"https:\/\/www.france.no\/no\/category\/kultur\/"},{"@type":"ListItem","position":3,"name":"KINO P\u00c5 INSTITUTTET"}]},{"@type":"WebSite","@id":"https:\/\/www.france.no\/no\/#website","url":"https:\/\/www.france.no\/no\/","name":"Institut fran\u00e7ais","description":"Norv\u00e8ge","publisher":{"@id":"https:\/\/www.france.no\/no\/#organization"},"potentialAction":[{"@type":"SearchAction","target":{"@type":"EntryPoint","urlTemplate":"https:\/\/www.france.no\/no\/?s={search_term_string}"},"query-input":{"@type":"PropertyValueSpecification","valueRequired":true,"valueName":"search_term_string"}}],"inLanguage":"nb-NO"},{"@type":"Organization","@id":"https:\/\/www.france.no\/no\/#organization","name":"Institut fran\u00e7ais","url":"https:\/\/www.france.no\/no\/","logo":{"@type":"ImageObject","inLanguage":"nb-NO","@id":"https:\/\/www.france.no\/no\/#\/schema\/logo\/image\/","url":"https:\/\/www.france.no\/wp-content\/uploads\/2022\/11\/IF_Logo_Sans_Bleu_RVB.png","contentUrl":"https:\/\/www.france.no\/wp-content\/uploads\/2022\/11\/IF_Logo_Sans_Bleu_RVB.png","width":852,"height":591,"caption":"Institut fran\u00e7ais"},"image":{"@id":"https:\/\/www.france.no\/no\/#\/schema\/logo\/image\/"},"sameAs":["https:\/\/www.facebook.com\/institutfrancaisoslo","https:\/\/x.com\/ifnorvege","https:\/\/instagram.com\/ifnorvege"]},{"@type":"Person","@id":"https:\/\/www.france.no\/no\/#\/schema\/person\/e911222e8703f294589a6d80b1c16f97","name":"P\u00f4le Communication","image":{"@type":"ImageObject","inLanguage":"nb-NO","@id":"https:\/\/www.france.no\/no\/#\/schema\/person\/image\/","url":"https:\/\/secure.gravatar.com\/avatar\/20ae085a8b5fd613a02d28588389144802d3ba9408c852b2c6c7c4b17cc39660?s=96&d=mm&r=g","contentUrl":"https:\/\/secure.gravatar.com\/avatar\/20ae085a8b5fd613a02d28588389144802d3ba9408c852b2c6c7c4b17cc39660?s=96&d=mm&r=g","caption":"P\u00f4le Communication"},"url":"https:\/\/www.france.no\/no\/author\/polecom\/"}]}},"_links":{"self":[{"href":"https:\/\/www.france.no\/no\/wp-json\/wp\/v2\/posts\/7673","targetHints":{"allow":["GET"]}}],"collection":[{"href":"https:\/\/www.france.no\/no\/wp-json\/wp\/v2\/posts"}],"about":[{"href":"https:\/\/www.france.no\/no\/wp-json\/wp\/v2\/types\/post"}],"author":[{"embeddable":true,"href":"https:\/\/www.france.no\/no\/wp-json\/wp\/v2\/users\/6"}],"replies":[{"embeddable":true,"href":"https:\/\/www.france.no\/no\/wp-json\/wp\/v2\/comments?post=7673"}],"version-history":[{"count":17,"href":"https:\/\/www.france.no\/no\/wp-json\/wp\/v2\/posts\/7673\/revisions"}],"predecessor-version":[{"id":7841,"href":"https:\/\/www.france.no\/no\/wp-json\/wp\/v2\/posts\/7673\/revisions\/7841"}],"wp:featuredmedia":[{"embeddable":true,"href":"https:\/\/www.france.no\/no\/wp-json\/wp\/v2\/media\/7728"}],"wp:attachment":[{"href":"https:\/\/www.france.no\/no\/wp-json\/wp\/v2\/media?parent=7673"}],"wp:term":[{"taxonomy":"category","embeddable":true,"href":"https:\/\/www.france.no\/no\/wp-json\/wp\/v2\/categories?post=7673"},{"taxonomy":"post_tag","embeddable":true,"href":"https:\/\/www.france.no\/no\/wp-json\/wp\/v2\/tags?post=7673"}],"curies":[{"name":"wp","href":"https:\/\/api.w.org\/{rel}","templated":true}]}}