{"id":7849,"date":"2024-04-05T13:07:54","date_gmt":"2024-04-05T11:07:54","guid":{"rendered":"https:\/\/www.france.no\/?p=7849"},"modified":"2025-01-29T14:17:36","modified_gmt":"2025-01-29T13:17:36","slug":"kunstnerresidensen-septentrionales-2024","status":"publish","type":"post","link":"https:\/\/www.france.no\/no\/2024\/kultur\/kunstnerresidensen-septentrionales-2024\/","title":{"rendered":"Kunstnerresidensen Septentrionales 2024"},"content":{"rendered":"\n<p>Etter s\u00f8knadsbehandlingen til kunstnerresidensen Septentrionales har juryen utvalgt kunstneren <a href=\"https:\/\/ingridbuffetaut.com\/\">Ingrid Buffetaut<\/a> som vinner med sitt prosjekt \u00abPoste restante\u00bb. Som vinner f\u00e5r hun et to m\u00e5neder langt kunstneropphold i Norden fra 15. august til 15. oktober 2024. Gratulerer Ingrid!<\/p>\n\n\n\n<p>Institut fran\u00e7ais i Danmark, Finland, Norge og Sverige er forn\u00f8yd med s\u00f8kernes engasjementet for den f\u00f8rste utgaven av Septentrionales og takker alle s\u00f8kere for deres entusiasme og s\u00f8knadenes kvalitet.<\/p>\n\n\n\n<p>Vi vil snart publisere en artikkel p\u00e5 v\u00e5r nettside. Her vil dere f\u00e5 anledning til \u00e5 lese et portrett av Ingrid og prosjektet hun skal arbeide med under residensoppholdet.<\/p>\n\n\n\n<p><a href=\"https:\/\/www.france.no\/wp-content\/uploads\/2024\/03\/Communique-SEPTENTRIONALES.pdf\">Juryens pressemelding<\/a> (fransk)<\/p>\n\n\n\n<p><em>Med st\u00f8tte fra La Fabrique des R\u00e9sidences, et system av Institut fran\u00e7ais Paris.<\/em><\/p>\n","protected":false},"excerpt":{"rendered":"<p>Etter s\u00f8knadsbehandlingen til kunstnerresidensen Septentrionales har juryen utvalgt kunstneren Ingrid Buffetaut som vinner med sitt prosjekt \u00abPoste restante\u00bb. Som vinner f\u00e5r hun et to m\u00e5neder langt kunstneropphold i Norden fra 15. august til 15. oktober 2024. Gratulerer Ingrid! Institut fran\u00e7ais i Danmark, Finland, Norge og Sverige er forn\u00f8yd med s\u00f8kernes engasjementet for den f\u00f8rste utgaven [&hellip;]<\/p>\n","protected":false},"author":6,"featured_media":7492,"comment_status":"closed","ping_status":"closed","sticky":false,"template":"","format":"standard","meta":{"footnotes":""},"categories":[5,30],"tags":[],"class_list":["post-7849","post","type-post","status-publish","format-standard","has-post-thumbnail","hentry","category-kultur","category-visuell-kunst"],"yoast_head":"<!-- This site is optimized with the Yoast SEO plugin v24.2 - https:\/\/yoast.com\/wordpress\/plugins\/seo\/ -->\n<title>Kunstnerresidensen Septentrionales 2024 - Institut fran\u00e7ais<\/title>\n<meta name=\"robots\" content=\"index, follow, max-snippet:-1, max-image-preview:large, max-video-preview:-1\" \/>\n<link rel=\"canonical\" href=\"https:\/\/www.france.no\/no\/2024\/kultur\/kunstnerresidensen-septentrionales-2024\/\" \/>\n<meta property=\"og:locale\" content=\"nb_NO\" \/>\n<meta property=\"og:type\" content=\"article\" \/>\n<meta property=\"og:title\" content=\"Kunstnerresidensen Septentrionales 2024 - Institut fran\u00e7ais\" \/>\n<meta property=\"og:description\" content=\"Etter s\u00f8knadsbehandlingen til kunstnerresidensen Septentrionales har juryen utvalgt kunstneren Ingrid Buffetaut som vinner med sitt prosjekt \u00abPoste restante\u00bb. Som vinner f\u00e5r hun et to m\u00e5neder langt kunstneropphold i Norden fra 15. august til 15. oktober 2024. Gratulerer Ingrid! Institut fran\u00e7ais i Danmark, Finland, Norge og Sverige er forn\u00f8yd med s\u00f8kernes engasjementet for den f\u00f8rste utgaven [&hellip;]\" \/>\n<meta property=\"og:url\" content=\"https:\/\/www.france.no\/no\/2024\/kultur\/kunstnerresidensen-septentrionales-2024\/\" \/>\n<meta property=\"og:site_name\" content=\"Institut fran\u00e7ais\" \/>\n<meta property=\"article:publisher\" content=\"https:\/\/www.facebook.com\/institutfrancaisoslo\" \/>\n<meta property=\"article:published_time\" content=\"2024-04-05T11:07:54+00:00\" \/>\n<meta property=\"article:modified_time\" content=\"2025-01-29T13:17:36+00:00\" \/>\n<meta property=\"og:image\" content=\"https:\/\/www.france.no\/wp-content\/uploads\/2024\/01\/Banniere-logo-1098x617.png\" \/>\n\t<meta property=\"og:image:width\" content=\"1624\" \/>\n\t<meta property=\"og:image:height\" content=\"640\" \/>\n\t<meta property=\"og:image:type\" content=\"image\/png\" \/>\n<meta name=\"author\" content=\"P\u00f4le Communication\" \/>\n<meta name=\"twitter:card\" content=\"summary_large_image\" \/>\n<meta name=\"twitter:creator\" content=\"@ifnorvege\" \/>\n<meta name=\"twitter:site\" content=\"@ifnorvege\" \/>\n<meta name=\"twitter:label1\" content=\"Skrevet av\" \/>\n\t<meta name=\"twitter:data1\" content=\"P\u00f4le Communication\" \/>\n\t<meta name=\"twitter:label2\" content=\"Ansl. lesetid\" \/>\n\t<meta name=\"twitter:data2\" content=\"1 minutt\" \/>\n<script type=\"application\/ld+json\" class=\"yoast-schema-graph\">{\"@context\":\"https:\/\/schema.org\",\"@graph\":[{\"@type\":\"Article\",\"@id\":\"https:\/\/www.france.no\/no\/2024\/kultur\/kunstnerresidensen-septentrionales-2024\/#article\",\"isPartOf\":{\"@id\":\"https:\/\/www.france.no\/no\/2024\/kultur\/kunstnerresidensen-septentrionales-2024\/\"},\"author\":{\"name\":\"P\u00f4le Communication\",\"@id\":\"https:\/\/www.france.no\/no\/#\/schema\/person\/e911222e8703f294589a6d80b1c16f97\"},\"headline\":\"Kunstnerresidensen Septentrionales 2024\",\"datePublished\":\"2024-04-05T11:07:54+00:00\",\"dateModified\":\"2025-01-29T13:17:36+00:00\",\"mainEntityOfPage\":{\"@id\":\"https:\/\/www.france.no\/no\/2024\/kultur\/kunstnerresidensen-septentrionales-2024\/\"},\"wordCount\":123,\"publisher\":{\"@id\":\"https:\/\/www.france.no\/no\/#organization\"},\"image\":{\"@id\":\"https:\/\/www.france.no\/no\/2024\/kultur\/kunstnerresidensen-septentrionales-2024\/#primaryimage\"},\"thumbnailUrl\":\"https:\/\/www.france.no\/wp-content\/uploads\/2024\/01\/Banniere-logo-1098x617.png\",\"articleSection\":[\"Kultur\",\"Visuell kunst\"],\"inLanguage\":\"nb-NO\"},{\"@type\":\"WebPage\",\"@id\":\"https:\/\/www.france.no\/no\/2024\/kultur\/kunstnerresidensen-septentrionales-2024\/\",\"url\":\"https:\/\/www.france.no\/no\/2024\/kultur\/kunstnerresidensen-septentrionales-2024\/\",\"name\":\"Kunstnerresidensen Septentrionales 2024 - Institut fran\u00e7ais\",\"isPartOf\":{\"@id\":\"https:\/\/www.france.no\/no\/#website\"},\"primaryImageOfPage\":{\"@id\":\"https:\/\/www.france.no\/no\/2024\/kultur\/kunstnerresidensen-septentrionales-2024\/#primaryimage\"},\"image\":{\"@id\":\"https:\/\/www.france.no\/no\/2024\/kultur\/kunstnerresidensen-septentrionales-2024\/#primaryimage\"},\"thumbnailUrl\":\"https:\/\/www.france.no\/wp-content\/uploads\/2024\/01\/Banniere-logo-1098x617.png\",\"datePublished\":\"2024-04-05T11:07:54+00:00\",\"dateModified\":\"2025-01-29T13:17:36+00:00\",\"breadcrumb\":{\"@id\":\"https:\/\/www.france.no\/no\/2024\/kultur\/kunstnerresidensen-septentrionales-2024\/#breadcrumb\"},\"inLanguage\":\"nb-NO\",\"potentialAction\":[{\"@type\":\"ReadAction\",\"target\":[\"https:\/\/www.france.no\/no\/2024\/kultur\/kunstnerresidensen-septentrionales-2024\/\"]}]},{\"@type\":\"ImageObject\",\"inLanguage\":\"nb-NO\",\"@id\":\"https:\/\/www.france.no\/no\/2024\/kultur\/kunstnerresidensen-septentrionales-2024\/#primaryimage\",\"url\":\"https:\/\/www.france.no\/wp-content\/uploads\/2024\/01\/Banniere-logo-1098x617.png\",\"contentUrl\":\"https:\/\/www.france.no\/wp-content\/uploads\/2024\/01\/Banniere-logo-1098x617.png\",\"width\":1624,\"height\":640},{\"@type\":\"BreadcrumbList\",\"@id\":\"https:\/\/www.france.no\/no\/2024\/kultur\/kunstnerresidensen-septentrionales-2024\/#breadcrumb\",\"itemListElement\":[{\"@type\":\"ListItem\",\"position\":1,\"name\":\"\",\"item\":\"https:\/\/www.france.no\/no\/\"},{\"@type\":\"ListItem\",\"position\":2,\"name\":\"Kunstnerresidensen Septentrionales 2024\"}]},{\"@type\":\"WebSite\",\"@id\":\"https:\/\/www.france.no\/no\/#website\",\"url\":\"https:\/\/www.france.no\/no\/\",\"name\":\"Institut fran\u00e7ais\",\"description\":\"Norv\u00e8ge\",\"publisher\":{\"@id\":\"https:\/\/www.france.no\/no\/#organization\"},\"potentialAction\":[{\"@type\":\"SearchAction\",\"target\":{\"@type\":\"EntryPoint\",\"urlTemplate\":\"https:\/\/www.france.no\/no\/?s={search_term_string}\"},\"query-input\":{\"@type\":\"PropertyValueSpecification\",\"valueRequired\":true,\"valueName\":\"search_term_string\"}}],\"inLanguage\":\"nb-NO\"},{\"@type\":\"Organization\",\"@id\":\"https:\/\/www.france.no\/no\/#organization\",\"name\":\"Institut fran\u00e7ais\",\"url\":\"https:\/\/www.france.no\/no\/\",\"logo\":{\"@type\":\"ImageObject\",\"inLanguage\":\"nb-NO\",\"@id\":\"https:\/\/www.france.no\/no\/#\/schema\/logo\/image\/\",\"url\":\"https:\/\/www.france.no\/wp-content\/uploads\/2022\/11\/IF_Logo_Sans_Bleu_RVB.png\",\"contentUrl\":\"https:\/\/www.france.no\/wp-content\/uploads\/2022\/11\/IF_Logo_Sans_Bleu_RVB.png\",\"width\":852,\"height\":591,\"caption\":\"Institut fran\u00e7ais\"},\"image\":{\"@id\":\"https:\/\/www.france.no\/no\/#\/schema\/logo\/image\/\"},\"sameAs\":[\"https:\/\/www.facebook.com\/institutfrancaisoslo\",\"https:\/\/x.com\/ifnorvege\",\"https:\/\/instagram.com\/ifnorvege\"]},{\"@type\":\"Person\",\"@id\":\"https:\/\/www.france.no\/no\/#\/schema\/person\/e911222e8703f294589a6d80b1c16f97\",\"name\":\"P\u00f4le Communication\",\"image\":{\"@type\":\"ImageObject\",\"inLanguage\":\"nb-NO\",\"@id\":\"https:\/\/www.france.no\/no\/#\/schema\/person\/image\/\",\"url\":\"https:\/\/secure.gravatar.com\/avatar\/20ae085a8b5fd613a02d28588389144802d3ba9408c852b2c6c7c4b17cc39660?s=96&d=mm&r=g\",\"contentUrl\":\"https:\/\/secure.gravatar.com\/avatar\/20ae085a8b5fd613a02d28588389144802d3ba9408c852b2c6c7c4b17cc39660?s=96&d=mm&r=g\",\"caption\":\"P\u00f4le Communication\"},\"url\":\"https:\/\/www.france.no\/no\/author\/polecom\/\"}]}<\/script>\n<!-- \/ Yoast SEO plugin. -->","yoast_head_json":{"title":"Kunstnerresidensen Septentrionales 2024 - Institut fran\u00e7ais","robots":{"index":"index","follow":"follow","max-snippet":"max-snippet:-1","max-image-preview":"max-image-preview:large","max-video-preview":"max-video-preview:-1"},"canonical":"https:\/\/www.france.no\/no\/2024\/kultur\/kunstnerresidensen-septentrionales-2024\/","og_locale":"nb_NO","og_type":"article","og_title":"Kunstnerresidensen Septentrionales 2024 - Institut fran\u00e7ais","og_description":"Etter s\u00f8knadsbehandlingen til kunstnerresidensen Septentrionales har juryen utvalgt kunstneren Ingrid Buffetaut som vinner med sitt prosjekt \u00abPoste restante\u00bb. Som vinner f\u00e5r hun et to m\u00e5neder langt kunstneropphold i Norden fra 15. august til 15. oktober 2024. Gratulerer Ingrid! Institut fran\u00e7ais i Danmark, Finland, Norge og Sverige er forn\u00f8yd med s\u00f8kernes engasjementet for den f\u00f8rste utgaven [&hellip;]","og_url":"https:\/\/www.france.no\/no\/2024\/kultur\/kunstnerresidensen-septentrionales-2024\/","og_site_name":"Institut fran\u00e7ais","article_publisher":"https:\/\/www.facebook.com\/institutfrancaisoslo","article_published_time":"2024-04-05T11:07:54+00:00","article_modified_time":"2025-01-29T13:17:36+00:00","og_image":[{"width":1624,"height":640,"url":"https:\/\/www.france.no\/wp-content\/uploads\/2024\/01\/Banniere-logo-1098x617.png","type":"image\/png"}],"author":"P\u00f4le Communication","twitter_card":"summary_large_image","twitter_creator":"@ifnorvege","twitter_site":"@ifnorvege","twitter_misc":{"Skrevet av":"P\u00f4le Communication","Ansl. lesetid":"1 minutt"},"schema":{"@context":"https:\/\/schema.org","@graph":[{"@type":"Article","@id":"https:\/\/www.france.no\/no\/2024\/kultur\/kunstnerresidensen-septentrionales-2024\/#article","isPartOf":{"@id":"https:\/\/www.france.no\/no\/2024\/kultur\/kunstnerresidensen-septentrionales-2024\/"},"author":{"name":"P\u00f4le Communication","@id":"https:\/\/www.france.no\/no\/#\/schema\/person\/e911222e8703f294589a6d80b1c16f97"},"headline":"Kunstnerresidensen Septentrionales 2024","datePublished":"2024-04-05T11:07:54+00:00","dateModified":"2025-01-29T13:17:36+00:00","mainEntityOfPage":{"@id":"https:\/\/www.france.no\/no\/2024\/kultur\/kunstnerresidensen-septentrionales-2024\/"},"wordCount":123,"publisher":{"@id":"https:\/\/www.france.no\/no\/#organization"},"image":{"@id":"https:\/\/www.france.no\/no\/2024\/kultur\/kunstnerresidensen-septentrionales-2024\/#primaryimage"},"thumbnailUrl":"https:\/\/www.france.no\/wp-content\/uploads\/2024\/01\/Banniere-logo-1098x617.png","articleSection":["Kultur","Visuell kunst"],"inLanguage":"nb-NO"},{"@type":"WebPage","@id":"https:\/\/www.france.no\/no\/2024\/kultur\/kunstnerresidensen-septentrionales-2024\/","url":"https:\/\/www.france.no\/no\/2024\/kultur\/kunstnerresidensen-septentrionales-2024\/","name":"Kunstnerresidensen Septentrionales 2024 - Institut fran\u00e7ais","isPartOf":{"@id":"https:\/\/www.france.no\/no\/#website"},"primaryImageOfPage":{"@id":"https:\/\/www.france.no\/no\/2024\/kultur\/kunstnerresidensen-septentrionales-2024\/#primaryimage"},"image":{"@id":"https:\/\/www.france.no\/no\/2024\/kultur\/kunstnerresidensen-septentrionales-2024\/#primaryimage"},"thumbnailUrl":"https:\/\/www.france.no\/wp-content\/uploads\/2024\/01\/Banniere-logo-1098x617.png","datePublished":"2024-04-05T11:07:54+00:00","dateModified":"2025-01-29T13:17:36+00:00","breadcrumb":{"@id":"https:\/\/www.france.no\/no\/2024\/kultur\/kunstnerresidensen-septentrionales-2024\/#breadcrumb"},"inLanguage":"nb-NO","potentialAction":[{"@type":"ReadAction","target":["https:\/\/www.france.no\/no\/2024\/kultur\/kunstnerresidensen-septentrionales-2024\/"]}]},{"@type":"ImageObject","inLanguage":"nb-NO","@id":"https:\/\/www.france.no\/no\/2024\/kultur\/kunstnerresidensen-septentrionales-2024\/#primaryimage","url":"https:\/\/www.france.no\/wp-content\/uploads\/2024\/01\/Banniere-logo-1098x617.png","contentUrl":"https:\/\/www.france.no\/wp-content\/uploads\/2024\/01\/Banniere-logo-1098x617.png","width":1624,"height":640},{"@type":"BreadcrumbList","@id":"https:\/\/www.france.no\/no\/2024\/kultur\/kunstnerresidensen-septentrionales-2024\/#breadcrumb","itemListElement":[{"@type":"ListItem","position":1,"name":"","item":"https:\/\/www.france.no\/no\/"},{"@type":"ListItem","position":2,"name":"Kunstnerresidensen Septentrionales 2024"}]},{"@type":"WebSite","@id":"https:\/\/www.france.no\/no\/#website","url":"https:\/\/www.france.no\/no\/","name":"Institut fran\u00e7ais","description":"Norv\u00e8ge","publisher":{"@id":"https:\/\/www.france.no\/no\/#organization"},"potentialAction":[{"@type":"SearchAction","target":{"@type":"EntryPoint","urlTemplate":"https:\/\/www.france.no\/no\/?s={search_term_string}"},"query-input":{"@type":"PropertyValueSpecification","valueRequired":true,"valueName":"search_term_string"}}],"inLanguage":"nb-NO"},{"@type":"Organization","@id":"https:\/\/www.france.no\/no\/#organization","name":"Institut fran\u00e7ais","url":"https:\/\/www.france.no\/no\/","logo":{"@type":"ImageObject","inLanguage":"nb-NO","@id":"https:\/\/www.france.no\/no\/#\/schema\/logo\/image\/","url":"https:\/\/www.france.no\/wp-content\/uploads\/2022\/11\/IF_Logo_Sans_Bleu_RVB.png","contentUrl":"https:\/\/www.france.no\/wp-content\/uploads\/2022\/11\/IF_Logo_Sans_Bleu_RVB.png","width":852,"height":591,"caption":"Institut fran\u00e7ais"},"image":{"@id":"https:\/\/www.france.no\/no\/#\/schema\/logo\/image\/"},"sameAs":["https:\/\/www.facebook.com\/institutfrancaisoslo","https:\/\/x.com\/ifnorvege","https:\/\/instagram.com\/ifnorvege"]},{"@type":"Person","@id":"https:\/\/www.france.no\/no\/#\/schema\/person\/e911222e8703f294589a6d80b1c16f97","name":"P\u00f4le Communication","image":{"@type":"ImageObject","inLanguage":"nb-NO","@id":"https:\/\/www.france.no\/no\/#\/schema\/person\/image\/","url":"https:\/\/secure.gravatar.com\/avatar\/20ae085a8b5fd613a02d28588389144802d3ba9408c852b2c6c7c4b17cc39660?s=96&d=mm&r=g","contentUrl":"https:\/\/secure.gravatar.com\/avatar\/20ae085a8b5fd613a02d28588389144802d3ba9408c852b2c6c7c4b17cc39660?s=96&d=mm&r=g","caption":"P\u00f4le Communication"},"url":"https:\/\/www.france.no\/no\/author\/polecom\/"}]}},"_links":{"self":[{"href":"https:\/\/www.france.no\/no\/wp-json\/wp\/v2\/posts\/7849","targetHints":{"allow":["GET"]}}],"collection":[{"href":"https:\/\/www.france.no\/no\/wp-json\/wp\/v2\/posts"}],"about":[{"href":"https:\/\/www.france.no\/no\/wp-json\/wp\/v2\/types\/post"}],"author":[{"embeddable":true,"href":"https:\/\/www.france.no\/no\/wp-json\/wp\/v2\/users\/6"}],"replies":[{"embeddable":true,"href":"https:\/\/www.france.no\/no\/wp-json\/wp\/v2\/comments?post=7849"}],"version-history":[{"count":3,"href":"https:\/\/www.france.no\/no\/wp-json\/wp\/v2\/posts\/7849\/revisions"}],"predecessor-version":[{"id":9550,"href":"https:\/\/www.france.no\/no\/wp-json\/wp\/v2\/posts\/7849\/revisions\/9550"}],"wp:featuredmedia":[{"embeddable":true,"href":"https:\/\/www.france.no\/no\/wp-json\/wp\/v2\/media\/7492"}],"wp:attachment":[{"href":"https:\/\/www.france.no\/no\/wp-json\/wp\/v2\/media?parent=7849"}],"wp:term":[{"taxonomy":"category","embeddable":true,"href":"https:\/\/www.france.no\/no\/wp-json\/wp\/v2\/categories?post=7849"},{"taxonomy":"post_tag","embeddable":true,"href":"https:\/\/www.france.no\/no\/wp-json\/wp\/v2\/tags?post=7849"}],"curies":[{"name":"wp","href":"https:\/\/api.w.org\/{rel}","templated":true}]}}