{"id":7856,"date":"2024-04-10T16:43:18","date_gmt":"2024-04-10T14:43:18","guid":{"rendered":"https:\/\/www.france.no\/?p=7856"},"modified":"2024-11-07T13:06:47","modified_gmt":"2024-11-07T12:06:47","slug":"mot-jonas-tislevoll","status":"publish","type":"post","link":"https:\/\/www.france.no\/no\/2024\/culture\/mot-jonas-tislevoll\/","title":{"rendered":"M\u00f8t Jonas Tislevoll"},"content":{"rendered":"\n<p><strong>Jonas Tislevoll er klar for sitt kunstneropphold ved Cit\u00e9 internationale des arts i Paris etter \u00e5 ha vunnet Den franske pris (\u00abLe Prix fran\u00e7ais\u00bb). Vi \u00f8nsker ham lykke til p\u00e5 denne spennende reisen og ser frem til \u00e5 f\u00f8lge hans kunstneriske utvikling i den franske hovedstaden.<\/strong><\/p>\n\n\n\n<p>Annethvert \u00e5r siden opprettelsen i 1998 har den franske ambassaden og Institut fran\u00e7ais de Norv\u00e8ge<strong> <\/strong>delt ut Den franske pris til en kunstner i forbinnelse med \u00e5pningen av <a href=\"https:\/\/kunstnerneshus.no\/program\/utstillinger\/hostutstillingen-2023\" target=\"_blank\" rel=\"noreferrer noopener\">H\u00f8stutstillingen<\/a> p\u00e5 <a href=\"https:\/\/kunstnerneshus.no\/\">Kunstnernes Hus<\/a>. Denne prestisjefylte prisen inkluderer et tre m\u00e5neder langt kunstneropphold ved Cit\u00e9 internationale des arts i Paris.<\/p>\n\n\n\n<p>Gjennom prisutdelingen \u00f8nsker&nbsp;<a href=\"https:\/\/no.ambafrance.org\/-Norsk-\" target=\"_blank\" rel=\"noreferrer noopener\">den franske ambassaden i Norge<\/a>, sammen med Institut fran\u00e7ais de Norv\u00e8ge, <a href=\"https:\/\/www.citedesartsparis.net\/en\/\">Cit\u00e9 internationale des arts<\/a> og <a href=\"https:\/\/www.institutfrancais.com\/en\">Institut fran\u00e7ais Paris<\/a>, \u00e5 styrke b\u00e5ndene mellom kunstnere i Norge og Frankrike, samtidig som de fremhever deres kreativitet og talent.<\/p>\n\n\n\n<p>F\u00f8r avreise, og for \u00e5 forberede seg til oppholdet i den franske hovedstaden, fikk vinneren ogs\u00e5 et intensivkurs i fransk ved <a href=\"https:\/\/franskkulturhus.no\/no\/franskkurs-oslo\/\" target=\"_blank\" rel=\"noreferrer noopener\">Fransk kulturhus<\/a>, en partner av residensprogrammet.<\/p>\n\n\n\n<p><em><strong>Vinner av Den franske pris <\/strong><\/em><strong><em>2023<\/em><\/strong><\/p>\n\n\n\n<p><a href=\"https:\/\/www.france.no\/no\/2023\/kultur\/le-prix-francais-2023\/\">Fjor\u00e5rets vinner var den unge fotografen og journalisten Jonas Tislevoll, som har utdannelse i fotografi fra H\u00f8yskolen Kristiania.<\/a> N\u00e5r han beskriver sitt yrke, understreker Jonas viktigheten av \u00e5 f\u00f8lge sine egne lidenskaper og ambisjoner.<\/p>\n\n\n\n<p>\u2013 Det er ingen enkel karrierevei, og noe som det kan v\u00e6re vanskelig \u00e5 leve av. Det viktigste er \u00e5 gj\u00f8re det en selv \u00f8nsker og brenner for, p\u00e5 egne premisser.<\/p>\n\n\n\n<p>Hans foretrukne arbeidsmetode er dokumentar- og reportasjeprosjekter over tid, hvor han bruker tekst og bilde til \u00e5 formidle historier med en kunstnerisk tiln\u00e6rming til fotografi.<\/p>\n\n\n\n<p>To av hans fremste inspirasjonskilder er de anerkjente kamerabaserte kunstnerne Larry Sultan og Linda B. Engelberth, som begge er kjent for sine dokumentariske prosjekter som strekker seg over lengre tid.<\/p>\n\n\n\n<p>\u2013 Hver gang jeg tenker at \u00abn\u00e5 jobber jeg hardt og mye\u00bb, ser jeg til disse rollemodellene som n\u00e6rmest har investert sine liv i sine egne prosjekter.<\/p>\n\n\n\n<p><strong>Adopsjon i samfunnsdebatten<\/strong><\/p>\n\n\n\n<p>Bakgrunnen for kunstverket \u00abThe Final Goodbye\u00bb (2022) som ble antatt til H\u00f8stutstillingen og hedret med Den franske pris, er Jonas&#8217; s\u00f8ken etter sin biologiske mor, et prosjekt han startet med i 2011 for \u00e5 f\u00e5 vite mer om sitt opphav.<\/p>\n\n\n\n<p>Gjennom verket \u00f8nsker Jonas \u00e5 belyse tematikken rundt adopsjon, slik at det kan v\u00e6re til hjelp for andre i samme situasjon, samtidig som det blir en st\u00f8rre del av samfunnsdebatten.<\/p>\n\n\n\n<p><strong>M\u00f8tet<\/strong><\/p>\n\n\n\n<p>Etter flere \u00e5r med resultatl\u00f8st s\u00f8k gjennom adopsjonsbyr\u00e5et, og som et aller siste fors\u00f8k, ble moren funnet i live sammen med ektemann og to barn. I S\u00f8r-Korea er det knyttet stor skam til det \u00e5 f\u00e5 barn utenfor ekteskap, og hun hadde derfor holdt Jonas hemmelig i 28 \u00e5r. Som et land preget av sv\u00e6rt konservative holdninger ble m\u00f8tet mellom mor og s\u00f8nn komplisert.<\/p>\n\n\n\n<p>Det var derfor en vanskelig beslutning for henne \u00e5 treffe Jonas. Den f\u00f8rste gangen han reiste til S\u00f8r-Korea var det usikkert om han faktisk ville f\u00e5 treffe henne. Pandemien skapte ogs\u00e5 vansker med reise- og karanteneregler, men til tross for utfordringene var viljen sterk.<\/p>\n\n\n\n<p>Gjennom hvert m\u00f8te utviklet tilliten seg dem imellom, og den fjerde gangen Jonas traff sin biologiske mor, fikk han lov til \u00e5 ta to fotografier \u2013 noe som utgjorde en stor risiko for henne med tanke p\u00e5 mulige sosiale sanksjoner. Det er et av disse fotografiene som ble antatt av H\u00f8stutstillingen og tildelt Den franske pris. Bildet gjengir det siste m\u00f8tet mellom mor og s\u00f8nn p\u00e5 en offentlig benk i Seoul.<\/p>\n\n\n\n<figure class=\"wp-block-image size-full\"><img loading=\"lazy\" decoding=\"async\" width=\"1098\" height=\"617\" src=\"https:\/\/www.france.no\/wp-content\/uploads\/2024\/04\/PrixFrancais_Oeuvre-1098x617.jpg\" alt=\"\" class=\"wp-image-7863\" srcset=\"https:\/\/www.france.no\/wp-content\/uploads\/2024\/04\/PrixFrancais_Oeuvre-1098x617.jpg 1098w, https:\/\/www.france.no\/wp-content\/uploads\/2024\/04\/PrixFrancais_Oeuvre-730x411.jpg 730w, https:\/\/www.france.no\/wp-content\/uploads\/2024\/04\/PrixFrancais_Oeuvre-355x200.jpg 355w\" sizes=\"auto, (max-width: 1098px) 100vw, 1098px\" \/><figcaption class=\"wp-element-caption\">Det prisvinnende verket \u00abThe Final Goodbye\u00bb (2022) av Jonas Tislevoll. Foto: Vegard Kleven \/ <a href=\"https:\/\/www.hostutstillingen.no\/kunstpriser\/#den-franske-pris\" target=\"_blank\" rel=\"noreferrer noopener\">H\u00f8stutstillingen<\/a>.<\/figcaption><\/figure>\n\n\n\n<p><strong>Parisisk innflytelse<\/strong><\/p>\n\n\n\n<p>Jonas uttrykker sin takknemlighet for prisen og utdyper:<\/p>\n\n\n\n<p>\u2013 Det er virkelig en stor anerkjennelse av det jeg st\u00e5r for.<\/p>\n\n\n\n<p>Han ser ogs\u00e5 frem til det kommende kunstneroppholdet ved Cit\u00e9 internationale des arts i Paris, og deler sin entusiasme:<\/p>\n\n\n\n<p>\u2013 Kunstneroppholdet kommer til \u00e5 v\u00e6re til enorm inspirasjon og gi muligheter for nettverksbygging. Jeg tror det vil gi meg ro og muligheter til \u00e5 utvikle meg selv. Jeg har alltid latt meg inspirere av Frankrike og av fransk kulturhistorie. Muligheten til \u00e5 f\u00e5 et lengre opphold i en hovedstad som bokstavelig talt <em>er<\/em> historie, er en dr\u00f8m og forh\u00e5pentligvis en d\u00f8r\u00e5pner p\u00e5 flere m\u00e5ter. Jeg ser enormt frem til \u00e5 kunne g\u00e5 p\u00e5 gallerier, f\u00e5 ta del i et s\u00e5 stort, internasjonalt milj\u00f8 som Cit\u00e9 des arts representerer. Dette residensoppholdet vil v\u00e6re en stor og verdifull erfaring for mitt kunstneriske og faglige virke.<\/p>\n\n\n\n<figure class=\"wp-block-image size-large\"><img decoding=\"async\" src=\"https:\/\/www.citedesartsparis.net\/media\/cia\/183726-site_du_marais_2_-_cre_dits_maurine_tric.jpg\" alt=\"\" style=\"object-fit:cover\"\/><figcaption class=\"wp-element-caption\">Under oppholdet vil Jonas Tislevoll ha atelier i hovedbygningen til Cit\u00e9 internationale des arts i bydelen Marais. Foto: <a href=\"https:\/\/www.citedesartsparis.net\/en\/residencies\/staying-at-the-cite\" target=\"_blank\" rel=\"noreferrer noopener\">Maurine Tric \/ Cit\u00e9 internationale des arts<\/a>.<\/figcaption><\/figure>\n\n\n\n<p><\/p>\n","protected":false},"excerpt":{"rendered":"<p>Jonas Tislevoll er klar for sitt kunstneropphold ved Cit\u00e9 internationale des arts i Paris etter \u00e5 ha vunnet Den franske pris (\u00abLe Prix fran\u00e7ais\u00bb). Vi \u00f8nsker ham lykke til p\u00e5 denne spennende reisen og ser frem til \u00e5 f\u00f8lge hans kunstneriske utvikling i den franske hovedstaden. Annethvert \u00e5r siden opprettelsen i 1998 har den franske [&hellip;]<\/p>\n","protected":false},"author":6,"featured_media":7888,"comment_status":"closed","ping_status":"open","sticky":false,"template":"","format":"standard","meta":{"footnotes":""},"categories":[26,1],"tags":[],"class_list":["post-7856","post","type-post","status-publish","format-standard","has-post-thumbnail","hentry","category-arts-visuels","category-culture"],"yoast_head":"<!-- This site is optimized with the Yoast SEO plugin v24.2 - https:\/\/yoast.com\/wordpress\/plugins\/seo\/ -->\n<title>M\u00f8t Jonas Tislevoll - Institut fran\u00e7ais<\/title>\n<meta name=\"robots\" content=\"index, follow, max-snippet:-1, max-image-preview:large, max-video-preview:-1\" \/>\n<link rel=\"canonical\" href=\"https:\/\/www.france.no\/no\/2024\/culture\/mot-jonas-tislevoll\/\" \/>\n<meta property=\"og:locale\" content=\"nb_NO\" \/>\n<meta property=\"og:type\" content=\"article\" \/>\n<meta property=\"og:title\" content=\"M\u00f8t Jonas Tislevoll - Institut fran\u00e7ais\" \/>\n<meta property=\"og:description\" content=\"Jonas Tislevoll er klar for sitt kunstneropphold ved Cit\u00e9 internationale des arts i Paris etter \u00e5 ha vunnet Den franske pris (\u00abLe Prix fran\u00e7ais\u00bb). Vi \u00f8nsker ham lykke til p\u00e5 denne spennende reisen og ser frem til \u00e5 f\u00f8lge hans kunstneriske utvikling i den franske hovedstaden. Annethvert \u00e5r siden opprettelsen i 1998 har den franske [&hellip;]\" \/>\n<meta property=\"og:url\" content=\"https:\/\/www.france.no\/no\/2024\/culture\/mot-jonas-tislevoll\/\" \/>\n<meta property=\"og:site_name\" content=\"Institut fran\u00e7ais\" \/>\n<meta property=\"article:publisher\" content=\"https:\/\/www.facebook.com\/institutfrancaisoslo\" \/>\n<meta property=\"article:published_time\" content=\"2024-04-10T14:43:18+00:00\" \/>\n<meta property=\"article:modified_time\" content=\"2024-11-07T12:06:47+00:00\" \/>\n<meta property=\"og:image\" content=\"https:\/\/www.france.no\/wp-content\/uploads\/2024\/04\/Tislevoll_portrett-1-e1712758526975-1024x683.png\" \/>\n\t<meta property=\"og:image:width\" content=\"1024\" \/>\n\t<meta property=\"og:image:height\" content=\"683\" \/>\n\t<meta property=\"og:image:type\" content=\"image\/png\" \/>\n<meta name=\"author\" content=\"P\u00f4le Communication\" \/>\n<meta name=\"twitter:card\" content=\"summary_large_image\" \/>\n<meta name=\"twitter:creator\" content=\"@ifnorvege\" \/>\n<meta name=\"twitter:site\" content=\"@ifnorvege\" \/>\n<meta name=\"twitter:label1\" content=\"Skrevet av\" \/>\n\t<meta name=\"twitter:data1\" content=\"P\u00f4le Communication\" \/>\n\t<meta name=\"twitter:label2\" content=\"Ansl. lesetid\" \/>\n\t<meta name=\"twitter:data2\" content=\"5 minutter\" \/>\n<script type=\"application\/ld+json\" class=\"yoast-schema-graph\">{\"@context\":\"https:\/\/schema.org\",\"@graph\":[{\"@type\":\"Article\",\"@id\":\"https:\/\/www.france.no\/no\/2024\/culture\/mot-jonas-tislevoll\/#article\",\"isPartOf\":{\"@id\":\"https:\/\/www.france.no\/no\/2024\/culture\/mot-jonas-tislevoll\/\"},\"author\":{\"name\":\"P\u00f4le Communication\",\"@id\":\"https:\/\/www.france.no\/no\/#\/schema\/person\/e911222e8703f294589a6d80b1c16f97\"},\"headline\":\"M\u00f8t Jonas Tislevoll\",\"datePublished\":\"2024-04-10T14:43:18+00:00\",\"dateModified\":\"2024-11-07T12:06:47+00:00\",\"mainEntityOfPage\":{\"@id\":\"https:\/\/www.france.no\/no\/2024\/culture\/mot-jonas-tislevoll\/\"},\"wordCount\":773,\"publisher\":{\"@id\":\"https:\/\/www.france.no\/no\/#organization\"},\"image\":{\"@id\":\"https:\/\/www.france.no\/no\/2024\/culture\/mot-jonas-tislevoll\/#primaryimage\"},\"thumbnailUrl\":\"https:\/\/www.france.no\/wp-content\/uploads\/2024\/04\/Tislevoll_portrett-1-e1712758526975-1098x617.png\",\"articleSection\":[\"Arts visuels\",\"Culture\"],\"inLanguage\":\"nb-NO\"},{\"@type\":\"WebPage\",\"@id\":\"https:\/\/www.france.no\/no\/2024\/culture\/mot-jonas-tislevoll\/\",\"url\":\"https:\/\/www.france.no\/no\/2024\/culture\/mot-jonas-tislevoll\/\",\"name\":\"M\u00f8t Jonas Tislevoll - Institut fran\u00e7ais\",\"isPartOf\":{\"@id\":\"https:\/\/www.france.no\/no\/#website\"},\"primaryImageOfPage\":{\"@id\":\"https:\/\/www.france.no\/no\/2024\/culture\/mot-jonas-tislevoll\/#primaryimage\"},\"image\":{\"@id\":\"https:\/\/www.france.no\/no\/2024\/culture\/mot-jonas-tislevoll\/#primaryimage\"},\"thumbnailUrl\":\"https:\/\/www.france.no\/wp-content\/uploads\/2024\/04\/Tislevoll_portrett-1-e1712758526975-1098x617.png\",\"datePublished\":\"2024-04-10T14:43:18+00:00\",\"dateModified\":\"2024-11-07T12:06:47+00:00\",\"breadcrumb\":{\"@id\":\"https:\/\/www.france.no\/no\/2024\/culture\/mot-jonas-tislevoll\/#breadcrumb\"},\"inLanguage\":\"nb-NO\",\"potentialAction\":[{\"@type\":\"ReadAction\",\"target\":[\"https:\/\/www.france.no\/no\/2024\/culture\/mot-jonas-tislevoll\/\"]}]},{\"@type\":\"ImageObject\",\"inLanguage\":\"nb-NO\",\"@id\":\"https:\/\/www.france.no\/no\/2024\/culture\/mot-jonas-tislevoll\/#primaryimage\",\"url\":\"https:\/\/www.france.no\/wp-content\/uploads\/2024\/04\/Tislevoll_portrett-1-e1712758526975-1098x617.png\",\"contentUrl\":\"https:\/\/www.france.no\/wp-content\/uploads\/2024\/04\/Tislevoll_portrett-1-e1712758526975-1098x617.png\",\"width\":1499,\"height\":1000},{\"@type\":\"BreadcrumbList\",\"@id\":\"https:\/\/www.france.no\/no\/2024\/culture\/mot-jonas-tislevoll\/#breadcrumb\",\"itemListElement\":[{\"@type\":\"ListItem\",\"position\":1,\"name\":\"\",\"item\":\"https:\/\/www.france.no\/no\/\"},{\"@type\":\"ListItem\",\"position\":2,\"name\":\"Kultur\",\"item\":\"https:\/\/www.france.no\/no\/category\/kultur\/\"},{\"@type\":\"ListItem\",\"position\":3,\"name\":\"Visuell kunst\",\"item\":\"https:\/\/www.france.no\/no\/category\/kultur\/visuell-kunst\/\"},{\"@type\":\"ListItem\",\"position\":4,\"name\":\"M\u00f8t Jonas Tislevoll\"}]},{\"@type\":\"WebSite\",\"@id\":\"https:\/\/www.france.no\/no\/#website\",\"url\":\"https:\/\/www.france.no\/no\/\",\"name\":\"Institut fran\u00e7ais\",\"description\":\"Norv\u00e8ge\",\"publisher\":{\"@id\":\"https:\/\/www.france.no\/no\/#organization\"},\"potentialAction\":[{\"@type\":\"SearchAction\",\"target\":{\"@type\":\"EntryPoint\",\"urlTemplate\":\"https:\/\/www.france.no\/no\/?s={search_term_string}\"},\"query-input\":{\"@type\":\"PropertyValueSpecification\",\"valueRequired\":true,\"valueName\":\"search_term_string\"}}],\"inLanguage\":\"nb-NO\"},{\"@type\":\"Organization\",\"@id\":\"https:\/\/www.france.no\/no\/#organization\",\"name\":\"Institut fran\u00e7ais\",\"url\":\"https:\/\/www.france.no\/no\/\",\"logo\":{\"@type\":\"ImageObject\",\"inLanguage\":\"nb-NO\",\"@id\":\"https:\/\/www.france.no\/no\/#\/schema\/logo\/image\/\",\"url\":\"https:\/\/www.france.no\/wp-content\/uploads\/2022\/11\/IF_Logo_Sans_Bleu_RVB.png\",\"contentUrl\":\"https:\/\/www.france.no\/wp-content\/uploads\/2022\/11\/IF_Logo_Sans_Bleu_RVB.png\",\"width\":852,\"height\":591,\"caption\":\"Institut fran\u00e7ais\"},\"image\":{\"@id\":\"https:\/\/www.france.no\/no\/#\/schema\/logo\/image\/\"},\"sameAs\":[\"https:\/\/www.facebook.com\/institutfrancaisoslo\",\"https:\/\/x.com\/ifnorvege\",\"https:\/\/instagram.com\/ifnorvege\"]},{\"@type\":\"Person\",\"@id\":\"https:\/\/www.france.no\/no\/#\/schema\/person\/e911222e8703f294589a6d80b1c16f97\",\"name\":\"P\u00f4le Communication\",\"image\":{\"@type\":\"ImageObject\",\"inLanguage\":\"nb-NO\",\"@id\":\"https:\/\/www.france.no\/no\/#\/schema\/person\/image\/\",\"url\":\"https:\/\/secure.gravatar.com\/avatar\/20ae085a8b5fd613a02d28588389144802d3ba9408c852b2c6c7c4b17cc39660?s=96&d=mm&r=g\",\"contentUrl\":\"https:\/\/secure.gravatar.com\/avatar\/20ae085a8b5fd613a02d28588389144802d3ba9408c852b2c6c7c4b17cc39660?s=96&d=mm&r=g\",\"caption\":\"P\u00f4le Communication\"},\"url\":\"https:\/\/www.france.no\/no\/author\/polecom\/\"}]}<\/script>\n<!-- \/ Yoast SEO plugin. -->","yoast_head_json":{"title":"M\u00f8t Jonas Tislevoll - Institut fran\u00e7ais","robots":{"index":"index","follow":"follow","max-snippet":"max-snippet:-1","max-image-preview":"max-image-preview:large","max-video-preview":"max-video-preview:-1"},"canonical":"https:\/\/www.france.no\/no\/2024\/culture\/mot-jonas-tislevoll\/","og_locale":"nb_NO","og_type":"article","og_title":"M\u00f8t Jonas Tislevoll - Institut fran\u00e7ais","og_description":"Jonas Tislevoll er klar for sitt kunstneropphold ved Cit\u00e9 internationale des arts i Paris etter \u00e5 ha vunnet Den franske pris (\u00abLe Prix fran\u00e7ais\u00bb). Vi \u00f8nsker ham lykke til p\u00e5 denne spennende reisen og ser frem til \u00e5 f\u00f8lge hans kunstneriske utvikling i den franske hovedstaden. Annethvert \u00e5r siden opprettelsen i 1998 har den franske [&hellip;]","og_url":"https:\/\/www.france.no\/no\/2024\/culture\/mot-jonas-tislevoll\/","og_site_name":"Institut fran\u00e7ais","article_publisher":"https:\/\/www.facebook.com\/institutfrancaisoslo","article_published_time":"2024-04-10T14:43:18+00:00","article_modified_time":"2024-11-07T12:06:47+00:00","og_image":[{"width":1024,"height":683,"url":"https:\/\/www.france.no\/wp-content\/uploads\/2024\/04\/Tislevoll_portrett-1-e1712758526975-1024x683.png","type":"image\/png"}],"author":"P\u00f4le Communication","twitter_card":"summary_large_image","twitter_creator":"@ifnorvege","twitter_site":"@ifnorvege","twitter_misc":{"Skrevet av":"P\u00f4le Communication","Ansl. lesetid":"5 minutter"},"schema":{"@context":"https:\/\/schema.org","@graph":[{"@type":"Article","@id":"https:\/\/www.france.no\/no\/2024\/culture\/mot-jonas-tislevoll\/#article","isPartOf":{"@id":"https:\/\/www.france.no\/no\/2024\/culture\/mot-jonas-tislevoll\/"},"author":{"name":"P\u00f4le Communication","@id":"https:\/\/www.france.no\/no\/#\/schema\/person\/e911222e8703f294589a6d80b1c16f97"},"headline":"M\u00f8t Jonas Tislevoll","datePublished":"2024-04-10T14:43:18+00:00","dateModified":"2024-11-07T12:06:47+00:00","mainEntityOfPage":{"@id":"https:\/\/www.france.no\/no\/2024\/culture\/mot-jonas-tislevoll\/"},"wordCount":773,"publisher":{"@id":"https:\/\/www.france.no\/no\/#organization"},"image":{"@id":"https:\/\/www.france.no\/no\/2024\/culture\/mot-jonas-tislevoll\/#primaryimage"},"thumbnailUrl":"https:\/\/www.france.no\/wp-content\/uploads\/2024\/04\/Tislevoll_portrett-1-e1712758526975-1098x617.png","articleSection":["Arts visuels","Culture"],"inLanguage":"nb-NO"},{"@type":"WebPage","@id":"https:\/\/www.france.no\/no\/2024\/culture\/mot-jonas-tislevoll\/","url":"https:\/\/www.france.no\/no\/2024\/culture\/mot-jonas-tislevoll\/","name":"M\u00f8t Jonas Tislevoll - Institut fran\u00e7ais","isPartOf":{"@id":"https:\/\/www.france.no\/no\/#website"},"primaryImageOfPage":{"@id":"https:\/\/www.france.no\/no\/2024\/culture\/mot-jonas-tislevoll\/#primaryimage"},"image":{"@id":"https:\/\/www.france.no\/no\/2024\/culture\/mot-jonas-tislevoll\/#primaryimage"},"thumbnailUrl":"https:\/\/www.france.no\/wp-content\/uploads\/2024\/04\/Tislevoll_portrett-1-e1712758526975-1098x617.png","datePublished":"2024-04-10T14:43:18+00:00","dateModified":"2024-11-07T12:06:47+00:00","breadcrumb":{"@id":"https:\/\/www.france.no\/no\/2024\/culture\/mot-jonas-tislevoll\/#breadcrumb"},"inLanguage":"nb-NO","potentialAction":[{"@type":"ReadAction","target":["https:\/\/www.france.no\/no\/2024\/culture\/mot-jonas-tislevoll\/"]}]},{"@type":"ImageObject","inLanguage":"nb-NO","@id":"https:\/\/www.france.no\/no\/2024\/culture\/mot-jonas-tislevoll\/#primaryimage","url":"https:\/\/www.france.no\/wp-content\/uploads\/2024\/04\/Tislevoll_portrett-1-e1712758526975-1098x617.png","contentUrl":"https:\/\/www.france.no\/wp-content\/uploads\/2024\/04\/Tislevoll_portrett-1-e1712758526975-1098x617.png","width":1499,"height":1000},{"@type":"BreadcrumbList","@id":"https:\/\/www.france.no\/no\/2024\/culture\/mot-jonas-tislevoll\/#breadcrumb","itemListElement":[{"@type":"ListItem","position":1,"name":"","item":"https:\/\/www.france.no\/no\/"},{"@type":"ListItem","position":2,"name":"Kultur","item":"https:\/\/www.france.no\/no\/category\/kultur\/"},{"@type":"ListItem","position":3,"name":"Visuell kunst","item":"https:\/\/www.france.no\/no\/category\/kultur\/visuell-kunst\/"},{"@type":"ListItem","position":4,"name":"M\u00f8t Jonas Tislevoll"}]},{"@type":"WebSite","@id":"https:\/\/www.france.no\/no\/#website","url":"https:\/\/www.france.no\/no\/","name":"Institut fran\u00e7ais","description":"Norv\u00e8ge","publisher":{"@id":"https:\/\/www.france.no\/no\/#organization"},"potentialAction":[{"@type":"SearchAction","target":{"@type":"EntryPoint","urlTemplate":"https:\/\/www.france.no\/no\/?s={search_term_string}"},"query-input":{"@type":"PropertyValueSpecification","valueRequired":true,"valueName":"search_term_string"}}],"inLanguage":"nb-NO"},{"@type":"Organization","@id":"https:\/\/www.france.no\/no\/#organization","name":"Institut fran\u00e7ais","url":"https:\/\/www.france.no\/no\/","logo":{"@type":"ImageObject","inLanguage":"nb-NO","@id":"https:\/\/www.france.no\/no\/#\/schema\/logo\/image\/","url":"https:\/\/www.france.no\/wp-content\/uploads\/2022\/11\/IF_Logo_Sans_Bleu_RVB.png","contentUrl":"https:\/\/www.france.no\/wp-content\/uploads\/2022\/11\/IF_Logo_Sans_Bleu_RVB.png","width":852,"height":591,"caption":"Institut fran\u00e7ais"},"image":{"@id":"https:\/\/www.france.no\/no\/#\/schema\/logo\/image\/"},"sameAs":["https:\/\/www.facebook.com\/institutfrancaisoslo","https:\/\/x.com\/ifnorvege","https:\/\/instagram.com\/ifnorvege"]},{"@type":"Person","@id":"https:\/\/www.france.no\/no\/#\/schema\/person\/e911222e8703f294589a6d80b1c16f97","name":"P\u00f4le Communication","image":{"@type":"ImageObject","inLanguage":"nb-NO","@id":"https:\/\/www.france.no\/no\/#\/schema\/person\/image\/","url":"https:\/\/secure.gravatar.com\/avatar\/20ae085a8b5fd613a02d28588389144802d3ba9408c852b2c6c7c4b17cc39660?s=96&d=mm&r=g","contentUrl":"https:\/\/secure.gravatar.com\/avatar\/20ae085a8b5fd613a02d28588389144802d3ba9408c852b2c6c7c4b17cc39660?s=96&d=mm&r=g","caption":"P\u00f4le Communication"},"url":"https:\/\/www.france.no\/no\/author\/polecom\/"}]}},"_links":{"self":[{"href":"https:\/\/www.france.no\/no\/wp-json\/wp\/v2\/posts\/7856","targetHints":{"allow":["GET"]}}],"collection":[{"href":"https:\/\/www.france.no\/no\/wp-json\/wp\/v2\/posts"}],"about":[{"href":"https:\/\/www.france.no\/no\/wp-json\/wp\/v2\/types\/post"}],"author":[{"embeddable":true,"href":"https:\/\/www.france.no\/no\/wp-json\/wp\/v2\/users\/6"}],"replies":[{"embeddable":true,"href":"https:\/\/www.france.no\/no\/wp-json\/wp\/v2\/comments?post=7856"}],"version-history":[{"count":15,"href":"https:\/\/www.france.no\/no\/wp-json\/wp\/v2\/posts\/7856\/revisions"}],"predecessor-version":[{"id":9573,"href":"https:\/\/www.france.no\/no\/wp-json\/wp\/v2\/posts\/7856\/revisions\/9573"}],"wp:featuredmedia":[{"embeddable":true,"href":"https:\/\/www.france.no\/no\/wp-json\/wp\/v2\/media\/7888"}],"wp:attachment":[{"href":"https:\/\/www.france.no\/no\/wp-json\/wp\/v2\/media?parent=7856"}],"wp:term":[{"taxonomy":"category","embeddable":true,"href":"https:\/\/www.france.no\/no\/wp-json\/wp\/v2\/categories?post=7856"},{"taxonomy":"post_tag","embeddable":true,"href":"https:\/\/www.france.no\/no\/wp-json\/wp\/v2\/tags?post=7856"}],"curies":[{"name":"wp","href":"https:\/\/api.w.org\/{rel}","templated":true}]}}