{"id":838,"date":"2022-04-06T00:00:00","date_gmt":"2022-04-05T22:00:00","guid":{"rendered":"https:\/\/www.france.no\/2022\/culture\/videokonkurranse-om-flerspraklighet-sortir-de-chez-soi\/"},"modified":"2022-04-06T00:00:00","modified_gmt":"2022-04-05T22:00:00","slug":"videokonkurranse-om-flerspraklighet-sortir-de-chez-soi","status":"publish","type":"post","link":"https:\/\/www.france.no\/no\/2022\/utdanning-og-fransk-sprak\/videokonkurranse-om-flerspraklighet-sortir-de-chez-soi\/","title":{"rendered":"Videokonkurranse om flerspr\u00e5klighet &laquo;Sortir de chez soi&raquo;"},"content":{"rendered":"<p><strong>Dans le cadre de la PFUE, les Instituts fran\u00e7ais du Danemark, d\u2019Estonie, de Finlande, de Norv\u00e8ge et de Su\u00e8de, organisent un concours de vid\u00e9os plurilingues ! Les coll\u00e9giens ou lyc\u00e9ens doivent envoyer leur vid\u00e9o pour le 8 mai 2022.<\/strong><\/p>\n<p>Le concours de vid\u00e9os plurilingues est ouvert aux coll\u00e9giens ou lyc\u00e9ens norv\u00e9giens, qui devront envoyer leur vid\u00e9o pour le 8 mai 2022 \u00e0 <strong>cpetillon@france.no<\/strong><\/p>\n<p>A l\u2019issue d\u2019une premi\u00e8re s\u00e9lection nationale, les finalistes verront leurs vid\u00e9os partag\u00e9es et jug\u00e9es par le jury nordique pour le prix r\u00e9gional !<\/p>\n<p>Produire une vid\u00e9o plurilingue est l\u2019occasion de vivre le plurilinguisme europ\u00e9en dans toute sa dimension ludique et cr\u00e9ative. Le format est donc laiss\u00e9 \u00e0 la libre appr\u00e9ciation de chacun : documentaire, fiction, etc. Chacun peut d\u00e9cider de son format.<\/p>\n<p><strong>Conditions de participation:<\/strong><\/p>\n<ul>\n<li>\u00a0\u00a0\u00a0 avoir entre 15 et 19 ans<\/li>\n<li>\u00a0\u00a0\u00a0 apprendre le fran\u00e7ais dans son lyc\u00e9e ou son coll\u00e8ge<\/li>\n<li>\u00a0\u00a0\u00a0 \u00eatre scolaris\u00e9 dans un coll\u00e8ge ou lyc\u00e9e g\u00e9n\u00e9ral ou un lyc\u00e9e professionnel en Norv\u00e8ge<\/li>\n<li>\u00a0\u00a0\u00a0 la vid\u00e9o peut \u00eatre une cr\u00e9ation individuelle ou collective<\/li>\n<li>\u00a0\u00a0\u00a0 la vid\u00e9o doit \u00eatre plurilingue, \u00eatre envoy\u00e9e au format MP4, traiter du sujet et ne pas exc\u00e9der une dur\u00e9e de 4-5 minutes<\/li>\n<\/ul>\n<p><strong>Crit\u00e8res d\u2019\u00e9valuation:<\/strong><\/p>\n<ul>\n<li>\u00a0\u00a0\u00a0 le format et la dur\u00e9e : la vid\u00e9o doit \u00eatre envoy\u00e9e au format MP4 et durer 5 minutes maximum<\/li>\n<li>\u00a0\u00a0\u00a0 le plurilinguisme : le film doit m\u00ealer trois langues europ\u00e9ennes, parmi lesquelles le fran\u00e7ais (crit\u00e8re \u00e9liminatoire si non respect\u00e9)<\/li>\n<li>\u00a0\u00a0\u00a0 le sujet : le film doit r\u00e9pondre \u00e0 la th\u00e9matique propos\u00e9e (\u201csortir de chez soi\u201d)<\/li>\n<li>\u00a0\u00a0\u00a0 la qualit\u00e9 du sc\u00e9nario<\/li>\n<li>\u00a0\u00a0\u00a0 l\u2019originalit\u00e9 de la cr\u00e9ation<\/li>\n<li>\u00a0\u00a0\u00a0 la qualit\u00e9 de la r\u00e9alisation et du montage<\/li>\n<\/ul>\n<p><strong>Modalit\u00e9s de participation et date \u00e0 retenir:<\/strong><\/p>\n<p>\u00a0\u00a0\u00a0 Au plus tard le 8 mai 2022 : envoyer sa vid\u00e9o \u00e0 l\u2019Institut fran\u00e7ais de Norv\u00e8ge \u00e0 l\u2019adresse mail suivante : cpetillon@france.no<\/p>\n<p>\u00a0\u00a0\u00a0 Les vid\u00e9os devront \u00eatre transmises dans un seul dossier WeTransfer avec:<\/p>\n<p>\u00a0\u00a0\u00a0 (1) les formulaires compl\u00e9t\u00e9s autorisant l\u2019Institut fran\u00e7ais de Norv\u00e8ge \u00e0 partager la vid\u00e9o sur son site Web, ses r\u00e9seaux sociaux et pendant les \u00e9v\u00e9nements de promotion de l\u2019enseignement fran\u00e7ais. Chaque personne apparaissant sur la vid\u00e9o ou ayant particip\u00e9 \u00e0 la vid\u00e9o doit remplir un formulaire compl\u00e9t\u00e9 par personne visible dans la vid\u00e9o ; <a href=\"https:\/\/www.france.no\/wp-content\/uploads\/2022\/04\/samtykke-ved-bruk-av-video-for-konkurransen.pdf\">SAMTYKKE VED BRUK AV VIDEO FOR KONKURRANSEN<\/a><\/p>\n<p>\u00a0\u00a0\u00a0 (2) la vid\u00e9o. \u00a0<\/p>\n<p>Ce fichier WeTransfer sera adress\u00e9 \u00e0 <strong>cpetillon@france.no<\/strong>. Dans le mail, le participant pr\u00e9cisera son pr\u00e9nom, son nom, son \u00e9cole, le titre de sa vid\u00e9o, quelques lignes pour pr\u00e9senter sa vid\u00e9o (en norv\u00e9gien, en anglais et si possible en fran\u00e7ais) et la liste des participants apparaissant dans la vid\u00e9o.\u00a0<\/p>\n<p><strong>Prix:<\/strong><\/p>\n<ol>\n<li>Premier prix national : on vous promet un joli prix en fonction du gagnant ! (un \u00e9l\u00e8ve\/une classe)<\/li>\n<li>Premier prix r\u00e9gional nordique :<\/li>\n<\/ol>\n<p>* Un \u00e9quipement pour vlogger avec son t\u00e9l\u00e9phone !<\/p>\n<p><a href=\"https:\/\/www.france.no\/wp-content\/uploads\/2022\/04\/set-video.jpg\"><img loading=\"lazy\" decoding=\"async\" class=\"alignnone size-medium wp-image-25325\" src=\"https:\/\/www.france.no\/wp-content\/uploads\/2022\/09\/set-video-225x300.jpg\" alt='' width=\"225\" height=\"300\" \/><\/a><\/p>\n","protected":false},"excerpt":{"rendered":"<p>Dans le cadre de la PFUE, les Instituts fran\u00e7ais du Danemark, d\u2019Estonie, de Finlande, de Norv\u00e8ge et de Su\u00e8de, organisent un concours de vid\u00e9os plurilingues ! Les coll\u00e9giens ou lyc\u00e9ens doivent envoyer leur vid\u00e9o pour le 8 mai 2022. Le concours de vid\u00e9os plurilingues est ouvert aux coll\u00e9giens ou lyc\u00e9ens norv\u00e9giens, qui devront envoyer leur [&hellip;]<\/p>\n","protected":false},"author":1,"featured_media":839,"comment_status":"closed","ping_status":"closed","sticky":false,"template":"","format":"standard","meta":{"footnotes":""},"categories":[13],"tags":[],"class_list":["post-838","post","type-post","status-publish","format-standard","has-post-thumbnail","hentry","category-utdanning-og-fransk-sprak"],"yoast_head":"<!-- This site is optimized with the Yoast SEO plugin v24.2 - https:\/\/yoast.com\/wordpress\/plugins\/seo\/ -->\n<title>Videokonkurranse om flerspr\u00e5klighet &quot;Sortir de chez soi&quot; - Institut fran\u00e7ais<\/title>\n<meta name=\"robots\" content=\"index, follow, max-snippet:-1, max-image-preview:large, max-video-preview:-1\" \/>\n<link rel=\"canonical\" href=\"https:\/\/www.france.no\/no\/2022\/utdanning-og-fransk-sprak\/videokonkurranse-om-flerspraklighet-sortir-de-chez-soi\/\" \/>\n<meta property=\"og:locale\" content=\"nb_NO\" \/>\n<meta property=\"og:type\" content=\"article\" \/>\n<meta property=\"og:title\" content=\"Videokonkurranse om flerspr\u00e5klighet &quot;Sortir de chez soi&quot; - Institut fran\u00e7ais\" \/>\n<meta property=\"og:description\" content=\"Dans le cadre de la PFUE, les Instituts fran\u00e7ais du Danemark, d\u2019Estonie, de Finlande, de Norv\u00e8ge et de Su\u00e8de, organisent un concours de vid\u00e9os plurilingues ! Les coll\u00e9giens ou lyc\u00e9ens doivent envoyer leur vid\u00e9o pour le 8 mai 2022. Le concours de vid\u00e9os plurilingues est ouvert aux coll\u00e9giens ou lyc\u00e9ens norv\u00e9giens, qui devront envoyer leur [&hellip;]\" \/>\n<meta property=\"og:url\" content=\"https:\/\/www.france.no\/no\/2022\/utdanning-og-fransk-sprak\/videokonkurranse-om-flerspraklighet-sortir-de-chez-soi\/\" \/>\n<meta property=\"og:site_name\" content=\"Institut fran\u00e7ais\" \/>\n<meta property=\"article:publisher\" content=\"https:\/\/www.facebook.com\/institutfrancaisoslo\" \/>\n<meta property=\"article:published_time\" content=\"2022-04-05T22:00:00+00:00\" \/>\n<meta property=\"og:image\" content=\"https:\/\/www.france.no\/wp-content\/uploads\/2022\/09\/visuel-concours-1098x617.jpg\" \/>\n\t<meta property=\"og:image:width\" content=\"1200\" \/>\n\t<meta property=\"og:image:height\" content=\"631\" \/>\n\t<meta property=\"og:image:type\" content=\"image\/jpeg\" \/>\n<meta name=\"author\" content=\"admin_ifno\" \/>\n<meta name=\"twitter:card\" content=\"summary_large_image\" \/>\n<meta name=\"twitter:creator\" content=\"@ifnorvege\" \/>\n<meta name=\"twitter:site\" content=\"@ifnorvege\" \/>\n<meta name=\"twitter:label1\" content=\"Skrevet av\" \/>\n\t<meta name=\"twitter:data1\" content=\"admin_ifno\" \/>\n\t<meta name=\"twitter:label2\" content=\"Ansl. lesetid\" \/>\n\t<meta name=\"twitter:data2\" content=\"3 minutter\" \/>\n<script type=\"application\/ld+json\" class=\"yoast-schema-graph\">{\"@context\":\"https:\/\/schema.org\",\"@graph\":[{\"@type\":\"Article\",\"@id\":\"https:\/\/www.france.no\/no\/2022\/utdanning-og-fransk-sprak\/videokonkurranse-om-flerspraklighet-sortir-de-chez-soi\/#article\",\"isPartOf\":{\"@id\":\"https:\/\/www.france.no\/no\/2022\/utdanning-og-fransk-sprak\/videokonkurranse-om-flerspraklighet-sortir-de-chez-soi\/\"},\"author\":{\"name\":\"admin_ifno\",\"@id\":\"https:\/\/www.france.no\/no\/#\/schema\/person\/4fdc0b263d8f27bb00a55f55d2fa3ab0\"},\"headline\":\"Videokonkurranse om flerspr\u00e5klighet &laquo;Sortir de chez soi&raquo;\",\"datePublished\":\"2022-04-05T22:00:00+00:00\",\"dateModified\":\"2022-04-05T22:00:00+00:00\",\"mainEntityOfPage\":{\"@id\":\"https:\/\/www.france.no\/no\/2022\/utdanning-og-fransk-sprak\/videokonkurranse-om-flerspraklighet-sortir-de-chez-soi\/\"},\"wordCount\":516,\"publisher\":{\"@id\":\"https:\/\/www.france.no\/no\/#organization\"},\"image\":{\"@id\":\"https:\/\/www.france.no\/no\/2022\/utdanning-og-fransk-sprak\/videokonkurranse-om-flerspraklighet-sortir-de-chez-soi\/#primaryimage\"},\"thumbnailUrl\":\"https:\/\/www.france.no\/wp-content\/uploads\/2022\/09\/visuel-concours-1098x617.jpg\",\"articleSection\":[\"Utdannelse og Fransk spr\u00e5ksamarbeid\"],\"inLanguage\":\"nb-NO\"},{\"@type\":\"WebPage\",\"@id\":\"https:\/\/www.france.no\/no\/2022\/utdanning-og-fransk-sprak\/videokonkurranse-om-flerspraklighet-sortir-de-chez-soi\/\",\"url\":\"https:\/\/www.france.no\/no\/2022\/utdanning-og-fransk-sprak\/videokonkurranse-om-flerspraklighet-sortir-de-chez-soi\/\",\"name\":\"Videokonkurranse om flerspr\u00e5klighet \\\"Sortir de chez soi\\\" - Institut fran\u00e7ais\",\"isPartOf\":{\"@id\":\"https:\/\/www.france.no\/no\/#website\"},\"primaryImageOfPage\":{\"@id\":\"https:\/\/www.france.no\/no\/2022\/utdanning-og-fransk-sprak\/videokonkurranse-om-flerspraklighet-sortir-de-chez-soi\/#primaryimage\"},\"image\":{\"@id\":\"https:\/\/www.france.no\/no\/2022\/utdanning-og-fransk-sprak\/videokonkurranse-om-flerspraklighet-sortir-de-chez-soi\/#primaryimage\"},\"thumbnailUrl\":\"https:\/\/www.france.no\/wp-content\/uploads\/2022\/09\/visuel-concours-1098x617.jpg\",\"datePublished\":\"2022-04-05T22:00:00+00:00\",\"dateModified\":\"2022-04-05T22:00:00+00:00\",\"breadcrumb\":{\"@id\":\"https:\/\/www.france.no\/no\/2022\/utdanning-og-fransk-sprak\/videokonkurranse-om-flerspraklighet-sortir-de-chez-soi\/#breadcrumb\"},\"inLanguage\":\"nb-NO\",\"potentialAction\":[{\"@type\":\"ReadAction\",\"target\":[\"https:\/\/www.france.no\/no\/2022\/utdanning-og-fransk-sprak\/videokonkurranse-om-flerspraklighet-sortir-de-chez-soi\/\"]}]},{\"@type\":\"ImageObject\",\"inLanguage\":\"nb-NO\",\"@id\":\"https:\/\/www.france.no\/no\/2022\/utdanning-og-fransk-sprak\/videokonkurranse-om-flerspraklighet-sortir-de-chez-soi\/#primaryimage\",\"url\":\"https:\/\/www.france.no\/wp-content\/uploads\/2022\/09\/visuel-concours-1098x617.jpg\",\"contentUrl\":\"https:\/\/www.france.no\/wp-content\/uploads\/2022\/09\/visuel-concours-1098x617.jpg\",\"width\":1200,\"height\":631},{\"@type\":\"BreadcrumbList\",\"@id\":\"https:\/\/www.france.no\/no\/2022\/utdanning-og-fransk-sprak\/videokonkurranse-om-flerspraklighet-sortir-de-chez-soi\/#breadcrumb\",\"itemListElement\":[{\"@type\":\"ListItem\",\"position\":1,\"name\":\"\",\"item\":\"https:\/\/www.france.no\/no\/\"},{\"@type\":\"ListItem\",\"position\":2,\"name\":\"Utdannelse og Fransk spr\u00e5ksamarbeid\",\"item\":\"https:\/\/www.france.no\/no\/category\/utdanning-og-fransk-sprak\/\"},{\"@type\":\"ListItem\",\"position\":3,\"name\":\"Videokonkurranse om flerspr\u00e5klighet \u00ab\u00a0Sortir de chez soi\u00a0\u00bb\"}]},{\"@type\":\"WebSite\",\"@id\":\"https:\/\/www.france.no\/no\/#website\",\"url\":\"https:\/\/www.france.no\/no\/\",\"name\":\"Institut fran\u00e7ais\",\"description\":\"Norv\u00e8ge\",\"publisher\":{\"@id\":\"https:\/\/www.france.no\/no\/#organization\"},\"potentialAction\":[{\"@type\":\"SearchAction\",\"target\":{\"@type\":\"EntryPoint\",\"urlTemplate\":\"https:\/\/www.france.no\/no\/?s={search_term_string}\"},\"query-input\":{\"@type\":\"PropertyValueSpecification\",\"valueRequired\":true,\"valueName\":\"search_term_string\"}}],\"inLanguage\":\"nb-NO\"},{\"@type\":\"Organization\",\"@id\":\"https:\/\/www.france.no\/no\/#organization\",\"name\":\"Institut fran\u00e7ais\",\"url\":\"https:\/\/www.france.no\/no\/\",\"logo\":{\"@type\":\"ImageObject\",\"inLanguage\":\"nb-NO\",\"@id\":\"https:\/\/www.france.no\/no\/#\/schema\/logo\/image\/\",\"url\":\"https:\/\/www.france.no\/wp-content\/uploads\/2022\/11\/IF_Logo_Sans_Bleu_RVB.png\",\"contentUrl\":\"https:\/\/www.france.no\/wp-content\/uploads\/2022\/11\/IF_Logo_Sans_Bleu_RVB.png\",\"width\":852,\"height\":591,\"caption\":\"Institut fran\u00e7ais\"},\"image\":{\"@id\":\"https:\/\/www.france.no\/no\/#\/schema\/logo\/image\/\"},\"sameAs\":[\"https:\/\/www.facebook.com\/institutfrancaisoslo\",\"https:\/\/x.com\/ifnorvege\",\"https:\/\/instagram.com\/ifnorvege\"]},{\"@type\":\"Person\",\"@id\":\"https:\/\/www.france.no\/no\/#\/schema\/person\/4fdc0b263d8f27bb00a55f55d2fa3ab0\",\"name\":\"admin_ifno\",\"image\":{\"@type\":\"ImageObject\",\"inLanguage\":\"nb-NO\",\"@id\":\"https:\/\/www.france.no\/no\/#\/schema\/person\/image\/\",\"url\":\"https:\/\/secure.gravatar.com\/avatar\/20f70e61054e6ae673edda3c0dc13670e46e51786443041c70a7eb2da859ae2a?s=96&d=mm&r=g\",\"contentUrl\":\"https:\/\/secure.gravatar.com\/avatar\/20f70e61054e6ae673edda3c0dc13670e46e51786443041c70a7eb2da859ae2a?s=96&d=mm&r=g\",\"caption\":\"admin_ifno\"},\"sameAs\":[\"https:\/\/www.france.no\"],\"url\":\"https:\/\/www.france.no\/no\/author\/admin_ifno\/\"}]}<\/script>\n<!-- \/ Yoast SEO plugin. -->","yoast_head_json":{"title":"Videokonkurranse om flerspr\u00e5klighet \"Sortir de chez soi\" - Institut fran\u00e7ais","robots":{"index":"index","follow":"follow","max-snippet":"max-snippet:-1","max-image-preview":"max-image-preview:large","max-video-preview":"max-video-preview:-1"},"canonical":"https:\/\/www.france.no\/no\/2022\/utdanning-og-fransk-sprak\/videokonkurranse-om-flerspraklighet-sortir-de-chez-soi\/","og_locale":"nb_NO","og_type":"article","og_title":"Videokonkurranse om flerspr\u00e5klighet \"Sortir de chez soi\" - Institut fran\u00e7ais","og_description":"Dans le cadre de la PFUE, les Instituts fran\u00e7ais du Danemark, d\u2019Estonie, de Finlande, de Norv\u00e8ge et de Su\u00e8de, organisent un concours de vid\u00e9os plurilingues ! Les coll\u00e9giens ou lyc\u00e9ens doivent envoyer leur vid\u00e9o pour le 8 mai 2022. Le concours de vid\u00e9os plurilingues est ouvert aux coll\u00e9giens ou lyc\u00e9ens norv\u00e9giens, qui devront envoyer leur [&hellip;]","og_url":"https:\/\/www.france.no\/no\/2022\/utdanning-og-fransk-sprak\/videokonkurranse-om-flerspraklighet-sortir-de-chez-soi\/","og_site_name":"Institut fran\u00e7ais","article_publisher":"https:\/\/www.facebook.com\/institutfrancaisoslo","article_published_time":"2022-04-05T22:00:00+00:00","og_image":[{"width":1200,"height":631,"url":"https:\/\/www.france.no\/wp-content\/uploads\/2022\/09\/visuel-concours-1098x617.jpg","type":"image\/jpeg"}],"author":"admin_ifno","twitter_card":"summary_large_image","twitter_creator":"@ifnorvege","twitter_site":"@ifnorvege","twitter_misc":{"Skrevet av":"admin_ifno","Ansl. lesetid":"3 minutter"},"schema":{"@context":"https:\/\/schema.org","@graph":[{"@type":"Article","@id":"https:\/\/www.france.no\/no\/2022\/utdanning-og-fransk-sprak\/videokonkurranse-om-flerspraklighet-sortir-de-chez-soi\/#article","isPartOf":{"@id":"https:\/\/www.france.no\/no\/2022\/utdanning-og-fransk-sprak\/videokonkurranse-om-flerspraklighet-sortir-de-chez-soi\/"},"author":{"name":"admin_ifno","@id":"https:\/\/www.france.no\/no\/#\/schema\/person\/4fdc0b263d8f27bb00a55f55d2fa3ab0"},"headline":"Videokonkurranse om flerspr\u00e5klighet &laquo;Sortir de chez soi&raquo;","datePublished":"2022-04-05T22:00:00+00:00","dateModified":"2022-04-05T22:00:00+00:00","mainEntityOfPage":{"@id":"https:\/\/www.france.no\/no\/2022\/utdanning-og-fransk-sprak\/videokonkurranse-om-flerspraklighet-sortir-de-chez-soi\/"},"wordCount":516,"publisher":{"@id":"https:\/\/www.france.no\/no\/#organization"},"image":{"@id":"https:\/\/www.france.no\/no\/2022\/utdanning-og-fransk-sprak\/videokonkurranse-om-flerspraklighet-sortir-de-chez-soi\/#primaryimage"},"thumbnailUrl":"https:\/\/www.france.no\/wp-content\/uploads\/2022\/09\/visuel-concours-1098x617.jpg","articleSection":["Utdannelse og Fransk spr\u00e5ksamarbeid"],"inLanguage":"nb-NO"},{"@type":"WebPage","@id":"https:\/\/www.france.no\/no\/2022\/utdanning-og-fransk-sprak\/videokonkurranse-om-flerspraklighet-sortir-de-chez-soi\/","url":"https:\/\/www.france.no\/no\/2022\/utdanning-og-fransk-sprak\/videokonkurranse-om-flerspraklighet-sortir-de-chez-soi\/","name":"Videokonkurranse om flerspr\u00e5klighet \"Sortir de chez soi\" - Institut fran\u00e7ais","isPartOf":{"@id":"https:\/\/www.france.no\/no\/#website"},"primaryImageOfPage":{"@id":"https:\/\/www.france.no\/no\/2022\/utdanning-og-fransk-sprak\/videokonkurranse-om-flerspraklighet-sortir-de-chez-soi\/#primaryimage"},"image":{"@id":"https:\/\/www.france.no\/no\/2022\/utdanning-og-fransk-sprak\/videokonkurranse-om-flerspraklighet-sortir-de-chez-soi\/#primaryimage"},"thumbnailUrl":"https:\/\/www.france.no\/wp-content\/uploads\/2022\/09\/visuel-concours-1098x617.jpg","datePublished":"2022-04-05T22:00:00+00:00","dateModified":"2022-04-05T22:00:00+00:00","breadcrumb":{"@id":"https:\/\/www.france.no\/no\/2022\/utdanning-og-fransk-sprak\/videokonkurranse-om-flerspraklighet-sortir-de-chez-soi\/#breadcrumb"},"inLanguage":"nb-NO","potentialAction":[{"@type":"ReadAction","target":["https:\/\/www.france.no\/no\/2022\/utdanning-og-fransk-sprak\/videokonkurranse-om-flerspraklighet-sortir-de-chez-soi\/"]}]},{"@type":"ImageObject","inLanguage":"nb-NO","@id":"https:\/\/www.france.no\/no\/2022\/utdanning-og-fransk-sprak\/videokonkurranse-om-flerspraklighet-sortir-de-chez-soi\/#primaryimage","url":"https:\/\/www.france.no\/wp-content\/uploads\/2022\/09\/visuel-concours-1098x617.jpg","contentUrl":"https:\/\/www.france.no\/wp-content\/uploads\/2022\/09\/visuel-concours-1098x617.jpg","width":1200,"height":631},{"@type":"BreadcrumbList","@id":"https:\/\/www.france.no\/no\/2022\/utdanning-og-fransk-sprak\/videokonkurranse-om-flerspraklighet-sortir-de-chez-soi\/#breadcrumb","itemListElement":[{"@type":"ListItem","position":1,"name":"","item":"https:\/\/www.france.no\/no\/"},{"@type":"ListItem","position":2,"name":"Utdannelse og Fransk spr\u00e5ksamarbeid","item":"https:\/\/www.france.no\/no\/category\/utdanning-og-fransk-sprak\/"},{"@type":"ListItem","position":3,"name":"Videokonkurranse om flerspr\u00e5klighet \u00ab\u00a0Sortir de chez soi\u00a0\u00bb"}]},{"@type":"WebSite","@id":"https:\/\/www.france.no\/no\/#website","url":"https:\/\/www.france.no\/no\/","name":"Institut fran\u00e7ais","description":"Norv\u00e8ge","publisher":{"@id":"https:\/\/www.france.no\/no\/#organization"},"potentialAction":[{"@type":"SearchAction","target":{"@type":"EntryPoint","urlTemplate":"https:\/\/www.france.no\/no\/?s={search_term_string}"},"query-input":{"@type":"PropertyValueSpecification","valueRequired":true,"valueName":"search_term_string"}}],"inLanguage":"nb-NO"},{"@type":"Organization","@id":"https:\/\/www.france.no\/no\/#organization","name":"Institut fran\u00e7ais","url":"https:\/\/www.france.no\/no\/","logo":{"@type":"ImageObject","inLanguage":"nb-NO","@id":"https:\/\/www.france.no\/no\/#\/schema\/logo\/image\/","url":"https:\/\/www.france.no\/wp-content\/uploads\/2022\/11\/IF_Logo_Sans_Bleu_RVB.png","contentUrl":"https:\/\/www.france.no\/wp-content\/uploads\/2022\/11\/IF_Logo_Sans_Bleu_RVB.png","width":852,"height":591,"caption":"Institut fran\u00e7ais"},"image":{"@id":"https:\/\/www.france.no\/no\/#\/schema\/logo\/image\/"},"sameAs":["https:\/\/www.facebook.com\/institutfrancaisoslo","https:\/\/x.com\/ifnorvege","https:\/\/instagram.com\/ifnorvege"]},{"@type":"Person","@id":"https:\/\/www.france.no\/no\/#\/schema\/person\/4fdc0b263d8f27bb00a55f55d2fa3ab0","name":"admin_ifno","image":{"@type":"ImageObject","inLanguage":"nb-NO","@id":"https:\/\/www.france.no\/no\/#\/schema\/person\/image\/","url":"https:\/\/secure.gravatar.com\/avatar\/20f70e61054e6ae673edda3c0dc13670e46e51786443041c70a7eb2da859ae2a?s=96&d=mm&r=g","contentUrl":"https:\/\/secure.gravatar.com\/avatar\/20f70e61054e6ae673edda3c0dc13670e46e51786443041c70a7eb2da859ae2a?s=96&d=mm&r=g","caption":"admin_ifno"},"sameAs":["https:\/\/www.france.no"],"url":"https:\/\/www.france.no\/no\/author\/admin_ifno\/"}]}},"_links":{"self":[{"href":"https:\/\/www.france.no\/no\/wp-json\/wp\/v2\/posts\/838","targetHints":{"allow":["GET"]}}],"collection":[{"href":"https:\/\/www.france.no\/no\/wp-json\/wp\/v2\/posts"}],"about":[{"href":"https:\/\/www.france.no\/no\/wp-json\/wp\/v2\/types\/post"}],"author":[{"embeddable":true,"href":"https:\/\/www.france.no\/no\/wp-json\/wp\/v2\/users\/1"}],"replies":[{"embeddable":true,"href":"https:\/\/www.france.no\/no\/wp-json\/wp\/v2\/comments?post=838"}],"version-history":[{"count":0,"href":"https:\/\/www.france.no\/no\/wp-json\/wp\/v2\/posts\/838\/revisions"}],"wp:featuredmedia":[{"embeddable":true,"href":"https:\/\/www.france.no\/no\/wp-json\/wp\/v2\/media\/839"}],"wp:attachment":[{"href":"https:\/\/www.france.no\/no\/wp-json\/wp\/v2\/media?parent=838"}],"wp:term":[{"taxonomy":"category","embeddable":true,"href":"https:\/\/www.france.no\/no\/wp-json\/wp\/v2\/categories?post=838"},{"taxonomy":"post_tag","embeddable":true,"href":"https:\/\/www.france.no\/no\/wp-json\/wp\/v2\/tags?post=838"}],"curies":[{"name":"wp","href":"https:\/\/api.w.org\/{rel}","templated":true}]}}