{"id":8559,"date":"2024-09-03T15:41:54","date_gmt":"2024-09-03T13:41:54","guid":{"rendered":"https:\/\/www.france.no\/?p=8559"},"modified":"2024-09-16T12:42:04","modified_gmt":"2024-09-16T10:42:04","slug":"nuit-des-idees-2024-nye-former-for-mobilisering","status":"publish","type":"post","link":"https:\/\/www.france.no\/no\/2024\/kultur\/nuit-des-idees-2024-nye-former-for-mobilisering\/","title":{"rendered":"Nuit des id\u00e9es 2024"},"content":{"rendered":"\n<p class=\"has-text-align-center\">Debatter \/ Diskusjoner \/ Panelsamtaler \/ Konserter <br>11. og 13. september 2024<\/p>\n\n\n\n<p class=\"has-text-align-center\">i STAVANGER og OSLO<\/p>\n\n\n\n<p>\u00ab<strong>Nuit des id\u00e9es<\/strong>\u00bb er et program organisert av Institut fran\u00e7ais for \u00e5 fremme fri flyt av id\u00e9er og kunnskap gjennom <strong>\u00e5pne arrangementer<\/strong>.<\/p>\n\n\n\n<p>I 2024 samarbeider <strong>Institut fran\u00e7ais de Norv\u00e8ge<\/strong> med TOU i Stavanger, et eksempel p\u00e5 konseptet \u00abdet tredje stedet\u00bb, og Gamle Munch i Oslo for \u00e5 <strong>utforske samfunnsengasjement<\/strong> og fremtiden for dette konseptet over to dager, 11. og 13. september. <strong>IFN <\/strong>har gleden av \u00e5 \u00f8nske velkommen sosiologen <strong>Antoine Burret<\/strong>, spesialist p\u00e5 \u00abdet tredje stedet\u00bb, og <strong>Martin Colomer-Diez<\/strong>, direkt\u00f8r for kulturutvikling ved CENTQUATRE i Paris.<\/p>\n\n\n\n<p>Med utgangspunkt i opprinnelsen til konseptet \u00abdet tredje stedet\u00bb og inspirert av eksempler fra b\u00e5de Frankrike og Norge, gir disse arrangementene anledning til <strong>refleksjon og nytenkning om m\u00e5ter \u00e5 samarbeide p\u00e5 gjennom alternative og engasjerende m\u00f8testeder<\/strong>. Det vil ogs\u00e5 v\u00e6re diskusjoner rundt spenningene og utfordringene knyttet til byutvikling og boligmarkedet, som blir stadig mer fremtredende i Oslo og Stavanger.<\/p>\n\n\n\n<p><em>Hva er fremtiden for \u00abdet tredje stedet\u00bb i Norge? Er gentrifisering nyttig eller skadelig? Hvordan kan vi skape godt samhold? Hva skjer med det gamle Munchmuseet?<\/em><\/p>\n\n\n\n<p><strong>Bli med oss og utforsk disse spennende sp\u00f8rsm\u00e5lene<\/strong>!<\/p>\n\n\n\n<ul class=\"wp-block-list\">\n<li><strong>11. september fra kl. 15 til 21:<\/strong> <br>Kreativt seminar p\u00e5 TOU i Stavanger<br>Adresse: TOU, Kvits\u00f8ygata 25, 4014 Stavanger<br><a href=\"https:\/\/www.france.no\/wp-content\/uploads\/2024\/08\/Programme-Tou-Scene.pdf\" target=\"_blank\" rel=\"noreferrer noopener\">Utforsk programmet<\/a><br><strong>Gratis inngang<\/strong><br><\/li>\n\n\n\n<li><strong>13. september fra kl. 09 til 16:<\/strong> <br>Kreativt seminar p\u00e5 GAMLE MUNCH i Oslo<br>Adresse\u00a0: Gamle Munch, T\u00f8yengata 53, 0563 Oslo<br><a href=\"https:\/\/www.france.no\/wp-content\/uploads\/2024\/08\/Programme-Gamle-Munch.pdf\" target=\"_blank\" rel=\"noreferrer noopener\">Utforsk programmet<\/a><br><strong>Delta gratis ved \u00e5 melde deg p\u00e5 <a href=\"https:\/\/docs.google.com\/forms\/d\/e\/1FAIpQLScUFRHKZClX_EnaZhn6prw_m2t3AvZIKAhZGars1JnTfSA2JA\/viewform\" target=\"_blank\" rel=\"noreferrer noopener\">her<\/a><\/strong><\/li>\n<\/ul>\n","protected":false},"excerpt":{"rendered":"<p>Debatter \/ Diskusjoner \/ Panelsamtaler \/ Konserter 11. og 13. september 2024 i STAVANGER og OSLO \u00abNuit des id\u00e9es\u00bb er et program organisert av Institut fran\u00e7ais for \u00e5 fremme fri flyt av id\u00e9er og kunnskap gjennom \u00e5pne arrangementer. I 2024 samarbeider Institut fran\u00e7ais de Norv\u00e8ge med TOU i Stavanger, et eksempel p\u00e5 konseptet \u00abdet tredje [&hellip;]<\/p>\n","protected":false},"author":6,"featured_media":8543,"comment_status":"closed","ping_status":"open","sticky":false,"template":"","format":"standard","meta":{"footnotes":""},"categories":[5,17],"tags":[],"class_list":["post-8559","post","type-post","status-publish","format-standard","has-post-thumbnail","hentry","category-kultur","category-vitenskap-og-forskning"],"yoast_head":"<!-- This site is optimized with the Yoast SEO plugin v24.2 - https:\/\/yoast.com\/wordpress\/plugins\/seo\/ -->\n<title>Nuit des id\u00e9es 2024 - Institut fran\u00e7ais<\/title>\n<meta name=\"robots\" content=\"index, follow, max-snippet:-1, max-image-preview:large, max-video-preview:-1\" \/>\n<link rel=\"canonical\" href=\"https:\/\/www.france.no\/no\/2024\/kultur\/nuit-des-idees-2024-nye-former-for-mobilisering\/\" \/>\n<meta property=\"og:locale\" content=\"nb_NO\" \/>\n<meta property=\"og:type\" content=\"article\" \/>\n<meta property=\"og:title\" content=\"Nuit des id\u00e9es 2024 - Institut fran\u00e7ais\" \/>\n<meta property=\"og:description\" content=\"Debatter \/ Diskusjoner \/ Panelsamtaler \/ Konserter 11. og 13. september 2024 i STAVANGER og OSLO \u00abNuit des id\u00e9es\u00bb er et program organisert av Institut fran\u00e7ais for \u00e5 fremme fri flyt av id\u00e9er og kunnskap gjennom \u00e5pne arrangementer. I 2024 samarbeider Institut fran\u00e7ais de Norv\u00e8ge med TOU i Stavanger, et eksempel p\u00e5 konseptet \u00abdet tredje [&hellip;]\" \/>\n<meta property=\"og:url\" content=\"https:\/\/www.france.no\/no\/2024\/kultur\/nuit-des-idees-2024-nye-former-for-mobilisering\/\" \/>\n<meta property=\"og:site_name\" content=\"Institut fran\u00e7ais\" \/>\n<meta property=\"article:publisher\" content=\"https:\/\/www.facebook.com\/institutfrancaisoslo\" \/>\n<meta property=\"article:published_time\" content=\"2024-09-03T13:41:54+00:00\" \/>\n<meta property=\"article:modified_time\" content=\"2024-09-16T10:42:04+00:00\" \/>\n<meta property=\"og:image\" content=\"https:\/\/www.france.no\/wp-content\/uploads\/2024\/08\/Nuit-des-idees-2024-en-Norvege-1098x480.jpg\" \/>\n\t<meta property=\"og:image:width\" content=\"1320\" \/>\n\t<meta property=\"og:image:height\" content=\"480\" \/>\n\t<meta property=\"og:image:type\" content=\"image\/jpeg\" \/>\n<meta name=\"author\" content=\"P\u00f4le Communication\" \/>\n<meta name=\"twitter:card\" content=\"summary_large_image\" \/>\n<meta name=\"twitter:creator\" content=\"@ifnorvege\" \/>\n<meta name=\"twitter:site\" content=\"@ifnorvege\" \/>\n<meta name=\"twitter:label1\" content=\"Skrevet av\" \/>\n\t<meta name=\"twitter:data1\" content=\"P\u00f4le Communication\" \/>\n\t<meta name=\"twitter:label2\" content=\"Ansl. lesetid\" \/>\n\t<meta name=\"twitter:data2\" content=\"2 minutter\" \/>\n<script type=\"application\/ld+json\" class=\"yoast-schema-graph\">{\"@context\":\"https:\/\/schema.org\",\"@graph\":[{\"@type\":\"Article\",\"@id\":\"https:\/\/www.france.no\/no\/2024\/kultur\/nuit-des-idees-2024-nye-former-for-mobilisering\/#article\",\"isPartOf\":{\"@id\":\"https:\/\/www.france.no\/no\/2024\/kultur\/nuit-des-idees-2024-nye-former-for-mobilisering\/\"},\"author\":{\"name\":\"P\u00f4le Communication\",\"@id\":\"https:\/\/www.france.no\/no\/#\/schema\/person\/e911222e8703f294589a6d80b1c16f97\"},\"headline\":\"Nuit des id\u00e9es 2024\",\"datePublished\":\"2024-09-03T13:41:54+00:00\",\"dateModified\":\"2024-09-16T10:42:04+00:00\",\"mainEntityOfPage\":{\"@id\":\"https:\/\/www.france.no\/no\/2024\/kultur\/nuit-des-idees-2024-nye-former-for-mobilisering\/\"},\"wordCount\":241,\"publisher\":{\"@id\":\"https:\/\/www.france.no\/no\/#organization\"},\"image\":{\"@id\":\"https:\/\/www.france.no\/no\/2024\/kultur\/nuit-des-idees-2024-nye-former-for-mobilisering\/#primaryimage\"},\"thumbnailUrl\":\"https:\/\/www.france.no\/wp-content\/uploads\/2024\/08\/Nuit-des-idees-2024-en-Norvege-1098x480.jpg\",\"articleSection\":[\"Kultur\",\"Vitenskap og forskning\"],\"inLanguage\":\"nb-NO\"},{\"@type\":\"WebPage\",\"@id\":\"https:\/\/www.france.no\/no\/2024\/kultur\/nuit-des-idees-2024-nye-former-for-mobilisering\/\",\"url\":\"https:\/\/www.france.no\/no\/2024\/kultur\/nuit-des-idees-2024-nye-former-for-mobilisering\/\",\"name\":\"Nuit des id\u00e9es 2024 - Institut fran\u00e7ais\",\"isPartOf\":{\"@id\":\"https:\/\/www.france.no\/no\/#website\"},\"primaryImageOfPage\":{\"@id\":\"https:\/\/www.france.no\/no\/2024\/kultur\/nuit-des-idees-2024-nye-former-for-mobilisering\/#primaryimage\"},\"image\":{\"@id\":\"https:\/\/www.france.no\/no\/2024\/kultur\/nuit-des-idees-2024-nye-former-for-mobilisering\/#primaryimage\"},\"thumbnailUrl\":\"https:\/\/www.france.no\/wp-content\/uploads\/2024\/08\/Nuit-des-idees-2024-en-Norvege-1098x480.jpg\",\"datePublished\":\"2024-09-03T13:41:54+00:00\",\"dateModified\":\"2024-09-16T10:42:04+00:00\",\"breadcrumb\":{\"@id\":\"https:\/\/www.france.no\/no\/2024\/kultur\/nuit-des-idees-2024-nye-former-for-mobilisering\/#breadcrumb\"},\"inLanguage\":\"nb-NO\",\"potentialAction\":[{\"@type\":\"ReadAction\",\"target\":[\"https:\/\/www.france.no\/no\/2024\/kultur\/nuit-des-idees-2024-nye-former-for-mobilisering\/\"]}]},{\"@type\":\"ImageObject\",\"inLanguage\":\"nb-NO\",\"@id\":\"https:\/\/www.france.no\/no\/2024\/kultur\/nuit-des-idees-2024-nye-former-for-mobilisering\/#primaryimage\",\"url\":\"https:\/\/www.france.no\/wp-content\/uploads\/2024\/08\/Nuit-des-idees-2024-en-Norvege-1098x480.jpg\",\"contentUrl\":\"https:\/\/www.france.no\/wp-content\/uploads\/2024\/08\/Nuit-des-idees-2024-en-Norvege-1098x480.jpg\",\"width\":1320,\"height\":480},{\"@type\":\"BreadcrumbList\",\"@id\":\"https:\/\/www.france.no\/no\/2024\/kultur\/nuit-des-idees-2024-nye-former-for-mobilisering\/#breadcrumb\",\"itemListElement\":[{\"@type\":\"ListItem\",\"position\":1,\"name\":\"\",\"item\":\"https:\/\/www.france.no\/no\/\"},{\"@type\":\"ListItem\",\"position\":2,\"name\":\"Kultur\",\"item\":\"https:\/\/www.france.no\/no\/category\/kultur\/\"},{\"@type\":\"ListItem\",\"position\":3,\"name\":\"Nuit des id\u00e9es 2024\"}]},{\"@type\":\"WebSite\",\"@id\":\"https:\/\/www.france.no\/no\/#website\",\"url\":\"https:\/\/www.france.no\/no\/\",\"name\":\"Institut fran\u00e7ais\",\"description\":\"Norv\u00e8ge\",\"publisher\":{\"@id\":\"https:\/\/www.france.no\/no\/#organization\"},\"potentialAction\":[{\"@type\":\"SearchAction\",\"target\":{\"@type\":\"EntryPoint\",\"urlTemplate\":\"https:\/\/www.france.no\/no\/?s={search_term_string}\"},\"query-input\":{\"@type\":\"PropertyValueSpecification\",\"valueRequired\":true,\"valueName\":\"search_term_string\"}}],\"inLanguage\":\"nb-NO\"},{\"@type\":\"Organization\",\"@id\":\"https:\/\/www.france.no\/no\/#organization\",\"name\":\"Institut fran\u00e7ais\",\"url\":\"https:\/\/www.france.no\/no\/\",\"logo\":{\"@type\":\"ImageObject\",\"inLanguage\":\"nb-NO\",\"@id\":\"https:\/\/www.france.no\/no\/#\/schema\/logo\/image\/\",\"url\":\"https:\/\/www.france.no\/wp-content\/uploads\/2022\/11\/IF_Logo_Sans_Bleu_RVB.png\",\"contentUrl\":\"https:\/\/www.france.no\/wp-content\/uploads\/2022\/11\/IF_Logo_Sans_Bleu_RVB.png\",\"width\":852,\"height\":591,\"caption\":\"Institut fran\u00e7ais\"},\"image\":{\"@id\":\"https:\/\/www.france.no\/no\/#\/schema\/logo\/image\/\"},\"sameAs\":[\"https:\/\/www.facebook.com\/institutfrancaisoslo\",\"https:\/\/x.com\/ifnorvege\",\"https:\/\/instagram.com\/ifnorvege\"]},{\"@type\":\"Person\",\"@id\":\"https:\/\/www.france.no\/no\/#\/schema\/person\/e911222e8703f294589a6d80b1c16f97\",\"name\":\"P\u00f4le Communication\",\"image\":{\"@type\":\"ImageObject\",\"inLanguage\":\"nb-NO\",\"@id\":\"https:\/\/www.france.no\/no\/#\/schema\/person\/image\/\",\"url\":\"https:\/\/secure.gravatar.com\/avatar\/20ae085a8b5fd613a02d28588389144802d3ba9408c852b2c6c7c4b17cc39660?s=96&d=mm&r=g\",\"contentUrl\":\"https:\/\/secure.gravatar.com\/avatar\/20ae085a8b5fd613a02d28588389144802d3ba9408c852b2c6c7c4b17cc39660?s=96&d=mm&r=g\",\"caption\":\"P\u00f4le Communication\"},\"url\":\"https:\/\/www.france.no\/no\/author\/polecom\/\"}]}<\/script>\n<!-- \/ Yoast SEO plugin. -->","yoast_head_json":{"title":"Nuit des id\u00e9es 2024 - Institut fran\u00e7ais","robots":{"index":"index","follow":"follow","max-snippet":"max-snippet:-1","max-image-preview":"max-image-preview:large","max-video-preview":"max-video-preview:-1"},"canonical":"https:\/\/www.france.no\/no\/2024\/kultur\/nuit-des-idees-2024-nye-former-for-mobilisering\/","og_locale":"nb_NO","og_type":"article","og_title":"Nuit des id\u00e9es 2024 - Institut fran\u00e7ais","og_description":"Debatter \/ Diskusjoner \/ Panelsamtaler \/ Konserter 11. og 13. september 2024 i STAVANGER og OSLO \u00abNuit des id\u00e9es\u00bb er et program organisert av Institut fran\u00e7ais for \u00e5 fremme fri flyt av id\u00e9er og kunnskap gjennom \u00e5pne arrangementer. I 2024 samarbeider Institut fran\u00e7ais de Norv\u00e8ge med TOU i Stavanger, et eksempel p\u00e5 konseptet \u00abdet tredje [&hellip;]","og_url":"https:\/\/www.france.no\/no\/2024\/kultur\/nuit-des-idees-2024-nye-former-for-mobilisering\/","og_site_name":"Institut fran\u00e7ais","article_publisher":"https:\/\/www.facebook.com\/institutfrancaisoslo","article_published_time":"2024-09-03T13:41:54+00:00","article_modified_time":"2024-09-16T10:42:04+00:00","og_image":[{"width":1320,"height":480,"url":"https:\/\/www.france.no\/wp-content\/uploads\/2024\/08\/Nuit-des-idees-2024-en-Norvege-1098x480.jpg","type":"image\/jpeg"}],"author":"P\u00f4le Communication","twitter_card":"summary_large_image","twitter_creator":"@ifnorvege","twitter_site":"@ifnorvege","twitter_misc":{"Skrevet av":"P\u00f4le Communication","Ansl. lesetid":"2 minutter"},"schema":{"@context":"https:\/\/schema.org","@graph":[{"@type":"Article","@id":"https:\/\/www.france.no\/no\/2024\/kultur\/nuit-des-idees-2024-nye-former-for-mobilisering\/#article","isPartOf":{"@id":"https:\/\/www.france.no\/no\/2024\/kultur\/nuit-des-idees-2024-nye-former-for-mobilisering\/"},"author":{"name":"P\u00f4le Communication","@id":"https:\/\/www.france.no\/no\/#\/schema\/person\/e911222e8703f294589a6d80b1c16f97"},"headline":"Nuit des id\u00e9es 2024","datePublished":"2024-09-03T13:41:54+00:00","dateModified":"2024-09-16T10:42:04+00:00","mainEntityOfPage":{"@id":"https:\/\/www.france.no\/no\/2024\/kultur\/nuit-des-idees-2024-nye-former-for-mobilisering\/"},"wordCount":241,"publisher":{"@id":"https:\/\/www.france.no\/no\/#organization"},"image":{"@id":"https:\/\/www.france.no\/no\/2024\/kultur\/nuit-des-idees-2024-nye-former-for-mobilisering\/#primaryimage"},"thumbnailUrl":"https:\/\/www.france.no\/wp-content\/uploads\/2024\/08\/Nuit-des-idees-2024-en-Norvege-1098x480.jpg","articleSection":["Kultur","Vitenskap og forskning"],"inLanguage":"nb-NO"},{"@type":"WebPage","@id":"https:\/\/www.france.no\/no\/2024\/kultur\/nuit-des-idees-2024-nye-former-for-mobilisering\/","url":"https:\/\/www.france.no\/no\/2024\/kultur\/nuit-des-idees-2024-nye-former-for-mobilisering\/","name":"Nuit des id\u00e9es 2024 - Institut fran\u00e7ais","isPartOf":{"@id":"https:\/\/www.france.no\/no\/#website"},"primaryImageOfPage":{"@id":"https:\/\/www.france.no\/no\/2024\/kultur\/nuit-des-idees-2024-nye-former-for-mobilisering\/#primaryimage"},"image":{"@id":"https:\/\/www.france.no\/no\/2024\/kultur\/nuit-des-idees-2024-nye-former-for-mobilisering\/#primaryimage"},"thumbnailUrl":"https:\/\/www.france.no\/wp-content\/uploads\/2024\/08\/Nuit-des-idees-2024-en-Norvege-1098x480.jpg","datePublished":"2024-09-03T13:41:54+00:00","dateModified":"2024-09-16T10:42:04+00:00","breadcrumb":{"@id":"https:\/\/www.france.no\/no\/2024\/kultur\/nuit-des-idees-2024-nye-former-for-mobilisering\/#breadcrumb"},"inLanguage":"nb-NO","potentialAction":[{"@type":"ReadAction","target":["https:\/\/www.france.no\/no\/2024\/kultur\/nuit-des-idees-2024-nye-former-for-mobilisering\/"]}]},{"@type":"ImageObject","inLanguage":"nb-NO","@id":"https:\/\/www.france.no\/no\/2024\/kultur\/nuit-des-idees-2024-nye-former-for-mobilisering\/#primaryimage","url":"https:\/\/www.france.no\/wp-content\/uploads\/2024\/08\/Nuit-des-idees-2024-en-Norvege-1098x480.jpg","contentUrl":"https:\/\/www.france.no\/wp-content\/uploads\/2024\/08\/Nuit-des-idees-2024-en-Norvege-1098x480.jpg","width":1320,"height":480},{"@type":"BreadcrumbList","@id":"https:\/\/www.france.no\/no\/2024\/kultur\/nuit-des-idees-2024-nye-former-for-mobilisering\/#breadcrumb","itemListElement":[{"@type":"ListItem","position":1,"name":"","item":"https:\/\/www.france.no\/no\/"},{"@type":"ListItem","position":2,"name":"Kultur","item":"https:\/\/www.france.no\/no\/category\/kultur\/"},{"@type":"ListItem","position":3,"name":"Nuit des id\u00e9es 2024"}]},{"@type":"WebSite","@id":"https:\/\/www.france.no\/no\/#website","url":"https:\/\/www.france.no\/no\/","name":"Institut fran\u00e7ais","description":"Norv\u00e8ge","publisher":{"@id":"https:\/\/www.france.no\/no\/#organization"},"potentialAction":[{"@type":"SearchAction","target":{"@type":"EntryPoint","urlTemplate":"https:\/\/www.france.no\/no\/?s={search_term_string}"},"query-input":{"@type":"PropertyValueSpecification","valueRequired":true,"valueName":"search_term_string"}}],"inLanguage":"nb-NO"},{"@type":"Organization","@id":"https:\/\/www.france.no\/no\/#organization","name":"Institut fran\u00e7ais","url":"https:\/\/www.france.no\/no\/","logo":{"@type":"ImageObject","inLanguage":"nb-NO","@id":"https:\/\/www.france.no\/no\/#\/schema\/logo\/image\/","url":"https:\/\/www.france.no\/wp-content\/uploads\/2022\/11\/IF_Logo_Sans_Bleu_RVB.png","contentUrl":"https:\/\/www.france.no\/wp-content\/uploads\/2022\/11\/IF_Logo_Sans_Bleu_RVB.png","width":852,"height":591,"caption":"Institut fran\u00e7ais"},"image":{"@id":"https:\/\/www.france.no\/no\/#\/schema\/logo\/image\/"},"sameAs":["https:\/\/www.facebook.com\/institutfrancaisoslo","https:\/\/x.com\/ifnorvege","https:\/\/instagram.com\/ifnorvege"]},{"@type":"Person","@id":"https:\/\/www.france.no\/no\/#\/schema\/person\/e911222e8703f294589a6d80b1c16f97","name":"P\u00f4le Communication","image":{"@type":"ImageObject","inLanguage":"nb-NO","@id":"https:\/\/www.france.no\/no\/#\/schema\/person\/image\/","url":"https:\/\/secure.gravatar.com\/avatar\/20ae085a8b5fd613a02d28588389144802d3ba9408c852b2c6c7c4b17cc39660?s=96&d=mm&r=g","contentUrl":"https:\/\/secure.gravatar.com\/avatar\/20ae085a8b5fd613a02d28588389144802d3ba9408c852b2c6c7c4b17cc39660?s=96&d=mm&r=g","caption":"P\u00f4le Communication"},"url":"https:\/\/www.france.no\/no\/author\/polecom\/"}]}},"_links":{"self":[{"href":"https:\/\/www.france.no\/no\/wp-json\/wp\/v2\/posts\/8559","targetHints":{"allow":["GET"]}}],"collection":[{"href":"https:\/\/www.france.no\/no\/wp-json\/wp\/v2\/posts"}],"about":[{"href":"https:\/\/www.france.no\/no\/wp-json\/wp\/v2\/types\/post"}],"author":[{"embeddable":true,"href":"https:\/\/www.france.no\/no\/wp-json\/wp\/v2\/users\/6"}],"replies":[{"embeddable":true,"href":"https:\/\/www.france.no\/no\/wp-json\/wp\/v2\/comments?post=8559"}],"version-history":[{"count":4,"href":"https:\/\/www.france.no\/no\/wp-json\/wp\/v2\/posts\/8559\/revisions"}],"predecessor-version":[{"id":8634,"href":"https:\/\/www.france.no\/no\/wp-json\/wp\/v2\/posts\/8559\/revisions\/8634"}],"wp:featuredmedia":[{"embeddable":true,"href":"https:\/\/www.france.no\/no\/wp-json\/wp\/v2\/media\/8543"}],"wp:attachment":[{"href":"https:\/\/www.france.no\/no\/wp-json\/wp\/v2\/media?parent=8559"}],"wp:term":[{"taxonomy":"category","embeddable":true,"href":"https:\/\/www.france.no\/no\/wp-json\/wp\/v2\/categories?post=8559"},{"taxonomy":"post_tag","embeddable":true,"href":"https:\/\/www.france.no\/no\/wp-json\/wp\/v2\/tags?post=8559"}],"curies":[{"name":"wp","href":"https:\/\/api.w.org\/{rel}","templated":true}]}}