{"id":8652,"date":"2024-09-06T16:37:10","date_gmt":"2024-09-06T14:37:10","guid":{"rendered":"https:\/\/www.france.no\/?p=8652"},"modified":"2024-09-23T15:22:12","modified_gmt":"2024-09-23T13:22:12","slug":"ultima","status":"publish","type":"post","link":"https:\/\/www.france.no\/no\/2024\/kultur\/ultima\/","title":{"rendered":"Ultima"},"content":{"rendered":"\n<p><a href=\"http:\/\/ultima.no\/nb\/\" target=\"_blank\" rel=\"noreferrer noopener\"><strong>Ultimafestivalen<\/strong><\/a> 2024 starter torsdag 12. september, og som vanlig er <strong>Institut fran\u00e7ais<\/strong> stolte av \u00e5 st\u00f8tte festivalens franske kunstnere. I \u00e5r presenteres det interaktive musikkprosjektet <strong><a href=\"https:\/\/www.ircam.fr\/transmission\/actions-culturelles\/tact\" target=\"_blank\" rel=\"noreferrer noopener\">TACT<\/a><\/strong>, utviklet av <strong><a href=\"https:\/\/www.ircam.fr\/\" target=\"_blank\" rel=\"noreferrer noopener\">IRCAM<\/a><\/strong>, for f\u00f8rste gang i Oslo.<\/p>\n\n\n\n<p>I samarbeid med <strong>IRCAM<\/strong> (Institutt for forskning og koordinering innen akustikk\/musikk) ved <strong><a href=\"https:\/\/www.centrepompidou.fr\/en\/\" target=\"_blank\" rel=\"noreferrer noopener\">Pompidou-senteret<\/a><\/strong> i Paris, og med st\u00f8tte fra l\u00e6rere samt et team av eksperter innen fotografi, lyd og grafisk design, har medieelevene ved<strong> Bj\u00f8rnholt VGS<\/strong> laget en interaktiv audiovisuell installasjon med systemet <strong>TACT<\/strong>. Denne installasjonen gir dem mulighet til \u00e5 fortelle sine egne historier om byen de bor i, og deres plass i den.<\/p>\n\n\n\n<p><strong><a href=\"https:\/\/www.ultima.no\/nb\/tact-2\" target=\"_blank\" rel=\"noreferrer noopener\">Installasjonen<\/a> kan oppleves fra 12. til 21. september p\u00e5 <a href=\"https:\/\/deichman.no\/bibliotekene\/holmlia\" target=\"_blank\" rel=\"noreferrer noopener\">Deichman Holmlia<\/a>.<\/strong><\/p>\n\n\n\n<p><strong>Institut fran\u00e7ais<\/strong> er ogs\u00e5 stolte av \u00e5 presentere den franske elektroakustiske musikeren <strong>Fran\u00e7ois Bonnet<\/strong>, som den 19. september kl. 18.00 vil fremf\u00f8re <strong><em><a href=\"https:\/\/deichman.no\/bibliotekene\/bj%C3%B8rvika\" target=\"_blank\" rel=\"noreferrer noopener\">L&#8217;Ile Re-sonante<\/a><\/em><\/strong>, et hovedverk av den anerkjente komponisten <strong>Eliane Radigue<\/strong>, p\u00e5 <strong><a href=\"https:\/\/deichman.no\/bibliotekene\/bj%C3%B8rvika\">Deichman Bj\u00f8rvika<\/a><\/strong>.<\/p>\n\n\n\n<p><em>Slapp av, legg deg ned p\u00e5 en pute, titt i en bok, eller bare lukk \u00f8ynene og tillat deg \u00e5 flyte inn i Eliane Radigues hypnotiske lydunivers.<\/em><\/p>\n\n\n\n<p><strong>Alle arrangementene er gratis og \u00e5pne for alle.<\/strong><\/p>\n\n\n\n<p>Mer informasjon og fullstendig program for \u00e5rets festival finner du <strong><a href=\"https:\/\/www.ultima.no\/nb\/program-2024\" target=\"_blank\" rel=\"noreferrer noopener\">her<\/a><\/strong>.<\/p>\n\n\n\n<figure class=\"wp-block-gallery has-nested-images columns-default is-cropped wp-block-gallery-1 is-layout-flex wp-block-gallery-is-layout-flex\">\n<figure class=\"wp-block-image\"><img loading=\"lazy\" decoding=\"async\" width=\"1707\" height=\"2560\" data-id=\"8636\" src=\"https:\/\/www.france.no\/wp-content\/uploads\/2024\/09\/Ultima_Bonnet-scaled.jpg\" alt=\"\" class=\"wp-image-8636\"\/><figcaption class=\"wp-element-caption\">Fran\u00e7ois Bonnet. Photo: Didier Allard \u00a9 INA.<\/figcaption><\/figure>\n\n\n\n<figure class=\"wp-block-image\"><img loading=\"lazy\" decoding=\"async\" width=\"2267\" height=\"2560\" data-id=\"8638\" src=\"https:\/\/www.france.no\/wp-content\/uploads\/2024\/09\/Ulitma_Radigue-scaled.jpg\" alt=\"\" class=\"wp-image-8638\" srcset=\"https:\/\/www.france.no\/wp-content\/uploads\/2024\/09\/Ulitma_Radigue-scaled.jpg 2267w, https:\/\/www.france.no\/wp-content\/uploads\/2024\/09\/Ulitma_Radigue-266x300.jpg 266w, https:\/\/www.france.no\/wp-content\/uploads\/2024\/09\/Ulitma_Radigue-907x1024.jpg 907w, https:\/\/www.france.no\/wp-content\/uploads\/2024\/09\/Ulitma_Radigue-768x867.jpg 768w, https:\/\/www.france.no\/wp-content\/uploads\/2024\/09\/Ulitma_Radigue-1360x1536.jpg 1360w, https:\/\/www.france.no\/wp-content\/uploads\/2024\/09\/Ulitma_Radigue-1814x2048.jpg 1814w, https:\/\/www.france.no\/wp-content\/uploads\/2024\/09\/Ulitma_Radigue-1200x1355.jpg 1200w, https:\/\/www.france.no\/wp-content\/uploads\/2024\/09\/Ulitma_Radigue-1980x2236.jpg 1980w\" sizes=\"auto, (max-width: 2267px) 100vw, 2267px\" \/><figcaption class=\"wp-element-caption\">Eliane Radigue. Photo: Eleonore Huisse.<\/figcaption><\/figure>\n<\/figure>\n","protected":false},"excerpt":{"rendered":"<p>Ultimafestivalen 2024 starter torsdag 12. september, og som vanlig er Institut fran\u00e7ais stolte av \u00e5 st\u00f8tte festivalens franske kunstnere. I \u00e5r presenteres det interaktive musikkprosjektet TACT, utviklet av IRCAM, for f\u00f8rste gang i Oslo. I samarbeid med IRCAM (Institutt for forskning og koordinering innen akustikk\/musikk) ved Pompidou-senteret i Paris, og med st\u00f8tte fra l\u00e6rere samt [&hellip;]<\/p>\n","protected":false},"author":6,"featured_media":8647,"comment_status":"closed","ping_status":"open","sticky":false,"template":"","format":"standard","meta":{"footnotes":""},"categories":[5,21],"tags":[],"class_list":["post-8652","post","type-post","status-publish","format-standard","has-post-thumbnail","hentry","category-kultur","category-musikk"],"yoast_head":"<!-- This site is optimized with the Yoast SEO plugin v24.2 - https:\/\/yoast.com\/wordpress\/plugins\/seo\/ -->\n<title>Ultima - Institut fran\u00e7ais<\/title>\n<meta name=\"robots\" content=\"index, follow, max-snippet:-1, max-image-preview:large, max-video-preview:-1\" \/>\n<link rel=\"canonical\" href=\"https:\/\/www.france.no\/no\/2024\/kultur\/ultima\/\" \/>\n<meta property=\"og:locale\" content=\"nb_NO\" \/>\n<meta property=\"og:type\" content=\"article\" \/>\n<meta property=\"og:title\" content=\"Ultima - Institut fran\u00e7ais\" \/>\n<meta property=\"og:description\" content=\"Ultimafestivalen 2024 starter torsdag 12. september, og som vanlig er Institut fran\u00e7ais stolte av \u00e5 st\u00f8tte festivalens franske kunstnere. I \u00e5r presenteres det interaktive musikkprosjektet TACT, utviklet av IRCAM, for f\u00f8rste gang i Oslo. I samarbeid med IRCAM (Institutt for forskning og koordinering innen akustikk\/musikk) ved Pompidou-senteret i Paris, og med st\u00f8tte fra l\u00e6rere samt [&hellip;]\" \/>\n<meta property=\"og:url\" content=\"https:\/\/www.france.no\/no\/2024\/kultur\/ultima\/\" \/>\n<meta property=\"og:site_name\" content=\"Institut fran\u00e7ais\" \/>\n<meta property=\"article:publisher\" content=\"https:\/\/www.facebook.com\/institutfrancaisoslo\" \/>\n<meta property=\"article:published_time\" content=\"2024-09-06T14:37:10+00:00\" \/>\n<meta property=\"article:modified_time\" content=\"2024-09-23T13:22:12+00:00\" \/>\n<meta property=\"og:image\" content=\"https:\/\/www.france.no\/wp-content\/uploads\/2024\/09\/Ultima_TACT-1098x617.jpg\" \/>\n\t<meta property=\"og:image:width\" content=\"1920\" \/>\n\t<meta property=\"og:image:height\" content=\"1005\" \/>\n\t<meta property=\"og:image:type\" content=\"image\/jpeg\" \/>\n<meta name=\"author\" content=\"P\u00f4le Communication\" \/>\n<meta name=\"twitter:card\" content=\"summary_large_image\" \/>\n<meta name=\"twitter:creator\" content=\"@ifnorvege\" \/>\n<meta name=\"twitter:site\" content=\"@ifnorvege\" \/>\n<meta name=\"twitter:label1\" content=\"Skrevet av\" \/>\n\t<meta name=\"twitter:data1\" content=\"P\u00f4le Communication\" \/>\n\t<meta name=\"twitter:label2\" content=\"Ansl. lesetid\" \/>\n\t<meta name=\"twitter:data2\" content=\"2 minutter\" \/>\n<script type=\"application\/ld+json\" class=\"yoast-schema-graph\">{\"@context\":\"https:\/\/schema.org\",\"@graph\":[{\"@type\":\"Article\",\"@id\":\"https:\/\/www.france.no\/no\/2024\/kultur\/ultima\/#article\",\"isPartOf\":{\"@id\":\"https:\/\/www.france.no\/no\/2024\/kultur\/ultima\/\"},\"author\":{\"name\":\"P\u00f4le Communication\",\"@id\":\"https:\/\/www.france.no\/no\/#\/schema\/person\/e911222e8703f294589a6d80b1c16f97\"},\"headline\":\"Ultima\",\"datePublished\":\"2024-09-06T14:37:10+00:00\",\"dateModified\":\"2024-09-23T13:22:12+00:00\",\"mainEntityOfPage\":{\"@id\":\"https:\/\/www.france.no\/no\/2024\/kultur\/ultima\/\"},\"wordCount\":206,\"publisher\":{\"@id\":\"https:\/\/www.france.no\/no\/#organization\"},\"image\":{\"@id\":\"https:\/\/www.france.no\/no\/2024\/kultur\/ultima\/#primaryimage\"},\"thumbnailUrl\":\"https:\/\/www.france.no\/wp-content\/uploads\/2024\/09\/Ultima_TACT-1098x617.jpg\",\"articleSection\":[\"Kultur\",\"Musikk\"],\"inLanguage\":\"nb-NO\"},{\"@type\":\"WebPage\",\"@id\":\"https:\/\/www.france.no\/no\/2024\/kultur\/ultima\/\",\"url\":\"https:\/\/www.france.no\/no\/2024\/kultur\/ultima\/\",\"name\":\"Ultima - Institut fran\u00e7ais\",\"isPartOf\":{\"@id\":\"https:\/\/www.france.no\/no\/#website\"},\"primaryImageOfPage\":{\"@id\":\"https:\/\/www.france.no\/no\/2024\/kultur\/ultima\/#primaryimage\"},\"image\":{\"@id\":\"https:\/\/www.france.no\/no\/2024\/kultur\/ultima\/#primaryimage\"},\"thumbnailUrl\":\"https:\/\/www.france.no\/wp-content\/uploads\/2024\/09\/Ultima_TACT-1098x617.jpg\",\"datePublished\":\"2024-09-06T14:37:10+00:00\",\"dateModified\":\"2024-09-23T13:22:12+00:00\",\"breadcrumb\":{\"@id\":\"https:\/\/www.france.no\/no\/2024\/kultur\/ultima\/#breadcrumb\"},\"inLanguage\":\"nb-NO\",\"potentialAction\":[{\"@type\":\"ReadAction\",\"target\":[\"https:\/\/www.france.no\/no\/2024\/kultur\/ultima\/\"]}]},{\"@type\":\"ImageObject\",\"inLanguage\":\"nb-NO\",\"@id\":\"https:\/\/www.france.no\/no\/2024\/kultur\/ultima\/#primaryimage\",\"url\":\"https:\/\/www.france.no\/wp-content\/uploads\/2024\/09\/Ultima_TACT-1098x617.jpg\",\"contentUrl\":\"https:\/\/www.france.no\/wp-content\/uploads\/2024\/09\/Ultima_TACT-1098x617.jpg\",\"width\":1920,\"height\":1005,\"caption\":\"TACT. Photo : NODE \/ Brian Cliff Olguin for Ultima.\"},{\"@type\":\"BreadcrumbList\",\"@id\":\"https:\/\/www.france.no\/no\/2024\/kultur\/ultima\/#breadcrumb\",\"itemListElement\":[{\"@type\":\"ListItem\",\"position\":1,\"name\":\"\",\"item\":\"https:\/\/www.france.no\/no\/\"},{\"@type\":\"ListItem\",\"position\":2,\"name\":\"Kultur\",\"item\":\"https:\/\/www.france.no\/no\/category\/kultur\/\"},{\"@type\":\"ListItem\",\"position\":3,\"name\":\"Ultima\"}]},{\"@type\":\"WebSite\",\"@id\":\"https:\/\/www.france.no\/no\/#website\",\"url\":\"https:\/\/www.france.no\/no\/\",\"name\":\"Institut fran\u00e7ais\",\"description\":\"Norv\u00e8ge\",\"publisher\":{\"@id\":\"https:\/\/www.france.no\/no\/#organization\"},\"potentialAction\":[{\"@type\":\"SearchAction\",\"target\":{\"@type\":\"EntryPoint\",\"urlTemplate\":\"https:\/\/www.france.no\/no\/?s={search_term_string}\"},\"query-input\":{\"@type\":\"PropertyValueSpecification\",\"valueRequired\":true,\"valueName\":\"search_term_string\"}}],\"inLanguage\":\"nb-NO\"},{\"@type\":\"Organization\",\"@id\":\"https:\/\/www.france.no\/no\/#organization\",\"name\":\"Institut fran\u00e7ais\",\"url\":\"https:\/\/www.france.no\/no\/\",\"logo\":{\"@type\":\"ImageObject\",\"inLanguage\":\"nb-NO\",\"@id\":\"https:\/\/www.france.no\/no\/#\/schema\/logo\/image\/\",\"url\":\"https:\/\/www.france.no\/wp-content\/uploads\/2022\/11\/IF_Logo_Sans_Bleu_RVB.png\",\"contentUrl\":\"https:\/\/www.france.no\/wp-content\/uploads\/2022\/11\/IF_Logo_Sans_Bleu_RVB.png\",\"width\":852,\"height\":591,\"caption\":\"Institut fran\u00e7ais\"},\"image\":{\"@id\":\"https:\/\/www.france.no\/no\/#\/schema\/logo\/image\/\"},\"sameAs\":[\"https:\/\/www.facebook.com\/institutfrancaisoslo\",\"https:\/\/x.com\/ifnorvege\",\"https:\/\/instagram.com\/ifnorvege\"]},{\"@type\":\"Person\",\"@id\":\"https:\/\/www.france.no\/no\/#\/schema\/person\/e911222e8703f294589a6d80b1c16f97\",\"name\":\"P\u00f4le Communication\",\"image\":{\"@type\":\"ImageObject\",\"inLanguage\":\"nb-NO\",\"@id\":\"https:\/\/www.france.no\/no\/#\/schema\/person\/image\/\",\"url\":\"https:\/\/secure.gravatar.com\/avatar\/20ae085a8b5fd613a02d28588389144802d3ba9408c852b2c6c7c4b17cc39660?s=96&d=mm&r=g\",\"contentUrl\":\"https:\/\/secure.gravatar.com\/avatar\/20ae085a8b5fd613a02d28588389144802d3ba9408c852b2c6c7c4b17cc39660?s=96&d=mm&r=g\",\"caption\":\"P\u00f4le Communication\"},\"url\":\"https:\/\/www.france.no\/no\/author\/polecom\/\"}]}<\/script>\n<!-- \/ Yoast SEO plugin. -->","yoast_head_json":{"title":"Ultima - Institut fran\u00e7ais","robots":{"index":"index","follow":"follow","max-snippet":"max-snippet:-1","max-image-preview":"max-image-preview:large","max-video-preview":"max-video-preview:-1"},"canonical":"https:\/\/www.france.no\/no\/2024\/kultur\/ultima\/","og_locale":"nb_NO","og_type":"article","og_title":"Ultima - Institut fran\u00e7ais","og_description":"Ultimafestivalen 2024 starter torsdag 12. september, og som vanlig er Institut fran\u00e7ais stolte av \u00e5 st\u00f8tte festivalens franske kunstnere. I \u00e5r presenteres det interaktive musikkprosjektet TACT, utviklet av IRCAM, for f\u00f8rste gang i Oslo. I samarbeid med IRCAM (Institutt for forskning og koordinering innen akustikk\/musikk) ved Pompidou-senteret i Paris, og med st\u00f8tte fra l\u00e6rere samt [&hellip;]","og_url":"https:\/\/www.france.no\/no\/2024\/kultur\/ultima\/","og_site_name":"Institut fran\u00e7ais","article_publisher":"https:\/\/www.facebook.com\/institutfrancaisoslo","article_published_time":"2024-09-06T14:37:10+00:00","article_modified_time":"2024-09-23T13:22:12+00:00","og_image":[{"width":1920,"height":1005,"url":"https:\/\/www.france.no\/wp-content\/uploads\/2024\/09\/Ultima_TACT-1098x617.jpg","type":"image\/jpeg"}],"author":"P\u00f4le Communication","twitter_card":"summary_large_image","twitter_creator":"@ifnorvege","twitter_site":"@ifnorvege","twitter_misc":{"Skrevet av":"P\u00f4le Communication","Ansl. lesetid":"2 minutter"},"schema":{"@context":"https:\/\/schema.org","@graph":[{"@type":"Article","@id":"https:\/\/www.france.no\/no\/2024\/kultur\/ultima\/#article","isPartOf":{"@id":"https:\/\/www.france.no\/no\/2024\/kultur\/ultima\/"},"author":{"name":"P\u00f4le Communication","@id":"https:\/\/www.france.no\/no\/#\/schema\/person\/e911222e8703f294589a6d80b1c16f97"},"headline":"Ultima","datePublished":"2024-09-06T14:37:10+00:00","dateModified":"2024-09-23T13:22:12+00:00","mainEntityOfPage":{"@id":"https:\/\/www.france.no\/no\/2024\/kultur\/ultima\/"},"wordCount":206,"publisher":{"@id":"https:\/\/www.france.no\/no\/#organization"},"image":{"@id":"https:\/\/www.france.no\/no\/2024\/kultur\/ultima\/#primaryimage"},"thumbnailUrl":"https:\/\/www.france.no\/wp-content\/uploads\/2024\/09\/Ultima_TACT-1098x617.jpg","articleSection":["Kultur","Musikk"],"inLanguage":"nb-NO"},{"@type":"WebPage","@id":"https:\/\/www.france.no\/no\/2024\/kultur\/ultima\/","url":"https:\/\/www.france.no\/no\/2024\/kultur\/ultima\/","name":"Ultima - Institut fran\u00e7ais","isPartOf":{"@id":"https:\/\/www.france.no\/no\/#website"},"primaryImageOfPage":{"@id":"https:\/\/www.france.no\/no\/2024\/kultur\/ultima\/#primaryimage"},"image":{"@id":"https:\/\/www.france.no\/no\/2024\/kultur\/ultima\/#primaryimage"},"thumbnailUrl":"https:\/\/www.france.no\/wp-content\/uploads\/2024\/09\/Ultima_TACT-1098x617.jpg","datePublished":"2024-09-06T14:37:10+00:00","dateModified":"2024-09-23T13:22:12+00:00","breadcrumb":{"@id":"https:\/\/www.france.no\/no\/2024\/kultur\/ultima\/#breadcrumb"},"inLanguage":"nb-NO","potentialAction":[{"@type":"ReadAction","target":["https:\/\/www.france.no\/no\/2024\/kultur\/ultima\/"]}]},{"@type":"ImageObject","inLanguage":"nb-NO","@id":"https:\/\/www.france.no\/no\/2024\/kultur\/ultima\/#primaryimage","url":"https:\/\/www.france.no\/wp-content\/uploads\/2024\/09\/Ultima_TACT-1098x617.jpg","contentUrl":"https:\/\/www.france.no\/wp-content\/uploads\/2024\/09\/Ultima_TACT-1098x617.jpg","width":1920,"height":1005,"caption":"TACT. Photo : NODE \/ Brian Cliff Olguin for Ultima."},{"@type":"BreadcrumbList","@id":"https:\/\/www.france.no\/no\/2024\/kultur\/ultima\/#breadcrumb","itemListElement":[{"@type":"ListItem","position":1,"name":"","item":"https:\/\/www.france.no\/no\/"},{"@type":"ListItem","position":2,"name":"Kultur","item":"https:\/\/www.france.no\/no\/category\/kultur\/"},{"@type":"ListItem","position":3,"name":"Ultima"}]},{"@type":"WebSite","@id":"https:\/\/www.france.no\/no\/#website","url":"https:\/\/www.france.no\/no\/","name":"Institut fran\u00e7ais","description":"Norv\u00e8ge","publisher":{"@id":"https:\/\/www.france.no\/no\/#organization"},"potentialAction":[{"@type":"SearchAction","target":{"@type":"EntryPoint","urlTemplate":"https:\/\/www.france.no\/no\/?s={search_term_string}"},"query-input":{"@type":"PropertyValueSpecification","valueRequired":true,"valueName":"search_term_string"}}],"inLanguage":"nb-NO"},{"@type":"Organization","@id":"https:\/\/www.france.no\/no\/#organization","name":"Institut fran\u00e7ais","url":"https:\/\/www.france.no\/no\/","logo":{"@type":"ImageObject","inLanguage":"nb-NO","@id":"https:\/\/www.france.no\/no\/#\/schema\/logo\/image\/","url":"https:\/\/www.france.no\/wp-content\/uploads\/2022\/11\/IF_Logo_Sans_Bleu_RVB.png","contentUrl":"https:\/\/www.france.no\/wp-content\/uploads\/2022\/11\/IF_Logo_Sans_Bleu_RVB.png","width":852,"height":591,"caption":"Institut fran\u00e7ais"},"image":{"@id":"https:\/\/www.france.no\/no\/#\/schema\/logo\/image\/"},"sameAs":["https:\/\/www.facebook.com\/institutfrancaisoslo","https:\/\/x.com\/ifnorvege","https:\/\/instagram.com\/ifnorvege"]},{"@type":"Person","@id":"https:\/\/www.france.no\/no\/#\/schema\/person\/e911222e8703f294589a6d80b1c16f97","name":"P\u00f4le Communication","image":{"@type":"ImageObject","inLanguage":"nb-NO","@id":"https:\/\/www.france.no\/no\/#\/schema\/person\/image\/","url":"https:\/\/secure.gravatar.com\/avatar\/20ae085a8b5fd613a02d28588389144802d3ba9408c852b2c6c7c4b17cc39660?s=96&d=mm&r=g","contentUrl":"https:\/\/secure.gravatar.com\/avatar\/20ae085a8b5fd613a02d28588389144802d3ba9408c852b2c6c7c4b17cc39660?s=96&d=mm&r=g","caption":"P\u00f4le Communication"},"url":"https:\/\/www.france.no\/no\/author\/polecom\/"}]}},"_links":{"self":[{"href":"https:\/\/www.france.no\/no\/wp-json\/wp\/v2\/posts\/8652","targetHints":{"allow":["GET"]}}],"collection":[{"href":"https:\/\/www.france.no\/no\/wp-json\/wp\/v2\/posts"}],"about":[{"href":"https:\/\/www.france.no\/no\/wp-json\/wp\/v2\/types\/post"}],"author":[{"embeddable":true,"href":"https:\/\/www.france.no\/no\/wp-json\/wp\/v2\/users\/6"}],"replies":[{"embeddable":true,"href":"https:\/\/www.france.no\/no\/wp-json\/wp\/v2\/comments?post=8652"}],"version-history":[{"count":2,"href":"https:\/\/www.france.no\/no\/wp-json\/wp\/v2\/posts\/8652\/revisions"}],"predecessor-version":[{"id":8657,"href":"https:\/\/www.france.no\/no\/wp-json\/wp\/v2\/posts\/8652\/revisions\/8657"}],"wp:featuredmedia":[{"embeddable":true,"href":"https:\/\/www.france.no\/no\/wp-json\/wp\/v2\/media\/8647"}],"wp:attachment":[{"href":"https:\/\/www.france.no\/no\/wp-json\/wp\/v2\/media?parent=8652"}],"wp:term":[{"taxonomy":"category","embeddable":true,"href":"https:\/\/www.france.no\/no\/wp-json\/wp\/v2\/categories?post=8652"},{"taxonomy":"post_tag","embeddable":true,"href":"https:\/\/www.france.no\/no\/wp-json\/wp\/v2\/tags?post=8652"}],"curies":[{"name":"wp","href":"https:\/\/api.w.org\/{rel}","templated":true}]}}