{"id":8781,"date":"2024-09-30T16:36:20","date_gmt":"2024-09-30T14:36:20","guid":{"rendered":"https:\/\/www.france.no\/?p=8781"},"modified":"2024-10-29T16:42:28","modified_gmt":"2024-10-29T15:42:28","slug":"kurs-for-fransklaerere-i-bergen-og-omegn","status":"publish","type":"post","link":"https:\/\/www.france.no\/no\/2024\/utdanning-og-fransk-sprak\/kurs-for-fransklaerere-i-bergen-og-omegn\/","title":{"rendered":"Kurs for franskl\u00e6rere i Bergen og omegn"},"content":{"rendered":"\n<p><strong>Bonjour&nbsp;!<\/strong><\/p>\n\n\n\n<p><strong>Institut fran\u00e7ais de Norv\u00e8ge og <a href=\"https:\/\/franskkulturhus.no\/\" target=\"_blank\" rel=\"noreferrer noopener\">Fransk Kulturhus<\/a> har gleden av \u00e5 invitere franskl\u00e6rere i Bergen og omegn til v\u00e5rt \u00e5rlige kurs.<\/strong><\/p>\n\n\n\n<p>Fremtidige franskl\u00e6rere er selvf\u00f8lgelig ogs\u00e5 hjertelig velkomne.<\/p>\n\n\n\n<p><strong>N\u00e5r?<\/strong> L\u00f8rdag 19. oktober fra 09:15 til 15:00<br><strong>Hvor?<\/strong> Sydneshaugen skole (HF), <a href=\"https:\/\/use.mazemap.com\/#v=1&amp;config=uib-bergen&amp;campusid=16&amp;zlevel=1&amp;center=5.317302,60.388118&amp;zoom=18&amp;sharepoitype=poi&amp;sharepoi=1000715405\" target=\"_blank\" rel=\"noreferrer noopener\">Auditorium D<\/a><\/p>\n\n\n\n<ul class=\"wp-block-list\">\n<li><strong>Kurset er gratis<\/strong><\/li>\n\n\n\n<li><strong>Det vil bli servert lunsj<\/strong><\/li>\n<\/ul>\n\n\n\n<p><strong>Obligatorisk p\u00e5melding innen onsdag 16. oktober<\/strong> via skjemaet nederst p\u00e5 siden.<\/p>\n\n\n\n<p><strong>For mer informasjon<\/strong> om kurset, se <strong>programmet <\/strong>nedenfor eller <a href=\"https:\/\/acrobat.adobe.com\/id\/urn:aaid:sc:EU:7c4ea99e-5abf-4e4c-ad6d-63ac3cc06b39\" target=\"_blank\" rel=\"noreferrer noopener\">last det ned<\/a> i PDF-format.<\/p>\n\n\n\n<hr class=\"wp-block-separator has-alpha-channel-opacity\"\/>\n\n\n\n<p class=\"has-large-font-size\"><strong>PROGRAM<\/strong><\/p>\n\n\n\n<p class=\"has-text-color has-link-color wp-elements-40ab3fe2e3597ebe565c38276f561e66\" style=\"color:#3558a2\"><strong>09:15:&nbsp;Oppm\u00f8te<\/strong><\/p>\n\n\n\n<p><strong>09:30 \u2013 12:30:<\/strong><\/p>\n\n\n\n<p><strong><em>Del 1: <\/em>Maxime ROUCHET<\/strong>, franskl\u00e6rer ved <a href=\"https:\/\/franskkulturhus.no\/\" target=\"_blank\" rel=\"noreferrer noopener\">Fransk Kulturhus<\/a> og kunstl\u00e6rer ved <a href=\"https:\/\/lfo.no\/\" target=\"_blank\" rel=\"noreferrer noopener\">Den franske skolen<\/a> i Oslo<\/p>\n\n\n\n<p><strong>\u00abHvordan inkludere kunsthistorie i franskundervisningen?\u00bb<\/strong><br>Dette kurset har som m\u00e5l \u00e5 vise hvordan man som franskl\u00e6rer kan inkludere kulturhistoriske aktiviteter i franskundervisningen. Gjennom flere fellesaktiviteter som blander kunst og historie, vil dere f\u00e5 innblikk i ulike pedagogiske verkt\u00f8y som kan brukes for \u00e5 knytte disse to disiplinene opp mot hverandre i spr\u00e5kundervisningen.<\/p>\n\n\n\n<p class=\"has-text-color has-link-color wp-elements-7652036ca2df2c086d1c51a4a0aad6bc\" style=\"color:#3558a2\"><strong>12:30 \u2013 13:30: Lunsjservering<\/strong><\/p>\n\n\n\n<p><strong>13:30 \u2013 15:00:<\/strong><\/p>\n\n\n\n<p><strong><em>Del 2: <\/em>Corentin BUCZKOWSKI<\/strong>, linguistikkattach\u00e9 ved Institut fran\u00e7ais de Norv\u00e8ge<\/p>\n\n\n\n<p><strong>\u00abFranskundervisning uten skoleb\u00f8ker? Det er fullt mulig!\u00bb<\/strong><br>Gjennom dette kurset \u00f8nsker vi \u00e5 introdusere dere for nettressurser som kan brukes for \u00e5 undervise uten skoleb\u00f8ker. Dere vil ogs\u00e5 f\u00e5 se hvordan man kan didaktisere et autentisk dokument og hvordan man kan utforme et undervisningsdokument for nettdeling, spesielt p\u00e5 den nye og forbedrede versjonen av <a href=\"https:\/\/ifprofs.org\/\" target=\"_blank\" rel=\"noreferrer noopener\">IFprofs<\/a>.<\/p>\n\n\n\n<hr class=\"wp-block-separator has-alpha-channel-opacity\"\/>\n\n\n","protected":false},"excerpt":{"rendered":"<p>Bonjour&nbsp;! Institut fran\u00e7ais de Norv\u00e8ge og Fransk Kulturhus har gleden av \u00e5 invitere franskl\u00e6rere i Bergen og omegn til v\u00e5rt \u00e5rlige kurs. Fremtidige franskl\u00e6rere er selvf\u00f8lgelig ogs\u00e5 hjertelig velkomne. N\u00e5r? L\u00f8rdag 19. oktober fra 09:15 til 15:00Hvor? Sydneshaugen skole (HF), Auditorium D Obligatorisk p\u00e5melding innen onsdag 16. oktober via skjemaet nederst p\u00e5 siden. For mer [&hellip;]<\/p>\n","protected":false},"author":6,"featured_media":8782,"comment_status":"closed","ping_status":"open","sticky":false,"template":"","format":"standard","meta":{"footnotes":""},"categories":[13],"tags":[],"class_list":["post-8781","post","type-post","status-publish","format-standard","has-post-thumbnail","hentry","category-utdanning-og-fransk-sprak"],"yoast_head":"<!-- This site is optimized with the Yoast SEO plugin v24.2 - https:\/\/yoast.com\/wordpress\/plugins\/seo\/ -->\n<title>Kurs for franskl\u00e6rere i Bergen og omegn - Institut fran\u00e7ais<\/title>\n<meta name=\"robots\" content=\"index, follow, max-snippet:-1, max-image-preview:large, max-video-preview:-1\" \/>\n<link rel=\"canonical\" href=\"https:\/\/www.france.no\/no\/2024\/utdanning-og-fransk-sprak\/kurs-for-fransklaerere-i-bergen-og-omegn\/\" \/>\n<meta property=\"og:locale\" content=\"nb_NO\" \/>\n<meta property=\"og:type\" content=\"article\" \/>\n<meta property=\"og:title\" content=\"Kurs for franskl\u00e6rere i Bergen og omegn - Institut fran\u00e7ais\" \/>\n<meta property=\"og:description\" content=\"Bonjour&nbsp;! Institut fran\u00e7ais de Norv\u00e8ge og Fransk Kulturhus har gleden av \u00e5 invitere franskl\u00e6rere i Bergen og omegn til v\u00e5rt \u00e5rlige kurs. Fremtidige franskl\u00e6rere er selvf\u00f8lgelig ogs\u00e5 hjertelig velkomne. N\u00e5r? L\u00f8rdag 19. oktober fra 09:15 til 15:00Hvor? Sydneshaugen skole (HF), Auditorium D Obligatorisk p\u00e5melding innen onsdag 16. oktober via skjemaet nederst p\u00e5 siden. For mer [&hellip;]\" \/>\n<meta property=\"og:url\" content=\"https:\/\/www.france.no\/no\/2024\/utdanning-og-fransk-sprak\/kurs-for-fransklaerere-i-bergen-og-omegn\/\" \/>\n<meta property=\"og:site_name\" content=\"Institut fran\u00e7ais\" \/>\n<meta property=\"article:publisher\" content=\"https:\/\/www.facebook.com\/institutfrancaisoslo\" \/>\n<meta property=\"article:published_time\" content=\"2024-09-30T14:36:20+00:00\" \/>\n<meta property=\"article:modified_time\" content=\"2024-10-29T15:42:28+00:00\" \/>\n<meta property=\"og:image\" content=\"https:\/\/www.france.no\/wp-content\/uploads\/2024\/09\/Formation-Bergen-Oct-2024-1024x575.png\" \/>\n\t<meta property=\"og:image:width\" content=\"1024\" \/>\n\t<meta property=\"og:image:height\" content=\"575\" \/>\n\t<meta property=\"og:image:type\" content=\"image\/png\" \/>\n<meta name=\"author\" content=\"P\u00f4le Communication\" \/>\n<meta name=\"twitter:card\" content=\"summary_large_image\" \/>\n<meta name=\"twitter:creator\" content=\"@ifnorvege\" \/>\n<meta name=\"twitter:site\" content=\"@ifnorvege\" \/>\n<meta name=\"twitter:label1\" content=\"Skrevet av\" \/>\n\t<meta name=\"twitter:data1\" content=\"P\u00f4le Communication\" \/>\n\t<meta name=\"twitter:label2\" content=\"Ansl. lesetid\" \/>\n\t<meta name=\"twitter:data2\" content=\"2 minutter\" \/>\n<script type=\"application\/ld+json\" class=\"yoast-schema-graph\">{\"@context\":\"https:\/\/schema.org\",\"@graph\":[{\"@type\":\"Article\",\"@id\":\"https:\/\/www.france.no\/no\/2024\/utdanning-og-fransk-sprak\/kurs-for-fransklaerere-i-bergen-og-omegn\/#article\",\"isPartOf\":{\"@id\":\"https:\/\/www.france.no\/no\/2024\/utdanning-og-fransk-sprak\/kurs-for-fransklaerere-i-bergen-og-omegn\/\"},\"author\":{\"name\":\"P\u00f4le Communication\",\"@id\":\"https:\/\/www.france.no\/no\/#\/schema\/person\/e911222e8703f294589a6d80b1c16f97\"},\"headline\":\"Kurs for franskl\u00e6rere i Bergen og omegn\",\"datePublished\":\"2024-09-30T14:36:20+00:00\",\"dateModified\":\"2024-10-29T15:42:28+00:00\",\"mainEntityOfPage\":{\"@id\":\"https:\/\/www.france.no\/no\/2024\/utdanning-og-fransk-sprak\/kurs-for-fransklaerere-i-bergen-og-omegn\/\"},\"wordCount\":231,\"publisher\":{\"@id\":\"https:\/\/www.france.no\/no\/#organization\"},\"image\":{\"@id\":\"https:\/\/www.france.no\/no\/2024\/utdanning-og-fransk-sprak\/kurs-for-fransklaerere-i-bergen-og-omegn\/#primaryimage\"},\"thumbnailUrl\":\"https:\/\/www.france.no\/wp-content\/uploads\/2024\/09\/Formation-Bergen-Oct-2024-1098x617.png\",\"articleSection\":[\"Utdannelse og Fransk spr\u00e5ksamarbeid\"],\"inLanguage\":\"nb-NO\"},{\"@type\":\"WebPage\",\"@id\":\"https:\/\/www.france.no\/no\/2024\/utdanning-og-fransk-sprak\/kurs-for-fransklaerere-i-bergen-og-omegn\/\",\"url\":\"https:\/\/www.france.no\/no\/2024\/utdanning-og-fransk-sprak\/kurs-for-fransklaerere-i-bergen-og-omegn\/\",\"name\":\"Kurs for franskl\u00e6rere i Bergen og omegn - Institut fran\u00e7ais\",\"isPartOf\":{\"@id\":\"https:\/\/www.france.no\/no\/#website\"},\"primaryImageOfPage\":{\"@id\":\"https:\/\/www.france.no\/no\/2024\/utdanning-og-fransk-sprak\/kurs-for-fransklaerere-i-bergen-og-omegn\/#primaryimage\"},\"image\":{\"@id\":\"https:\/\/www.france.no\/no\/2024\/utdanning-og-fransk-sprak\/kurs-for-fransklaerere-i-bergen-og-omegn\/#primaryimage\"},\"thumbnailUrl\":\"https:\/\/www.france.no\/wp-content\/uploads\/2024\/09\/Formation-Bergen-Oct-2024-1098x617.png\",\"datePublished\":\"2024-09-30T14:36:20+00:00\",\"dateModified\":\"2024-10-29T15:42:28+00:00\",\"breadcrumb\":{\"@id\":\"https:\/\/www.france.no\/no\/2024\/utdanning-og-fransk-sprak\/kurs-for-fransklaerere-i-bergen-og-omegn\/#breadcrumb\"},\"inLanguage\":\"nb-NO\",\"potentialAction\":[{\"@type\":\"ReadAction\",\"target\":[\"https:\/\/www.france.no\/no\/2024\/utdanning-og-fransk-sprak\/kurs-for-fransklaerere-i-bergen-og-omegn\/\"]}]},{\"@type\":\"ImageObject\",\"inLanguage\":\"nb-NO\",\"@id\":\"https:\/\/www.france.no\/no\/2024\/utdanning-og-fransk-sprak\/kurs-for-fransklaerere-i-bergen-og-omegn\/#primaryimage\",\"url\":\"https:\/\/www.france.no\/wp-content\/uploads\/2024\/09\/Formation-Bergen-Oct-2024-1098x617.png\",\"contentUrl\":\"https:\/\/www.france.no\/wp-content\/uploads\/2024\/09\/Formation-Bergen-Oct-2024-1098x617.png\",\"width\":3431,\"height\":1928,\"caption\":\"Photo : Canva\"},{\"@type\":\"BreadcrumbList\",\"@id\":\"https:\/\/www.france.no\/no\/2024\/utdanning-og-fransk-sprak\/kurs-for-fransklaerere-i-bergen-og-omegn\/#breadcrumb\",\"itemListElement\":[{\"@type\":\"ListItem\",\"position\":1,\"name\":\"\",\"item\":\"https:\/\/www.france.no\/no\/\"},{\"@type\":\"ListItem\",\"position\":2,\"name\":\"Utdannelse og Fransk spr\u00e5ksamarbeid\",\"item\":\"https:\/\/www.france.no\/no\/category\/utdanning-og-fransk-sprak\/\"},{\"@type\":\"ListItem\",\"position\":3,\"name\":\"Kurs for franskl\u00e6rere i Bergen og omegn\"}]},{\"@type\":\"WebSite\",\"@id\":\"https:\/\/www.france.no\/no\/#website\",\"url\":\"https:\/\/www.france.no\/no\/\",\"name\":\"Institut fran\u00e7ais\",\"description\":\"Norv\u00e8ge\",\"publisher\":{\"@id\":\"https:\/\/www.france.no\/no\/#organization\"},\"potentialAction\":[{\"@type\":\"SearchAction\",\"target\":{\"@type\":\"EntryPoint\",\"urlTemplate\":\"https:\/\/www.france.no\/no\/?s={search_term_string}\"},\"query-input\":{\"@type\":\"PropertyValueSpecification\",\"valueRequired\":true,\"valueName\":\"search_term_string\"}}],\"inLanguage\":\"nb-NO\"},{\"@type\":\"Organization\",\"@id\":\"https:\/\/www.france.no\/no\/#organization\",\"name\":\"Institut fran\u00e7ais\",\"url\":\"https:\/\/www.france.no\/no\/\",\"logo\":{\"@type\":\"ImageObject\",\"inLanguage\":\"nb-NO\",\"@id\":\"https:\/\/www.france.no\/no\/#\/schema\/logo\/image\/\",\"url\":\"https:\/\/www.france.no\/wp-content\/uploads\/2022\/11\/IF_Logo_Sans_Bleu_RVB.png\",\"contentUrl\":\"https:\/\/www.france.no\/wp-content\/uploads\/2022\/11\/IF_Logo_Sans_Bleu_RVB.png\",\"width\":852,\"height\":591,\"caption\":\"Institut fran\u00e7ais\"},\"image\":{\"@id\":\"https:\/\/www.france.no\/no\/#\/schema\/logo\/image\/\"},\"sameAs\":[\"https:\/\/www.facebook.com\/institutfrancaisoslo\",\"https:\/\/x.com\/ifnorvege\",\"https:\/\/instagram.com\/ifnorvege\"]},{\"@type\":\"Person\",\"@id\":\"https:\/\/www.france.no\/no\/#\/schema\/person\/e911222e8703f294589a6d80b1c16f97\",\"name\":\"P\u00f4le Communication\",\"image\":{\"@type\":\"ImageObject\",\"inLanguage\":\"nb-NO\",\"@id\":\"https:\/\/www.france.no\/no\/#\/schema\/person\/image\/\",\"url\":\"https:\/\/secure.gravatar.com\/avatar\/20ae085a8b5fd613a02d28588389144802d3ba9408c852b2c6c7c4b17cc39660?s=96&d=mm&r=g\",\"contentUrl\":\"https:\/\/secure.gravatar.com\/avatar\/20ae085a8b5fd613a02d28588389144802d3ba9408c852b2c6c7c4b17cc39660?s=96&d=mm&r=g\",\"caption\":\"P\u00f4le Communication\"},\"url\":\"https:\/\/www.france.no\/no\/author\/polecom\/\"}]}<\/script>\n<!-- \/ Yoast SEO plugin. -->","yoast_head_json":{"title":"Kurs for franskl\u00e6rere i Bergen og omegn - Institut fran\u00e7ais","robots":{"index":"index","follow":"follow","max-snippet":"max-snippet:-1","max-image-preview":"max-image-preview:large","max-video-preview":"max-video-preview:-1"},"canonical":"https:\/\/www.france.no\/no\/2024\/utdanning-og-fransk-sprak\/kurs-for-fransklaerere-i-bergen-og-omegn\/","og_locale":"nb_NO","og_type":"article","og_title":"Kurs for franskl\u00e6rere i Bergen og omegn - Institut fran\u00e7ais","og_description":"Bonjour&nbsp;! Institut fran\u00e7ais de Norv\u00e8ge og Fransk Kulturhus har gleden av \u00e5 invitere franskl\u00e6rere i Bergen og omegn til v\u00e5rt \u00e5rlige kurs. Fremtidige franskl\u00e6rere er selvf\u00f8lgelig ogs\u00e5 hjertelig velkomne. N\u00e5r? L\u00f8rdag 19. oktober fra 09:15 til 15:00Hvor? Sydneshaugen skole (HF), Auditorium D Obligatorisk p\u00e5melding innen onsdag 16. oktober via skjemaet nederst p\u00e5 siden. For mer [&hellip;]","og_url":"https:\/\/www.france.no\/no\/2024\/utdanning-og-fransk-sprak\/kurs-for-fransklaerere-i-bergen-og-omegn\/","og_site_name":"Institut fran\u00e7ais","article_publisher":"https:\/\/www.facebook.com\/institutfrancaisoslo","article_published_time":"2024-09-30T14:36:20+00:00","article_modified_time":"2024-10-29T15:42:28+00:00","og_image":[{"width":1024,"height":575,"url":"https:\/\/www.france.no\/wp-content\/uploads\/2024\/09\/Formation-Bergen-Oct-2024-1024x575.png","type":"image\/png"}],"author":"P\u00f4le Communication","twitter_card":"summary_large_image","twitter_creator":"@ifnorvege","twitter_site":"@ifnorvege","twitter_misc":{"Skrevet av":"P\u00f4le Communication","Ansl. lesetid":"2 minutter"},"schema":{"@context":"https:\/\/schema.org","@graph":[{"@type":"Article","@id":"https:\/\/www.france.no\/no\/2024\/utdanning-og-fransk-sprak\/kurs-for-fransklaerere-i-bergen-og-omegn\/#article","isPartOf":{"@id":"https:\/\/www.france.no\/no\/2024\/utdanning-og-fransk-sprak\/kurs-for-fransklaerere-i-bergen-og-omegn\/"},"author":{"name":"P\u00f4le Communication","@id":"https:\/\/www.france.no\/no\/#\/schema\/person\/e911222e8703f294589a6d80b1c16f97"},"headline":"Kurs for franskl\u00e6rere i Bergen og omegn","datePublished":"2024-09-30T14:36:20+00:00","dateModified":"2024-10-29T15:42:28+00:00","mainEntityOfPage":{"@id":"https:\/\/www.france.no\/no\/2024\/utdanning-og-fransk-sprak\/kurs-for-fransklaerere-i-bergen-og-omegn\/"},"wordCount":231,"publisher":{"@id":"https:\/\/www.france.no\/no\/#organization"},"image":{"@id":"https:\/\/www.france.no\/no\/2024\/utdanning-og-fransk-sprak\/kurs-for-fransklaerere-i-bergen-og-omegn\/#primaryimage"},"thumbnailUrl":"https:\/\/www.france.no\/wp-content\/uploads\/2024\/09\/Formation-Bergen-Oct-2024-1098x617.png","articleSection":["Utdannelse og Fransk spr\u00e5ksamarbeid"],"inLanguage":"nb-NO"},{"@type":"WebPage","@id":"https:\/\/www.france.no\/no\/2024\/utdanning-og-fransk-sprak\/kurs-for-fransklaerere-i-bergen-og-omegn\/","url":"https:\/\/www.france.no\/no\/2024\/utdanning-og-fransk-sprak\/kurs-for-fransklaerere-i-bergen-og-omegn\/","name":"Kurs for franskl\u00e6rere i Bergen og omegn - Institut fran\u00e7ais","isPartOf":{"@id":"https:\/\/www.france.no\/no\/#website"},"primaryImageOfPage":{"@id":"https:\/\/www.france.no\/no\/2024\/utdanning-og-fransk-sprak\/kurs-for-fransklaerere-i-bergen-og-omegn\/#primaryimage"},"image":{"@id":"https:\/\/www.france.no\/no\/2024\/utdanning-og-fransk-sprak\/kurs-for-fransklaerere-i-bergen-og-omegn\/#primaryimage"},"thumbnailUrl":"https:\/\/www.france.no\/wp-content\/uploads\/2024\/09\/Formation-Bergen-Oct-2024-1098x617.png","datePublished":"2024-09-30T14:36:20+00:00","dateModified":"2024-10-29T15:42:28+00:00","breadcrumb":{"@id":"https:\/\/www.france.no\/no\/2024\/utdanning-og-fransk-sprak\/kurs-for-fransklaerere-i-bergen-og-omegn\/#breadcrumb"},"inLanguage":"nb-NO","potentialAction":[{"@type":"ReadAction","target":["https:\/\/www.france.no\/no\/2024\/utdanning-og-fransk-sprak\/kurs-for-fransklaerere-i-bergen-og-omegn\/"]}]},{"@type":"ImageObject","inLanguage":"nb-NO","@id":"https:\/\/www.france.no\/no\/2024\/utdanning-og-fransk-sprak\/kurs-for-fransklaerere-i-bergen-og-omegn\/#primaryimage","url":"https:\/\/www.france.no\/wp-content\/uploads\/2024\/09\/Formation-Bergen-Oct-2024-1098x617.png","contentUrl":"https:\/\/www.france.no\/wp-content\/uploads\/2024\/09\/Formation-Bergen-Oct-2024-1098x617.png","width":3431,"height":1928,"caption":"Photo : Canva"},{"@type":"BreadcrumbList","@id":"https:\/\/www.france.no\/no\/2024\/utdanning-og-fransk-sprak\/kurs-for-fransklaerere-i-bergen-og-omegn\/#breadcrumb","itemListElement":[{"@type":"ListItem","position":1,"name":"","item":"https:\/\/www.france.no\/no\/"},{"@type":"ListItem","position":2,"name":"Utdannelse og Fransk spr\u00e5ksamarbeid","item":"https:\/\/www.france.no\/no\/category\/utdanning-og-fransk-sprak\/"},{"@type":"ListItem","position":3,"name":"Kurs for franskl\u00e6rere i Bergen og omegn"}]},{"@type":"WebSite","@id":"https:\/\/www.france.no\/no\/#website","url":"https:\/\/www.france.no\/no\/","name":"Institut fran\u00e7ais","description":"Norv\u00e8ge","publisher":{"@id":"https:\/\/www.france.no\/no\/#organization"},"potentialAction":[{"@type":"SearchAction","target":{"@type":"EntryPoint","urlTemplate":"https:\/\/www.france.no\/no\/?s={search_term_string}"},"query-input":{"@type":"PropertyValueSpecification","valueRequired":true,"valueName":"search_term_string"}}],"inLanguage":"nb-NO"},{"@type":"Organization","@id":"https:\/\/www.france.no\/no\/#organization","name":"Institut fran\u00e7ais","url":"https:\/\/www.france.no\/no\/","logo":{"@type":"ImageObject","inLanguage":"nb-NO","@id":"https:\/\/www.france.no\/no\/#\/schema\/logo\/image\/","url":"https:\/\/www.france.no\/wp-content\/uploads\/2022\/11\/IF_Logo_Sans_Bleu_RVB.png","contentUrl":"https:\/\/www.france.no\/wp-content\/uploads\/2022\/11\/IF_Logo_Sans_Bleu_RVB.png","width":852,"height":591,"caption":"Institut fran\u00e7ais"},"image":{"@id":"https:\/\/www.france.no\/no\/#\/schema\/logo\/image\/"},"sameAs":["https:\/\/www.facebook.com\/institutfrancaisoslo","https:\/\/x.com\/ifnorvege","https:\/\/instagram.com\/ifnorvege"]},{"@type":"Person","@id":"https:\/\/www.france.no\/no\/#\/schema\/person\/e911222e8703f294589a6d80b1c16f97","name":"P\u00f4le Communication","image":{"@type":"ImageObject","inLanguage":"nb-NO","@id":"https:\/\/www.france.no\/no\/#\/schema\/person\/image\/","url":"https:\/\/secure.gravatar.com\/avatar\/20ae085a8b5fd613a02d28588389144802d3ba9408c852b2c6c7c4b17cc39660?s=96&d=mm&r=g","contentUrl":"https:\/\/secure.gravatar.com\/avatar\/20ae085a8b5fd613a02d28588389144802d3ba9408c852b2c6c7c4b17cc39660?s=96&d=mm&r=g","caption":"P\u00f4le Communication"},"url":"https:\/\/www.france.no\/no\/author\/polecom\/"}]}},"_links":{"self":[{"href":"https:\/\/www.france.no\/no\/wp-json\/wp\/v2\/posts\/8781","targetHints":{"allow":["GET"]}}],"collection":[{"href":"https:\/\/www.france.no\/no\/wp-json\/wp\/v2\/posts"}],"about":[{"href":"https:\/\/www.france.no\/no\/wp-json\/wp\/v2\/types\/post"}],"author":[{"embeddable":true,"href":"https:\/\/www.france.no\/no\/wp-json\/wp\/v2\/users\/6"}],"replies":[{"embeddable":true,"href":"https:\/\/www.france.no\/no\/wp-json\/wp\/v2\/comments?post=8781"}],"version-history":[{"count":11,"href":"https:\/\/www.france.no\/no\/wp-json\/wp\/v2\/posts\/8781\/revisions"}],"predecessor-version":[{"id":9360,"href":"https:\/\/www.france.no\/no\/wp-json\/wp\/v2\/posts\/8781\/revisions\/9360"}],"wp:featuredmedia":[{"embeddable":true,"href":"https:\/\/www.france.no\/no\/wp-json\/wp\/v2\/media\/8782"}],"wp:attachment":[{"href":"https:\/\/www.france.no\/no\/wp-json\/wp\/v2\/media?parent=8781"}],"wp:term":[{"taxonomy":"category","embeddable":true,"href":"https:\/\/www.france.no\/no\/wp-json\/wp\/v2\/categories?post=8781"},{"taxonomy":"post_tag","embeddable":true,"href":"https:\/\/www.france.no\/no\/wp-json\/wp\/v2\/tags?post=8781"}],"curies":[{"name":"wp","href":"https:\/\/api.w.org\/{rel}","templated":true}]}}