{"id":8825,"date":"2024-10-01T15:57:44","date_gmt":"2024-10-01T13:57:44","guid":{"rendered":"https:\/\/www.france.no\/?p=8825"},"modified":"2024-10-18T11:50:09","modified_gmt":"2024-10-18T09:50:09","slug":"filmfestivalen-mirage-2024","status":"publish","type":"post","link":"https:\/\/www.france.no\/no\/2024\/kultur\/filmfestivalen-mirage-2024\/","title":{"rendered":"Filmfestivalen MIRAGE"},"content":{"rendered":"\n<p>Institut fran\u00e7ais de Norv\u00e8ge er stolte over \u00e5 fortsette tradisjonen med \u00e5 st\u00f8tte franske talenter under filmfestivalen <strong>MIRAGE<\/strong>, som finner sted p\u00e5<strong> Vega Scene<\/strong> fra <strong>9. til 13. oktober<\/strong>.<\/p>\n\n\n\n<p><strong>MIRAGE <\/strong>er en internasjonal filmfestival som feirer mangfoldet i filmkunsten. Her f\u00e5r publikum muligheten til \u00e5 oppdage spennende og nyskapende verk, samt m\u00f8te filmskapere fra hele verden.<\/p>\n\n\n\n<p>I \u00e5r presenterer festivalen <strong>to bemerkelsesverdige franske filmer<\/strong> som absolutt er verdt \u00e5 se.<\/p>\n\n\n\n<div class=\"wp-block-media-text is-stacked-on-mobile\"><figure class=\"wp-block-media-text__media\"><a href=\"https:\/\/www.france.no\/wp-content\/uploads\/2024\/10\/DARKNESS-DARKNESS-BURNING-BRIGHT-3-1.png\"><img loading=\"lazy\" decoding=\"async\" width=\"962\" height=\"714\" src=\"https:\/\/www.france.no\/wp-content\/uploads\/2024\/10\/DARKNESS-DARKNESS-BURNING-BRIGHT-3-1.png\" alt=\"\" class=\"wp-image-8862 size-full\" srcset=\"https:\/\/www.france.no\/wp-content\/uploads\/2024\/10\/DARKNESS-DARKNESS-BURNING-BRIGHT-3-1.png 962w, https:\/\/www.france.no\/wp-content\/uploads\/2024\/10\/DARKNESS-DARKNESS-BURNING-BRIGHT-3-1-300x223.png 300w, https:\/\/www.france.no\/wp-content\/uploads\/2024\/10\/DARKNESS-DARKNESS-BURNING-BRIGHT-3-1-768x570.png 768w\" sizes=\"auto, (max-width: 962px) 100vw, 962px\" \/><\/a><\/figure><div class=\"wp-block-media-text__content\">\n<p>Institut fran\u00e7ais de Norv\u00e8ge er glade for \u00e5 \u00f8nske den franske kunstneren og filmskaperen <strong>Ga\u00eblle Rouard<\/strong> velkommen til festivalen, hvor hun den <strong>12. oktober<\/strong> vil vise filmen <a href=\"https:\/\/www.mirage.no\/films\/darkness-darkness-burning-bright\" target=\"_blank\" rel=\"noreferrer noopener\"><strong><em>Darkness, Darkness, Burning Bright<\/em><\/strong><\/a> (2022).<\/p>\n\n\n\n<p>Rouard, som er nominert til <strong><a href=\"https:\/\/www.mirage.no\/nominated\" target=\"_blank\" rel=\"noreferrer noopener\">MIRAGE Sound Design Award<\/a><\/strong>, tar med seg sin egen 16 mm filmprosjektor til visningen. I sine nattlige landskap tar hun oss med inn i en verden der tilfeldighet og magi m\u00f8tes, ved hjelp av h\u00e5ndbehandlede fotokjemiske teknikker som gir filmene hennes en unik karakter.<\/p>\n<\/div><\/div>\n\n\n\n<p><strong>Denne trollbindende audiovisuelle forestillingen m\u00e5 oppleves p\u00e5 n\u00e6rt hold for \u00e5 virkelig kjenne magien.<\/strong><\/p>\n\n\n\n<p><strong>Denne trollbindende audiovisuelle forestillingen m\u00e5 oppleves p\u00e5 n\u00e6rt hold for \u00e5 virkelig kjenne magien!<\/strong><\/p>\n\n\n\n<p>Festivalen viser ogs\u00e5 <a href=\"https:\/\/www.mirage.no\/films\/its-not-me\" target=\"_blank\" rel=\"noreferrer noopener\"><strong><em>It&#8217;s Not Me<\/em><\/strong><\/a> (2024), regissert av den franske filmskaperen <strong>Leos Carax<\/strong>, den 10. og 11. oktober.<\/p>\n\n\n\n<p>Filmen, som ble vist p\u00e5 \u00e5rets <strong>filmfestival i Cannes<\/strong>, tar oss med p\u00e5 en reise gjennom Carax&#8217; 40 \u00e5r lange karriere. Med sin eklektiske visuelle stil kombinerer den ulike formater og referanser til kjente filmskapere som F.W. Murnau, Jean Vigo og Jean-Luc Godard.<\/p>\n\n\n\n<p><strong>Dette er en unik mulighet til \u00e5 oppdage ekte filmkunst!<\/strong><\/p>\n\n\n\n<p>For mer informasjon og en detaljert programoversikt for \u00e5rets festival, se <a href=\"https:\/\/www.mirage.no\/\" target=\"_blank\" rel=\"noreferrer noopener\"><strong>her<\/strong><\/a>.<\/p>\n\n\n\n<figure class=\"wp-block-image size-large\"><img loading=\"lazy\" decoding=\"async\" width=\"1024\" height=\"576\" src=\"https:\/\/www.france.no\/wp-content\/uploads\/2024\/10\/ITS-NOT-ME_LEOS-CARAX-4-1-1024x576.jpg\" alt=\"\" class=\"wp-image-8868\" srcset=\"https:\/\/www.france.no\/wp-content\/uploads\/2024\/10\/ITS-NOT-ME_LEOS-CARAX-4-1-1024x576.jpg 1024w, https:\/\/www.france.no\/wp-content\/uploads\/2024\/10\/ITS-NOT-ME_LEOS-CARAX-4-1-300x169.jpg 300w, https:\/\/www.france.no\/wp-content\/uploads\/2024\/10\/ITS-NOT-ME_LEOS-CARAX-4-1-768x432.jpg 768w, https:\/\/www.france.no\/wp-content\/uploads\/2024\/10\/ITS-NOT-ME_LEOS-CARAX-4-1-1536x864.jpg 1536w, https:\/\/www.france.no\/wp-content\/uploads\/2024\/10\/ITS-NOT-ME_LEOS-CARAX-4-1-2048x1152.jpg 2048w, https:\/\/www.france.no\/wp-content\/uploads\/2024\/10\/ITS-NOT-ME_LEOS-CARAX-4-1-1098x617.jpg 1098w, https:\/\/www.france.no\/wp-content\/uploads\/2024\/10\/ITS-NOT-ME_LEOS-CARAX-4-1-730x411.jpg 730w, https:\/\/www.france.no\/wp-content\/uploads\/2024\/10\/ITS-NOT-ME_LEOS-CARAX-4-1-355x200.jpg 355w, https:\/\/www.france.no\/wp-content\/uploads\/2024\/10\/ITS-NOT-ME_LEOS-CARAX-4-1-1200x675.jpg 1200w, https:\/\/www.france.no\/wp-content\/uploads\/2024\/10\/ITS-NOT-ME_LEOS-CARAX-4-1-1980x1114.jpg 1980w\" sizes=\"auto, (max-width: 1024px) 100vw, 1024px\" \/><figcaption class=\"wp-element-caption\">Leos Carax&#8217; \u00abIt&#8217;s Not Me\u00bb (2024).<\/figcaption><\/figure>\n","protected":false},"excerpt":{"rendered":"<p>Institut fran\u00e7ais de Norv\u00e8ge er stolte over \u00e5 fortsette tradisjonen med \u00e5 st\u00f8tte franske talenter under filmfestivalen MIRAGE, som finner sted p\u00e5 Vega Scene fra 9. til 13. oktober. MIRAGE er en internasjonal filmfestival som feirer mangfoldet i filmkunsten. Her f\u00e5r publikum muligheten til \u00e5 oppdage spennende og nyskapende verk, samt m\u00f8te filmskapere fra hele [&hellip;]<\/p>\n","protected":false},"author":6,"featured_media":8933,"comment_status":"closed","ping_status":"open","sticky":false,"template":"","format":"standard","meta":{"footnotes":""},"categories":[31,5],"tags":[],"class_list":["post-8825","post","type-post","status-publish","format-standard","has-post-thumbnail","hentry","category-film","category-kultur"],"yoast_head":"<!-- This site is optimized with the Yoast SEO plugin v24.2 - https:\/\/yoast.com\/wordpress\/plugins\/seo\/ -->\n<title>Filmfestivalen MIRAGE - Institut fran\u00e7ais<\/title>\n<meta name=\"robots\" content=\"index, follow, max-snippet:-1, max-image-preview:large, max-video-preview:-1\" \/>\n<link rel=\"canonical\" href=\"https:\/\/www.france.no\/no\/2024\/kultur\/filmfestivalen-mirage-2024\/\" \/>\n<meta property=\"og:locale\" content=\"nb_NO\" \/>\n<meta property=\"og:type\" content=\"article\" \/>\n<meta property=\"og:title\" content=\"Filmfestivalen MIRAGE - Institut fran\u00e7ais\" \/>\n<meta property=\"og:description\" content=\"Institut fran\u00e7ais de Norv\u00e8ge er stolte over \u00e5 fortsette tradisjonen med \u00e5 st\u00f8tte franske talenter under filmfestivalen MIRAGE, som finner sted p\u00e5 Vega Scene fra 9. til 13. oktober. MIRAGE er en internasjonal filmfestival som feirer mangfoldet i filmkunsten. Her f\u00e5r publikum muligheten til \u00e5 oppdage spennende og nyskapende verk, samt m\u00f8te filmskapere fra hele [&hellip;]\" \/>\n<meta property=\"og:url\" content=\"https:\/\/www.france.no\/no\/2024\/kultur\/filmfestivalen-mirage-2024\/\" \/>\n<meta property=\"og:site_name\" content=\"Institut fran\u00e7ais\" \/>\n<meta property=\"article:publisher\" content=\"https:\/\/www.facebook.com\/institutfrancaisoslo\" \/>\n<meta property=\"article:published_time\" content=\"2024-10-01T13:57:44+00:00\" \/>\n<meta property=\"article:modified_time\" content=\"2024-10-18T09:50:09+00:00\" \/>\n<meta property=\"og:image\" content=\"https:\/\/www.france.no\/wp-content\/uploads\/2024\/10\/ITS-NOT-ME_LEOS-CARAX_MAIN-PICTURE-1-1024x648.jpg\" \/>\n\t<meta property=\"og:image:width\" content=\"1024\" \/>\n\t<meta property=\"og:image:height\" content=\"648\" \/>\n\t<meta property=\"og:image:type\" content=\"image\/jpeg\" \/>\n<meta name=\"author\" content=\"P\u00f4le Communication\" \/>\n<meta name=\"twitter:card\" content=\"summary_large_image\" \/>\n<meta name=\"twitter:creator\" content=\"@ifnorvege\" \/>\n<meta name=\"twitter:site\" content=\"@ifnorvege\" \/>\n<meta name=\"twitter:label1\" content=\"Skrevet av\" \/>\n\t<meta name=\"twitter:data1\" content=\"P\u00f4le Communication\" \/>\n\t<meta name=\"twitter:label2\" content=\"Ansl. lesetid\" \/>\n\t<meta name=\"twitter:data2\" content=\"2 minutter\" \/>\n<script type=\"application\/ld+json\" class=\"yoast-schema-graph\">{\"@context\":\"https:\/\/schema.org\",\"@graph\":[{\"@type\":\"Article\",\"@id\":\"https:\/\/www.france.no\/no\/2024\/kultur\/filmfestivalen-mirage-2024\/#article\",\"isPartOf\":{\"@id\":\"https:\/\/www.france.no\/no\/2024\/kultur\/filmfestivalen-mirage-2024\/\"},\"author\":{\"name\":\"P\u00f4le Communication\",\"@id\":\"https:\/\/www.france.no\/no\/#\/schema\/person\/e911222e8703f294589a6d80b1c16f97\"},\"headline\":\"Filmfestivalen MIRAGE\",\"datePublished\":\"2024-10-01T13:57:44+00:00\",\"dateModified\":\"2024-10-18T09:50:09+00:00\",\"mainEntityOfPage\":{\"@id\":\"https:\/\/www.france.no\/no\/2024\/kultur\/filmfestivalen-mirage-2024\/\"},\"wordCount\":268,\"publisher\":{\"@id\":\"https:\/\/www.france.no\/no\/#organization\"},\"image\":{\"@id\":\"https:\/\/www.france.no\/no\/2024\/kultur\/filmfestivalen-mirage-2024\/#primaryimage\"},\"thumbnailUrl\":\"https:\/\/www.france.no\/wp-content\/uploads\/2024\/10\/ITS-NOT-ME_LEOS-CARAX_MAIN-PICTURE-1-1098x617.jpg\",\"articleSection\":[\"Film\",\"Kultur\"],\"inLanguage\":\"nb-NO\"},{\"@type\":\"WebPage\",\"@id\":\"https:\/\/www.france.no\/no\/2024\/kultur\/filmfestivalen-mirage-2024\/\",\"url\":\"https:\/\/www.france.no\/no\/2024\/kultur\/filmfestivalen-mirage-2024\/\",\"name\":\"Filmfestivalen MIRAGE - Institut fran\u00e7ais\",\"isPartOf\":{\"@id\":\"https:\/\/www.france.no\/no\/#website\"},\"primaryImageOfPage\":{\"@id\":\"https:\/\/www.france.no\/no\/2024\/kultur\/filmfestivalen-mirage-2024\/#primaryimage\"},\"image\":{\"@id\":\"https:\/\/www.france.no\/no\/2024\/kultur\/filmfestivalen-mirage-2024\/#primaryimage\"},\"thumbnailUrl\":\"https:\/\/www.france.no\/wp-content\/uploads\/2024\/10\/ITS-NOT-ME_LEOS-CARAX_MAIN-PICTURE-1-1098x617.jpg\",\"datePublished\":\"2024-10-01T13:57:44+00:00\",\"dateModified\":\"2024-10-18T09:50:09+00:00\",\"breadcrumb\":{\"@id\":\"https:\/\/www.france.no\/no\/2024\/kultur\/filmfestivalen-mirage-2024\/#breadcrumb\"},\"inLanguage\":\"nb-NO\",\"potentialAction\":[{\"@type\":\"ReadAction\",\"target\":[\"https:\/\/www.france.no\/no\/2024\/kultur\/filmfestivalen-mirage-2024\/\"]}]},{\"@type\":\"ImageObject\",\"inLanguage\":\"nb-NO\",\"@id\":\"https:\/\/www.france.no\/no\/2024\/kultur\/filmfestivalen-mirage-2024\/#primaryimage\",\"url\":\"https:\/\/www.france.no\/wp-content\/uploads\/2024\/10\/ITS-NOT-ME_LEOS-CARAX_MAIN-PICTURE-1-1098x617.jpg\",\"contentUrl\":\"https:\/\/www.france.no\/wp-content\/uploads\/2024\/10\/ITS-NOT-ME_LEOS-CARAX_MAIN-PICTURE-1-1098x617.jpg\",\"width\":2560,\"height\":1620,\"caption\":\"Leos Carax' \u00abIt's Not Me\u00bb (2024).\"},{\"@type\":\"BreadcrumbList\",\"@id\":\"https:\/\/www.france.no\/no\/2024\/kultur\/filmfestivalen-mirage-2024\/#breadcrumb\",\"itemListElement\":[{\"@type\":\"ListItem\",\"position\":1,\"name\":\"\",\"item\":\"https:\/\/www.france.no\/no\/\"},{\"@type\":\"ListItem\",\"position\":2,\"name\":\"Kultur\",\"item\":\"https:\/\/www.france.no\/no\/category\/kultur\/\"},{\"@type\":\"ListItem\",\"position\":3,\"name\":\"Filmfestivalen MIRAGE\"}]},{\"@type\":\"WebSite\",\"@id\":\"https:\/\/www.france.no\/no\/#website\",\"url\":\"https:\/\/www.france.no\/no\/\",\"name\":\"Institut fran\u00e7ais\",\"description\":\"Norv\u00e8ge\",\"publisher\":{\"@id\":\"https:\/\/www.france.no\/no\/#organization\"},\"potentialAction\":[{\"@type\":\"SearchAction\",\"target\":{\"@type\":\"EntryPoint\",\"urlTemplate\":\"https:\/\/www.france.no\/no\/?s={search_term_string}\"},\"query-input\":{\"@type\":\"PropertyValueSpecification\",\"valueRequired\":true,\"valueName\":\"search_term_string\"}}],\"inLanguage\":\"nb-NO\"},{\"@type\":\"Organization\",\"@id\":\"https:\/\/www.france.no\/no\/#organization\",\"name\":\"Institut fran\u00e7ais\",\"url\":\"https:\/\/www.france.no\/no\/\",\"logo\":{\"@type\":\"ImageObject\",\"inLanguage\":\"nb-NO\",\"@id\":\"https:\/\/www.france.no\/no\/#\/schema\/logo\/image\/\",\"url\":\"https:\/\/www.france.no\/wp-content\/uploads\/2022\/11\/IF_Logo_Sans_Bleu_RVB.png\",\"contentUrl\":\"https:\/\/www.france.no\/wp-content\/uploads\/2022\/11\/IF_Logo_Sans_Bleu_RVB.png\",\"width\":852,\"height\":591,\"caption\":\"Institut fran\u00e7ais\"},\"image\":{\"@id\":\"https:\/\/www.france.no\/no\/#\/schema\/logo\/image\/\"},\"sameAs\":[\"https:\/\/www.facebook.com\/institutfrancaisoslo\",\"https:\/\/x.com\/ifnorvege\",\"https:\/\/instagram.com\/ifnorvege\"]},{\"@type\":\"Person\",\"@id\":\"https:\/\/www.france.no\/no\/#\/schema\/person\/e911222e8703f294589a6d80b1c16f97\",\"name\":\"P\u00f4le Communication\",\"image\":{\"@type\":\"ImageObject\",\"inLanguage\":\"nb-NO\",\"@id\":\"https:\/\/www.france.no\/no\/#\/schema\/person\/image\/\",\"url\":\"https:\/\/secure.gravatar.com\/avatar\/20ae085a8b5fd613a02d28588389144802d3ba9408c852b2c6c7c4b17cc39660?s=96&d=mm&r=g\",\"contentUrl\":\"https:\/\/secure.gravatar.com\/avatar\/20ae085a8b5fd613a02d28588389144802d3ba9408c852b2c6c7c4b17cc39660?s=96&d=mm&r=g\",\"caption\":\"P\u00f4le Communication\"},\"url\":\"https:\/\/www.france.no\/no\/author\/polecom\/\"}]}<\/script>\n<!-- \/ Yoast SEO plugin. -->","yoast_head_json":{"title":"Filmfestivalen MIRAGE - Institut fran\u00e7ais","robots":{"index":"index","follow":"follow","max-snippet":"max-snippet:-1","max-image-preview":"max-image-preview:large","max-video-preview":"max-video-preview:-1"},"canonical":"https:\/\/www.france.no\/no\/2024\/kultur\/filmfestivalen-mirage-2024\/","og_locale":"nb_NO","og_type":"article","og_title":"Filmfestivalen MIRAGE - Institut fran\u00e7ais","og_description":"Institut fran\u00e7ais de Norv\u00e8ge er stolte over \u00e5 fortsette tradisjonen med \u00e5 st\u00f8tte franske talenter under filmfestivalen MIRAGE, som finner sted p\u00e5 Vega Scene fra 9. til 13. oktober. MIRAGE er en internasjonal filmfestival som feirer mangfoldet i filmkunsten. Her f\u00e5r publikum muligheten til \u00e5 oppdage spennende og nyskapende verk, samt m\u00f8te filmskapere fra hele [&hellip;]","og_url":"https:\/\/www.france.no\/no\/2024\/kultur\/filmfestivalen-mirage-2024\/","og_site_name":"Institut fran\u00e7ais","article_publisher":"https:\/\/www.facebook.com\/institutfrancaisoslo","article_published_time":"2024-10-01T13:57:44+00:00","article_modified_time":"2024-10-18T09:50:09+00:00","og_image":[{"width":1024,"height":648,"url":"https:\/\/www.france.no\/wp-content\/uploads\/2024\/10\/ITS-NOT-ME_LEOS-CARAX_MAIN-PICTURE-1-1024x648.jpg","type":"image\/jpeg"}],"author":"P\u00f4le Communication","twitter_card":"summary_large_image","twitter_creator":"@ifnorvege","twitter_site":"@ifnorvege","twitter_misc":{"Skrevet av":"P\u00f4le Communication","Ansl. lesetid":"2 minutter"},"schema":{"@context":"https:\/\/schema.org","@graph":[{"@type":"Article","@id":"https:\/\/www.france.no\/no\/2024\/kultur\/filmfestivalen-mirage-2024\/#article","isPartOf":{"@id":"https:\/\/www.france.no\/no\/2024\/kultur\/filmfestivalen-mirage-2024\/"},"author":{"name":"P\u00f4le Communication","@id":"https:\/\/www.france.no\/no\/#\/schema\/person\/e911222e8703f294589a6d80b1c16f97"},"headline":"Filmfestivalen MIRAGE","datePublished":"2024-10-01T13:57:44+00:00","dateModified":"2024-10-18T09:50:09+00:00","mainEntityOfPage":{"@id":"https:\/\/www.france.no\/no\/2024\/kultur\/filmfestivalen-mirage-2024\/"},"wordCount":268,"publisher":{"@id":"https:\/\/www.france.no\/no\/#organization"},"image":{"@id":"https:\/\/www.france.no\/no\/2024\/kultur\/filmfestivalen-mirage-2024\/#primaryimage"},"thumbnailUrl":"https:\/\/www.france.no\/wp-content\/uploads\/2024\/10\/ITS-NOT-ME_LEOS-CARAX_MAIN-PICTURE-1-1098x617.jpg","articleSection":["Film","Kultur"],"inLanguage":"nb-NO"},{"@type":"WebPage","@id":"https:\/\/www.france.no\/no\/2024\/kultur\/filmfestivalen-mirage-2024\/","url":"https:\/\/www.france.no\/no\/2024\/kultur\/filmfestivalen-mirage-2024\/","name":"Filmfestivalen MIRAGE - Institut fran\u00e7ais","isPartOf":{"@id":"https:\/\/www.france.no\/no\/#website"},"primaryImageOfPage":{"@id":"https:\/\/www.france.no\/no\/2024\/kultur\/filmfestivalen-mirage-2024\/#primaryimage"},"image":{"@id":"https:\/\/www.france.no\/no\/2024\/kultur\/filmfestivalen-mirage-2024\/#primaryimage"},"thumbnailUrl":"https:\/\/www.france.no\/wp-content\/uploads\/2024\/10\/ITS-NOT-ME_LEOS-CARAX_MAIN-PICTURE-1-1098x617.jpg","datePublished":"2024-10-01T13:57:44+00:00","dateModified":"2024-10-18T09:50:09+00:00","breadcrumb":{"@id":"https:\/\/www.france.no\/no\/2024\/kultur\/filmfestivalen-mirage-2024\/#breadcrumb"},"inLanguage":"nb-NO","potentialAction":[{"@type":"ReadAction","target":["https:\/\/www.france.no\/no\/2024\/kultur\/filmfestivalen-mirage-2024\/"]}]},{"@type":"ImageObject","inLanguage":"nb-NO","@id":"https:\/\/www.france.no\/no\/2024\/kultur\/filmfestivalen-mirage-2024\/#primaryimage","url":"https:\/\/www.france.no\/wp-content\/uploads\/2024\/10\/ITS-NOT-ME_LEOS-CARAX_MAIN-PICTURE-1-1098x617.jpg","contentUrl":"https:\/\/www.france.no\/wp-content\/uploads\/2024\/10\/ITS-NOT-ME_LEOS-CARAX_MAIN-PICTURE-1-1098x617.jpg","width":2560,"height":1620,"caption":"Leos Carax' \u00abIt's Not Me\u00bb (2024)."},{"@type":"BreadcrumbList","@id":"https:\/\/www.france.no\/no\/2024\/kultur\/filmfestivalen-mirage-2024\/#breadcrumb","itemListElement":[{"@type":"ListItem","position":1,"name":"","item":"https:\/\/www.france.no\/no\/"},{"@type":"ListItem","position":2,"name":"Kultur","item":"https:\/\/www.france.no\/no\/category\/kultur\/"},{"@type":"ListItem","position":3,"name":"Filmfestivalen MIRAGE"}]},{"@type":"WebSite","@id":"https:\/\/www.france.no\/no\/#website","url":"https:\/\/www.france.no\/no\/","name":"Institut fran\u00e7ais","description":"Norv\u00e8ge","publisher":{"@id":"https:\/\/www.france.no\/no\/#organization"},"potentialAction":[{"@type":"SearchAction","target":{"@type":"EntryPoint","urlTemplate":"https:\/\/www.france.no\/no\/?s={search_term_string}"},"query-input":{"@type":"PropertyValueSpecification","valueRequired":true,"valueName":"search_term_string"}}],"inLanguage":"nb-NO"},{"@type":"Organization","@id":"https:\/\/www.france.no\/no\/#organization","name":"Institut fran\u00e7ais","url":"https:\/\/www.france.no\/no\/","logo":{"@type":"ImageObject","inLanguage":"nb-NO","@id":"https:\/\/www.france.no\/no\/#\/schema\/logo\/image\/","url":"https:\/\/www.france.no\/wp-content\/uploads\/2022\/11\/IF_Logo_Sans_Bleu_RVB.png","contentUrl":"https:\/\/www.france.no\/wp-content\/uploads\/2022\/11\/IF_Logo_Sans_Bleu_RVB.png","width":852,"height":591,"caption":"Institut fran\u00e7ais"},"image":{"@id":"https:\/\/www.france.no\/no\/#\/schema\/logo\/image\/"},"sameAs":["https:\/\/www.facebook.com\/institutfrancaisoslo","https:\/\/x.com\/ifnorvege","https:\/\/instagram.com\/ifnorvege"]},{"@type":"Person","@id":"https:\/\/www.france.no\/no\/#\/schema\/person\/e911222e8703f294589a6d80b1c16f97","name":"P\u00f4le Communication","image":{"@type":"ImageObject","inLanguage":"nb-NO","@id":"https:\/\/www.france.no\/no\/#\/schema\/person\/image\/","url":"https:\/\/secure.gravatar.com\/avatar\/20ae085a8b5fd613a02d28588389144802d3ba9408c852b2c6c7c4b17cc39660?s=96&d=mm&r=g","contentUrl":"https:\/\/secure.gravatar.com\/avatar\/20ae085a8b5fd613a02d28588389144802d3ba9408c852b2c6c7c4b17cc39660?s=96&d=mm&r=g","caption":"P\u00f4le Communication"},"url":"https:\/\/www.france.no\/no\/author\/polecom\/"}]}},"_links":{"self":[{"href":"https:\/\/www.france.no\/no\/wp-json\/wp\/v2\/posts\/8825","targetHints":{"allow":["GET"]}}],"collection":[{"href":"https:\/\/www.france.no\/no\/wp-json\/wp\/v2\/posts"}],"about":[{"href":"https:\/\/www.france.no\/no\/wp-json\/wp\/v2\/types\/post"}],"author":[{"embeddable":true,"href":"https:\/\/www.france.no\/no\/wp-json\/wp\/v2\/users\/6"}],"replies":[{"embeddable":true,"href":"https:\/\/www.france.no\/no\/wp-json\/wp\/v2\/comments?post=8825"}],"version-history":[{"count":32,"href":"https:\/\/www.france.no\/no\/wp-json\/wp\/v2\/posts\/8825\/revisions"}],"predecessor-version":[{"id":9011,"href":"https:\/\/www.france.no\/no\/wp-json\/wp\/v2\/posts\/8825\/revisions\/9011"}],"wp:featuredmedia":[{"embeddable":true,"href":"https:\/\/www.france.no\/no\/wp-json\/wp\/v2\/media\/8933"}],"wp:attachment":[{"href":"https:\/\/www.france.no\/no\/wp-json\/wp\/v2\/media?parent=8825"}],"wp:term":[{"taxonomy":"category","embeddable":true,"href":"https:\/\/www.france.no\/no\/wp-json\/wp\/v2\/categories?post=8825"},{"taxonomy":"post_tag","embeddable":true,"href":"https:\/\/www.france.no\/no\/wp-json\/wp\/v2\/tags?post=8825"}],"curies":[{"name":"wp","href":"https:\/\/api.w.org\/{rel}","templated":true}]}}