{"id":904,"date":"2022-03-08T00:00:00","date_gmt":"2022-03-07T23:00:00","guid":{"rendered":"https:\/\/www.france.no\/2022\/culture\/fransk-som-spraket-for-humanitaert-arbeid-og-diplomati\/"},"modified":"2022-03-08T00:00:00","modified_gmt":"2022-03-07T23:00:00","slug":"fransk-som-spraket-for-humanitaert-arbeid-og-diplomati","status":"publish","type":"post","link":"https:\/\/www.france.no\/no\/2022\/universitetene\/fransk-som-spraket-for-humanitaert-arbeid-og-diplomati\/","title":{"rendered":"Fransk som spr\u00e5ket for humanit\u00e6rt arbeid og diplomati"},"content":{"rendered":"<p><span style=\"font-size: 12pt;\">Organisation Internationale de la Francophonie (OIF) feirer sitt 50-\u00e5rsjubileum! I den anledning har Groupe des Ambassadeurs Francophones i Norge (GAF) gleden av \u00e5 invitere til et heldagsarrangement dedikert til det franske spr\u00e5kets sentrale rolle innen humanit\u00e6rt og multilateralt arbeid og diplomati.<\/span><\/p>\n<p><span style=\"font-size: 12pt;\">Gjennom ulike arrangement som ber\u00f8rer det samme temaet \u00f8nsker vi \u00e5 n\u00e5 ut til studenter som interesserer seg for humanit\u00e6rt arbeid og diplomati. Dagen \u00e5pner med en debatt, etterf\u00f8lges av profesjonell speed dating og avsluttes med \u00e5pningen av en fotoutstilling. Det hele organiseres p\u00e5 OsloMet, torsdag 24. mars 2022 fra kl. 13:00-18:00.<\/span><\/p>\n<p>&nbsp;<\/p>\n<h3><strong>13:00 \u2013 VElkomsttale<\/strong><\/h3>\n<p>Tore Hattrem, Utenriksr\u00e5d (utenriksdepartementet).<\/p>\n<p>Fatou Diallo Ndiaye, Prosjektleder for International Organization for Migration (OIM)<\/p>\n<p>&nbsp;<\/p>\n<h3><strong>13:15 \u2013 Debatt<\/strong><\/h3>\n<p>Fransk er et sentralt spr\u00e5k innenfor humanit\u00e6rt arbeid og diplomati. Det er et utbredt spr\u00e5k i flere av landene som har behov for humanit\u00e6r bistand, samtidig er det ogs\u00e5 arbeidsspr\u00e5ket til flere ideelle organisasjoner som holder til i fransktalende byer som Gen\u00e8ve, Brussel, Paris og Montreal. Fransk regnes som et diplomatiets spr\u00e5k, en historisk sterk rolle som gj\u00f8r fransk gjeldene i flere internasjonale institusjoner.<\/p>\n<p>Debatten vil v\u00e6re en anledning til \u00e5 diskutere hvilken plass det franske spr\u00e5ket opptar i dag innenfor humanit\u00e6rt og multilateralt arbeid. Ulike profiler fra de aktuelle feltene vil delta i debatten for \u00e5 reflektere rundt temaet med sine respektive perspektiver. Ordstyrer er Antoine de Bengy Puyvall\u00e9e (ph.d.-stipendiat i internasjonal politikk ved Senter for utvikling og milj\u00f8 (SUM), Universitet i Oslo).<\/p>\n<p>Panel:<\/p>\n<table style=\"border-collapse: collapse; width: 98.0421%; height: 275px;\">\n<tbody>\n<tr style=\"height: 155px;\">\n<td style=\"width: 25.2306%; height: 155px;\"><a href=\"https:\/\/www.france.no\/wp-content\/uploads\/2022\/03\/kristo.jpg\"><img loading=\"lazy\" decoding=\"async\" class=\"aligncenter wp-image-24985\" src=\"https:\/\/www.france.no\/wp-content\/uploads\/2022\/09\/kristo-225x300.jpg\" alt='' width=\"113\" height=\"150\" \/><\/a><\/td>\n<td style=\"width: 25.3181%; height: 155px;\"><a href=\"https:\/\/www.france.no\/wp-content\/uploads\/2022\/03\/maria-gabrielsen-jumbert.jpg\"><img loading=\"lazy\" decoding=\"async\" class=\"aligncenter wp-image-24987\" src=\"https:\/\/www.france.no\/wp-content\/uploads\/2022\/09\/maria-gabrielsen-jumbert-200x300.jpg\" alt='' width=\"100\" height=\"150\" \/><\/a><\/td>\n<td style=\"width: 29.1493%; height: 155px;\"><a href=\"https:\/\/www.france.no\/wp-content\/uploads\/2022\/03\/eexqp36xuaa5-kw-scaled-e1646741659446.jpg\"><img loading=\"lazy\" decoding=\"async\" class=\"alignnone wp-image-25002\" src=\"https:\/\/www.france.no\/wp-content\/uploads\/2022\/09\/eexqp36xuaa5-kw-scaled-e1646741659446-300x293.jpg\" alt='' width=\"153\" height=\"150\" \/><\/a><\/td>\n<td style=\"width: 44.9237%; height: 155px;\"><a href=\"https:\/\/www.france.no\/wp-content\/uploads\/2022\/03\/msb5459-e1646819998547.webp\"><img loading=\"lazy\" decoding=\"async\" class=\"alignnone wp-image-25047\" src=\"https:\/\/www.france.no\/wp-content\/uploads\/2022\/09\/img_6336c415995a3.\" alt='' width=\"113\" height=\"150\" \/><\/a><\/td>\n<\/tr>\n<tr style=\"height: 120px;\">\n<td style=\"width: 25.2306%; height: 120px;\">\n<p style=\"text-align: left;\">\n<a href=\"https:\/\/www.oslomet.no\/om\/ansatt\/kristo\/\"><strong>Kristin Skare Orgeret\u00a0<\/strong><\/a><\/p>\n<p style=\"text-align: left;\">Professor p\u00e5 Fakultet for samfunnsvitenskap, Institutt for journalistikk og mediefag<br \/>\nOsloMet<\/p>\n<\/td>\n<td style=\"width: 25.3181%; height: 120px;\">\n<p style=\"text-align: left;\"><a href=\"https:\/\/www.prio.org\/people\/6646\"><strong>Maria Gabrielsen Jumbert<\/strong><\/a><\/p>\n<p>Forskningsdirekt\u00f8r, Peace Research Institute Oslo (PRIO)<\/p>\n<\/td>\n<td style=\"width: 29.1493%; height: 120px;\">\n<p><a href=\"https:\/\/twitter.com\/rielsko\"><strong>Rigmor Elianne Koti<\/strong><\/a><\/p>\n<p>Spesialrepresentant for Sahel, Seksjon for Afrikas horn og Vest-Afrika<br \/>\nUtenrikdsdepartementet<\/p>\n<\/td>\n<td style=\"width: 44.9237%; height: 120px;\">\n<p><a href=\"https:\/\/mobile.twitter.com\/lindishurum\">Lindis Hurum<\/a><\/p>\n<p>Generalsekret\u00e6r<\/p>\n<p>Leger uten grenser<\/p>\n<\/td>\n<\/tr>\n<\/tbody>\n<\/table>\n<p><strong>Debatten blir holdt p\u00e5 norsk.<\/strong><\/p>\n<h4><span style=\"font-size: 12pt;\"><strong><a href=\"https:\/\/www.france.no\/no\/norge-oslo\/formulaire-inscription-debat\">Obligatorisk p\u00e5melding til debatten her.<\/a><\/strong><\/span><\/h4>\n<p>&nbsp;<\/p>\n<h3><strong>15:00 \u2013 Profesjonell speed dating<\/strong><\/h3>\n<p>Etter debatten organiserer vi en profesjonell speed dating der det blir mulig for studenter \u00e5 m\u00f8te representanter fra noen av de viktigste hjelpeorganisasjonene i Norge:<\/p>\n<p>Speed datingen er delt opp i seanser p\u00e5 10 minutter, der du som student kan melde deg p\u00e5 m\u00f8ter med f\u00f8lgende personer:<\/p>\n<ul>\n<li><strong>Georges Nalenga<\/strong>: Seniorr\u00e5dgiver program (Seksuell og reproduktiv helse, Mali), Care Norge<br \/>\n&laquo;Jeg er opprinnelig fra et fransktalende land i Afrika, og har jobbet for FN-organisasjoner i flere frankofone land i Afrika.&raquo;<\/p>\n<\/li>\n<li><strong>Marianne Opheim Sampo<\/strong>: Seksjonsleder for S\u00f8rlige og Vest-Afrika, Kirkens N\u00f8dhjelp<br \/>\n&laquo;Jeg har b\u00e5de erfaring som prosjektleder for et humanit\u00e6rt prosjekt, som landdirekt\u00f8r for et landkontor i Mali og for tiden som seksjonsleder for flere franskspr\u00e5klige kontorer i Vest-Afrika.&raquo;<\/p>\n<\/li>\n<li><strong>Moira Kristin Eknes:<\/strong> Seniorr\u00e5dgiver program (Kvinners \u00f8konomiske utvikling, Niger), Care Norge<br \/>\nHar arbeidet for CARE med utvikling i ulike fransktalende land Afrika i mange \u00e5r<\/p>\n<\/li>\n<li><strong>Luwam Bede<\/strong>: Outreach and Employer Branding Manager, Leger Uten Grenser. <br \/>\nHar v\u00e6rt p\u00e5 flere humanit\u00e6re oppdrag i fransktalende kontekster med Leger Uten Grenser.\u00a0<\/p>\n<\/li>\n<li><strong>\u00c9milie Delcroix,<\/strong> Recruitment Responsible MSF Norway\/Leger Uten Grenser<br \/>\nEr opprinnelig fra Belgia, og har v\u00e6rt p\u00e5 flere humanit\u00e6re oppdrag i fransktalende land med Leger Uten Grenser.<\/li>\n<\/ul>\n<h4><strong><a href=\"https:\/\/www.france.no\/no\/norge-oslo\/formulaire-speed-dating\"><br \/>\n<span style=\"font-size: 12pt;\">Obligatorisk p\u00e5melding til speed datingen her.<\/span><\/a><\/strong><\/h4>\n<p>&nbsp;<\/p>\n<h3><strong>16:45 \u2013 \u00c5pning av fotoutstillingen \u00abKvinner i humanit\u00e6rt arbeid\u00bb<\/strong><\/h3>\n<p>Dagen avsluttes med \u00e5pningen av fotoutstillingen \u00abKvinner i humanit\u00e6rt arbeid\u00bb. Utstillingen, som f\u00f8rst ble presentert i anledning Nasjonal humanit\u00e6r konferanse i Frankrike i 2020, setter s\u00f8kelyset p\u00e5 kvinnelig engasjement i humanit\u00e6rt bistandsarbeid.<\/p>\n<p>Det blir tilbudt fingermat og forfriskninger p\u00e5 utstillings\u00e5pningen, som er gratis og \u00e5pen for alle. Velkommen!<\/p>\n<p>&nbsp;<\/p>\n<ul>\n<li><strong>Hvor?<\/strong> OsloMet, Pilestredet 46, Clara Holst hus: PA114 \u2013 Athene 1, Karen Grude Kohts auditorium.<\/li>\n<li><strong>N\u00e5r?<\/strong> Torsdag 24. mars 2022 fra kl. 13:00-18:00<\/li>\n<li><strong>For hvem?<\/strong> Studenter<\/li>\n<li><strong>Alle arrangementene er gratis og \u00e5pne for alle.<\/strong> <strong>Obligatorisk p\u00e5melding til debatten og speed datingen.<\/strong><\/li>\n<\/ul>\n","protected":false},"excerpt":{"rendered":"<p>Organisation Internationale de la Francophonie (OIF) feirer sitt 50-\u00e5rsjubileum! I den anledning har Groupe des Ambassadeurs Francophones i Norge (GAF) gleden av \u00e5 invitere til et heldagsarrangement dedikert til det franske spr\u00e5kets sentrale rolle innen humanit\u00e6rt og multilateralt arbeid og diplomati. Gjennom ulike arrangement som ber\u00f8rer det samme temaet \u00f8nsker vi \u00e5 n\u00e5 ut til [&hellip;]<\/p>\n","protected":false},"author":1,"featured_media":905,"comment_status":"closed","ping_status":"closed","sticky":false,"template":"","format":"standard","meta":{"footnotes":""},"categories":[15],"tags":[],"class_list":["post-904","post","type-post","status-publish","format-standard","has-post-thumbnail","hentry","category-universitetene"],"yoast_head":"<!-- This site is optimized with the Yoast SEO plugin v24.2 - https:\/\/yoast.com\/wordpress\/plugins\/seo\/ -->\n<title>Fransk som spr\u00e5ket for humanit\u00e6rt arbeid og diplomati - Institut fran\u00e7ais<\/title>\n<meta name=\"robots\" content=\"index, follow, max-snippet:-1, max-image-preview:large, max-video-preview:-1\" \/>\n<link rel=\"canonical\" href=\"https:\/\/www.france.no\/no\/2022\/universitetene\/fransk-som-spraket-for-humanitaert-arbeid-og-diplomati\/\" \/>\n<meta property=\"og:locale\" content=\"nb_NO\" \/>\n<meta property=\"og:type\" content=\"article\" \/>\n<meta property=\"og:title\" content=\"Fransk som spr\u00e5ket for humanit\u00e6rt arbeid og diplomati - Institut fran\u00e7ais\" \/>\n<meta property=\"og:description\" content=\"Organisation Internationale de la Francophonie (OIF) feirer sitt 50-\u00e5rsjubileum! I den anledning har Groupe des Ambassadeurs Francophones i Norge (GAF) gleden av \u00e5 invitere til et heldagsarrangement dedikert til det franske spr\u00e5kets sentrale rolle innen humanit\u00e6rt og multilateralt arbeid og diplomati. Gjennom ulike arrangement som ber\u00f8rer det samme temaet \u00f8nsker vi \u00e5 n\u00e5 ut til [&hellip;]\" \/>\n<meta property=\"og:url\" content=\"https:\/\/www.france.no\/no\/2022\/universitetene\/fransk-som-spraket-for-humanitaert-arbeid-og-diplomati\/\" \/>\n<meta property=\"og:site_name\" content=\"Institut fran\u00e7ais\" \/>\n<meta property=\"article:publisher\" content=\"https:\/\/www.facebook.com\/institutfrancaisoslo\" \/>\n<meta property=\"article:published_time\" content=\"2022-03-07T23:00:00+00:00\" \/>\n<meta property=\"og:image\" content=\"https:\/\/www.france.no\/wp-content\/uploads\/2022\/09\/evenement-universitaire-visuel-1-no-1098x617.jpg\" \/>\n\t<meta property=\"og:image:width\" content=\"2409\" \/>\n\t<meta property=\"og:image:height\" content=\"1119\" \/>\n\t<meta property=\"og:image:type\" content=\"image\/jpeg\" \/>\n<meta name=\"author\" content=\"admin_ifno\" \/>\n<meta name=\"twitter:card\" content=\"summary_large_image\" \/>\n<meta name=\"twitter:creator\" content=\"@ifnorvege\" \/>\n<meta name=\"twitter:site\" content=\"@ifnorvege\" \/>\n<meta name=\"twitter:label1\" content=\"Skrevet av\" \/>\n\t<meta name=\"twitter:data1\" content=\"admin_ifno\" \/>\n\t<meta name=\"twitter:label2\" content=\"Ansl. lesetid\" \/>\n\t<meta name=\"twitter:data2\" content=\"3 minutter\" \/>\n<script type=\"application\/ld+json\" class=\"yoast-schema-graph\">{\"@context\":\"https:\/\/schema.org\",\"@graph\":[{\"@type\":\"Article\",\"@id\":\"https:\/\/www.france.no\/no\/2022\/universitetene\/fransk-som-spraket-for-humanitaert-arbeid-og-diplomati\/#article\",\"isPartOf\":{\"@id\":\"https:\/\/www.france.no\/no\/2022\/universitetene\/fransk-som-spraket-for-humanitaert-arbeid-og-diplomati\/\"},\"author\":{\"name\":\"admin_ifno\",\"@id\":\"https:\/\/www.france.no\/no\/#\/schema\/person\/4fdc0b263d8f27bb00a55f55d2fa3ab0\"},\"headline\":\"Fransk som spr\u00e5ket for humanit\u00e6rt arbeid og diplomati\",\"datePublished\":\"2022-03-07T23:00:00+00:00\",\"dateModified\":\"2022-03-07T23:00:00+00:00\",\"mainEntityOfPage\":{\"@id\":\"https:\/\/www.france.no\/no\/2022\/universitetene\/fransk-som-spraket-for-humanitaert-arbeid-og-diplomati\/\"},\"wordCount\":632,\"publisher\":{\"@id\":\"https:\/\/www.france.no\/no\/#organization\"},\"image\":{\"@id\":\"https:\/\/www.france.no\/no\/2022\/universitetene\/fransk-som-spraket-for-humanitaert-arbeid-og-diplomati\/#primaryimage\"},\"thumbnailUrl\":\"https:\/\/www.france.no\/wp-content\/uploads\/2022\/09\/evenement-universitaire-visuel-1-no-1098x617.jpg\",\"articleSection\":[\"Universiteter\"],\"inLanguage\":\"nb-NO\"},{\"@type\":\"WebPage\",\"@id\":\"https:\/\/www.france.no\/no\/2022\/universitetene\/fransk-som-spraket-for-humanitaert-arbeid-og-diplomati\/\",\"url\":\"https:\/\/www.france.no\/no\/2022\/universitetene\/fransk-som-spraket-for-humanitaert-arbeid-og-diplomati\/\",\"name\":\"Fransk som spr\u00e5ket for humanit\u00e6rt arbeid og diplomati - Institut fran\u00e7ais\",\"isPartOf\":{\"@id\":\"https:\/\/www.france.no\/no\/#website\"},\"primaryImageOfPage\":{\"@id\":\"https:\/\/www.france.no\/no\/2022\/universitetene\/fransk-som-spraket-for-humanitaert-arbeid-og-diplomati\/#primaryimage\"},\"image\":{\"@id\":\"https:\/\/www.france.no\/no\/2022\/universitetene\/fransk-som-spraket-for-humanitaert-arbeid-og-diplomati\/#primaryimage\"},\"thumbnailUrl\":\"https:\/\/www.france.no\/wp-content\/uploads\/2022\/09\/evenement-universitaire-visuel-1-no-1098x617.jpg\",\"datePublished\":\"2022-03-07T23:00:00+00:00\",\"dateModified\":\"2022-03-07T23:00:00+00:00\",\"breadcrumb\":{\"@id\":\"https:\/\/www.france.no\/no\/2022\/universitetene\/fransk-som-spraket-for-humanitaert-arbeid-og-diplomati\/#breadcrumb\"},\"inLanguage\":\"nb-NO\",\"potentialAction\":[{\"@type\":\"ReadAction\",\"target\":[\"https:\/\/www.france.no\/no\/2022\/universitetene\/fransk-som-spraket-for-humanitaert-arbeid-og-diplomati\/\"]}]},{\"@type\":\"ImageObject\",\"inLanguage\":\"nb-NO\",\"@id\":\"https:\/\/www.france.no\/no\/2022\/universitetene\/fransk-som-spraket-for-humanitaert-arbeid-og-diplomati\/#primaryimage\",\"url\":\"https:\/\/www.france.no\/wp-content\/uploads\/2022\/09\/evenement-universitaire-visuel-1-no-1098x617.jpg\",\"contentUrl\":\"https:\/\/www.france.no\/wp-content\/uploads\/2022\/09\/evenement-universitaire-visuel-1-no-1098x617.jpg\",\"width\":2409,\"height\":1119},{\"@type\":\"BreadcrumbList\",\"@id\":\"https:\/\/www.france.no\/no\/2022\/universitetene\/fransk-som-spraket-for-humanitaert-arbeid-og-diplomati\/#breadcrumb\",\"itemListElement\":[{\"@type\":\"ListItem\",\"position\":1,\"name\":\"\",\"item\":\"https:\/\/www.france.no\/no\/\"},{\"@type\":\"ListItem\",\"position\":2,\"name\":\"Universiteter\",\"item\":\"https:\/\/www.france.no\/no\/category\/universitetene\/\"},{\"@type\":\"ListItem\",\"position\":3,\"name\":\"Fransk som spr\u00e5ket for humanit\u00e6rt arbeid og diplomati\"}]},{\"@type\":\"WebSite\",\"@id\":\"https:\/\/www.france.no\/no\/#website\",\"url\":\"https:\/\/www.france.no\/no\/\",\"name\":\"Institut fran\u00e7ais\",\"description\":\"Norv\u00e8ge\",\"publisher\":{\"@id\":\"https:\/\/www.france.no\/no\/#organization\"},\"potentialAction\":[{\"@type\":\"SearchAction\",\"target\":{\"@type\":\"EntryPoint\",\"urlTemplate\":\"https:\/\/www.france.no\/no\/?s={search_term_string}\"},\"query-input\":{\"@type\":\"PropertyValueSpecification\",\"valueRequired\":true,\"valueName\":\"search_term_string\"}}],\"inLanguage\":\"nb-NO\"},{\"@type\":\"Organization\",\"@id\":\"https:\/\/www.france.no\/no\/#organization\",\"name\":\"Institut fran\u00e7ais\",\"url\":\"https:\/\/www.france.no\/no\/\",\"logo\":{\"@type\":\"ImageObject\",\"inLanguage\":\"nb-NO\",\"@id\":\"https:\/\/www.france.no\/no\/#\/schema\/logo\/image\/\",\"url\":\"https:\/\/www.france.no\/wp-content\/uploads\/2022\/11\/IF_Logo_Sans_Bleu_RVB.png\",\"contentUrl\":\"https:\/\/www.france.no\/wp-content\/uploads\/2022\/11\/IF_Logo_Sans_Bleu_RVB.png\",\"width\":852,\"height\":591,\"caption\":\"Institut fran\u00e7ais\"},\"image\":{\"@id\":\"https:\/\/www.france.no\/no\/#\/schema\/logo\/image\/\"},\"sameAs\":[\"https:\/\/www.facebook.com\/institutfrancaisoslo\",\"https:\/\/x.com\/ifnorvege\",\"https:\/\/instagram.com\/ifnorvege\"]},{\"@type\":\"Person\",\"@id\":\"https:\/\/www.france.no\/no\/#\/schema\/person\/4fdc0b263d8f27bb00a55f55d2fa3ab0\",\"name\":\"admin_ifno\",\"image\":{\"@type\":\"ImageObject\",\"inLanguage\":\"nb-NO\",\"@id\":\"https:\/\/www.france.no\/no\/#\/schema\/person\/image\/\",\"url\":\"https:\/\/secure.gravatar.com\/avatar\/20f70e61054e6ae673edda3c0dc13670e46e51786443041c70a7eb2da859ae2a?s=96&d=mm&r=g\",\"contentUrl\":\"https:\/\/secure.gravatar.com\/avatar\/20f70e61054e6ae673edda3c0dc13670e46e51786443041c70a7eb2da859ae2a?s=96&d=mm&r=g\",\"caption\":\"admin_ifno\"},\"sameAs\":[\"https:\/\/www.france.no\"],\"url\":\"https:\/\/www.france.no\/no\/author\/admin_ifno\/\"}]}<\/script>\n<!-- \/ Yoast SEO plugin. -->","yoast_head_json":{"title":"Fransk som spr\u00e5ket for humanit\u00e6rt arbeid og diplomati - Institut fran\u00e7ais","robots":{"index":"index","follow":"follow","max-snippet":"max-snippet:-1","max-image-preview":"max-image-preview:large","max-video-preview":"max-video-preview:-1"},"canonical":"https:\/\/www.france.no\/no\/2022\/universitetene\/fransk-som-spraket-for-humanitaert-arbeid-og-diplomati\/","og_locale":"nb_NO","og_type":"article","og_title":"Fransk som spr\u00e5ket for humanit\u00e6rt arbeid og diplomati - Institut fran\u00e7ais","og_description":"Organisation Internationale de la Francophonie (OIF) feirer sitt 50-\u00e5rsjubileum! I den anledning har Groupe des Ambassadeurs Francophones i Norge (GAF) gleden av \u00e5 invitere til et heldagsarrangement dedikert til det franske spr\u00e5kets sentrale rolle innen humanit\u00e6rt og multilateralt arbeid og diplomati. Gjennom ulike arrangement som ber\u00f8rer det samme temaet \u00f8nsker vi \u00e5 n\u00e5 ut til [&hellip;]","og_url":"https:\/\/www.france.no\/no\/2022\/universitetene\/fransk-som-spraket-for-humanitaert-arbeid-og-diplomati\/","og_site_name":"Institut fran\u00e7ais","article_publisher":"https:\/\/www.facebook.com\/institutfrancaisoslo","article_published_time":"2022-03-07T23:00:00+00:00","og_image":[{"width":2409,"height":1119,"url":"https:\/\/www.france.no\/wp-content\/uploads\/2022\/09\/evenement-universitaire-visuel-1-no-1098x617.jpg","type":"image\/jpeg"}],"author":"admin_ifno","twitter_card":"summary_large_image","twitter_creator":"@ifnorvege","twitter_site":"@ifnorvege","twitter_misc":{"Skrevet av":"admin_ifno","Ansl. lesetid":"3 minutter"},"schema":{"@context":"https:\/\/schema.org","@graph":[{"@type":"Article","@id":"https:\/\/www.france.no\/no\/2022\/universitetene\/fransk-som-spraket-for-humanitaert-arbeid-og-diplomati\/#article","isPartOf":{"@id":"https:\/\/www.france.no\/no\/2022\/universitetene\/fransk-som-spraket-for-humanitaert-arbeid-og-diplomati\/"},"author":{"name":"admin_ifno","@id":"https:\/\/www.france.no\/no\/#\/schema\/person\/4fdc0b263d8f27bb00a55f55d2fa3ab0"},"headline":"Fransk som spr\u00e5ket for humanit\u00e6rt arbeid og diplomati","datePublished":"2022-03-07T23:00:00+00:00","dateModified":"2022-03-07T23:00:00+00:00","mainEntityOfPage":{"@id":"https:\/\/www.france.no\/no\/2022\/universitetene\/fransk-som-spraket-for-humanitaert-arbeid-og-diplomati\/"},"wordCount":632,"publisher":{"@id":"https:\/\/www.france.no\/no\/#organization"},"image":{"@id":"https:\/\/www.france.no\/no\/2022\/universitetene\/fransk-som-spraket-for-humanitaert-arbeid-og-diplomati\/#primaryimage"},"thumbnailUrl":"https:\/\/www.france.no\/wp-content\/uploads\/2022\/09\/evenement-universitaire-visuel-1-no-1098x617.jpg","articleSection":["Universiteter"],"inLanguage":"nb-NO"},{"@type":"WebPage","@id":"https:\/\/www.france.no\/no\/2022\/universitetene\/fransk-som-spraket-for-humanitaert-arbeid-og-diplomati\/","url":"https:\/\/www.france.no\/no\/2022\/universitetene\/fransk-som-spraket-for-humanitaert-arbeid-og-diplomati\/","name":"Fransk som spr\u00e5ket for humanit\u00e6rt arbeid og diplomati - Institut fran\u00e7ais","isPartOf":{"@id":"https:\/\/www.france.no\/no\/#website"},"primaryImageOfPage":{"@id":"https:\/\/www.france.no\/no\/2022\/universitetene\/fransk-som-spraket-for-humanitaert-arbeid-og-diplomati\/#primaryimage"},"image":{"@id":"https:\/\/www.france.no\/no\/2022\/universitetene\/fransk-som-spraket-for-humanitaert-arbeid-og-diplomati\/#primaryimage"},"thumbnailUrl":"https:\/\/www.france.no\/wp-content\/uploads\/2022\/09\/evenement-universitaire-visuel-1-no-1098x617.jpg","datePublished":"2022-03-07T23:00:00+00:00","dateModified":"2022-03-07T23:00:00+00:00","breadcrumb":{"@id":"https:\/\/www.france.no\/no\/2022\/universitetene\/fransk-som-spraket-for-humanitaert-arbeid-og-diplomati\/#breadcrumb"},"inLanguage":"nb-NO","potentialAction":[{"@type":"ReadAction","target":["https:\/\/www.france.no\/no\/2022\/universitetene\/fransk-som-spraket-for-humanitaert-arbeid-og-diplomati\/"]}]},{"@type":"ImageObject","inLanguage":"nb-NO","@id":"https:\/\/www.france.no\/no\/2022\/universitetene\/fransk-som-spraket-for-humanitaert-arbeid-og-diplomati\/#primaryimage","url":"https:\/\/www.france.no\/wp-content\/uploads\/2022\/09\/evenement-universitaire-visuel-1-no-1098x617.jpg","contentUrl":"https:\/\/www.france.no\/wp-content\/uploads\/2022\/09\/evenement-universitaire-visuel-1-no-1098x617.jpg","width":2409,"height":1119},{"@type":"BreadcrumbList","@id":"https:\/\/www.france.no\/no\/2022\/universitetene\/fransk-som-spraket-for-humanitaert-arbeid-og-diplomati\/#breadcrumb","itemListElement":[{"@type":"ListItem","position":1,"name":"","item":"https:\/\/www.france.no\/no\/"},{"@type":"ListItem","position":2,"name":"Universiteter","item":"https:\/\/www.france.no\/no\/category\/universitetene\/"},{"@type":"ListItem","position":3,"name":"Fransk som spr\u00e5ket for humanit\u00e6rt arbeid og diplomati"}]},{"@type":"WebSite","@id":"https:\/\/www.france.no\/no\/#website","url":"https:\/\/www.france.no\/no\/","name":"Institut fran\u00e7ais","description":"Norv\u00e8ge","publisher":{"@id":"https:\/\/www.france.no\/no\/#organization"},"potentialAction":[{"@type":"SearchAction","target":{"@type":"EntryPoint","urlTemplate":"https:\/\/www.france.no\/no\/?s={search_term_string}"},"query-input":{"@type":"PropertyValueSpecification","valueRequired":true,"valueName":"search_term_string"}}],"inLanguage":"nb-NO"},{"@type":"Organization","@id":"https:\/\/www.france.no\/no\/#organization","name":"Institut fran\u00e7ais","url":"https:\/\/www.france.no\/no\/","logo":{"@type":"ImageObject","inLanguage":"nb-NO","@id":"https:\/\/www.france.no\/no\/#\/schema\/logo\/image\/","url":"https:\/\/www.france.no\/wp-content\/uploads\/2022\/11\/IF_Logo_Sans_Bleu_RVB.png","contentUrl":"https:\/\/www.france.no\/wp-content\/uploads\/2022\/11\/IF_Logo_Sans_Bleu_RVB.png","width":852,"height":591,"caption":"Institut fran\u00e7ais"},"image":{"@id":"https:\/\/www.france.no\/no\/#\/schema\/logo\/image\/"},"sameAs":["https:\/\/www.facebook.com\/institutfrancaisoslo","https:\/\/x.com\/ifnorvege","https:\/\/instagram.com\/ifnorvege"]},{"@type":"Person","@id":"https:\/\/www.france.no\/no\/#\/schema\/person\/4fdc0b263d8f27bb00a55f55d2fa3ab0","name":"admin_ifno","image":{"@type":"ImageObject","inLanguage":"nb-NO","@id":"https:\/\/www.france.no\/no\/#\/schema\/person\/image\/","url":"https:\/\/secure.gravatar.com\/avatar\/20f70e61054e6ae673edda3c0dc13670e46e51786443041c70a7eb2da859ae2a?s=96&d=mm&r=g","contentUrl":"https:\/\/secure.gravatar.com\/avatar\/20f70e61054e6ae673edda3c0dc13670e46e51786443041c70a7eb2da859ae2a?s=96&d=mm&r=g","caption":"admin_ifno"},"sameAs":["https:\/\/www.france.no"],"url":"https:\/\/www.france.no\/no\/author\/admin_ifno\/"}]}},"_links":{"self":[{"href":"https:\/\/www.france.no\/no\/wp-json\/wp\/v2\/posts\/904","targetHints":{"allow":["GET"]}}],"collection":[{"href":"https:\/\/www.france.no\/no\/wp-json\/wp\/v2\/posts"}],"about":[{"href":"https:\/\/www.france.no\/no\/wp-json\/wp\/v2\/types\/post"}],"author":[{"embeddable":true,"href":"https:\/\/www.france.no\/no\/wp-json\/wp\/v2\/users\/1"}],"replies":[{"embeddable":true,"href":"https:\/\/www.france.no\/no\/wp-json\/wp\/v2\/comments?post=904"}],"version-history":[{"count":0,"href":"https:\/\/www.france.no\/no\/wp-json\/wp\/v2\/posts\/904\/revisions"}],"wp:featuredmedia":[{"embeddable":true,"href":"https:\/\/www.france.no\/no\/wp-json\/wp\/v2\/media\/905"}],"wp:attachment":[{"href":"https:\/\/www.france.no\/no\/wp-json\/wp\/v2\/media?parent=904"}],"wp:term":[{"taxonomy":"category","embeddable":true,"href":"https:\/\/www.france.no\/no\/wp-json\/wp\/v2\/categories?post=904"},{"taxonomy":"post_tag","embeddable":true,"href":"https:\/\/www.france.no\/no\/wp-json\/wp\/v2\/tags?post=904"}],"curies":[{"name":"wp","href":"https:\/\/api.w.org\/{rel}","templated":true}]}}