{"id":930,"date":"2022-02-07T00:00:00","date_gmt":"2022-02-06T23:00:00","guid":{"rendered":"https:\/\/www.france.no\/2022\/culture\/assw-arctic-science-summit-week-2022-2\/"},"modified":"2022-02-07T00:00:00","modified_gmt":"2022-02-06T23:00:00","slug":"assw-arctic-science-summit-week-2022-2","status":"publish","type":"post","link":"https:\/\/www.france.no\/no\/2022\/vitenskap-og-forskning\/assw-arctic-science-summit-week-2022-2\/","title":{"rendered":"ASSW &#8211; Arctic Science Summit Week 2022"},"content":{"rendered":"<p><span style=\"font-size: 12pt;\">Institut fran\u00e7ais de Norv\u00e8ge tilbyr stipender til forskere som \u00f8nsker \u00e5 delta p\u00e5 Arctic Science Summit Week 2022 i Troms\u00f8.\u00a0<\/span><\/p>\n<p>Konferansen, som har som tematikk &laquo;Arctic observing at the intersection of health, understanding, and resilience&raquo;, er organisert av IASC (The\u00a0International Arctic Science Committee<em>)<\/em> fra 26. mars &#8211; 1. april 2022.<\/p>\n<p>Konferansen arrangeres i samarbeid med Universitetet i Troms\u00f8, Norsk Polarinstitutt og Forskningsr\u00e5det.<\/p>\n<p>Forsker du p\u00e5 Arktis? Om du er tilknyttet en fransk h\u00f8yere utdanningsinstitusjon og \u00f8nsker \u00e5 dra til Troms\u00f8 for \u00e5 delta p\u00e5 konferansen, s\u00e5 kan du s\u00f8ke om stipend ved \u00e5 sende CV og motivasjonsbrev til science@france.no f\u00f8r <strong>28. februar 2022<\/strong>.\u00a0<\/p>\n<p>For \u00e5 s\u00f8ke p\u00e5 <a href=\"https:\/\/forskningsradet.pameldingssystem.no\/assw2022-poster-abstract-submission\"><em>Call for poster abstracts \u2013 Science Day \u00ab Arctic Remote Sensing and Remote Sensing Techniques \u00bb<\/em><\/a> og f\u00e5 muligheten til \u00e5 presentere forskningsarbeidet ditt under konferansen, er s\u00f8knadsfristen <strong>13. februar 2022<\/strong>.\u00a0<\/p>\n<p><a href=\"https:\/\/assw.info\/\">Her finner du mer informasjon om ASSW 2022-konferansen.<\/a><\/p>\n","protected":false},"excerpt":{"rendered":"<p>Institut fran\u00e7ais de Norv\u00e8ge tilbyr stipender til forskere som \u00f8nsker \u00e5 delta p\u00e5 Arctic Science Summit Week 2022 i Troms\u00f8.\u00a0 Konferansen, som har som tematikk &laquo;Arctic observing at the intersection of health, understanding, and resilience&raquo;, er organisert av IASC (The\u00a0International Arctic Science Committee) fra 26. mars &#8211; 1. april 2022. Konferansen arrangeres i samarbeid med [&hellip;]<\/p>\n","protected":false},"author":1,"featured_media":928,"comment_status":"closed","ping_status":"closed","sticky":false,"template":"","format":"standard","meta":{"footnotes":""},"categories":[17],"tags":[],"class_list":["post-930","post","type-post","status-publish","format-standard","has-post-thumbnail","hentry","category-vitenskap-og-forskning"],"yoast_head":"<!-- This site is optimized with the Yoast SEO plugin v24.2 - https:\/\/yoast.com\/wordpress\/plugins\/seo\/ -->\n<title>ASSW - Arctic Science Summit Week 2022 - Institut fran\u00e7ais<\/title>\n<meta name=\"robots\" content=\"index, follow, max-snippet:-1, max-image-preview:large, max-video-preview:-1\" \/>\n<link rel=\"canonical\" href=\"https:\/\/www.france.no\/no\/2022\/vitenskap-og-forskning\/assw-arctic-science-summit-week-2022-2\/\" \/>\n<meta property=\"og:locale\" content=\"nb_NO\" \/>\n<meta property=\"og:type\" content=\"article\" \/>\n<meta property=\"og:title\" content=\"ASSW - Arctic Science Summit Week 2022 - Institut fran\u00e7ais\" \/>\n<meta property=\"og:description\" content=\"Institut fran\u00e7ais de Norv\u00e8ge tilbyr stipender til forskere som \u00f8nsker \u00e5 delta p\u00e5 Arctic Science Summit Week 2022 i Troms\u00f8.\u00a0 Konferansen, som har som tematikk &laquo;Arctic observing at the intersection of health, understanding, and resilience&raquo;, er organisert av IASC (The\u00a0International Arctic Science Committee) fra 26. mars &#8211; 1. april 2022. Konferansen arrangeres i samarbeid med [&hellip;]\" \/>\n<meta property=\"og:url\" content=\"https:\/\/www.france.no\/no\/2022\/vitenskap-og-forskning\/assw-arctic-science-summit-week-2022-2\/\" \/>\n<meta property=\"og:site_name\" content=\"Institut fran\u00e7ais\" \/>\n<meta property=\"article:publisher\" content=\"https:\/\/www.facebook.com\/institutfrancaisoslo\" \/>\n<meta property=\"article:published_time\" content=\"2022-02-06T23:00:00+00:00\" \/>\n<meta property=\"og:image\" content=\"https:\/\/www.france.no\/wp-content\/uploads\/2022\/09\/assw-2022.png\" \/>\n\t<meta property=\"og:image:width\" content=\"900\" \/>\n\t<meta property=\"og:image:height\" content=\"362\" \/>\n\t<meta property=\"og:image:type\" content=\"image\/png\" \/>\n<meta name=\"author\" content=\"admin_ifno\" \/>\n<meta name=\"twitter:card\" content=\"summary_large_image\" \/>\n<meta name=\"twitter:creator\" content=\"@ifnorvege\" \/>\n<meta name=\"twitter:site\" content=\"@ifnorvege\" \/>\n<meta name=\"twitter:label1\" content=\"Skrevet av\" \/>\n\t<meta name=\"twitter:data1\" content=\"admin_ifno\" \/>\n\t<meta name=\"twitter:label2\" content=\"Ansl. lesetid\" \/>\n\t<meta name=\"twitter:data2\" content=\"1 minutt\" \/>\n<script type=\"application\/ld+json\" class=\"yoast-schema-graph\">{\"@context\":\"https:\/\/schema.org\",\"@graph\":[{\"@type\":\"Article\",\"@id\":\"https:\/\/www.france.no\/no\/2022\/vitenskap-og-forskning\/assw-arctic-science-summit-week-2022-2\/#article\",\"isPartOf\":{\"@id\":\"https:\/\/www.france.no\/no\/2022\/vitenskap-og-forskning\/assw-arctic-science-summit-week-2022-2\/\"},\"author\":{\"name\":\"admin_ifno\",\"@id\":\"https:\/\/www.france.no\/no\/#\/schema\/person\/4fdc0b263d8f27bb00a55f55d2fa3ab0\"},\"headline\":\"ASSW &#8211; Arctic Science Summit Week 2022\",\"datePublished\":\"2022-02-06T23:00:00+00:00\",\"dateModified\":\"2022-02-06T23:00:00+00:00\",\"mainEntityOfPage\":{\"@id\":\"https:\/\/www.france.no\/no\/2022\/vitenskap-og-forskning\/assw-arctic-science-summit-week-2022-2\/\"},\"wordCount\":146,\"publisher\":{\"@id\":\"https:\/\/www.france.no\/no\/#organization\"},\"image\":{\"@id\":\"https:\/\/www.france.no\/no\/2022\/vitenskap-og-forskning\/assw-arctic-science-summit-week-2022-2\/#primaryimage\"},\"thumbnailUrl\":\"https:\/\/www.france.no\/wp-content\/uploads\/2022\/09\/assw-2022.png\",\"articleSection\":[\"Vitenskap og forskning\"],\"inLanguage\":\"nb-NO\"},{\"@type\":\"WebPage\",\"@id\":\"https:\/\/www.france.no\/no\/2022\/vitenskap-og-forskning\/assw-arctic-science-summit-week-2022-2\/\",\"url\":\"https:\/\/www.france.no\/no\/2022\/vitenskap-og-forskning\/assw-arctic-science-summit-week-2022-2\/\",\"name\":\"ASSW - Arctic Science Summit Week 2022 - Institut fran\u00e7ais\",\"isPartOf\":{\"@id\":\"https:\/\/www.france.no\/no\/#website\"},\"primaryImageOfPage\":{\"@id\":\"https:\/\/www.france.no\/no\/2022\/vitenskap-og-forskning\/assw-arctic-science-summit-week-2022-2\/#primaryimage\"},\"image\":{\"@id\":\"https:\/\/www.france.no\/no\/2022\/vitenskap-og-forskning\/assw-arctic-science-summit-week-2022-2\/#primaryimage\"},\"thumbnailUrl\":\"https:\/\/www.france.no\/wp-content\/uploads\/2022\/09\/assw-2022.png\",\"datePublished\":\"2022-02-06T23:00:00+00:00\",\"dateModified\":\"2022-02-06T23:00:00+00:00\",\"breadcrumb\":{\"@id\":\"https:\/\/www.france.no\/no\/2022\/vitenskap-og-forskning\/assw-arctic-science-summit-week-2022-2\/#breadcrumb\"},\"inLanguage\":\"nb-NO\",\"potentialAction\":[{\"@type\":\"ReadAction\",\"target\":[\"https:\/\/www.france.no\/no\/2022\/vitenskap-og-forskning\/assw-arctic-science-summit-week-2022-2\/\"]}]},{\"@type\":\"ImageObject\",\"inLanguage\":\"nb-NO\",\"@id\":\"https:\/\/www.france.no\/no\/2022\/vitenskap-og-forskning\/assw-arctic-science-summit-week-2022-2\/#primaryimage\",\"url\":\"https:\/\/www.france.no\/wp-content\/uploads\/2022\/09\/assw-2022.png\",\"contentUrl\":\"https:\/\/www.france.no\/wp-content\/uploads\/2022\/09\/assw-2022.png\",\"width\":900,\"height\":362},{\"@type\":\"BreadcrumbList\",\"@id\":\"https:\/\/www.france.no\/no\/2022\/vitenskap-og-forskning\/assw-arctic-science-summit-week-2022-2\/#breadcrumb\",\"itemListElement\":[{\"@type\":\"ListItem\",\"position\":1,\"name\":\"\",\"item\":\"https:\/\/www.france.no\/no\/\"},{\"@type\":\"ListItem\",\"position\":2,\"name\":\"Vitenskap og forskning\",\"item\":\"https:\/\/www.france.no\/no\/category\/vitenskap-og-forskning\/\"},{\"@type\":\"ListItem\",\"position\":3,\"name\":\"ASSW &#8211; Arctic Science Summit Week 2022\"}]},{\"@type\":\"WebSite\",\"@id\":\"https:\/\/www.france.no\/no\/#website\",\"url\":\"https:\/\/www.france.no\/no\/\",\"name\":\"Institut fran\u00e7ais\",\"description\":\"Norv\u00e8ge\",\"publisher\":{\"@id\":\"https:\/\/www.france.no\/no\/#organization\"},\"potentialAction\":[{\"@type\":\"SearchAction\",\"target\":{\"@type\":\"EntryPoint\",\"urlTemplate\":\"https:\/\/www.france.no\/no\/?s={search_term_string}\"},\"query-input\":{\"@type\":\"PropertyValueSpecification\",\"valueRequired\":true,\"valueName\":\"search_term_string\"}}],\"inLanguage\":\"nb-NO\"},{\"@type\":\"Organization\",\"@id\":\"https:\/\/www.france.no\/no\/#organization\",\"name\":\"Institut fran\u00e7ais\",\"url\":\"https:\/\/www.france.no\/no\/\",\"logo\":{\"@type\":\"ImageObject\",\"inLanguage\":\"nb-NO\",\"@id\":\"https:\/\/www.france.no\/no\/#\/schema\/logo\/image\/\",\"url\":\"https:\/\/www.france.no\/wp-content\/uploads\/2022\/11\/IF_Logo_Sans_Bleu_RVB.png\",\"contentUrl\":\"https:\/\/www.france.no\/wp-content\/uploads\/2022\/11\/IF_Logo_Sans_Bleu_RVB.png\",\"width\":852,\"height\":591,\"caption\":\"Institut fran\u00e7ais\"},\"image\":{\"@id\":\"https:\/\/www.france.no\/no\/#\/schema\/logo\/image\/\"},\"sameAs\":[\"https:\/\/www.facebook.com\/institutfrancaisoslo\",\"https:\/\/x.com\/ifnorvege\",\"https:\/\/instagram.com\/ifnorvege\"]},{\"@type\":\"Person\",\"@id\":\"https:\/\/www.france.no\/no\/#\/schema\/person\/4fdc0b263d8f27bb00a55f55d2fa3ab0\",\"name\":\"admin_ifno\",\"image\":{\"@type\":\"ImageObject\",\"inLanguage\":\"nb-NO\",\"@id\":\"https:\/\/www.france.no\/no\/#\/schema\/person\/image\/\",\"url\":\"https:\/\/secure.gravatar.com\/avatar\/20f70e61054e6ae673edda3c0dc13670e46e51786443041c70a7eb2da859ae2a?s=96&d=mm&r=g\",\"contentUrl\":\"https:\/\/secure.gravatar.com\/avatar\/20f70e61054e6ae673edda3c0dc13670e46e51786443041c70a7eb2da859ae2a?s=96&d=mm&r=g\",\"caption\":\"admin_ifno\"},\"sameAs\":[\"https:\/\/www.france.no\"],\"url\":\"https:\/\/www.france.no\/no\/author\/admin_ifno\/\"}]}<\/script>\n<!-- \/ Yoast SEO plugin. -->","yoast_head_json":{"title":"ASSW - Arctic Science Summit Week 2022 - Institut fran\u00e7ais","robots":{"index":"index","follow":"follow","max-snippet":"max-snippet:-1","max-image-preview":"max-image-preview:large","max-video-preview":"max-video-preview:-1"},"canonical":"https:\/\/www.france.no\/no\/2022\/vitenskap-og-forskning\/assw-arctic-science-summit-week-2022-2\/","og_locale":"nb_NO","og_type":"article","og_title":"ASSW - Arctic Science Summit Week 2022 - Institut fran\u00e7ais","og_description":"Institut fran\u00e7ais de Norv\u00e8ge tilbyr stipender til forskere som \u00f8nsker \u00e5 delta p\u00e5 Arctic Science Summit Week 2022 i Troms\u00f8.\u00a0 Konferansen, som har som tematikk &laquo;Arctic observing at the intersection of health, understanding, and resilience&raquo;, er organisert av IASC (The\u00a0International Arctic Science Committee) fra 26. mars &#8211; 1. april 2022. Konferansen arrangeres i samarbeid med [&hellip;]","og_url":"https:\/\/www.france.no\/no\/2022\/vitenskap-og-forskning\/assw-arctic-science-summit-week-2022-2\/","og_site_name":"Institut fran\u00e7ais","article_publisher":"https:\/\/www.facebook.com\/institutfrancaisoslo","article_published_time":"2022-02-06T23:00:00+00:00","og_image":[{"width":900,"height":362,"url":"https:\/\/www.france.no\/wp-content\/uploads\/2022\/09\/assw-2022.png","type":"image\/png"}],"author":"admin_ifno","twitter_card":"summary_large_image","twitter_creator":"@ifnorvege","twitter_site":"@ifnorvege","twitter_misc":{"Skrevet av":"admin_ifno","Ansl. lesetid":"1 minutt"},"schema":{"@context":"https:\/\/schema.org","@graph":[{"@type":"Article","@id":"https:\/\/www.france.no\/no\/2022\/vitenskap-og-forskning\/assw-arctic-science-summit-week-2022-2\/#article","isPartOf":{"@id":"https:\/\/www.france.no\/no\/2022\/vitenskap-og-forskning\/assw-arctic-science-summit-week-2022-2\/"},"author":{"name":"admin_ifno","@id":"https:\/\/www.france.no\/no\/#\/schema\/person\/4fdc0b263d8f27bb00a55f55d2fa3ab0"},"headline":"ASSW &#8211; Arctic Science Summit Week 2022","datePublished":"2022-02-06T23:00:00+00:00","dateModified":"2022-02-06T23:00:00+00:00","mainEntityOfPage":{"@id":"https:\/\/www.france.no\/no\/2022\/vitenskap-og-forskning\/assw-arctic-science-summit-week-2022-2\/"},"wordCount":146,"publisher":{"@id":"https:\/\/www.france.no\/no\/#organization"},"image":{"@id":"https:\/\/www.france.no\/no\/2022\/vitenskap-og-forskning\/assw-arctic-science-summit-week-2022-2\/#primaryimage"},"thumbnailUrl":"https:\/\/www.france.no\/wp-content\/uploads\/2022\/09\/assw-2022.png","articleSection":["Vitenskap og forskning"],"inLanguage":"nb-NO"},{"@type":"WebPage","@id":"https:\/\/www.france.no\/no\/2022\/vitenskap-og-forskning\/assw-arctic-science-summit-week-2022-2\/","url":"https:\/\/www.france.no\/no\/2022\/vitenskap-og-forskning\/assw-arctic-science-summit-week-2022-2\/","name":"ASSW - Arctic Science Summit Week 2022 - Institut fran\u00e7ais","isPartOf":{"@id":"https:\/\/www.france.no\/no\/#website"},"primaryImageOfPage":{"@id":"https:\/\/www.france.no\/no\/2022\/vitenskap-og-forskning\/assw-arctic-science-summit-week-2022-2\/#primaryimage"},"image":{"@id":"https:\/\/www.france.no\/no\/2022\/vitenskap-og-forskning\/assw-arctic-science-summit-week-2022-2\/#primaryimage"},"thumbnailUrl":"https:\/\/www.france.no\/wp-content\/uploads\/2022\/09\/assw-2022.png","datePublished":"2022-02-06T23:00:00+00:00","dateModified":"2022-02-06T23:00:00+00:00","breadcrumb":{"@id":"https:\/\/www.france.no\/no\/2022\/vitenskap-og-forskning\/assw-arctic-science-summit-week-2022-2\/#breadcrumb"},"inLanguage":"nb-NO","potentialAction":[{"@type":"ReadAction","target":["https:\/\/www.france.no\/no\/2022\/vitenskap-og-forskning\/assw-arctic-science-summit-week-2022-2\/"]}]},{"@type":"ImageObject","inLanguage":"nb-NO","@id":"https:\/\/www.france.no\/no\/2022\/vitenskap-og-forskning\/assw-arctic-science-summit-week-2022-2\/#primaryimage","url":"https:\/\/www.france.no\/wp-content\/uploads\/2022\/09\/assw-2022.png","contentUrl":"https:\/\/www.france.no\/wp-content\/uploads\/2022\/09\/assw-2022.png","width":900,"height":362},{"@type":"BreadcrumbList","@id":"https:\/\/www.france.no\/no\/2022\/vitenskap-og-forskning\/assw-arctic-science-summit-week-2022-2\/#breadcrumb","itemListElement":[{"@type":"ListItem","position":1,"name":"","item":"https:\/\/www.france.no\/no\/"},{"@type":"ListItem","position":2,"name":"Vitenskap og forskning","item":"https:\/\/www.france.no\/no\/category\/vitenskap-og-forskning\/"},{"@type":"ListItem","position":3,"name":"ASSW &#8211; Arctic Science Summit Week 2022"}]},{"@type":"WebSite","@id":"https:\/\/www.france.no\/no\/#website","url":"https:\/\/www.france.no\/no\/","name":"Institut fran\u00e7ais","description":"Norv\u00e8ge","publisher":{"@id":"https:\/\/www.france.no\/no\/#organization"},"potentialAction":[{"@type":"SearchAction","target":{"@type":"EntryPoint","urlTemplate":"https:\/\/www.france.no\/no\/?s={search_term_string}"},"query-input":{"@type":"PropertyValueSpecification","valueRequired":true,"valueName":"search_term_string"}}],"inLanguage":"nb-NO"},{"@type":"Organization","@id":"https:\/\/www.france.no\/no\/#organization","name":"Institut fran\u00e7ais","url":"https:\/\/www.france.no\/no\/","logo":{"@type":"ImageObject","inLanguage":"nb-NO","@id":"https:\/\/www.france.no\/no\/#\/schema\/logo\/image\/","url":"https:\/\/www.france.no\/wp-content\/uploads\/2022\/11\/IF_Logo_Sans_Bleu_RVB.png","contentUrl":"https:\/\/www.france.no\/wp-content\/uploads\/2022\/11\/IF_Logo_Sans_Bleu_RVB.png","width":852,"height":591,"caption":"Institut fran\u00e7ais"},"image":{"@id":"https:\/\/www.france.no\/no\/#\/schema\/logo\/image\/"},"sameAs":["https:\/\/www.facebook.com\/institutfrancaisoslo","https:\/\/x.com\/ifnorvege","https:\/\/instagram.com\/ifnorvege"]},{"@type":"Person","@id":"https:\/\/www.france.no\/no\/#\/schema\/person\/4fdc0b263d8f27bb00a55f55d2fa3ab0","name":"admin_ifno","image":{"@type":"ImageObject","inLanguage":"nb-NO","@id":"https:\/\/www.france.no\/no\/#\/schema\/person\/image\/","url":"https:\/\/secure.gravatar.com\/avatar\/20f70e61054e6ae673edda3c0dc13670e46e51786443041c70a7eb2da859ae2a?s=96&d=mm&r=g","contentUrl":"https:\/\/secure.gravatar.com\/avatar\/20f70e61054e6ae673edda3c0dc13670e46e51786443041c70a7eb2da859ae2a?s=96&d=mm&r=g","caption":"admin_ifno"},"sameAs":["https:\/\/www.france.no"],"url":"https:\/\/www.france.no\/no\/author\/admin_ifno\/"}]}},"_links":{"self":[{"href":"https:\/\/www.france.no\/no\/wp-json\/wp\/v2\/posts\/930","targetHints":{"allow":["GET"]}}],"collection":[{"href":"https:\/\/www.france.no\/no\/wp-json\/wp\/v2\/posts"}],"about":[{"href":"https:\/\/www.france.no\/no\/wp-json\/wp\/v2\/types\/post"}],"author":[{"embeddable":true,"href":"https:\/\/www.france.no\/no\/wp-json\/wp\/v2\/users\/1"}],"replies":[{"embeddable":true,"href":"https:\/\/www.france.no\/no\/wp-json\/wp\/v2\/comments?post=930"}],"version-history":[{"count":0,"href":"https:\/\/www.france.no\/no\/wp-json\/wp\/v2\/posts\/930\/revisions"}],"wp:featuredmedia":[{"embeddable":true,"href":"https:\/\/www.france.no\/no\/wp-json\/wp\/v2\/media\/928"}],"wp:attachment":[{"href":"https:\/\/www.france.no\/no\/wp-json\/wp\/v2\/media?parent=930"}],"wp:term":[{"taxonomy":"category","embeddable":true,"href":"https:\/\/www.france.no\/no\/wp-json\/wp\/v2\/categories?post=930"},{"taxonomy":"post_tag","embeddable":true,"href":"https:\/\/www.france.no\/no\/wp-json\/wp\/v2\/tags?post=930"}],"curies":[{"name":"wp","href":"https:\/\/api.w.org\/{rel}","templated":true}]}}