{"id":9308,"date":"2024-10-23T17:17:23","date_gmt":"2024-10-23T15:17:23","guid":{"rendered":"https:\/\/www.france.no\/?p=9308"},"modified":"2024-10-30T15:16:33","modified_gmt":"2024-10-30T14:16:33","slug":"lansering-av-ifprofs-norvege","status":"publish","type":"post","link":"https:\/\/www.france.no\/no\/2024\/utdanning-og-fransk-sprak\/lansering-av-ifprofs-norvege\/","title":{"rendered":"Lansering av IFprofs Norv\u00e8ge"},"content":{"rendered":"\n<p>Institut fran\u00e7ais de Norv\u00e8ge har gleden av \u00e5 lansere <a href=\"https:\/\/ifprofs.org\/\" target=\"_blank\" rel=\"noreferrer noopener\">IFprofs Norv\u00e8ge<\/a>, en plattform skreddersydd for franskl\u00e6rere i Norge.<\/p>\n\n\n\n<p><strong>Med IFprofs Norv\u00e8ge f\u00e5r du:<\/strong><\/p>\n\n\n\n<ul class=\"wp-block-list\">\n<li>Gratis undervisningsressurser som er enkle \u00e5 bruke \u2013 klare til bruk i klasserommet!<\/li>\n\n\n\n<li>Mulighet til \u00e5 lage og dele ressurser med kolleger, samt f\u00e5 dem sertifisert av Institut fran\u00e7ais for global distribusjon.<\/li>\n\n\n\n<li>Gratis nettbaserte kurs for franskl\u00e6rere som du kan ta i ditt eget tempo \u2013 ta pauser og gjenoppta kursene n\u00e5r det passer deg!<\/li>\n\n\n\n<li>Et fellesskapsforum hvor du kan utveksle erfaringer med franskl\u00e6rere fra hele Norge.<\/li>\n\n\n\n<li>Informasjon om kommende kurs og arrangementer fra Institut fran\u00e7ais.<\/li>\n<\/ul>\n\n\n\n<p>For \u00e5 <a href=\"https:\/\/ifprofs.org\/\" target=\"_blank\" rel=\"noreferrer noopener\">bli med<\/a>, klikk p\u00e5 \u00abconnection\u00bb via lenken og velg \u00abNorv\u00e8ge\u00bb under registreringen!<\/p>\n\n\n\n<figure class=\"wp-block-video aligncenter\"><video height=\"1080\" style=\"aspect-ratio: 1920 \/ 1080;\" width=\"1920\" controls src=\"https:\/\/www.france.no\/wp-content\/uploads\/2024\/10\/IFprofs_Video_presentation_Vcourte-3-1.mp4\"><\/video><\/figure>\n\n\n\n<p><\/p>\n","protected":false},"excerpt":{"rendered":"<p>Institut fran\u00e7ais de Norv\u00e8ge har gleden av \u00e5 lansere IFprofs Norv\u00e8ge, en plattform skreddersydd for franskl\u00e6rere i Norge. Med IFprofs Norv\u00e8ge f\u00e5r du: For \u00e5 bli med, klikk p\u00e5 \u00abconnection\u00bb via lenken og velg \u00abNorv\u00e8ge\u00bb under registreringen!<\/p>\n","protected":false},"author":6,"featured_media":9305,"comment_status":"closed","ping_status":"closed","sticky":false,"template":"","format":"standard","meta":{"footnotes":""},"categories":[13],"tags":[],"class_list":["post-9308","post","type-post","status-publish","format-standard","has-post-thumbnail","hentry","category-utdanning-og-fransk-sprak"],"yoast_head":"<!-- This site is optimized with the Yoast SEO plugin v24.2 - https:\/\/yoast.com\/wordpress\/plugins\/seo\/ -->\n<title>Lansering av IFprofs Norv\u00e8ge - Institut fran\u00e7ais<\/title>\n<meta name=\"robots\" content=\"index, follow, max-snippet:-1, max-image-preview:large, max-video-preview:-1\" \/>\n<link rel=\"canonical\" href=\"https:\/\/www.france.no\/no\/2024\/utdanning-og-fransk-sprak\/lansering-av-ifprofs-norvege\/\" \/>\n<meta property=\"og:locale\" content=\"nb_NO\" \/>\n<meta property=\"og:type\" content=\"article\" \/>\n<meta property=\"og:title\" content=\"Lansering av IFprofs Norv\u00e8ge - Institut fran\u00e7ais\" \/>\n<meta property=\"og:description\" content=\"Institut fran\u00e7ais de Norv\u00e8ge har gleden av \u00e5 lansere IFprofs Norv\u00e8ge, en plattform skreddersydd for franskl\u00e6rere i Norge. Med IFprofs Norv\u00e8ge f\u00e5r du: For \u00e5 bli med, klikk p\u00e5 \u00abconnection\u00bb via lenken og velg \u00abNorv\u00e8ge\u00bb under registreringen!\" \/>\n<meta property=\"og:url\" content=\"https:\/\/www.france.no\/no\/2024\/utdanning-og-fransk-sprak\/lansering-av-ifprofs-norvege\/\" \/>\n<meta property=\"og:site_name\" content=\"Institut fran\u00e7ais\" \/>\n<meta property=\"article:publisher\" content=\"https:\/\/www.facebook.com\/institutfrancaisoslo\" \/>\n<meta property=\"article:published_time\" content=\"2024-10-23T15:17:23+00:00\" \/>\n<meta property=\"article:modified_time\" content=\"2024-10-30T14:16:33+00:00\" \/>\n<meta property=\"og:image\" content=\"https:\/\/www.france.no\/wp-content\/uploads\/2024\/10\/IFprof-2-1024x575.png\" \/>\n\t<meta property=\"og:image:width\" content=\"1024\" \/>\n\t<meta property=\"og:image:height\" content=\"575\" \/>\n\t<meta property=\"og:image:type\" content=\"image\/png\" \/>\n<meta name=\"author\" content=\"P\u00f4le Communication\" \/>\n<meta name=\"twitter:card\" content=\"summary_large_image\" \/>\n<meta name=\"twitter:creator\" content=\"@ifnorvege\" \/>\n<meta name=\"twitter:site\" content=\"@ifnorvege\" \/>\n<meta name=\"twitter:label1\" content=\"Skrevet av\" \/>\n\t<meta name=\"twitter:data1\" content=\"P\u00f4le Communication\" \/>\n\t<meta name=\"twitter:label2\" content=\"Ansl. lesetid\" \/>\n\t<meta name=\"twitter:data2\" content=\"1 minutt\" \/>\n<script type=\"application\/ld+json\" class=\"yoast-schema-graph\">{\"@context\":\"https:\/\/schema.org\",\"@graph\":[{\"@type\":\"Article\",\"@id\":\"https:\/\/www.france.no\/no\/2024\/utdanning-og-fransk-sprak\/lansering-av-ifprofs-norvege\/#article\",\"isPartOf\":{\"@id\":\"https:\/\/www.france.no\/no\/2024\/utdanning-og-fransk-sprak\/lansering-av-ifprofs-norvege\/\"},\"author\":{\"name\":\"P\u00f4le Communication\",\"@id\":\"https:\/\/www.france.no\/no\/#\/schema\/person\/e911222e8703f294589a6d80b1c16f97\"},\"headline\":\"Lansering av IFprofs Norv\u00e8ge\",\"datePublished\":\"2024-10-23T15:17:23+00:00\",\"dateModified\":\"2024-10-30T14:16:33+00:00\",\"mainEntityOfPage\":{\"@id\":\"https:\/\/www.france.no\/no\/2024\/utdanning-og-fransk-sprak\/lansering-av-ifprofs-norvege\/\"},\"wordCount\":124,\"publisher\":{\"@id\":\"https:\/\/www.france.no\/no\/#organization\"},\"image\":{\"@id\":\"https:\/\/www.france.no\/no\/2024\/utdanning-og-fransk-sprak\/lansering-av-ifprofs-norvege\/#primaryimage\"},\"thumbnailUrl\":\"https:\/\/www.france.no\/wp-content\/uploads\/2024\/10\/IFprof-2-1098x617.png\",\"articleSection\":[\"Utdannelse og Fransk spr\u00e5ksamarbeid\"],\"inLanguage\":\"nb-NO\"},{\"@type\":\"WebPage\",\"@id\":\"https:\/\/www.france.no\/no\/2024\/utdanning-og-fransk-sprak\/lansering-av-ifprofs-norvege\/\",\"url\":\"https:\/\/www.france.no\/no\/2024\/utdanning-og-fransk-sprak\/lansering-av-ifprofs-norvege\/\",\"name\":\"Lansering av IFprofs Norv\u00e8ge - Institut fran\u00e7ais\",\"isPartOf\":{\"@id\":\"https:\/\/www.france.no\/no\/#website\"},\"primaryImageOfPage\":{\"@id\":\"https:\/\/www.france.no\/no\/2024\/utdanning-og-fransk-sprak\/lansering-av-ifprofs-norvege\/#primaryimage\"},\"image\":{\"@id\":\"https:\/\/www.france.no\/no\/2024\/utdanning-og-fransk-sprak\/lansering-av-ifprofs-norvege\/#primaryimage\"},\"thumbnailUrl\":\"https:\/\/www.france.no\/wp-content\/uploads\/2024\/10\/IFprof-2-1098x617.png\",\"datePublished\":\"2024-10-23T15:17:23+00:00\",\"dateModified\":\"2024-10-30T14:16:33+00:00\",\"breadcrumb\":{\"@id\":\"https:\/\/www.france.no\/no\/2024\/utdanning-og-fransk-sprak\/lansering-av-ifprofs-norvege\/#breadcrumb\"},\"inLanguage\":\"nb-NO\",\"potentialAction\":[{\"@type\":\"ReadAction\",\"target\":[\"https:\/\/www.france.no\/no\/2024\/utdanning-og-fransk-sprak\/lansering-av-ifprofs-norvege\/\"]}]},{\"@type\":\"ImageObject\",\"inLanguage\":\"nb-NO\",\"@id\":\"https:\/\/www.france.no\/no\/2024\/utdanning-og-fransk-sprak\/lansering-av-ifprofs-norvege\/#primaryimage\",\"url\":\"https:\/\/www.france.no\/wp-content\/uploads\/2024\/10\/IFprof-2-1098x617.png\",\"contentUrl\":\"https:\/\/www.france.no\/wp-content\/uploads\/2024\/10\/IFprof-2-1098x617.png\",\"width\":3431,\"height\":1928},{\"@type\":\"BreadcrumbList\",\"@id\":\"https:\/\/www.france.no\/no\/2024\/utdanning-og-fransk-sprak\/lansering-av-ifprofs-norvege\/#breadcrumb\",\"itemListElement\":[{\"@type\":\"ListItem\",\"position\":1,\"name\":\"\",\"item\":\"https:\/\/www.france.no\/no\/\"},{\"@type\":\"ListItem\",\"position\":2,\"name\":\"Utdannelse og Fransk spr\u00e5ksamarbeid\",\"item\":\"https:\/\/www.france.no\/no\/category\/utdanning-og-fransk-sprak\/\"},{\"@type\":\"ListItem\",\"position\":3,\"name\":\"Lansering av IFprofs Norv\u00e8ge\"}]},{\"@type\":\"WebSite\",\"@id\":\"https:\/\/www.france.no\/no\/#website\",\"url\":\"https:\/\/www.france.no\/no\/\",\"name\":\"Institut fran\u00e7ais\",\"description\":\"Norv\u00e8ge\",\"publisher\":{\"@id\":\"https:\/\/www.france.no\/no\/#organization\"},\"potentialAction\":[{\"@type\":\"SearchAction\",\"target\":{\"@type\":\"EntryPoint\",\"urlTemplate\":\"https:\/\/www.france.no\/no\/?s={search_term_string}\"},\"query-input\":{\"@type\":\"PropertyValueSpecification\",\"valueRequired\":true,\"valueName\":\"search_term_string\"}}],\"inLanguage\":\"nb-NO\"},{\"@type\":\"Organization\",\"@id\":\"https:\/\/www.france.no\/no\/#organization\",\"name\":\"Institut fran\u00e7ais\",\"url\":\"https:\/\/www.france.no\/no\/\",\"logo\":{\"@type\":\"ImageObject\",\"inLanguage\":\"nb-NO\",\"@id\":\"https:\/\/www.france.no\/no\/#\/schema\/logo\/image\/\",\"url\":\"https:\/\/www.france.no\/wp-content\/uploads\/2022\/11\/IF_Logo_Sans_Bleu_RVB.png\",\"contentUrl\":\"https:\/\/www.france.no\/wp-content\/uploads\/2022\/11\/IF_Logo_Sans_Bleu_RVB.png\",\"width\":852,\"height\":591,\"caption\":\"Institut fran\u00e7ais\"},\"image\":{\"@id\":\"https:\/\/www.france.no\/no\/#\/schema\/logo\/image\/\"},\"sameAs\":[\"https:\/\/www.facebook.com\/institutfrancaisoslo\",\"https:\/\/x.com\/ifnorvege\",\"https:\/\/instagram.com\/ifnorvege\"]},{\"@type\":\"Person\",\"@id\":\"https:\/\/www.france.no\/no\/#\/schema\/person\/e911222e8703f294589a6d80b1c16f97\",\"name\":\"P\u00f4le Communication\",\"image\":{\"@type\":\"ImageObject\",\"inLanguage\":\"nb-NO\",\"@id\":\"https:\/\/www.france.no\/no\/#\/schema\/person\/image\/\",\"url\":\"https:\/\/secure.gravatar.com\/avatar\/20ae085a8b5fd613a02d28588389144802d3ba9408c852b2c6c7c4b17cc39660?s=96&d=mm&r=g\",\"contentUrl\":\"https:\/\/secure.gravatar.com\/avatar\/20ae085a8b5fd613a02d28588389144802d3ba9408c852b2c6c7c4b17cc39660?s=96&d=mm&r=g\",\"caption\":\"P\u00f4le Communication\"},\"url\":\"https:\/\/www.france.no\/no\/author\/polecom\/\"}]}<\/script>\n<!-- \/ Yoast SEO plugin. -->","yoast_head_json":{"title":"Lansering av IFprofs Norv\u00e8ge - Institut fran\u00e7ais","robots":{"index":"index","follow":"follow","max-snippet":"max-snippet:-1","max-image-preview":"max-image-preview:large","max-video-preview":"max-video-preview:-1"},"canonical":"https:\/\/www.france.no\/no\/2024\/utdanning-og-fransk-sprak\/lansering-av-ifprofs-norvege\/","og_locale":"nb_NO","og_type":"article","og_title":"Lansering av IFprofs Norv\u00e8ge - Institut fran\u00e7ais","og_description":"Institut fran\u00e7ais de Norv\u00e8ge har gleden av \u00e5 lansere IFprofs Norv\u00e8ge, en plattform skreddersydd for franskl\u00e6rere i Norge. Med IFprofs Norv\u00e8ge f\u00e5r du: For \u00e5 bli med, klikk p\u00e5 \u00abconnection\u00bb via lenken og velg \u00abNorv\u00e8ge\u00bb under registreringen!","og_url":"https:\/\/www.france.no\/no\/2024\/utdanning-og-fransk-sprak\/lansering-av-ifprofs-norvege\/","og_site_name":"Institut fran\u00e7ais","article_publisher":"https:\/\/www.facebook.com\/institutfrancaisoslo","article_published_time":"2024-10-23T15:17:23+00:00","article_modified_time":"2024-10-30T14:16:33+00:00","og_image":[{"width":1024,"height":575,"url":"https:\/\/www.france.no\/wp-content\/uploads\/2024\/10\/IFprof-2-1024x575.png","type":"image\/png"}],"author":"P\u00f4le Communication","twitter_card":"summary_large_image","twitter_creator":"@ifnorvege","twitter_site":"@ifnorvege","twitter_misc":{"Skrevet av":"P\u00f4le Communication","Ansl. lesetid":"1 minutt"},"schema":{"@context":"https:\/\/schema.org","@graph":[{"@type":"Article","@id":"https:\/\/www.france.no\/no\/2024\/utdanning-og-fransk-sprak\/lansering-av-ifprofs-norvege\/#article","isPartOf":{"@id":"https:\/\/www.france.no\/no\/2024\/utdanning-og-fransk-sprak\/lansering-av-ifprofs-norvege\/"},"author":{"name":"P\u00f4le Communication","@id":"https:\/\/www.france.no\/no\/#\/schema\/person\/e911222e8703f294589a6d80b1c16f97"},"headline":"Lansering av IFprofs Norv\u00e8ge","datePublished":"2024-10-23T15:17:23+00:00","dateModified":"2024-10-30T14:16:33+00:00","mainEntityOfPage":{"@id":"https:\/\/www.france.no\/no\/2024\/utdanning-og-fransk-sprak\/lansering-av-ifprofs-norvege\/"},"wordCount":124,"publisher":{"@id":"https:\/\/www.france.no\/no\/#organization"},"image":{"@id":"https:\/\/www.france.no\/no\/2024\/utdanning-og-fransk-sprak\/lansering-av-ifprofs-norvege\/#primaryimage"},"thumbnailUrl":"https:\/\/www.france.no\/wp-content\/uploads\/2024\/10\/IFprof-2-1098x617.png","articleSection":["Utdannelse og Fransk spr\u00e5ksamarbeid"],"inLanguage":"nb-NO"},{"@type":"WebPage","@id":"https:\/\/www.france.no\/no\/2024\/utdanning-og-fransk-sprak\/lansering-av-ifprofs-norvege\/","url":"https:\/\/www.france.no\/no\/2024\/utdanning-og-fransk-sprak\/lansering-av-ifprofs-norvege\/","name":"Lansering av IFprofs Norv\u00e8ge - Institut fran\u00e7ais","isPartOf":{"@id":"https:\/\/www.france.no\/no\/#website"},"primaryImageOfPage":{"@id":"https:\/\/www.france.no\/no\/2024\/utdanning-og-fransk-sprak\/lansering-av-ifprofs-norvege\/#primaryimage"},"image":{"@id":"https:\/\/www.france.no\/no\/2024\/utdanning-og-fransk-sprak\/lansering-av-ifprofs-norvege\/#primaryimage"},"thumbnailUrl":"https:\/\/www.france.no\/wp-content\/uploads\/2024\/10\/IFprof-2-1098x617.png","datePublished":"2024-10-23T15:17:23+00:00","dateModified":"2024-10-30T14:16:33+00:00","breadcrumb":{"@id":"https:\/\/www.france.no\/no\/2024\/utdanning-og-fransk-sprak\/lansering-av-ifprofs-norvege\/#breadcrumb"},"inLanguage":"nb-NO","potentialAction":[{"@type":"ReadAction","target":["https:\/\/www.france.no\/no\/2024\/utdanning-og-fransk-sprak\/lansering-av-ifprofs-norvege\/"]}]},{"@type":"ImageObject","inLanguage":"nb-NO","@id":"https:\/\/www.france.no\/no\/2024\/utdanning-og-fransk-sprak\/lansering-av-ifprofs-norvege\/#primaryimage","url":"https:\/\/www.france.no\/wp-content\/uploads\/2024\/10\/IFprof-2-1098x617.png","contentUrl":"https:\/\/www.france.no\/wp-content\/uploads\/2024\/10\/IFprof-2-1098x617.png","width":3431,"height":1928},{"@type":"BreadcrumbList","@id":"https:\/\/www.france.no\/no\/2024\/utdanning-og-fransk-sprak\/lansering-av-ifprofs-norvege\/#breadcrumb","itemListElement":[{"@type":"ListItem","position":1,"name":"","item":"https:\/\/www.france.no\/no\/"},{"@type":"ListItem","position":2,"name":"Utdannelse og Fransk spr\u00e5ksamarbeid","item":"https:\/\/www.france.no\/no\/category\/utdanning-og-fransk-sprak\/"},{"@type":"ListItem","position":3,"name":"Lansering av IFprofs Norv\u00e8ge"}]},{"@type":"WebSite","@id":"https:\/\/www.france.no\/no\/#website","url":"https:\/\/www.france.no\/no\/","name":"Institut fran\u00e7ais","description":"Norv\u00e8ge","publisher":{"@id":"https:\/\/www.france.no\/no\/#organization"},"potentialAction":[{"@type":"SearchAction","target":{"@type":"EntryPoint","urlTemplate":"https:\/\/www.france.no\/no\/?s={search_term_string}"},"query-input":{"@type":"PropertyValueSpecification","valueRequired":true,"valueName":"search_term_string"}}],"inLanguage":"nb-NO"},{"@type":"Organization","@id":"https:\/\/www.france.no\/no\/#organization","name":"Institut fran\u00e7ais","url":"https:\/\/www.france.no\/no\/","logo":{"@type":"ImageObject","inLanguage":"nb-NO","@id":"https:\/\/www.france.no\/no\/#\/schema\/logo\/image\/","url":"https:\/\/www.france.no\/wp-content\/uploads\/2022\/11\/IF_Logo_Sans_Bleu_RVB.png","contentUrl":"https:\/\/www.france.no\/wp-content\/uploads\/2022\/11\/IF_Logo_Sans_Bleu_RVB.png","width":852,"height":591,"caption":"Institut fran\u00e7ais"},"image":{"@id":"https:\/\/www.france.no\/no\/#\/schema\/logo\/image\/"},"sameAs":["https:\/\/www.facebook.com\/institutfrancaisoslo","https:\/\/x.com\/ifnorvege","https:\/\/instagram.com\/ifnorvege"]},{"@type":"Person","@id":"https:\/\/www.france.no\/no\/#\/schema\/person\/e911222e8703f294589a6d80b1c16f97","name":"P\u00f4le Communication","image":{"@type":"ImageObject","inLanguage":"nb-NO","@id":"https:\/\/www.france.no\/no\/#\/schema\/person\/image\/","url":"https:\/\/secure.gravatar.com\/avatar\/20ae085a8b5fd613a02d28588389144802d3ba9408c852b2c6c7c4b17cc39660?s=96&d=mm&r=g","contentUrl":"https:\/\/secure.gravatar.com\/avatar\/20ae085a8b5fd613a02d28588389144802d3ba9408c852b2c6c7c4b17cc39660?s=96&d=mm&r=g","caption":"P\u00f4le Communication"},"url":"https:\/\/www.france.no\/no\/author\/polecom\/"}]}},"_links":{"self":[{"href":"https:\/\/www.france.no\/no\/wp-json\/wp\/v2\/posts\/9308","targetHints":{"allow":["GET"]}}],"collection":[{"href":"https:\/\/www.france.no\/no\/wp-json\/wp\/v2\/posts"}],"about":[{"href":"https:\/\/www.france.no\/no\/wp-json\/wp\/v2\/types\/post"}],"author":[{"embeddable":true,"href":"https:\/\/www.france.no\/no\/wp-json\/wp\/v2\/users\/6"}],"replies":[{"embeddable":true,"href":"https:\/\/www.france.no\/no\/wp-json\/wp\/v2\/comments?post=9308"}],"version-history":[{"count":6,"href":"https:\/\/www.france.no\/no\/wp-json\/wp\/v2\/posts\/9308\/revisions"}],"predecessor-version":[{"id":9329,"href":"https:\/\/www.france.no\/no\/wp-json\/wp\/v2\/posts\/9308\/revisions\/9329"}],"wp:featuredmedia":[{"embeddable":true,"href":"https:\/\/www.france.no\/no\/wp-json\/wp\/v2\/media\/9305"}],"wp:attachment":[{"href":"https:\/\/www.france.no\/no\/wp-json\/wp\/v2\/media?parent=9308"}],"wp:term":[{"taxonomy":"category","embeddable":true,"href":"https:\/\/www.france.no\/no\/wp-json\/wp\/v2\/categories?post=9308"},{"taxonomy":"post_tag","embeddable":true,"href":"https:\/\/www.france.no\/no\/wp-json\/wp\/v2\/tags?post=9308"}],"curies":[{"name":"wp","href":"https:\/\/api.w.org\/{rel}","templated":true}]}}