{"id":989,"date":"2021-12-07T00:00:00","date_gmt":"2021-12-06T23:00:00","guid":{"rendered":"https:\/\/www.france.no\/2021\/kultur\/seminar-for-fransklaerere-i-oslo-11-februar-2022\/"},"modified":"2021-12-07T00:00:00","modified_gmt":"2021-12-06T23:00:00","slug":"seminar-for-fransklaerere-i-oslo-11-februar-2022","status":"publish","type":"post","link":"https:\/\/www.france.no\/no\/2021\/utdanning-og-fransk-sprak\/seminar-for-fransklaerere-i-oslo-11-februar-2022\/","title":{"rendered":"Seminar for franskl\u00e6rere i Oslo 11. februar 2022!"},"content":{"rendered":"<p>Tusen takk til alle som deltok og bidro til at v\u00e5rt seminar for franskl\u00e6rere i Oslo 11. februar ble en stor suksess!<\/p>\n<p>Seminardagen besto av forskjellige workshoper der m\u00e5let var \u00e5 tilby b\u00e5de pedagogisk og faglig p\u00e5fyll til de deltagende franskl\u00e6rerne. Vi hadde gleden av \u00e5 ta en prat med to av kursholderne, franskl\u00e6rerne <strong>Camille Bardyn<\/strong> og <strong>Camille Quiquerez<\/strong>, der de deler av sine pedagogiske verkt\u00f8y. <a href=\"https:\/\/www.france.no\/oslo\/seminaire-pour-les-professeurs-de-francais-a-oslo-le-11-fevrier\/\">Les intervjuene med dem p\u00e5 den franske siden.<\/a><\/p>\n<p>&nbsp;<\/p>\n<p><a href=\"https:\/\/www.france.no\/wp-content\/uploads\/2022\/01\/seminaire-prof-francais-11_02-1.pdf\">Programmet er endelig kommet, og du kan finne det ved \u00e5 trykke p\u00e5 denne linken.<\/a><\/p>\n<p>Seminaret organiseres i samarbeid med ANEF, Fremmespr\u00e5ksenteret og Fransk Kulturhus og vil foreg\u00e5 i l&#8217;Institut fran\u00e7ais de Norv\u00e8ge sine lokaler i Holtegata 29.\u00a0<\/p>\n<p>&nbsp;<\/p>\n<p>&nbsp;<\/p>\n","protected":false},"excerpt":{"rendered":"<p>Tusen takk til alle som deltok og bidro til at v\u00e5rt seminar for franskl\u00e6rere i Oslo 11. februar ble en stor suksess! Seminardagen besto av forskjellige workshoper der m\u00e5let var \u00e5 tilby b\u00e5de pedagogisk og faglig p\u00e5fyll til de deltagende franskl\u00e6rerne. Vi hadde gleden av \u00e5 ta en prat med to av kursholderne, franskl\u00e6rerne Camille [&hellip;]<\/p>\n","protected":false},"author":1,"featured_media":990,"comment_status":"closed","ping_status":"closed","sticky":false,"template":"","format":"standard","meta":{"footnotes":""},"categories":[13],"tags":[],"class_list":["post-989","post","type-post","status-publish","format-standard","has-post-thumbnail","hentry","category-utdanning-og-fransk-sprak"],"yoast_head":"<!-- This site is optimized with the Yoast SEO plugin v24.2 - https:\/\/yoast.com\/wordpress\/plugins\/seo\/ -->\n<title>Seminar for franskl\u00e6rere i Oslo 11. februar 2022! - Institut fran\u00e7ais<\/title>\n<meta name=\"robots\" content=\"index, follow, max-snippet:-1, max-image-preview:large, max-video-preview:-1\" \/>\n<link rel=\"canonical\" href=\"https:\/\/www.france.no\/no\/2021\/utdanning-og-fransk-sprak\/seminar-for-fransklaerere-i-oslo-11-februar-2022\/\" \/>\n<meta property=\"og:locale\" content=\"nb_NO\" \/>\n<meta property=\"og:type\" content=\"article\" \/>\n<meta property=\"og:title\" content=\"Seminar for franskl\u00e6rere i Oslo 11. februar 2022! - Institut fran\u00e7ais\" \/>\n<meta property=\"og:description\" content=\"Tusen takk til alle som deltok og bidro til at v\u00e5rt seminar for franskl\u00e6rere i Oslo 11. februar ble en stor suksess! Seminardagen besto av forskjellige workshoper der m\u00e5let var \u00e5 tilby b\u00e5de pedagogisk og faglig p\u00e5fyll til de deltagende franskl\u00e6rerne. Vi hadde gleden av \u00e5 ta en prat med to av kursholderne, franskl\u00e6rerne Camille [&hellip;]\" \/>\n<meta property=\"og:url\" content=\"https:\/\/www.france.no\/no\/2021\/utdanning-og-fransk-sprak\/seminar-for-fransklaerere-i-oslo-11-februar-2022\/\" \/>\n<meta property=\"og:site_name\" content=\"Institut fran\u00e7ais\" \/>\n<meta property=\"article:publisher\" content=\"https:\/\/www.facebook.com\/institutfrancaisoslo\" \/>\n<meta property=\"article:published_time\" content=\"2021-12-06T23:00:00+00:00\" \/>\n<meta property=\"og:image\" content=\"https:\/\/www.france.no\/wp-content\/uploads\/2022\/09\/seminaire-ifn-1-scaled-2-1098x617.jpg\" \/>\n\t<meta property=\"og:image:width\" content=\"2560\" \/>\n\t<meta property=\"og:image:height\" content=\"932\" \/>\n\t<meta property=\"og:image:type\" content=\"image\/jpeg\" \/>\n<meta name=\"author\" content=\"admin_ifno\" \/>\n<meta name=\"twitter:card\" content=\"summary_large_image\" \/>\n<meta name=\"twitter:creator\" content=\"@ifnorvege\" \/>\n<meta name=\"twitter:site\" content=\"@ifnorvege\" \/>\n<meta name=\"twitter:label1\" content=\"Skrevet av\" \/>\n\t<meta name=\"twitter:data1\" content=\"admin_ifno\" \/>\n\t<meta name=\"twitter:label2\" content=\"Ansl. lesetid\" \/>\n\t<meta name=\"twitter:data2\" content=\"1 minutt\" \/>\n<script type=\"application\/ld+json\" class=\"yoast-schema-graph\">{\"@context\":\"https:\/\/schema.org\",\"@graph\":[{\"@type\":\"Article\",\"@id\":\"https:\/\/www.france.no\/no\/2021\/utdanning-og-fransk-sprak\/seminar-for-fransklaerere-i-oslo-11-februar-2022\/#article\",\"isPartOf\":{\"@id\":\"https:\/\/www.france.no\/no\/2021\/utdanning-og-fransk-sprak\/seminar-for-fransklaerere-i-oslo-11-februar-2022\/\"},\"author\":{\"name\":\"admin_ifno\",\"@id\":\"https:\/\/www.france.no\/no\/#\/schema\/person\/4fdc0b263d8f27bb00a55f55d2fa3ab0\"},\"headline\":\"Seminar for franskl\u00e6rere i Oslo 11. februar 2022!\",\"datePublished\":\"2021-12-06T23:00:00+00:00\",\"dateModified\":\"2021-12-06T23:00:00+00:00\",\"mainEntityOfPage\":{\"@id\":\"https:\/\/www.france.no\/no\/2021\/utdanning-og-fransk-sprak\/seminar-for-fransklaerere-i-oslo-11-februar-2022\/\"},\"wordCount\":129,\"publisher\":{\"@id\":\"https:\/\/www.france.no\/no\/#organization\"},\"image\":{\"@id\":\"https:\/\/www.france.no\/no\/2021\/utdanning-og-fransk-sprak\/seminar-for-fransklaerere-i-oslo-11-februar-2022\/#primaryimage\"},\"thumbnailUrl\":\"https:\/\/www.france.no\/wp-content\/uploads\/2022\/09\/seminaire-ifn-1-scaled-2-1098x617.jpg\",\"articleSection\":[\"Utdannelse og Fransk spr\u00e5ksamarbeid\"],\"inLanguage\":\"nb-NO\"},{\"@type\":\"WebPage\",\"@id\":\"https:\/\/www.france.no\/no\/2021\/utdanning-og-fransk-sprak\/seminar-for-fransklaerere-i-oslo-11-februar-2022\/\",\"url\":\"https:\/\/www.france.no\/no\/2021\/utdanning-og-fransk-sprak\/seminar-for-fransklaerere-i-oslo-11-februar-2022\/\",\"name\":\"Seminar for franskl\u00e6rere i Oslo 11. februar 2022! - Institut fran\u00e7ais\",\"isPartOf\":{\"@id\":\"https:\/\/www.france.no\/no\/#website\"},\"primaryImageOfPage\":{\"@id\":\"https:\/\/www.france.no\/no\/2021\/utdanning-og-fransk-sprak\/seminar-for-fransklaerere-i-oslo-11-februar-2022\/#primaryimage\"},\"image\":{\"@id\":\"https:\/\/www.france.no\/no\/2021\/utdanning-og-fransk-sprak\/seminar-for-fransklaerere-i-oslo-11-februar-2022\/#primaryimage\"},\"thumbnailUrl\":\"https:\/\/www.france.no\/wp-content\/uploads\/2022\/09\/seminaire-ifn-1-scaled-2-1098x617.jpg\",\"datePublished\":\"2021-12-06T23:00:00+00:00\",\"dateModified\":\"2021-12-06T23:00:00+00:00\",\"breadcrumb\":{\"@id\":\"https:\/\/www.france.no\/no\/2021\/utdanning-og-fransk-sprak\/seminar-for-fransklaerere-i-oslo-11-februar-2022\/#breadcrumb\"},\"inLanguage\":\"nb-NO\",\"potentialAction\":[{\"@type\":\"ReadAction\",\"target\":[\"https:\/\/www.france.no\/no\/2021\/utdanning-og-fransk-sprak\/seminar-for-fransklaerere-i-oslo-11-februar-2022\/\"]}]},{\"@type\":\"ImageObject\",\"inLanguage\":\"nb-NO\",\"@id\":\"https:\/\/www.france.no\/no\/2021\/utdanning-og-fransk-sprak\/seminar-for-fransklaerere-i-oslo-11-februar-2022\/#primaryimage\",\"url\":\"https:\/\/www.france.no\/wp-content\/uploads\/2022\/09\/seminaire-ifn-1-scaled-2-1098x617.jpg\",\"contentUrl\":\"https:\/\/www.france.no\/wp-content\/uploads\/2022\/09\/seminaire-ifn-1-scaled-2-1098x617.jpg\",\"width\":2560,\"height\":932},{\"@type\":\"BreadcrumbList\",\"@id\":\"https:\/\/www.france.no\/no\/2021\/utdanning-og-fransk-sprak\/seminar-for-fransklaerere-i-oslo-11-februar-2022\/#breadcrumb\",\"itemListElement\":[{\"@type\":\"ListItem\",\"position\":1,\"name\":\"\",\"item\":\"https:\/\/www.france.no\/no\/\"},{\"@type\":\"ListItem\",\"position\":2,\"name\":\"Utdannelse og Fransk spr\u00e5ksamarbeid\",\"item\":\"https:\/\/www.france.no\/no\/category\/utdanning-og-fransk-sprak\/\"},{\"@type\":\"ListItem\",\"position\":3,\"name\":\"Seminar for franskl\u00e6rere i Oslo 11. februar 2022!\"}]},{\"@type\":\"WebSite\",\"@id\":\"https:\/\/www.france.no\/no\/#website\",\"url\":\"https:\/\/www.france.no\/no\/\",\"name\":\"Institut fran\u00e7ais\",\"description\":\"Norv\u00e8ge\",\"publisher\":{\"@id\":\"https:\/\/www.france.no\/no\/#organization\"},\"potentialAction\":[{\"@type\":\"SearchAction\",\"target\":{\"@type\":\"EntryPoint\",\"urlTemplate\":\"https:\/\/www.france.no\/no\/?s={search_term_string}\"},\"query-input\":{\"@type\":\"PropertyValueSpecification\",\"valueRequired\":true,\"valueName\":\"search_term_string\"}}],\"inLanguage\":\"nb-NO\"},{\"@type\":\"Organization\",\"@id\":\"https:\/\/www.france.no\/no\/#organization\",\"name\":\"Institut fran\u00e7ais\",\"url\":\"https:\/\/www.france.no\/no\/\",\"logo\":{\"@type\":\"ImageObject\",\"inLanguage\":\"nb-NO\",\"@id\":\"https:\/\/www.france.no\/no\/#\/schema\/logo\/image\/\",\"url\":\"https:\/\/www.france.no\/wp-content\/uploads\/2022\/11\/IF_Logo_Sans_Bleu_RVB.png\",\"contentUrl\":\"https:\/\/www.france.no\/wp-content\/uploads\/2022\/11\/IF_Logo_Sans_Bleu_RVB.png\",\"width\":852,\"height\":591,\"caption\":\"Institut fran\u00e7ais\"},\"image\":{\"@id\":\"https:\/\/www.france.no\/no\/#\/schema\/logo\/image\/\"},\"sameAs\":[\"https:\/\/www.facebook.com\/institutfrancaisoslo\",\"https:\/\/x.com\/ifnorvege\",\"https:\/\/instagram.com\/ifnorvege\"]},{\"@type\":\"Person\",\"@id\":\"https:\/\/www.france.no\/no\/#\/schema\/person\/4fdc0b263d8f27bb00a55f55d2fa3ab0\",\"name\":\"admin_ifno\",\"image\":{\"@type\":\"ImageObject\",\"inLanguage\":\"nb-NO\",\"@id\":\"https:\/\/www.france.no\/no\/#\/schema\/person\/image\/\",\"url\":\"https:\/\/secure.gravatar.com\/avatar\/20f70e61054e6ae673edda3c0dc13670e46e51786443041c70a7eb2da859ae2a?s=96&d=mm&r=g\",\"contentUrl\":\"https:\/\/secure.gravatar.com\/avatar\/20f70e61054e6ae673edda3c0dc13670e46e51786443041c70a7eb2da859ae2a?s=96&d=mm&r=g\",\"caption\":\"admin_ifno\"},\"sameAs\":[\"https:\/\/www.france.no\"],\"url\":\"https:\/\/www.france.no\/no\/author\/admin_ifno\/\"}]}<\/script>\n<!-- \/ Yoast SEO plugin. -->","yoast_head_json":{"title":"Seminar for franskl\u00e6rere i Oslo 11. februar 2022! - Institut fran\u00e7ais","robots":{"index":"index","follow":"follow","max-snippet":"max-snippet:-1","max-image-preview":"max-image-preview:large","max-video-preview":"max-video-preview:-1"},"canonical":"https:\/\/www.france.no\/no\/2021\/utdanning-og-fransk-sprak\/seminar-for-fransklaerere-i-oslo-11-februar-2022\/","og_locale":"nb_NO","og_type":"article","og_title":"Seminar for franskl\u00e6rere i Oslo 11. februar 2022! - Institut fran\u00e7ais","og_description":"Tusen takk til alle som deltok og bidro til at v\u00e5rt seminar for franskl\u00e6rere i Oslo 11. februar ble en stor suksess! Seminardagen besto av forskjellige workshoper der m\u00e5let var \u00e5 tilby b\u00e5de pedagogisk og faglig p\u00e5fyll til de deltagende franskl\u00e6rerne. Vi hadde gleden av \u00e5 ta en prat med to av kursholderne, franskl\u00e6rerne Camille [&hellip;]","og_url":"https:\/\/www.france.no\/no\/2021\/utdanning-og-fransk-sprak\/seminar-for-fransklaerere-i-oslo-11-februar-2022\/","og_site_name":"Institut fran\u00e7ais","article_publisher":"https:\/\/www.facebook.com\/institutfrancaisoslo","article_published_time":"2021-12-06T23:00:00+00:00","og_image":[{"width":2560,"height":932,"url":"https:\/\/www.france.no\/wp-content\/uploads\/2022\/09\/seminaire-ifn-1-scaled-2-1098x617.jpg","type":"image\/jpeg"}],"author":"admin_ifno","twitter_card":"summary_large_image","twitter_creator":"@ifnorvege","twitter_site":"@ifnorvege","twitter_misc":{"Skrevet av":"admin_ifno","Ansl. lesetid":"1 minutt"},"schema":{"@context":"https:\/\/schema.org","@graph":[{"@type":"Article","@id":"https:\/\/www.france.no\/no\/2021\/utdanning-og-fransk-sprak\/seminar-for-fransklaerere-i-oslo-11-februar-2022\/#article","isPartOf":{"@id":"https:\/\/www.france.no\/no\/2021\/utdanning-og-fransk-sprak\/seminar-for-fransklaerere-i-oslo-11-februar-2022\/"},"author":{"name":"admin_ifno","@id":"https:\/\/www.france.no\/no\/#\/schema\/person\/4fdc0b263d8f27bb00a55f55d2fa3ab0"},"headline":"Seminar for franskl\u00e6rere i Oslo 11. februar 2022!","datePublished":"2021-12-06T23:00:00+00:00","dateModified":"2021-12-06T23:00:00+00:00","mainEntityOfPage":{"@id":"https:\/\/www.france.no\/no\/2021\/utdanning-og-fransk-sprak\/seminar-for-fransklaerere-i-oslo-11-februar-2022\/"},"wordCount":129,"publisher":{"@id":"https:\/\/www.france.no\/no\/#organization"},"image":{"@id":"https:\/\/www.france.no\/no\/2021\/utdanning-og-fransk-sprak\/seminar-for-fransklaerere-i-oslo-11-februar-2022\/#primaryimage"},"thumbnailUrl":"https:\/\/www.france.no\/wp-content\/uploads\/2022\/09\/seminaire-ifn-1-scaled-2-1098x617.jpg","articleSection":["Utdannelse og Fransk spr\u00e5ksamarbeid"],"inLanguage":"nb-NO"},{"@type":"WebPage","@id":"https:\/\/www.france.no\/no\/2021\/utdanning-og-fransk-sprak\/seminar-for-fransklaerere-i-oslo-11-februar-2022\/","url":"https:\/\/www.france.no\/no\/2021\/utdanning-og-fransk-sprak\/seminar-for-fransklaerere-i-oslo-11-februar-2022\/","name":"Seminar for franskl\u00e6rere i Oslo 11. februar 2022! - Institut fran\u00e7ais","isPartOf":{"@id":"https:\/\/www.france.no\/no\/#website"},"primaryImageOfPage":{"@id":"https:\/\/www.france.no\/no\/2021\/utdanning-og-fransk-sprak\/seminar-for-fransklaerere-i-oslo-11-februar-2022\/#primaryimage"},"image":{"@id":"https:\/\/www.france.no\/no\/2021\/utdanning-og-fransk-sprak\/seminar-for-fransklaerere-i-oslo-11-februar-2022\/#primaryimage"},"thumbnailUrl":"https:\/\/www.france.no\/wp-content\/uploads\/2022\/09\/seminaire-ifn-1-scaled-2-1098x617.jpg","datePublished":"2021-12-06T23:00:00+00:00","dateModified":"2021-12-06T23:00:00+00:00","breadcrumb":{"@id":"https:\/\/www.france.no\/no\/2021\/utdanning-og-fransk-sprak\/seminar-for-fransklaerere-i-oslo-11-februar-2022\/#breadcrumb"},"inLanguage":"nb-NO","potentialAction":[{"@type":"ReadAction","target":["https:\/\/www.france.no\/no\/2021\/utdanning-og-fransk-sprak\/seminar-for-fransklaerere-i-oslo-11-februar-2022\/"]}]},{"@type":"ImageObject","inLanguage":"nb-NO","@id":"https:\/\/www.france.no\/no\/2021\/utdanning-og-fransk-sprak\/seminar-for-fransklaerere-i-oslo-11-februar-2022\/#primaryimage","url":"https:\/\/www.france.no\/wp-content\/uploads\/2022\/09\/seminaire-ifn-1-scaled-2-1098x617.jpg","contentUrl":"https:\/\/www.france.no\/wp-content\/uploads\/2022\/09\/seminaire-ifn-1-scaled-2-1098x617.jpg","width":2560,"height":932},{"@type":"BreadcrumbList","@id":"https:\/\/www.france.no\/no\/2021\/utdanning-og-fransk-sprak\/seminar-for-fransklaerere-i-oslo-11-februar-2022\/#breadcrumb","itemListElement":[{"@type":"ListItem","position":1,"name":"","item":"https:\/\/www.france.no\/no\/"},{"@type":"ListItem","position":2,"name":"Utdannelse og Fransk spr\u00e5ksamarbeid","item":"https:\/\/www.france.no\/no\/category\/utdanning-og-fransk-sprak\/"},{"@type":"ListItem","position":3,"name":"Seminar for franskl\u00e6rere i Oslo 11. februar 2022!"}]},{"@type":"WebSite","@id":"https:\/\/www.france.no\/no\/#website","url":"https:\/\/www.france.no\/no\/","name":"Institut fran\u00e7ais","description":"Norv\u00e8ge","publisher":{"@id":"https:\/\/www.france.no\/no\/#organization"},"potentialAction":[{"@type":"SearchAction","target":{"@type":"EntryPoint","urlTemplate":"https:\/\/www.france.no\/no\/?s={search_term_string}"},"query-input":{"@type":"PropertyValueSpecification","valueRequired":true,"valueName":"search_term_string"}}],"inLanguage":"nb-NO"},{"@type":"Organization","@id":"https:\/\/www.france.no\/no\/#organization","name":"Institut fran\u00e7ais","url":"https:\/\/www.france.no\/no\/","logo":{"@type":"ImageObject","inLanguage":"nb-NO","@id":"https:\/\/www.france.no\/no\/#\/schema\/logo\/image\/","url":"https:\/\/www.france.no\/wp-content\/uploads\/2022\/11\/IF_Logo_Sans_Bleu_RVB.png","contentUrl":"https:\/\/www.france.no\/wp-content\/uploads\/2022\/11\/IF_Logo_Sans_Bleu_RVB.png","width":852,"height":591,"caption":"Institut fran\u00e7ais"},"image":{"@id":"https:\/\/www.france.no\/no\/#\/schema\/logo\/image\/"},"sameAs":["https:\/\/www.facebook.com\/institutfrancaisoslo","https:\/\/x.com\/ifnorvege","https:\/\/instagram.com\/ifnorvege"]},{"@type":"Person","@id":"https:\/\/www.france.no\/no\/#\/schema\/person\/4fdc0b263d8f27bb00a55f55d2fa3ab0","name":"admin_ifno","image":{"@type":"ImageObject","inLanguage":"nb-NO","@id":"https:\/\/www.france.no\/no\/#\/schema\/person\/image\/","url":"https:\/\/secure.gravatar.com\/avatar\/20f70e61054e6ae673edda3c0dc13670e46e51786443041c70a7eb2da859ae2a?s=96&d=mm&r=g","contentUrl":"https:\/\/secure.gravatar.com\/avatar\/20f70e61054e6ae673edda3c0dc13670e46e51786443041c70a7eb2da859ae2a?s=96&d=mm&r=g","caption":"admin_ifno"},"sameAs":["https:\/\/www.france.no"],"url":"https:\/\/www.france.no\/no\/author\/admin_ifno\/"}]}},"_links":{"self":[{"href":"https:\/\/www.france.no\/no\/wp-json\/wp\/v2\/posts\/989","targetHints":{"allow":["GET"]}}],"collection":[{"href":"https:\/\/www.france.no\/no\/wp-json\/wp\/v2\/posts"}],"about":[{"href":"https:\/\/www.france.no\/no\/wp-json\/wp\/v2\/types\/post"}],"author":[{"embeddable":true,"href":"https:\/\/www.france.no\/no\/wp-json\/wp\/v2\/users\/1"}],"replies":[{"embeddable":true,"href":"https:\/\/www.france.no\/no\/wp-json\/wp\/v2\/comments?post=989"}],"version-history":[{"count":0,"href":"https:\/\/www.france.no\/no\/wp-json\/wp\/v2\/posts\/989\/revisions"}],"wp:featuredmedia":[{"embeddable":true,"href":"https:\/\/www.france.no\/no\/wp-json\/wp\/v2\/media\/990"}],"wp:attachment":[{"href":"https:\/\/www.france.no\/no\/wp-json\/wp\/v2\/media?parent=989"}],"wp:term":[{"taxonomy":"category","embeddable":true,"href":"https:\/\/www.france.no\/no\/wp-json\/wp\/v2\/categories?post=989"},{"taxonomy":"post_tag","embeddable":true,"href":"https:\/\/www.france.no\/no\/wp-json\/wp\/v2\/tags?post=989"}],"curies":[{"name":"wp","href":"https:\/\/api.w.org\/{rel}","templated":true}]}}